{"id":23081,"date":"2017-05-18T22:49:41","date_gmt":"2017-05-18T19:49:41","guid":{"rendered":"http:\/\/www.bghaber.org\/bghaber\/?p=23081"},"modified":"2017-05-18T22:49:41","modified_gmt":"2017-05-18T19:49:41","slug":"urperten-gercekler","status":"publish","type":"post","link":"https:\/\/www.bghaber.org\/bghaber\/urperten-gercekler\/","title":{"rendered":"\u00dcrperten Ger\u00e7ekler"},"content":{"rendered":"<p><img data-recalc-dims=\"1\" loading=\"lazy\" decoding=\"async\" class=\"alignleft\" src=\"https:\/\/i0.wp.com\/www.bghaber.org\/bghaber\/wp-content\/uploads\/2014\/11\/Musa.jpg?resize=236%2C303\" width=\"236\" height=\"303\" \/>\u00a0Musa VATANSEVER<\/p>\n<p>Tarih: 17 May\u0131s 2017<\/p>\n<p>Konu:\u00a0 <strong>Fa\u015fist hayallerle bar\u0131\u015f ve g\u00fcvenlik d\u00fcnyas\u0131 kurulamaz.<\/strong><\/p>\n<p><strong>\u00a0\u00a0\u00a0\u00a0\u00a0\u00a0\u00a0\u00a0\u00a0\u00a0\u00a0 III. Borisov h\u00fck\u00fcmeti yaprak d\u00f6k\u00fcyor. \u0130kinci istifa. \u00dc\u00e7\u00fcnc\u00fc s\u0131rada\u2026<\/strong><\/p>\n<p><strong>\u00a0\u00a0\u00a0\u00a0\u00a0\u00a0\u00a0\u00a0\u00a0\u00a0\u00a0 Ba\u015fbakan Yard\u0131mc\u0131s\u0131 fa\u015fist V. Simyonov\u2019a gensoru.<\/strong><\/p><div id=\"bghab-3330171040\" class=\"bghab-icerik-icine bghab-entity-placement\"><script async src=\"\/\/pagead2.googlesyndication.com\/pagead\/js\/adsbygoogle.js?client=ca-pub-6203283170189293\" crossorigin=\"anonymous\"><\/script><ins class=\"adsbygoogle\" style=\"display:block; text-align:center;\" data-ad-client=\"ca-pub-6203283170189293\" \ndata-ad-slot=\"7303146466\" \ndata-ad-layout=\"in-article\"\ndata-ad-format=\"fluid\" data-full-width-responsive=\"true\"><\/ins>\n<script> \n(adsbygoogle = window.adsbygoogle || []).push({}); \n<\/script>\n<\/div>\n<p>&nbsp;<\/p>\n<p>Sa\u011fl\u0131k Bakan Yard\u0131mc\u0131s\u0131 Stoil Apostolov\u2019tan sonra B\u00f6lgesel Kalk\u0131nma ve Bay\u0131nd\u0131r\u0131k \u0130\u015fleri Bakan Yard\u0131mc\u0131s\u0131 Pavel tenef de istifaya zorland\u0131. Apostolov doland\u0131r\u0131c\u0131l\u0131kla devleti soymaktan istifaya zorlan\u0131rken, Tanev\u2019in yeminli fa\u015fist oldu\u011fu ortaya \u00e7\u0131kt\u0131. Avrupa Konseyi taraf\u0131ndan \u201cfa\u015fist parti\u201d olarak nitelenen, Ba\u015fbakan Yard\u0131mc\u0131s\u0131 Valeri Simyonov taraf\u0131ndan y\u00f6netilen \u201c<strong>Bulgaristan\u2019\u0131 Kurtarmak \u0130\u00e7in Milli Cephe<\/strong>\u201d partisi \u00fcyesi olan ve Paris\u2019i bir ziyareti s\u0131ras\u0131nda Ulusal M\u00fczeye gidip Hitler subaylar\u0131n\u0131n balmumundan yap\u0131lm\u0131\u015f fig\u00fcrleri \u00f6n\u00fcnde sa\u011f elini kald\u0131rarak Nazi selam\u0131na duran Tanev, bas\u0131nda ve kamuoyunda sert tepkilerle k\u0131nand\u0131. 2008\u2019de \u00e7ekilen ve Feesbug\u2019ta yay\u0131nlanan fotolar Tanev\u2019in fa\u015fist i\u00e7y\u00fcz\u00fcn\u00fc ve d\u00fcnya g\u00f6r\u00fc\u015f\u00fcn\u00fc kan\u0131tlad\u0131. O, Bulgar fa\u015fistlerinin ba\u015f\u0131 Simuonov\u2019la 2 y\u0131ldan beri beraber oldu\u011funu a\u00e7\u0131klad\u0131.<\/p>\n<p>Olay Bulgaristan s\u0131n\u0131rlar\u0131nda Avrupa Birli\u011fi\u2019ne ta\u015ft\u0131. Bulgaristan Sosyalist Partisi (BSP) ve Avrupa Sosyalistleri (PES) AB Genel Kurulundaki grubu, Tanev\u2019in bakan yard\u0131mc\u0131l\u0131\u011f\u0131ndan hemen istifa etmesinde direndi.<\/p>\n<p>Ayn\u0131 zamanda, Bulgar kamuoyunda sayg\u0131nl\u0131\u011f\u0131 olan Prof. Nikolay Slatenski, siyaset\u00e7i Mariya Kapon ve Asen Genov, Bulgaristan\u2019da fa\u015fizmin sert ad\u0131mlarla hedefli ba\u015f kalkt\u0131rd\u0131\u011f\u0131na i\u015faret ettiler.<\/p>\n<p>BSP K\u0131rcaali Milletvekili Aleksand\u0131r Simov, sosyalist partinin fa\u015fist sald\u0131rganl\u0131\u011f\u0131yla \u00fcnlenen Ba\u015fbakan Yard\u0131mc\u0131s\u0131 Simyonov\u2019un g\u00f6revinden hemen serbest b\u0131rak\u0131lmas\u0131 ve meclisten at\u0131lmas\u0131 i\u00e7in gensoru haz\u0131rl\u0131\u011f\u0131 i\u00e7inde oldu\u011fuklar\u0131n\u0131 kamuoyuna duyurdu.<\/p><div id=\"bghab-2519144182\" class=\"bghab-icerik-icine-10-paragraf bghab-entity-placement\"><script async src=\"\/\/pagead2.googlesyndication.com\/pagead\/js\/adsbygoogle.js?client=ca-pub-6203283170189293\" crossorigin=\"anonymous\"><\/script><ins class=\"adsbygoogle\" style=\"display:block; text-align:center;\" data-ad-client=\"ca-pub-6203283170189293\" \ndata-ad-slot=\"7303146466\" \ndata-ad-layout=\"in-article\"\ndata-ad-format=\"fluid\" data-full-width-responsive=\"true\"><\/ins>\n<script> \n(adsbygoogle = window.adsbygoogle || []).push({}); \n<\/script>\n<\/div>\n<p>Bas\u0131nda \u00e7\u0131kan yorumlarda, \u201c<strong>Fa\u015fist bir ba\u015fbakan yard\u0131mc\u0131s\u0131n\u0131n Bulgaristan\u2019\u0131n Avrupa Birli\u011fi d\u00f6nem ba\u015fkanl\u0131\u011f\u0131nda, Sofya\u2019da, AB y\u00f6neticilerini ve milletvekillerini nas\u0131l kar\u015f\u0131laya bilir? AB, \u00a0d\u00f6nem ba\u015fkanl\u0131\u011f\u0131n\u0131 Sofya\u2019da yapmaktan vazge\u00e7sin sesleri duyuluyor<\/strong>.\u201d<\/p>\n<p>Avrupa Birli\u011fi, Avrupa k\u0131tas\u0131nda fa\u015fizme kar\u015f\u0131 m\u00fccadelenin k\u00fcllerinden \u00e7\u0131km\u0131\u015ft\u0131r. Fa\u015fistler Avrupa\u2019da 50 milyon insan\u0131n \u00f6l\u00fcm\u00fcne sebep olmu\u015ftur. K\u00f6k\u00fcn\u00fcn kaz\u0131nmas\u0131 b\u00fct\u00fcn Avrupal\u0131lar\u0131n temel \u00f6devidir. Bug\u00fcn eski k\u0131tada meydana gelen gerginlik, fa\u015fist ta\u015f kafalar\u0131n siyasete girmesi ve Hollanda ve Avusturya gibi \u00fclkelerde iktidar olma \u00e7abalar\u0131nda tepkiler do\u011furdu. T\u00fcrkiye ile AB ili\u015fkilerinin gerginle\u015fmesinde bu g\u00fc\u00e7ler yo\u011fun ve aktif rol oynuyor. \u00d6zellikle Bulgaristan\u2019daki T\u00fcrkiye, T\u00fcrkl\u00fck ve \u0130slam aleyhtar\u0131 d\u00fc\u015fmanca t\u0131rmanmada \u201c<strong>Bulgaristan\u2019\u0131 Kurtarmak \u0130\u00e7in Milli Cephe\u201d, VMRO ve \u201cAtaka<\/strong>\u201d partisi ve bunlar\u0131n ortakl\u0131\u011f\u0131 olan g\u00fcya \u201c<strong>Birle\u015fik Cephe<\/strong>\u201d yolu kesilmesi gereken en \u00f6nemli sorundur. Tanev\u2019in Bakan Yard\u0131mc\u0131l\u0131\u011f\u0131ndan al\u0131nmas\u0131 bu yolda demokratik g\u00fc\u00e7lerin bilin\u00e7li ve kararl\u0131 at\u0131l\u0131m\u0131 sonucu ger\u00e7ekle\u015fti. BULT\u00dcRK ve BGSAM\u00a0 2013\u2019ten beri Bulgaristan\u2019da fa\u015fizmin \u00f6nce T\u00fcrk, \u0130slam ve az\u0131nl\u0131k topluluklar\u0131na d\u00fc\u015fmanca dil uzatma sald\u0131r\u0131larla canland\u0131\u011f\u0131n\u0131, yer yer azd\u0131\u011f\u0131n\u0131 ve h\u0131r\u00e7\u0131nla\u015ft\u0131\u011f\u0131n\u0131 yazd\u0131k, uyard\u0131k ve k\u0131nad\u0131k ve \u015fimdi \u00fclkemizde ortak anti-fa\u015fist cephe kurulmas\u0131 davas\u0131nda s\u0131ra d\u00fczenler aras\u0131nday\u0131z.<\/p>\n<p>Bu kal\u0131c\u0131 ve \u00e7ok tehlikeli e\u011filime kar\u015f\u0131 ilk yaz\u0131m\u0131 2015 y\u0131l\u0131nda \u0130vo Antonov\u2019un\u00a0 Savunma Bakan\u0131 Yard\u0131mc\u0131l\u0131\u011f\u0131na atanmas\u0131na kar\u015f\u0131 yazd\u0131\u011f\u0131m\u0131 hat\u0131rl\u0131yorum. Antonov, bir tank \u00fczerine \u00e7\u0131km\u0131\u015f ve Tanev gibi o da sa\u011f elini Naziler gibi kald\u0131rm\u0131\u015f ve \u201c<strong>Bulgarista her \u015feyin \u00fcst\u00fcndedir!<\/strong>\u201d demi\u015fti. O g\u00fcn bu g\u00fcn Bulgaristan\u2019da neo-fa\u015fistlerin dirilmesi ad\u0131mlad\u0131k\u00e7a ad\u0131mlad\u0131.<\/p>\n<p>Ayn\u0131 zamanda, bas\u0131n, Ba\u015fbakan Yard\u0131mc\u0131s\u0131 fa\u015fistlerin ba\u015f\u0131 Valeri Siderov\u2019u hedef ald\u0131. O, \u00a0Almanya ziyaretlerinin birinde Yahudi \u00e7ocuk, kad\u0131n ve ya\u015fl\u0131n\u0131n yak\u0131ld\u0131\u011f\u0131 \u201cBuhenwald\u201d Toplama Kamp\u0131n\u0131 ziyareti etmi\u015f, resim \u00e7ektirirken fa\u015fizm kurbanlar\u0131n\u0131n aziz hat\u0131ras\u0131yla alay etmi\u015ftir. Bulgaristan Ba\u015fbakan Yard\u0131mc\u0131s\u0131\u2019n\u0131n fa\u015fizm kurbanlar\u0131yla alay etmesi Avrupa merkez bas\u0131n\u0131nda da yank\u0131land\u0131 ve k\u0131nand\u0131. Simyonov\u2019un Nazilerden Adolf Eichman hayran\u0131 oldu\u011fu ortaya \u00e7\u0131kt\u0131. B\u00f6yle bir zihniyet ta\u015f\u0131yan bir Bulgar\u2019\u0131n mecliste, siyasette ve h\u00fck\u00fcmette i\u015fi olmamal\u0131d\u0131r.<\/p>\n<p>Bulgaristan\u2019da son haftalarda, ayn\u0131 fa\u015fizan gruptan ba\u015fka ikinci Ba\u015fbakan Yard\u0131mc\u0131s\u0131 olan VMRO Ba\u015fkan\u0131 Krasimir Karaka\u00e7anov, Savunma Bakan\u0131 koltu\u011funa oturdu\u011fu andan bu yana,<\/p><div id=\"bghab-973402359\" class=\"bghab-icerik-icine-15-paragraf bghab-entity-placement\"><script async src=\"\/\/pagead2.googlesyndication.com\/pagead\/js\/adsbygoogle.js?client=ca-pub-6203283170189293\" crossorigin=\"anonymous\"><\/script><ins class=\"adsbygoogle\" style=\"display:block; text-align:center;\" data-ad-client=\"ca-pub-6203283170189293\" \ndata-ad-slot=\"7303146466\" \ndata-ad-layout=\"in-article\"\ndata-ad-format=\"fluid\" data-full-width-responsive=\"true\"><\/ins>\n<script> \n(adsbygoogle = window.adsbygoogle || []).push({}); \n<\/script>\n<\/div>\n<p>yeni f\u00fcze sistemlerinden, yerli \u00fcretimle yeni ba\u015ftan donat\u0131lacak z\u0131rhl\u0131 birliklerden, az\u0131nl\u0131klardan in\u015faat erleri yani T\u00fcek ve \u00c7ingene gen\u00e7leri paras\u0131z \u00e7al\u0131\u015ft\u0131rma uygulamas\u0131ndan, k\u0131zlara askeri e\u011fitim verme vb birbirinden farkl\u0131 planlarla hayal kurdu\u011funu gizleyemiyor.\u00a0 S\u0131kl\u0131kla tekrar etti\u011fi c\u00fcmle de, Bulgar ordusunun yerinin T\u00fcrkiye s\u0131n\u0131r\u0131 oldu\u011funudur.<\/p>\n<p><strong>Bir an\u0131:<\/strong><\/p>\n<p>Bu okurlar\u0131mla payla\u015fmak istedi\u011fim bir hat\u0131rad\u0131r. Yuriy \u0130go\u015fin\u2019le Varna\u2019da \u201c<strong>Alt\u0131n Kumlar<\/strong>\u201d da bir dondurma kuyru\u011funda tan\u0131\u015fm\u0131\u015ft\u0131k. O, sar\u0131\u015f\u0131n ya da sa\u00e7lar\u0131 k\u0131rm\u0131z\u0131ya \u00e7ald\u0131\u011f\u0131ndan onu ilk anda Rus turist sanm\u0131\u015ft\u0131m. Bir ona bir kumsala ko\u015fan dalgalara bakarken e\u015fi Rositsa Mihova ile aksans\u0131z Bulgarca konu\u015ftu\u011funu i\u015fitti\u011fim. Rus olmad\u0131\u011f\u0131 b\u00f6yle ortaya \u00e7\u0131km\u0131\u015ft\u0131.<\/p>\n<p>Zaman i\u00e7inde g\u00f6r\u00fc\u015ft\u00fck, derin tart\u0131\u015fmalar\u0131m\u0131z oldu. Sliven \u015fehrinde \u201c<strong>Sliven Ate\u015fleri<\/strong>\u201d (Slivenski Ognyove) sanat, k\u00fclt\u00fcr, k\u00fct\u00fcphaneci i\u015fleri yap\u0131yordu. Foto\u011fraf makinesini elinden d\u00fc\u015f\u00fcrmezdi. \u00a0T\u00fcrk oldu\u011fumu \u00f6\u011frenince a\u00e7\u0131p kapad\u0131\u011f\u0131 ve de\u011fi\u015fik varyasyonlarda anlatmaya \u00e7al\u0131\u015ft\u0131\u011f\u0131 Bulgaristan\u2019daki etniklerin t\u00fcm\u00fcn\u00fcn \u201c<strong>Bulgar ulusunu olu\u015fturdu\u011fu<\/strong>\u201d z\u0131rval\u0131\u011f\u0131yd\u0131. \u00a0Bulgar ulusu yerine \u201c<strong>Bulgaristan halk\u0131<\/strong>\u201d desek, ne olur dedi\u011fimde, evet \u201c<strong>Bulgar ulusu<\/strong>\u201d diye alt\u0131n\u0131 \u00e7izer gibi vurgulayarak devam ediyordu. Bu havanda su d\u00f6v\u00fc\u015ft\u00fc. 1980\u2019lerin ba\u015flar\u0131nda oldu\u011fu gibi, bug\u00fcn de bir ceviz kabu\u011fu doldurmayan bir gevezelikti. Onunki elini uzat\u0131p koparamayaca\u011f\u0131 bir yerine yap\u0131\u015fm\u0131\u015f bir kene gibiydi. O g\u00fcnler ile 22 Mart 2017 se\u00e7imlerinden sonras\u0131 mukayese edildi\u011finde, son haftalarda \u201c<strong>Bulgaristan\u2019da T\u00fcrk ya\u015famad\u0131\u011f\u0131n\u0131<\/strong>\u201d savunanlar\u0131n say\u0131s\u0131 artm\u0131\u015f bulunuyor. Bense s\u00f6zde dostumun \u00e7arp\u0131k g\u00f6r\u00fc\u015f\u00fcn\u00fc bir t\u00fcrl\u00fc de\u011fi\u015ftiremedim.<\/p>\n<p><strong>Bu \u0131srar\u0131n bir dayana\u011f\u0131 vard\u0131 ve bir g\u00fcn onu \u015f\u00f6yle \u00f6\u011frenebildim.<\/strong><\/p><div id=\"bghab-1387540218\" class=\"bghab-icerik-icine-20-paragraf bghab-entity-placement\"><script async src=\"\/\/pagead2.googlesyndication.com\/pagead\/js\/adsbygoogle.js?client=ca-pub-6203283170189293\" crossorigin=\"anonymous\"><\/script><ins class=\"adsbygoogle\" style=\"display:block; text-align:center;\" data-ad-client=\"ca-pub-6203283170189293\" \ndata-ad-slot=\"7303146466\" \ndata-ad-layout=\"in-article\"\ndata-ad-format=\"fluid\" data-full-width-responsive=\"true\"><\/ins>\n<script> \n(adsbygoogle = window.adsbygoogle || []).push({}); \n<\/script>\n<\/div>\n<p>1985\u2019in May\u0131s ay\u0131nda Balkan S\u0131ra Da\u011flar\u0131n\u0131n Sliven meki\u011findeki \u00fcnl\u00fc \u201c<strong>Mavi Ta\u015flar<\/strong>\u201d tepesine \u00e7\u0131karken ba\u015f\u0131na gelen bir olay\u0131 bana devalarca anlatm\u0131\u015ft\u0131. A\u00e7\u0131k haval\u0131, May\u0131s ferahl\u0131, g\u00fcne\u015fli bir g\u00fcnde bir telefon alm\u0131\u015f \u201c<strong>yeni bir film sar, objektifi sil pakla, \u00e7antan\u0131 s\u0131rtla ve bizi bekle<\/strong>\u201d diyenler apoletli yetkililermi\u015f. Emir y\u00fcksek yerden geldi\u011fi i\u00e7in hemen toparlanm\u0131\u015f.<\/p>\n<p><strong>Biraz gururlanarak anlatm\u0131\u015ft\u0131:<\/strong><\/p>\n<p>Gelenler, asker\u00a0 \u201c<strong>Jeep<\/strong>\u201dinin arka koltu\u011funa ge\u00e7memi i\u015faret ettiler. Koca Balkan doru\u011fundaki Kazan (Kotel) kasabas\u0131na t\u0131rmanmaya koyulduk. .Sert bir b\u00fck\u00fcmle girdi\u011fimiz yol birbirini izleyen yoku\u015f d\u00f6neme\u00e7lerle devam etti. Bilmem hangi k\u0131vr\u0131nt\u0131dan sonra sa\u011f k\u0131rd\u0131k ve d\u00fcz bir yola girdik. Uzun \u00e7am dallar\u0131n\u0131n birbirine girmesinden olu\u015fan t\u00fcnelde silahl\u0131 askerler yolumuzu kesti. Evraklar, sorular ve telefonla\u015fmalardan sonra biraz daha ilerledik. \u00a0\u201c<strong>Girmek Yasak<\/strong>\u201d tabelas\u0131na dayan\u0131nca durduk. Kar\u015f\u0131m\u0131zdakiler silahl\u0131. \u201c<strong>Nazik<\/strong>\u201d davran\u0131yorlar. \u00dcst ba\u015f aramas\u0131ndan, geli\u015fimizi evraka d\u00f6kt\u00fckten sonra, \u201c<strong>s\u0131r<\/strong>\u201d kap\u0131s\u0131 a\u00e7\u0131ld\u0131. Buyur ettiler. \u00c7am orman\u0131nda dar bir patikada y\u00fcr\u00fcyoruz. \u201c<strong>Ben yanar da\u011f\u0131n lav\u0131ndan korkmak, insan icad\u0131ndan korkar\u0131m<\/strong>\u201d deyen ince ruhlu Alman \u015fair List\u2019in dedi\u011fi oldu.<\/p>\n<p>15\u201320 metre \u00f6n\u00fcmde \u00e7imenli, \u00e7al\u0131l\u0131, \u00e7aml\u0131 orman yerinden koptu ve y\u00fckselmeye ba\u015flad\u0131. Y\u00fckselen alan o kadar b\u00fcy\u00fckt\u00fc ki, \u015fa\u015fa kald\u0131m. Ne oldu\u011funu anlayamad\u0131\u011f\u0131m bir yana, g\u00f6zlerim \u00f6n\u00fcnde da\u011f\u0131n ba\u011fr\u0131na oyulmu\u015f \u00e7ok derin bir bo\u015fluk a\u00e7\u0131ld\u0131. Kocaman bir in. Futbol sahas\u0131 kadar b\u00fcy\u00fckt\u00fc. Subaylardan biri bana d\u00f6nerek \u201c<strong>f\u00fcze \u00fcss\u00fcn\u00fcn az\u0131<\/strong> <strong>10 metre kalkt\u0131ktan sonra foto\u011fraf \u00e7ekmeye ba\u015fla, i\u00e7eri girece\u011fiz, muhte\u015femli\u011fi belli olsun. Fla\u015fl\u0131 \u00e7ekersin, se\u00e7ebilelim, bol \u00e7ek,<\/strong>\u201d dedi.<\/p>\n<p>Subay\u0131n tonu s\u0131cakt\u0131. Korkum ge\u00e7er gibi olsa da, bo\u015f bulunmu\u015ftum, tam bir s\u00fcrpriz oldu. F\u00fcze \u00fcss\u00fc Koca Balkan\u2019\u0131n g\u00fcney ba\u011fr\u0131na derin oyulmu\u015ftu. Bu \u00f6yle bir s\u0131\u011f\u0131nakt\u0131 ki, \u00fcst\u00fcne tolu gibi bomba ya\u011fsa haberi olmazd\u0131.\u00a0 \u201c<strong>SS 22<\/strong>\u201d orta menzilli f\u00fczeler i\u00e7in \u00f6zel haz\u0131rlanm\u0131\u015ft\u0131. 500 km menzilde \u0130stanbul vard\u0131. B\u00fct\u00fcn ordunun ve kolluk kuvvetlerin kat\u0131ld\u0131\u011f\u0131 \u201c<strong>Bulgarla\u015ft\u0131rma<\/strong>\u201d trajedisi i\u00e7in\u00a0 \u201c<strong>ge\u00e7ti<\/strong>\u201d deseler de, demokratik insanl\u0131k Bulgaristan\u2019daki zulm\u00fc k\u0131namaya yeni yeni ba\u015fl\u0131yordu. Paris\u2019te \u0130nsan Boyutlar\u0131 AG\u0130T toplant\u0131s\u0131 haz\u0131rl\u0131k g\u00f6r\u00fcyordu. T\u00fcrkiye\u2019yi susturmay\u0131 akl\u0131ndan ge\u00e7irenler, 20 km ilerde, Sliven ile Aytos Balkan\u0131 belini de oyarak ate\u015flemeye haz\u0131r bulundurduklar\u0131 \u201c<strong>SS 20<\/strong>\u201d orta menzilli f\u00fczelerini yetersiz bulmu\u015flard\u0131. Yeni tip ve biraz daha y\u0131ld\u0131r\u0131c\u0131 sayd\u0131klar\u0131 \u201c<strong>SS 22<\/strong>\u201d ler gelmi\u015fti. A\u011fustos 1989\u2019da B\u00fcy\u00fck G\u00f6\u00e7e kalk\u0131\u015ft\u0131k. Bu f\u00fczelerin at\u0131\u015f menziline yerle\u015ftik. T\u00fcrkl\u00fck \u00f6lecekse, biz \u00f6lelim dedik. \u0130stanbul\u2019day\u0131z. \u0130stanbulluyuz. Anavatan\u0131m\u0131z\u0131n evlad\u0131y\u0131z. Art\u0131k 1 milyon olduk. \u00dcf\u00fcrsek t\u00fcm f\u00fczeleri u\u00e7ururuz\u2026<\/p><div id=\"bghab-2063167271\" class=\"bghab-icerik-icine-25-paragraf bghab-entity-placement\"><script async src=\"\/\/pagead2.googlesyndication.com\/pagead\/js\/adsbygoogle.js?client=ca-pub-6203283170189293\" crossorigin=\"anonymous\"><\/script><ins class=\"adsbygoogle\" style=\"display:block; text-align:center;\" data-ad-client=\"ca-pub-6203283170189293\" \ndata-ad-slot=\"7303146466\" \ndata-ad-layout=\"in-article\"\ndata-ad-format=\"fluid\" data-full-width-responsive=\"true\"><\/ins>\n<script> \n(adsbygoogle = window.adsbygoogle || []).push({}); \n<\/script>\n<\/div>\n<p>\u015e\u00fck\u00fcr. Hi\u00e7 biri patlamadan \u201cSo\u011fuk Sava\u015ftan\u201d daha \u0131l\u0131ml\u0131 bir d\u00fcnyaya ge\u00e7ebildik. Bulgar \u201cVar\u015fova Pakt\u0131\u201dndan \u00e7\u0131kt\u0131. \u201c<strong>SS &#8211; 22<\/strong>\u201d ve \u201c<strong>SS &#8211; 20<\/strong>\u201d orta menzilli f\u00fczelerini kesti. Hurdaya \u00e7\u0131kard\u0131 ve Viyana S\u00f6zle\u015fmesine g\u00f6re NATO \u00fclkelerinden birine hurda olarak verdi. Koca Balkan\u2019\u0131n ba\u011fr\u0131na g\u00f6m\u00fclm\u00fc\u015f 3 bin tanktan daha fazlas\u0131 da hurdaya \u00e7\u0131kar\u0131ld\u0131. Onlar da kesildi, k\u0131y\u0131ld\u0131, eritildi. Fakat 50 milyon Avrupal\u0131y\u0131 katleden fa\u015fizmin k\u0131r\u0131nt\u0131lar\u0131 g\u00f6r\u00fcld\u00fc\u011f\u00fc \u00fczere yeniden canland\u0131, dikenleri batmaya ba\u015flad\u0131, TV ekranlar\u0131n\u0131 i\u015fgal ettiler, bakanl\u0131klara oturdular, meclise doldular, yani ortam buldular. Demek oluyor ki, biz demokratik g\u00fc\u00e7ler par\u00e7aland\u0131k\u00e7a onlar sivrilecek, biz\u00a0 di\u015fsiz, ideolojisiz, politikas\u0131z ve ta\u015f kafalardan, cenaze imamlar\u0131ndan kendimize lider se\u00e7meye ve cebine parac\u0131k doldurmaya devam edersek, g\u00fcn gelecek t\u00fcm demokrasi trenleri ka\u00e7\u0131raca\u011f\u0131z.<\/p>\n<p>\u201c<strong>Sliven Ate\u015fleri<\/strong>\u201dnden sorumlu olan \u0130go\u015fin\u2019in y\u0131llard\u0131r haf\u0131zamda ta\u015f\u0131d\u0131\u011f\u0131m hat\u0131rat\u0131 budur. Olan olmu\u015f, unutanlar ve unutamayanlar sa\u011fd\u0131r. Fakat o y\u0131llarda f\u00fcze b\u00f6l\u00fc\u011f\u00fcnde asker olan \u015fimdiki Savunma Bakan\u0131 ve \u0131rk\u00e7\u0131lar\u0131n eleba\u015f\u0131 Kr. Karaka\u00e7anov\u2019un ve di\u011fer fa\u015fistlerin bo\u011faz\u0131nda kalm\u0131\u015f k\u0131l\u00e7\u0131k var.\u00a0 O kadar \u00e7ok silahlan\u0131p bir t\u00fcfek bile patlatmadan bu kadar silah\u0131 kesip k\u0131ymak, evlenip de gerde\u011fe girmeme gibi bir \u015fey de\u011fil de, nedir!<\/p>\n<p>Onun i\u00e7in bug\u00fcn iktidara t\u0131rmanan ve iktidar olman\u0131n bir ki\u015fisel olay de\u011fil, bir kitle hareketi oldu\u011funu telkin etmeye \u00e7al\u0131\u015fan, \u201c<strong>bizi halk se\u00e7ti<\/strong>\u201d diye ba\u011f\u0131ranlar, \u00a0bizdeki fa\u015fizan kabarma, Avrupa Birli\u011fi\u2019nin NATO d\u0131\u015f\u0131nda, ama AB i\u00e7inde bir g\u00fcvenlik ordusu olu\u015fturmaya \u00e7a\u011f\u0131r\u0131yor.<\/p>\n<p>NATO kurmaylar\u0131na girip \u00e7\u0131kmaya ba\u015flad\u0131lar. Karaka\u00e7anov ile Stolzenber g\u00f6r\u00fc\u015fmesi t\u00fcyler \u00fcrpertti. Bulgar bakan\u0131n gizli Bulgar polisi ve Rus istihbarat\u0131 KGB ajan\u0131 oldu\u011funa dair a\u00e7\u0131lm\u0131\u015f dosya var. Bu dosyan\u0131n anlam\u0131, bu ki\u015finin y\u00fcr\u00fctmede g\u00f6rev alamaz, Bulgaristan\u2019\u0131 temsil edemezden ba\u015fka bir \u015fey de\u011fildir. AB\u2019n\u0131n g\u00f6z a\u00e7mas\u0131n\u0131 ve kulaklar\u0131n\u0131 y\u0131katmas\u0131n\u0131 bekliyoruz.<\/p>\n<p>ABD\u2019ye Bulgaristan\u2019da askeri \u00fcs tesis edildi\u011fi gibi, bu yeni AB askeri g\u00fcc\u00fcne de, T\u00fcrkiye s\u0131n\u0131r\u0131 boyunca konu\u015flanma olanaklar\u0131 a\u00e7\u0131lacakt\u0131r. \u0130yi kom\u015fuluk ve uluslar aras\u0131 hukuk kurallar\u0131 bozulmu\u015f bir d\u00fcnyada ya\u015f\u0131yoruz. Burnumuzun dibinde, i\u00e7inde bulundu\u011fumuz ortamda olup bitenler a\u015fa\u011f\u0131l\u0131k bir z\u0131rvad\u0131r. Uluslar aras\u0131 hukukun \u00e7al\u0131\u015fmad\u0131\u011f\u0131 bir ortamda ya\u015famak, biz Bulgaristanl\u0131 T\u00fcrklere 1984 -1989 facias\u0131n\u0131 yeniden ya\u015fatabilir diye korkuyorum. Biz Balkan \u00fclkeleri aras\u0131nda insan haklar\u0131n\u0131n savunulmas\u0131 konusunda daha aktif bir d\u0131\u015f siyaset y\u00fcr\u00fct\u00fclmesini savunuyoruz.\u00a0 L. Mestan olay\u0131nda oldu\u011fu gibi nokta at\u0131\u015flar\u0131yla ba\u015far\u0131l\u0131 olunaca\u011f\u0131 kan\u0131s\u0131nda de\u011filiz. B\u00f6lgesel diplomasi kurallar\u0131 geli\u015ftirilmesi gere\u011fine inan\u0131yoruz.<\/p><div id=\"bghab-3442902055\" class=\"bghab-icerik-icine-30-paragraf bghab-entity-placement\"><script async src=\"\/\/pagead2.googlesyndication.com\/pagead\/js\/adsbygoogle.js?client=ca-pub-6203283170189293\" crossorigin=\"anonymous\"><\/script><ins class=\"adsbygoogle\" style=\"display:block; text-align:center;\" data-ad-client=\"ca-pub-6203283170189293\" \ndata-ad-slot=\"7303146466\" \ndata-ad-layout=\"in-article\"\ndata-ad-format=\"fluid\" data-full-width-responsive=\"true\"><\/ins>\n<script> \n(adsbygoogle = window.adsbygoogle || []).push({}); \n<\/script>\n<\/div>\n<p>Almanya son y\u0131llarda y\u0131\u011f\u0131nla silah sat\u0131n ald\u0131. Paralar\u0131 hen\u00fcz \u00f6demedi. Bu \u00fclke ge\u00e7en y\u00fczy\u0131l \u00fclkemizi 2 defa i\u015fgal etmi\u015ftir. Bulgar fa\u015fizminin yuvadan \u00e7\u0131kmas\u0131na kanat a\u00e7m\u0131\u015ft\u0131r.<\/p>\n<p>Orta menzili f\u00fczelerini AB\u2019nin ortak g\u00fcney s\u0131n\u0131r\u0131n\u0131 korumak i\u00e7in Bulgaristan T\u00fcrkiye s\u0131n\u0131r\u0131na yerle\u015ftirme \u201c<strong>\u00fcst akl\u0131<\/strong>\u201d\u00a0 t\u0131rmalam\u0131yor, deyemeyiz. T\u00fcrkiye\u2019de s\u00f6z\u00fc edilmeyen \u201cyeni Osmanl\u0131c\u0131l\u0131k\u201d Bulgar d\u0131\u015f siyasetinde anti tez \u00fcreten doktrin oluyor, m\u00fcttefikler ar\u0131yor. 1989\u2019dan beri bo\u015f bekleyen, \u00f6r\u00fcmcek a\u011flar\u0131 al\u0131nsa g\u0131c\u0131r g\u0131c\u0131r Koca f\u00fcze s\u0131\u011f\u0131naklar\u0131 haz\u0131r bekliyor.<\/p>\n<p>Baz\u0131 ta\u015f kafa y\u00f6neticiler i\u00e7in bu d\u00fcnyada her \u015fey de\u011fi\u015fir gibidir, fakat d\u00fc\u015fman hep ayn\u0131d\u0131r.<\/p>\n<p>Kaderimiz \u00f6yleymi\u015f, onlar\u0131n d\u00fc\u015fman\u0131 eskiden hep bizdik, elimizden su i\u00e7melerine ra\u011fmen biz kald\u0131k.<\/p>\n<p>L\u00fctfen payla\u015f\u0131n\u0131z.<\/p><div id=\"bghab-3826228438\" class=\"bghab-icerik-icine-35-paragraf bghab-entity-placement\"><script async src=\"\/\/pagead2.googlesyndication.com\/pagead\/js\/adsbygoogle.js?client=ca-pub-6203283170189293\" crossorigin=\"anonymous\"><\/script><ins class=\"adsbygoogle\" style=\"display:block; text-align:center;\" data-ad-client=\"ca-pub-6203283170189293\" \ndata-ad-slot=\"7303146466\" \ndata-ad-layout=\"in-article\"\ndata-ad-format=\"fluid\" data-full-width-responsive=\"true\"><\/ins>\n<script> \n(adsbygoogle = window.adsbygoogle || []).push({}); \n<\/script>\n<\/div>\n<div id=\"bghab-947758681\" class=\"bghab-yazi-altinda bghab-entity-placement\"><div class=\"bghab-adlabel\">Reklamlar<\/div><script async src=\"https:\/\/pagead2.googlesyndication.com\/pagead\/js\/adsbygoogle.js\"><\/script>\r\n<!-- bghaber-yaz\u0131-sonu -->\r\n<ins class=\"adsbygoogle\"\r\n     style=\"display:block\"\r\n     data-ad-client=\"ca-pub-6203283170189293\"\r\n     data-ad-slot=\"4222328180\"\r\n     data-ad-format=\"auto\"\r\n     data-full-width-responsive=\"true\"><\/ins>\r\n<script>\r\n     (adsbygoogle = window.adsbygoogle || []).push({});\r\n<\/script><\/div><br style=\"clear: both; display: block; float: none;\"\/>","protected":false},"excerpt":{"rendered":"<p>\u00a0Musa VATANSEVER Tarih: 17 May\u0131s 2017 Konu:\u00a0 Fa\u015fist hayallerle bar\u0131\u015f ve g\u00fcvenlik d\u00fcnyas\u0131 kurulamaz. \u00a0\u00a0\u00a0\u00a0\u00a0\u00a0\u00a0\u00a0\u00a0\u00a0\u00a0 III. Borisov h\u00fck\u00fcmeti yaprak d\u00f6k\u00fcyor. \u0130kinci istifa. \u00dc\u00e7\u00fcnc\u00fc s\u0131rada\u2026 \u00a0\u00a0\u00a0\u00a0\u00a0\u00a0\u00a0\u00a0\u00a0\u00a0\u00a0<\/p>\n","protected":false},"author":13,"featured_media":0,"comment_status":"closed","ping_status":"closed","sticky":false,"template":"","format":"standard","meta":{"advanced_seo_description":"","jetpack_seo_html_title":"","jetpack_seo_noindex":false,"_jetpack_memberships_contains_paid_content":false,"footnotes":""},"categories":[6],"tags":[],"class_list":["post-23081","post","type-post","status-publish","format-standard","hentry","category-yorum"],"jetpack_featured_media_url":"","jetpack_sharing_enabled":true,"jetpack_likes_enabled":true,"jetpack-related-posts":[],"jetpack_shortlink":"https:\/\/wp.me\/pc2PfJ-60h","_links":{"self":[{"href":"https:\/\/www.bghaber.org\/bghaber\/wp-json\/wp\/v2\/posts\/23081","targetHints":{"allow":["GET"]}}],"collection":[{"href":"https:\/\/www.bghaber.org\/bghaber\/wp-json\/wp\/v2\/posts"}],"about":[{"href":"https:\/\/www.bghaber.org\/bghaber\/wp-json\/wp\/v2\/types\/post"}],"author":[{"embeddable":true,"href":"https:\/\/www.bghaber.org\/bghaber\/wp-json\/wp\/v2\/users\/13"}],"replies":[{"embeddable":true,"href":"https:\/\/www.bghaber.org\/bghaber\/wp-json\/wp\/v2\/comments?post=23081"}],"version-history":[{"count":0,"href":"https:\/\/www.bghaber.org\/bghaber\/wp-json\/wp\/v2\/posts\/23081\/revisions"}],"wp:attachment":[{"href":"https:\/\/www.bghaber.org\/bghaber\/wp-json\/wp\/v2\/media?parent=23081"}],"wp:term":[{"taxonomy":"category","embeddable":true,"href":"https:\/\/www.bghaber.org\/bghaber\/wp-json\/wp\/v2\/categories?post=23081"},{"taxonomy":"post_tag","embeddable":true,"href":"https:\/\/www.bghaber.org\/bghaber\/wp-json\/wp\/v2\/tags?post=23081"}],"curies":[{"name":"wp","href":"https:\/\/api.w.org\/{rel}","templated":true}]}}