{"id":2258,"date":"2013-05-29T02:33:22","date_gmt":"2013-05-28T23:33:22","guid":{"rendered":"http:\/\/bghaber.org\/bghaber\/?p=2258"},"modified":"2019-07-18T23:49:04","modified_gmt":"2019-07-18T21:49:04","slug":"beyler-birakin-su-dosya-dalkavuklugunu","status":"publish","type":"post","link":"https:\/\/www.bghaber.org\/bghaber\/beyler-birakin-su-dosya-dalkavuklugunu\/","title":{"rendered":"Beyler, b\u0131rak\u0131n \u015fu dosya dalkavuklu\u011funu"},"content":{"rendered":"<p>Me\u011fer bizim aln\u0131m\u0131zda keriz yaz\u0131yormu\u015f da haberimiz yokmu\u015f.<br \/>\nHi\u00e7 itiraza gerek yok.<br \/>\n\u00c7eyrek as\u0131rd\u0131r, burada veya \u00f6tede, birileri bizim ad\u0131m\u0131za dosyalar haz\u0131rl\u0131yor ve iki devletin en y\u00fcrksek makamlar\u0131na bunlar sunuluyor.<\/p>\n<p><!--more--><\/p>\n<figure id=\"attachment_1585\" aria-describedby=\"caption-attachment-1585\" style=\"width: 256px\" class=\"wp-caption alignright\"><a href=\"https:\/\/i0.wp.com\/bghaber.org\/bghaber\/wp-content\/uploads\/2013\/05\/images2.jpg\"><img data-recalc-dims=\"1\" loading=\"lazy\" decoding=\"async\" class=\"size-full wp-image-1585\" alt=\"M\u00fcmin Top\u00e7u\" src=\"https:\/\/i0.wp.com\/bghaber.org\/bghaber\/wp-content\/uploads\/2013\/05\/images2.jpg?resize=256%2C153\" width=\"256\" height=\"153\" \/><\/a><figcaption id=\"caption-attachment-1585\" class=\"wp-caption-text\">M\u00fcmin Top\u00e7u<\/figcaption><\/figure>\n<p>Bu esnada o makam kab\u00fcllerinde illaki boy boy fotograflar \u00e7ekiliyor ve sonra bunlar\u0131 b\u00fct\u00fcn sosyal payla\u015f\u0131m alanlar\u0131nda g\u00f6rmekteyiz.<br \/>\n\u015eimdi soral\u0131m bu cumhurba\u015fkan\u0131 veya ba\u015fbakan yan\u0131nda bizim ad\u0131m\u0131za ve gururla poz verenlere;<br \/>\n&#8211; Tamam, anlad\u0131k, bizim fikrimizi almadan yazm\u0131\u015f ve \u00e7izmi\u015fsiniz, sonra bu karalad\u0131klar\u0131n\u0131z\u0131 ne yapaca\u011f\u0131n\u0131z\u0131, yine bizimle dan\u0131\u015fmadan, delegasyonlar halinde gittiniz ve o makamlara sundunuz.<br \/>\nBunca haz\u0131rlanan ve sunulan dosyadan sonra bizim elimize ne ge\u00e7ti.<br \/>\nB\u00fcy\u00fck bir s\u0131f\u0131r.<br \/>\nO kadar b\u00fcy\u00fck ki bu s\u0131f\u0131r, b\u00fct\u00fcn o dosyac\u0131lar\u0131 yutabilecek cinsten, \u00e7\u00fcnk\u00fc art\u0131k, kendileri de \u00e7oktan s\u0131f\u0131r olmaya mahk\u00fcm oldular.<br \/>\nMadem ki, bir i\u015fe yaram\u0131yorsun, karde\u015fim, sen git Ma\u015fk\u0131l\u0131 pazar\u0131nda karpuz sat,tuzlu Susurluk ayran\u0131 sat,ne istersen sat i\u015fte&#8230;<br \/>\nYaln\u0131z bizim ad\u0131m\u0131za sak\u0131n \u00e7a\u015f\u0131ya \u00e7\u0131kma!<br \/>\nHani baz\u0131 siyasi mahk\u00fcmlar\u0131m\u0131z \u00f6rg\u00fctlenipte zorbalardan hesap sormaya kalk\u0131\u015fm\u0131\u015ft\u0131. Sormas\u0131na sordular, dosyalar\u0131n\u0131 da sundular, fakat daha nice b\u00fcy\u00fck siyasi parti, dernek ve federasyon bu \u00e7ileke\u015f karde\u015flerimizi hi\u00e7 bir \u015fekilde desteklemedi.<br \/>\nBen de destekledim, ne de sizler&#8230;<br \/>\nSanki t\u00fcm\u00fcm\u00fcz o k\u0131rm\u0131z\u0131 ve katil zorbadan hi\u00e7 \u00e7ekmedik.<br \/>\nAram\u0131zdaki k\u0131skan\u00e7l\u0131k ve fesat\u00e7\u0131l\u0131k diz boyu.<br \/>\nBundan dolay\u0131 bizim hi\u00e7 bir i\u015fimiz do\u011fru d\u00fczg\u00fcn gitmiyor.<br \/>\nBir de yalana dolana ba\u015fvurmak var.<br \/>\nHerhangi bir iktidardaki h\u00fck\u00fcmet, partisinin dipten ald\u0131\u011f\u0131 mesajdan sonra,yar\u0131m yamalakta olsa, bir problemimizi \u00e7\u00f6z\u00fcme kavu\u015fturuyor. Bu karar daha resmi gazetete yay\u0131mlanmadan \u00f6nce, bizim &#8220;yi\u011fit aktivistlerimiz&#8221; hemen bundan kendilerine pay \u00e7\u0131kar\u0131yor. Ve teraneler ba\u015fl\u0131yor; &#8220;\u0130\u015fte, biz h\u00fck\u00fcmeti bu konuda sert bir dille uyarm\u0131\u015ft\u0131k, daha ka\u00e7 y\u0131l \u00f6ncesi dosyam\u0131z\u0131 sunmu\u015ftuk.&#8221;<br \/>\nBir de bunu medyalarda; &#8220;M\u00fcjde!&#8221;olarak duyurmalar\u0131 yok mu&#8230;<br \/>\nBug\u00fcn yine bir ba\u015f\u0131 bo\u015f dosyac\u0131n\u0131n murafetleri \u00f6n\u00fcme d\u00fc\u015ft\u00fc.<br \/>\nHerif daha doksanl\u0131 y\u0131llar\u0131n ba\u015f\u0131ndan beri Sofya&#8217;n\u0131n sar\u0131 pavelerini eskitmekte.<br \/>\nBunun maa\u015f\u0131n\u0131 kim \u00f6d\u00fcyor, kimin nesi, s\u00f6zde \u00f6rg\u00fct\u00fcn\u00fcn i\u00e7inde veya arkas\u0131nda kimle bulunuyor. Bilinmiyor ve me\u00e7h\u00fcl.<br \/>\nMubarek, ate\u015f b\u00f6ce\u011fi sanki.<br \/>\nBir cumhurba\u015fkan\u0131n huzurunda, bir ba\u015fbakan\u0131n kuca\u011f\u0131nda.<br \/>\nAdeta bizim istikbalimiz i\u00e7in yan\u0131p tutu\u015fuyor, \u00e7\u0131rp\u0131n\u0131p didiniyor.<br \/>\nVerdi\u011fi dilek\u00e7elerin, d\u00fczenledi\u011fi imza kampanyalar\u0131n\u0131n hatt\u0131 hesab\u0131 yok.<br \/>\nDiyelim ki iyi niyetli, o zaman neden destek bulam\u0131yor.<br \/>\nNeden siyasi partilerimiz bunun fikir ve g\u00f6r\u00fc\u015flerini desteklemiyor.<br \/>\nEn az\u0131ndan, neden o cuhurba\u015fkanlar\u0131 veya ba\u015fbakanlar sundu\u011fun dosyalara cevap bile vermeye tahaam\u00fcl etmiyorlar.<br \/>\nAyn\u0131s\u0131 di\u011fer dosyaseverler i\u00e7in de ge\u00e7erlidir.<br \/>\nBeyler,b\u0131rak\u0131n \u015fu dalkavuklu\u011fu!<br \/>\nSonland\u0131r\u0131n \u015fu aldatmacay\u0131!<br \/>\nBizim sorunlar\u0131m\u0131z\u0131 dosyalar\u0131n \u00e7\u00f6zece\u011fi yok.<br \/>\nBu \u015fekilde kendinizi rezil etmeyin.<br \/>\nBizlerin de onuruyla oynamay\u0131n.<br \/>\nBizim ad\u0131m\u0131za yollara d\u00fc\u015fmeyin.<br \/>\nBir de \u00f6n\u00fcm\u00fcze set \u00e7ekmeyin.<br \/>\nBiz de ba\u015fkentteki o Arslanl\u0131 ve Kartall\u0131 k\u00f6pr\u00fclerin yolunu iyi biliriz.<br \/>\nAnkara&#8217;n\u0131n \u00c7ankaya&#8217;s\u0131 da bizim.<br \/>\nDaha fazla, kendi kendinize gelin g\u00fcvey olmay\u0131n, \u00e7\u00fcnk\u00fc bizim bir yar\u0131m as\u0131r daha bekleme s\u00fcremiz kalmad\u0131.<br \/>\nO g\u00f6nderdi\u011finiz i\u015fe yaramaz dosyalar\u0131z\u0131, al\u0131n ve ba\u015f\u0131n\u0131za \u00e7al\u0131n&#8230;<\/p>\n<p><b>M\u00fcmin Top\u00e7u &#8211; dombira.eu<\/b><\/p>\n<div id=\"bghab-543651765\" class=\"bghab-yazi-altinda bghab-entity-placement\"><script async src=\"https:\/\/pagead2.googlesyndication.com\/pagead\/js\/adsbygoogle.js\"><\/script>\r\n<!-- bghaber-yaz\u0131-sonu -->\r\n<ins class=\"adsbygoogle\"\r\n     style=\"display:block\"\r\n     data-ad-client=\"ca-pub-6203283170189293\"\r\n     data-ad-slot=\"4222328180\"\r\n     data-ad-format=\"auto\"\r\n     data-full-width-responsive=\"true\"><\/ins>\r\n<script>\r\n     (adsbygoogle = window.adsbygoogle || []).push({});\r\n<\/script><\/div><br style=\"clear: both; display: block; float: none;\"\/>","protected":false},"excerpt":{"rendered":"<p>Me\u011fer bizim aln\u0131m\u0131zda keriz yaz\u0131yormu\u015f da haberimiz yokmu\u015f. Hi\u00e7 itiraza gerek yok. \u00c7eyrek as\u0131rd\u0131r, burada veya \u00f6tede, birileri bizim ad\u0131m\u0131za dosyalar haz\u0131rl\u0131yor ve iki devletin<\/p>\n","protected":false},"author":29,"featured_media":1585,"comment_status":"closed","ping_status":"closed","sticky":false,"template":"","format":"standard","meta":{"advanced_seo_description":"","jetpack_seo_html_title":"","jetpack_seo_noindex":false,"jetpack_seo_schema_type":"","_jetpack_newsletter_access":"","_jetpack_dont_email_post_to_subs":false,"_jetpack_newsletter_tier_id":0,"_jetpack_memberships_contains_paywalled_content":false,"_jetpack_feature_clip_id":0,"_jetpack_memberships_contains_paid_content":false,"footnotes":"","jetpack_post_was_ever_published":false},"categories":[6],"tags":[30],"class_list":["post-2258","post","type-post","status-publish","format-standard","has-post-thumbnail","hentry","category-yorum","tag-bulgaristan"],"jetpack_sharing_enabled":true,"jetpack_likes_enabled":true,"jetpack-related-posts":[],"jetpack_shortlink":"https:\/\/wp.me\/pc2PfJ-Aq","jetpack_featured_media_url":"https:\/\/i0.wp.com\/www.bghaber.org\/bghaber\/wp-content\/uploads\/2013\/05\/images2.jpg?fit=256%2C153&ssl=1","_links":{"self":[{"href":"https:\/\/www.bghaber.org\/bghaber\/wp-json\/wp\/v2\/posts\/2258","targetHints":{"allow":["GET"]}}],"collection":[{"href":"https:\/\/www.bghaber.org\/bghaber\/wp-json\/wp\/v2\/posts"}],"about":[{"href":"https:\/\/www.bghaber.org\/bghaber\/wp-json\/wp\/v2\/types\/post"}],"author":[{"embeddable":true,"href":"https:\/\/www.bghaber.org\/bghaber\/wp-json\/wp\/v2\/users\/29"}],"replies":[{"embeddable":true,"href":"https:\/\/www.bghaber.org\/bghaber\/wp-json\/wp\/v2\/comments?post=2258"}],"version-history":[{"count":0,"href":"https:\/\/www.bghaber.org\/bghaber\/wp-json\/wp\/v2\/posts\/2258\/revisions"}],"wp:featuredmedia":[{"embeddable":true,"href":"https:\/\/www.bghaber.org\/bghaber\/wp-json\/wp\/v2\/media\/1585"}],"wp:attachment":[{"href":"https:\/\/www.bghaber.org\/bghaber\/wp-json\/wp\/v2\/media?parent=2258"}],"wp:term":[{"taxonomy":"category","embeddable":true,"href":"https:\/\/www.bghaber.org\/bghaber\/wp-json\/wp\/v2\/categories?post=2258"},{"taxonomy":"post_tag","embeddable":true,"href":"https:\/\/www.bghaber.org\/bghaber\/wp-json\/wp\/v2\/tags?post=2258"}],"curies":[{"name":"wp","href":"https:\/\/api.w.org\/{rel}","templated":true}]}}