{"id":2254,"date":"2013-05-29T02:30:30","date_gmt":"2013-05-28T23:30:30","guid":{"rendered":"http:\/\/bghaber.org\/bghaber\/?p=2254"},"modified":"2019-07-18T23:56:21","modified_gmt":"2019-07-18T21:56:21","slug":"mericin-ote-yakasinda-senlik","status":"publish","type":"post","link":"https:\/\/www.bghaber.org\/bghaber\/mericin-ote-yakasinda-senlik\/","title":{"rendered":"Meri\u00e7&#8217;in \u00f6te yakas\u0131nda \u015fenlik"},"content":{"rendered":"<p>Bulgaristan&#8217;da Maliye eski Bakan\u0131 Plamen Oresharski&#8217;nin ba\u015fbakanl\u0131\u011f\u0131nda kurulan iki a\u00e7\u0131k ve bir gizli ortakl\u0131 koalisyon h\u00fck\u00fcmeti bug\u00fcn i\u015fba\u015f\u0131 yap\u0131yor. B\u00f6ylece Meri\u00e7&#8217;in \u00f6te yakas\u0131nda \u015fenlikli g\u00fcnler ba\u015fl\u0131yor.<!--more--><\/p>\n<p><b><br \/>\n<a href=\"https:\/\/i0.wp.com\/bghaber.org\/bghaber\/wp-content\/uploads\/2013\/05\/erdal-safak.jpg\"><img data-recalc-dims=\"1\" loading=\"lazy\" decoding=\"async\" class=\"alignright size-full wp-image-2255\" alt=\"erdal-safak\" src=\"https:\/\/i0.wp.com\/bghaber.org\/bghaber\/wp-content\/uploads\/2013\/05\/erdal-safak.jpg?resize=137%2C189\" width=\"137\" height=\"189\" \/><\/a><\/b>Neden \u015fenlikli? \u00c7\u00fcnk\u00fc h\u00fck\u00fcmetin iki orta\u011f\u0131 Sosyalist Parti (SP) ile Hak ve \u00d6zg\u00fcrl\u00fckler Hareketi (H\u00d6H), 240 \u00fcyeli parlamentoda toplam 120 sandalyeye sahip. 120 \u00fcyenin 84&#8217;\u00fc SP&#8217;den, 36&#8217;s\u0131 H\u00d6H&#8217;ten. Koalisyon h\u00fck\u00fcmetinin parlamentoda \u00e7o\u011funlu\u011fa ula\u015fabilmesi i\u00e7in d\u0131\u015f deste\u011fe ihtiyac\u0131 var. Bu destek de kimden geldi dersiniz? Cevap: Parlamentoda 23 milletvekiliyle temsil edilen ATAKA Partisi&#8217;nden.<\/p>\n<p><b>H\u00d6H, bilindi\u011fi gibi, T\u00fcrk az\u0131nl\u0131\u011f\u0131n partisi. ATAKA ise Bulgaristan&#8217;\u0131 ba\u015fta T\u00fcrk az\u0131nl\u0131k olmak \u00fczere Romanlar&#8217;dan ve di\u011fer etnik k\u00f6kenlilerinden temizlemek i\u00e7in yemin etmi\u015f bir a\u015f\u0131r\u0131 sa\u011fc\u0131 hareket.<br \/>\n<\/b><\/p>\n<p>Ate\u015f ile barutun yan yana olmas\u0131 gibi bir \u015fey.<br \/>\nB\u00f6yle bir h\u00fck\u00fcmet nereye kadar gider? Her ad\u0131m\u0131nda ATAKA&#8217;dan destek sa\u011flamak i\u00e7in uzun ve s\u0131k\u0131 pazarl\u0131klar yapmak, ciddi \u00f6d\u00fcnler vermek zorunda kalacak SP-H\u00d6H koalisyonu bu \u00e7ileye ne kadar dayanabilir?<br \/>\nCevap: Sofya&#8217;daki yayg\u0131n kan\u0131, sonbahara, bilemediniz bu y\u0131l sonuna kadar.<\/p>\n<p><center>***<\/center><br \/>\nATAKA&#8217;n\u0131n d\u0131\u015f deste\u011fi de ilgin\u00e7 bir takti\u011fe dayan\u0131yor: Parlamentodaki oylamalarda \u00e7o\u011funlu\u011fun 121&#8217;in alt\u0131nda kalmas\u0131n\u0131 sa\u011flamak.<br \/>\nYani, birka\u00e7 ATAKA milletvekilinin oylamalara kat\u0131lmamas\u0131yla SP-H\u00d6H koalisyonunun 120 \u00fcyesinin &#8220;Yeterli \u00e7o\u011funluk&#8221; olmas\u0131na imk\u00e2n tan\u0131mak.<br \/>\nBu takti\u011fin ilk provas\u0131 ge\u00e7en hafta parlamento ba\u015fkanl\u0131\u011f\u0131 se\u00e7iminde uyguland\u0131 ve ba\u015far\u0131l\u0131 oldu. ATAKA&#8217;l\u0131lar\u0131n bir b\u00f6l\u00fcm\u00fc se\u00e7ime kat\u0131lmay\u0131nca Sosyalist Parti&#8217;nin aday\u0131 kolayca ba\u015fkan se\u00e7ildi.<\/p>\n<p><center>***<\/center><br \/>\nAsl\u0131nda SP ile H\u00d6H aras\u0131nda ilk ortakl\u0131k de\u011fil bu. 2005-2009 d\u00f6neminde de ikisi birlikte h\u00fck\u00fcmet kurdu. Ama o zaman \u00fc\u00e7\u00fcnc\u00fc partiye ihtiya\u00e7 duymalar\u0131n\u0131 gerektirmeyen \u00e7o\u011funluklar\u0131 vard\u0131.<br \/>\nD\u0131\u015f destekli yeni SP-H\u00d6H h\u00fck\u00fcmeti ise, biraz T\u00fcrkiye&#8217;de 1990&#8217;l\u0131 y\u0131llara damgas\u0131n\u0131 vuran \u00e7ok par\u00e7al\u0131 koalisyon h\u00fck\u00fcmetlerini and\u0131r\u0131yor.<br \/>\n\u00dcstelik sadece h\u00fck\u00fcmet de\u011fil, parlamentonun t\u00fcm\u00fc Bulgar halk\u0131n\u0131n \u00e7o\u011funlu\u011funu temsil etmiyor.<br \/>\nSe\u00e7imde oy kullananlar\u0131n oran\u0131 sadece y\u00fczde 51.33&#8217;te kald\u0131.<br \/>\nAyr\u0131ca oy kullananlar\u0131n y\u00fczde 24.3&#8217;\u00fcn\u00fcn oylar\u0131 \u00e7\u00f6pe gitti. Se\u00e7im baraj\u0131n\u0131 a\u015famayan partilere verildi\u011fi i\u00e7in.<br \/>\nBitmedi&#8230; Parlamentoda temsil edilen partilere verilen oylar\u0131n en az y\u00fczde 11-12&#8217;si sat\u0131ld\u0131! Nas\u0131l? \u00d6zellikle Roman k\u00f6kenli se\u00e7menler ile yoksul Bulgar k\u00f6yl\u00fcleri 100 leva (50 euro) bast\u0131ran partiye oylar\u0131n\u0131 verdiler.<br \/>\nTam da se\u00e7im g\u00fcn\u00fc ortaya \u00e7\u0131kar\u0131lan 350 bin sahte, daha do\u011frusu ihtiya\u00e7 fazlas\u0131 oy skandal\u0131ndan hi\u00e7 s\u00f6z etmeyeyim. 25 milletvekilli\u011fine denk d\u00fc\u015fen hayali se\u00e7menlerin bu oylar\u0131 sand\u0131\u011fa gitseydi, parlamentonun g\u00f6r\u00fcn\u00fcm\u00fc kim bilir ne kadar de\u011fi\u015fik olacakt\u0131.<br \/>\n<b>&#8220;Meri\u00e7&#8217;in \u00f6te yakas\u0131nda \u015fenlikli g\u00fcnler ba\u015fl\u0131yor&#8221; kehanetinde haks\u0131z m\u0131y\u0131m?<\/b><br \/>\n<b><br \/>\n<\/b><\/p>\n<p>Erdal \u015eafak &#8211; <i>Sabah Gazetes\u00ed<\/i><\/p><div id=\"bghab-1295567359\" class=\"bghab-icerik-icine bghab-entity-placement\"><script async src=\"\/\/pagead2.googlesyndication.com\/pagead\/js\/adsbygoogle.js?client=ca-pub-6203283170189293\" crossorigin=\"anonymous\"><\/script><ins class=\"adsbygoogle\" style=\"display:block; text-align:center;\" data-ad-client=\"ca-pub-6203283170189293\" \ndata-ad-slot=\"7303146466\" \ndata-ad-layout=\"in-article\"\ndata-ad-format=\"fluid\" data-full-width-responsive=\"true\"><\/ins>\n<script> \n(adsbygoogle = window.adsbygoogle || []).push({}); \n<\/script>\n<\/div>\n<div id=\"bghab-4047633725\" class=\"bghab-yazi-altinda bghab-entity-placement\"><script async src=\"https:\/\/pagead2.googlesyndication.com\/pagead\/js\/adsbygoogle.js\"><\/script>\r\n<!-- bghaber-yaz\u0131-sonu -->\r\n<ins class=\"adsbygoogle\"\r\n     style=\"display:block\"\r\n     data-ad-client=\"ca-pub-6203283170189293\"\r\n     data-ad-slot=\"4222328180\"\r\n     data-ad-format=\"auto\"\r\n     data-full-width-responsive=\"true\"><\/ins>\r\n<script>\r\n     (adsbygoogle = window.adsbygoogle || []).push({});\r\n<\/script><\/div><br style=\"clear: both; display: block; float: none;\"\/>","protected":false},"excerpt":{"rendered":"<p>Bulgaristan&#8217;da Maliye eski Bakan\u0131 Plamen Oresharski&#8217;nin ba\u015fbakanl\u0131\u011f\u0131nda kurulan iki a\u00e7\u0131k ve bir gizli ortakl\u0131 koalisyon h\u00fck\u00fcmeti bug\u00fcn i\u015fba\u015f\u0131 yap\u0131yor. B\u00f6ylece Meri\u00e7&#8217;in \u00f6te yakas\u0131nda \u015fenlikli g\u00fcnler<\/p>\n","protected":false},"author":29,"featured_media":2255,"comment_status":"closed","ping_status":"closed","sticky":false,"template":"","format":"standard","meta":{"advanced_seo_description":"","jetpack_seo_html_title":"","jetpack_seo_noindex":false,"jetpack_seo_schema_type":"","_jetpack_newsletter_access":"","_jetpack_dont_email_post_to_subs":false,"_jetpack_newsletter_tier_id":0,"_jetpack_memberships_contains_paywalled_content":false,"_jetpack_feature_clip_id":0,"_jetpack_memberships_contains_paid_content":false,"footnotes":"","jetpack_post_was_ever_published":false},"categories":[6],"tags":[30],"class_list":["post-2254","post","type-post","status-publish","format-standard","has-post-thumbnail","hentry","category-yorum","tag-bulgaristan"],"jetpack_sharing_enabled":true,"jetpack_likes_enabled":true,"jetpack-related-posts":[],"jetpack_shortlink":"https:\/\/wp.me\/pc2PfJ-Am","jetpack_featured_media_url":"https:\/\/i0.wp.com\/www.bghaber.org\/bghaber\/wp-content\/uploads\/2013\/05\/erdal-safak.jpg?fit=190%2C264&ssl=1","_links":{"self":[{"href":"https:\/\/www.bghaber.org\/bghaber\/wp-json\/wp\/v2\/posts\/2254","targetHints":{"allow":["GET"]}}],"collection":[{"href":"https:\/\/www.bghaber.org\/bghaber\/wp-json\/wp\/v2\/posts"}],"about":[{"href":"https:\/\/www.bghaber.org\/bghaber\/wp-json\/wp\/v2\/types\/post"}],"author":[{"embeddable":true,"href":"https:\/\/www.bghaber.org\/bghaber\/wp-json\/wp\/v2\/users\/29"}],"replies":[{"embeddable":true,"href":"https:\/\/www.bghaber.org\/bghaber\/wp-json\/wp\/v2\/comments?post=2254"}],"version-history":[{"count":0,"href":"https:\/\/www.bghaber.org\/bghaber\/wp-json\/wp\/v2\/posts\/2254\/revisions"}],"wp:featuredmedia":[{"embeddable":true,"href":"https:\/\/www.bghaber.org\/bghaber\/wp-json\/wp\/v2\/media\/2255"}],"wp:attachment":[{"href":"https:\/\/www.bghaber.org\/bghaber\/wp-json\/wp\/v2\/media?parent=2254"}],"wp:term":[{"taxonomy":"category","embeddable":true,"href":"https:\/\/www.bghaber.org\/bghaber\/wp-json\/wp\/v2\/categories?post=2254"},{"taxonomy":"post_tag","embeddable":true,"href":"https:\/\/www.bghaber.org\/bghaber\/wp-json\/wp\/v2\/tags?post=2254"}],"curies":[{"name":"wp","href":"https:\/\/api.w.org\/{rel}","templated":true}]}}