{"id":2251,"date":"2013-05-29T02:28:36","date_gmt":"2013-05-28T23:28:36","guid":{"rendered":"http:\/\/bghaber.org\/bghaber\/?p=2251"},"modified":"2019-07-18T23:56:21","modified_gmt":"2019-07-18T21:56:21","slug":"plamen-oresarskinin-kurdugu-yeni-kabine-aciklandi","status":"publish","type":"post","link":"https:\/\/www.bghaber.org\/bghaber\/plamen-oresarskinin-kurdugu-yeni-kabine-aciklandi\/","title":{"rendered":"Plamen Ore\u015farski\u2019nin kurdu\u011fu yeni kabine a\u00e7\u0131kland\u0131"},"content":{"rendered":"<p>Cumhurba\u015fkan\u0131 Rosen Plevneliev\u2019in h\u00fck\u00fcmet kurma g\u00f6revini verdi\u011fi Plamen Ore\u015farski bug\u00fcn Bulgar Sosyalist Partisi\u2019nin Ulusal Konseyi oturumunda \u00f6nerdi\u011fi yeni kabine kadrosunu resmi olarak a\u00e7\u0131klad\u0131.<!--more--> <a href=\"https:\/\/i0.wp.com\/bghaber.org\/bghaber\/wp-content\/uploads\/2013\/05\/plaven-oresarski-bsp.jpg\"><img data-recalc-dims=\"1\" loading=\"lazy\" decoding=\"async\" class=\"alignright size-medium wp-image-2252\" alt=\"plaven-oresarski-bsp\" src=\"https:\/\/i0.wp.com\/bghaber.org\/bghaber\/wp-content\/uploads\/2013\/05\/plaven-oresarski-bsp-300x224.jpg?resize=300%2C224\" width=\"300\" height=\"224\" \/><\/a>Ore\u015farski, \u201cBakanlar Kurulu\u2019nun yap\u0131s\u0131 ve kadrosunun istemlere uygun olaca\u011f\u0131n\u0131 s\u00f6z verdim. Memnuniyetle t\u00fcm baklanlar\u0131n belirli alanlarda uzman oldu\u011funu, baz\u0131lar\u0131n\u0131n ise \u00f6nde gelen uzmanlar oldu\u011funu s\u00f6yleyebilirim\u201d dedi. Ore\u015farski\u2019nin kabinesi 17 ki\u015fiden olu\u015facak. \u0130kinci Ba\u015fbakan Yard\u0131mc\u0131s\u0131\u2019n\u0131n ismi bir ay sonra belli olacak.<\/p>\n<p><strong> H\u00fck\u00fcmet Kadrosu:<\/strong><\/p>\n<p>Ba\u015fbakan \u2013 Plamen Ore\u015farski<br \/>\nMaliye Bakan\u0131 \u2013 Pet\u0131r \u00c7obanov<br \/>\nEkonomi ve Enerji Bakan\u0131 &#8211; Dragomir Stoynev<br \/>\nUla\u015ft\u0131rma Bakan\u0131 \u2013 Varna Liman\u0131 M\u00fcd\u00fcr\u00fc Danail Papazov<br \/>\nTar\u0131m Bakan\u0131 \u2013 Plovdiv Ziraat \u00dcniversitesi Rekt\u00f6r\u00fc Dimit\u0131r Grekov<br \/>\nK\u00fclt\u00fcr Bakan\u0131 &#8211; Pet\u0131r Stoyanovi\u00e7<br \/>\nSa\u011fl\u0131k Bakan\u0131 \u2013 Tanya Andreeva<br \/>\n\u0130\u00e7i\u015fleri Bakan\u0131 \u2013 Tsvetlin Yov\u00e7ev<br \/>\nSavunma Bakan\u0131 \u2013 Angel Naydenov<br \/>\nD\u0131\u015f \u0130\u015fleri Bakan\u0131 \u2013 Kristiyan Vigenin<br \/>\n\u00c7evre Bakan\u0131 \u2013 \u0130skra Mihaylova<br \/>\nBa\u015fbakan Yard\u0131mc\u0131s\u0131 ve Adalet Bakan\u0131 \u2013 Zinaida Zlatanova<br \/>\nSpor Bakan\u0131 &#8211; Mariyana Georgieva-Ben\u00e7eva<br \/>\nE\u011fitim ve Bilim Bakan\u0131 \u2013 Varna T\u0131p \u00dcniversitesi Rekt\u00f6r\u00fc Aneliya Klisarova<br \/>\n\u00c7al\u0131\u015fma ve Sosyal \u0130\u015fler Bakan\u0131 \u2013 Hasan Ademov<br \/>\nYat\u0131r\u0131m Tasarlama Bakan\u0131 \u2013 Kalin Tiholov<br \/>\nB\u00f6lge Kalk\u0131nma Bakan\u0131 \u2013 Desislava Terzieva<\/p>\n<p>&nbsp;<\/p>\n<p>&nbsp;<\/p>\n<p>K\u0131rcaali Haber<\/p>\n<div id=\"bghab-478326096\" class=\"bghab-yazi-altinda bghab-entity-placement\"><script async src=\"https:\/\/pagead2.googlesyndication.com\/pagead\/js\/adsbygoogle.js\"><\/script>\r\n<!-- bghaber-yaz\u0131-sonu -->\r\n<ins class=\"adsbygoogle\"\r\n     style=\"display:block\"\r\n     data-ad-client=\"ca-pub-6203283170189293\"\r\n     data-ad-slot=\"4222328180\"\r\n     data-ad-format=\"auto\"\r\n     data-full-width-responsive=\"true\"><\/ins>\r\n<script>\r\n     (adsbygoogle = window.adsbygoogle || []).push({});\r\n<\/script><\/div><br style=\"clear: both; display: block; float: none;\"\/>","protected":false},"excerpt":{"rendered":"<p>Cumhurba\u015fkan\u0131 Rosen Plevneliev\u2019in h\u00fck\u00fcmet kurma g\u00f6revini verdi\u011fi Plamen Ore\u015farski bug\u00fcn Bulgar Sosyalist Partisi\u2019nin Ulusal Konseyi oturumunda \u00f6nerdi\u011fi yeni kabine kadrosunu resmi olarak a\u00e7\u0131klad\u0131.<\/p>\n","protected":false},"author":29,"featured_media":2252,"comment_status":"closed","ping_status":"closed","sticky":false,"template":"","format":"standard","meta":{"advanced_seo_description":"","jetpack_seo_html_title":"","jetpack_seo_noindex":false,"jetpack_seo_schema_type":"","_jetpack_newsletter_access":"","_jetpack_dont_email_post_to_subs":false,"_jetpack_newsletter_tier_id":0,"_jetpack_memberships_contains_paywalled_content":false,"_jetpack_feature_clip_id":0,"_jetpack_memberships_contains_paid_content":false,"footnotes":"","jetpack_post_was_ever_published":false},"categories":[4],"tags":[],"class_list":["post-2251","post","type-post","status-publish","format-standard","has-post-thumbnail","hentry","category-siyaset"],"jetpack_sharing_enabled":true,"jetpack_likes_enabled":true,"jetpack-related-posts":[],"jetpack_shortlink":"https:\/\/wp.me\/pc2PfJ-Aj","jetpack_featured_media_url":"https:\/\/i0.wp.com\/www.bghaber.org\/bghaber\/wp-content\/uploads\/2013\/05\/plaven-oresarski-bsp.jpg?fit=430%2C322&ssl=1","_links":{"self":[{"href":"https:\/\/www.bghaber.org\/bghaber\/wp-json\/wp\/v2\/posts\/2251","targetHints":{"allow":["GET"]}}],"collection":[{"href":"https:\/\/www.bghaber.org\/bghaber\/wp-json\/wp\/v2\/posts"}],"about":[{"href":"https:\/\/www.bghaber.org\/bghaber\/wp-json\/wp\/v2\/types\/post"}],"author":[{"embeddable":true,"href":"https:\/\/www.bghaber.org\/bghaber\/wp-json\/wp\/v2\/users\/29"}],"replies":[{"embeddable":true,"href":"https:\/\/www.bghaber.org\/bghaber\/wp-json\/wp\/v2\/comments?post=2251"}],"version-history":[{"count":0,"href":"https:\/\/www.bghaber.org\/bghaber\/wp-json\/wp\/v2\/posts\/2251\/revisions"}],"wp:featuredmedia":[{"embeddable":true,"href":"https:\/\/www.bghaber.org\/bghaber\/wp-json\/wp\/v2\/media\/2252"}],"wp:attachment":[{"href":"https:\/\/www.bghaber.org\/bghaber\/wp-json\/wp\/v2\/media?parent=2251"}],"wp:term":[{"taxonomy":"category","embeddable":true,"href":"https:\/\/www.bghaber.org\/bghaber\/wp-json\/wp\/v2\/categories?post=2251"},{"taxonomy":"post_tag","embeddable":true,"href":"https:\/\/www.bghaber.org\/bghaber\/wp-json\/wp\/v2\/tags?post=2251"}],"curies":[{"name":"wp","href":"https:\/\/api.w.org\/{rel}","templated":true}]}}