{"id":2247,"date":"2013-05-29T02:20:31","date_gmt":"2013-05-28T23:20:31","guid":{"rendered":"http:\/\/bghaber.org\/bghaber\/?p=2247"},"modified":"2019-07-18T23:48:38","modified_gmt":"2019-07-18T21:48:38","slug":"baf-komunist-rejimin-magdurlarina-cagrida-bulunarak-dava-acmalarini-istedi","status":"publish","type":"post","link":"https:\/\/www.bghaber.org\/bghaber\/baf-komunist-rejimin-magdurlarina-cagrida-bulunarak-dava-acmalarini-istedi\/","title":{"rendered":"BAF, kom\u00fcnist rejimin ma\u011fdurlar\u0131na \u00e7a\u011fr\u0131da bulunarak dava a\u00e7malar\u0131n\u0131 istedi"},"content":{"rendered":"<div>\n<div>\n<div>Sivil toplum kurulu\u015fu\u00a0BAF Ba\u015fkan\u0131 Sezgin M\u00fcmin, ma\u011fdurlar\u0131n tazminat davas\u0131 a\u00e7mak i\u00e7in tek kuru\u015f \u00f6demeyece\u011fini belirterek,\u00a0tazminattan yararlanacak ki\u015filerin,\u00a0mahk\u0217miyetini kan\u0131tlamalar\u0131\u00a0gerekti\u011fini s\u00f6yledi.\u00a0<!--more--><\/div>\n<\/div>\n<div><\/div>\n<div><a href=\"https:\/\/i0.wp.com\/bghaber.org\/bghaber\/wp-content\/uploads\/2013\/05\/baf-logo.jpg\"><img data-recalc-dims=\"1\" loading=\"lazy\" decoding=\"async\" class=\"alignright size-full wp-image-2248\" alt=\"baf-logo\" src=\"https:\/\/i0.wp.com\/bghaber.org\/bghaber\/wp-content\/uploads\/2013\/05\/baf-logo.jpg?resize=200%2C194\" width=\"200\" height=\"194\" \/><\/a>Bu konuda bas\u0131na a\u00e7\u0131klama yapan M\u00fcmin \u015funlar\u0131 s\u00f6yledi:<\/div>\n<\/div>\n<div>\u00a0 \u00a0\u2018Kom\u00fcnist rejimin y\u0131k\u0131lmas\u0131ndan bu yana 23 y\u0131l ge\u00e7ti; fakat bug\u00fcne kadar hi\u00e7bir kurum, kurlu\u015f ya da \u015fah\u0131s cezaevlerinde yatan ve Belene kamplar\u0131na s\u00fcr\u00fclen Bulgaristan T\u00fcrkleri ve yak\u0131nlar\u0131 ile ilgilenmedi. Ancak art\u0131k canla ba\u015fla Bulgaristan T\u00fcrklerini hakk\u0131n\u0131 hukunu savunan sivil toplum kurulu\u015fu\u00a0Bulgaristan Adalet Federasyonu\u00a0vard\u0131r.<br \/>\nBizlere deste\u011fini s\u00fcrd\u00fcrmenizi de istirham ediyoruz. Sizleri asla hayal k\u0131r\u0131kl\u0131\u011f\u0131na u\u011fratmayaca\u011f\u0131m\u0131zdan emin olabilirsiniz.<\/div>\n<div>\n<i>\u00a0 \u00a0T\u00fcrklerin \u00e7\u0131karlar\u0131n\u0131 savunan sivil toplum kurulu\u015fu olarak soyda\u015flar\u0131m\u0131z\u0131n kan\u0131n\u0131 yerde b\u0131rakmayaca\u011f\u0131z; 1989 y\u0131l\u0131\u00a0\u00f6ncesi Bulgaristan T\u00fcrklerine yap\u0131lan zul\u00fcmlerin hesab\u0131n\u0131 soraca\u011f\u0131z.<\/i><\/div>\n<div>\nHepinizi tazminat davas\u0131 a\u00e7mak i\u00e7in mahkemelere ba\u015fvuru yapmaya davet ediyoruz. Dava a\u00e7mak i\u00e7in cebinizden tek kuru\u015f \u00f6demeyeceksiniz. A\u00e7\u0131lacak tazminat davas\u0131ndan yararlanacak ki\u015filer,\u00a01989 y\u0131l\u0131\u00a0\u00f6ncesikom\u00fcnist d\u00f6nemde\u00a0Eski Za\u011fra, Sofya, Pazarc\u0131k\u00a0ve Bulgaristan&#8217;\u0131n daha bir\u00e7ok yerinde\u00a0hapis yatt\u0131\u011f\u0131na ve \u00a0Belene gibi bir\u00e7ok yere kampa s\u00fcr\u00fcld\u00fc\u011f\u00fcne dair belge sunmas\u0131 gerekecek. Bulgaristan Adalet Federasyonu Ba\u015fkan\u0131 olarak \u00e7ok yak\u0131n zamanda ba\u015fvuru formu \u00f6rne\u011fini yay\u0131nlayaca\u011f\u0131z, sonrada o forumlar\u0131 sizlere sunaca\u011f\u0131z. Zaten doldurulacak forumlar\u0131\u00a0Y\u00fcksek Adliye Kurulu&#8217;ndan\u00a0(VSS)\u00a0ald\u0131k.<\/div>\n<div>\nT\u00fcrkl\u00fc\u011f\u00fcn\u00fc korumak i\u00e7in \u00e7e\u015fitli zul\u00fcmlere maruz kalm\u0131\u015f soyda\u015f ve dava arkada\u015flar\u0131m\u0131za\u00a0hem irtibat hem kolayl\u0131k sa\u011flamak i\u00e7in T\u00fcrkiye&#8217;deki birka\u00e7 dernekle g\u00f6r\u00fc\u015fmelerimiz olacak.<i>\u2019<\/i><\/div>\n<div><\/div>\n<div><\/div>\n<div><b>\u00a0Ayd\u0131n Osman\u00a0| AJANS BG<\/b><\/div>\n<div id=\"bghab-1307239808\" class=\"bghab-yazi-altinda bghab-entity-placement\"><script async src=\"https:\/\/pagead2.googlesyndication.com\/pagead\/js\/adsbygoogle.js\"><\/script>\r\n<!-- bghaber-yaz\u0131-sonu -->\r\n<ins class=\"adsbygoogle\"\r\n     style=\"display:block\"\r\n     data-ad-client=\"ca-pub-6203283170189293\"\r\n     data-ad-slot=\"4222328180\"\r\n     data-ad-format=\"auto\"\r\n     data-full-width-responsive=\"true\"><\/ins>\r\n<script>\r\n     (adsbygoogle = window.adsbygoogle || []).push({});\r\n<\/script><\/div><br style=\"clear: both; display: block; float: none;\"\/>","protected":false},"excerpt":{"rendered":"<p>Sivil toplum kurulu\u015fu\u00a0BAF Ba\u015fkan\u0131 Sezgin M\u00fcmin, ma\u011fdurlar\u0131n tazminat davas\u0131 a\u00e7mak i\u00e7in tek kuru\u015f \u00f6demeyece\u011fini belirterek,\u00a0tazminattan yararlanacak ki\u015filerin,\u00a0mahk\u0217miyetini kan\u0131tlamalar\u0131\u00a0gerekti\u011fini s\u00f6yledi.\u00a0<\/p>\n","protected":false},"author":29,"featured_media":2248,"comment_status":"closed","ping_status":"closed","sticky":false,"template":"","format":"standard","meta":{"advanced_seo_description":"","jetpack_seo_html_title":"","jetpack_seo_noindex":false,"jetpack_seo_schema_type":"","_jetpack_newsletter_access":"","_jetpack_dont_email_post_to_subs":false,"_jetpack_newsletter_tier_id":0,"_jetpack_memberships_contains_paywalled_content":false,"_jetpack_feature_clip_id":0,"_jetpack_memberships_contains_paid_content":false,"footnotes":"","jetpack_post_was_ever_published":false},"categories":[4],"tags":[111,30],"class_list":["post-2247","post","type-post","status-publish","format-standard","has-post-thumbnail","hentry","category-siyaset","tag-baf","tag-bulgaristan"],"jetpack_sharing_enabled":true,"jetpack_likes_enabled":true,"jetpack-related-posts":[],"jetpack_shortlink":"https:\/\/wp.me\/pc2PfJ-Af","jetpack_featured_media_url":"https:\/\/i0.wp.com\/www.bghaber.org\/bghaber\/wp-content\/uploads\/2013\/05\/baf-logo.jpg?fit=200%2C194&ssl=1","_links":{"self":[{"href":"https:\/\/www.bghaber.org\/bghaber\/wp-json\/wp\/v2\/posts\/2247","targetHints":{"allow":["GET"]}}],"collection":[{"href":"https:\/\/www.bghaber.org\/bghaber\/wp-json\/wp\/v2\/posts"}],"about":[{"href":"https:\/\/www.bghaber.org\/bghaber\/wp-json\/wp\/v2\/types\/post"}],"author":[{"embeddable":true,"href":"https:\/\/www.bghaber.org\/bghaber\/wp-json\/wp\/v2\/users\/29"}],"replies":[{"embeddable":true,"href":"https:\/\/www.bghaber.org\/bghaber\/wp-json\/wp\/v2\/comments?post=2247"}],"version-history":[{"count":0,"href":"https:\/\/www.bghaber.org\/bghaber\/wp-json\/wp\/v2\/posts\/2247\/revisions"}],"wp:featuredmedia":[{"embeddable":true,"href":"https:\/\/www.bghaber.org\/bghaber\/wp-json\/wp\/v2\/media\/2248"}],"wp:attachment":[{"href":"https:\/\/www.bghaber.org\/bghaber\/wp-json\/wp\/v2\/media?parent=2247"}],"wp:term":[{"taxonomy":"category","embeddable":true,"href":"https:\/\/www.bghaber.org\/bghaber\/wp-json\/wp\/v2\/categories?post=2247"},{"taxonomy":"post_tag","embeddable":true,"href":"https:\/\/www.bghaber.org\/bghaber\/wp-json\/wp\/v2\/tags?post=2247"}],"curies":[{"name":"wp","href":"https:\/\/api.w.org\/{rel}","templated":true}]}}