{"id":22241,"date":"2017-02-19T21:46:13","date_gmt":"2017-02-19T19:46:13","guid":{"rendered":"http:\/\/www.bghaber.org\/bghaber\/?p=22241"},"modified":"2017-02-19T21:52:41","modified_gmt":"2017-02-19T19:52:41","slug":"sahte-daragaci","status":"publish","type":"post","link":"https:\/\/www.bghaber.org\/bghaber\/sahte-daragaci\/","title":{"rendered":"Sahte Dara\u011fac\u0131"},"content":{"rendered":"<p>Erta\u015f \u00c7AKIR<\/p>\n<p>Tarih: 19 \u015eubat 2017<\/p>\n<p><strong>\u00c7arp\u0131t\u0131lm\u0131\u015f tarih k\u0131r\u0131k ayakl\u0131 at gibidir, uzun yol gidemezsin<\/strong>.<\/p>\n<p>&nbsp;<\/p>\n<p><img data-recalc-dims=\"1\" decoding=\"async\" src=\"https:\/\/i0.wp.com\/www.bghaber.org\/bghaber\/wp-content\/uploads\/2017\/02\/levski-bg.jpg?w=640\" \/><\/p>\n<p>144 y\u0131ldan beri 19 \u015eubat g\u00fcn\u00fc Bulgaristan\u2019da milli kurtulu\u015f davas\u0131 \u00f6nderi Vasil Levski\u2019nin s\u00f6zde as\u0131ld\u0131\u011f\u0131 g\u00fcn olarak hat\u0131rlat\u0131l\u0131yor. Komitac\u0131l\u0131k tarihini yaz\u0131ya en iyi d\u00f6ken Zahari Stoyanov gelecek ku\u015faklar\u0131n yanl\u0131\u015f bilgilendirilmesine yol verilmemesi i\u00e7in dava arkada\u015f\u0131 Levski\u2019y\u0131 somut ve ayr\u0131nt\u0131l\u0131 kan\u0131tlara dayanan \u201c<strong>M\u00fccahit<\/strong>\u201d (Apostol\u0131t) biyografik eserini adam\u0131\u015f ve tarihin ters y\u00fcz g\u00f6sterilmesine imkan tan\u0131mamak i\u00e7in, Bulgar yarg\u0131\u00e7lardan olu\u015fan Sofya Mahkeme Heyetinin 1873 \u015eubat\u0131nda Levskiye as\u0131lmak suretiyle idam cezas\u0131 vermesinden sonra. Adliye binas\u0131n\u0131n zemin kat\u0131nda bulunan zindana indirilen Levski\u2019nin ba\u015f\u0131n\u0131 duvardaki kara ta\u015flara vura vura kendini \u00f6ld\u00fcrd\u00fc\u011f\u00fcn\u00fc anlatm\u0131\u015ft\u0131r.<\/p>\n<p>Olay \u015f\u00f6yle ki, Vasil Levski 18 \u015eubat 1873\u2019te o zaman Sofya kenar\u0131nda bulunan \u015fimdiki \u201cVasil Levskli An\u0131t\u0131\u201d n\u0131n dikili oldu\u011fu alana kurulan dar a\u011f\u0131c\u0131na \u00e7ekilmemi\u015ftir. O y\u0131llar\u0131n Osmanl\u0131 Sultan\u0131 Abd\u00fclaziz Sofya Mahkemesinin Vasil \u0130vanov Kun\u00e7ev\u2019e verdi\u011fi idam cezas\u0131na tura ve m\u00fch\u00fcr vurup onaylamam\u0131\u015ft\u0131r. Osmanl\u0131 sultan ar\u015fivlerinde b\u00f6yle bir belge olmad\u0131\u011f\u0131 gibi Sofya Mahkemesi ar\u015fivinde bu karar\u0131n onayl\u0131 asl\u0131 bug\u00fcne kadar g\u00f6sterilememi\u015ftir. \u00dcstelik Osmanl\u0131 gelene\u011finde dara\u011fac\u0131na \u00e7ekilen bir ki\u015finin \u00f6l\u00fcp \u00f6lmedi\u011fi doktor raporuyla belgelenmi\u015ftir. 18 \u015eubat 1873 g\u00fcn\u00fc Sofya\u2019da bir hekim taraf\u0131ndan haz\u0131rlanm\u0131\u015f b\u00f6yle bir tespit tutana\u011f\u0131 da bug\u00fcne kadar ortaya \u00e7\u0131kmam\u0131\u015ft\u0131r.<\/p><div id=\"bghab-2633559039\" class=\"bghab-icerik-icine bghab-entity-placement\"><script async src=\"\/\/pagead2.googlesyndication.com\/pagead\/js\/adsbygoogle.js?client=ca-pub-6203283170189293\" crossorigin=\"anonymous\"><\/script><ins class=\"adsbygoogle\" style=\"display:block; text-align:center;\" data-ad-client=\"ca-pub-6203283170189293\" \ndata-ad-slot=\"7303146466\" \ndata-ad-layout=\"in-article\"\ndata-ad-format=\"fluid\" data-full-width-responsive=\"true\"><\/ins>\n<script> \n(adsbygoogle = window.adsbygoogle || []).push({}); \n<\/script>\n<\/div>\n<p>1878\u2019de kurulan II. Bulgar tarihinde en \u00f6nemli \u015fah\u0131slardan biri olan Vasil Levski ger\u00e7e\u011fi kamuoyunu 144 y\u0131ldan beri ilgilendiriyor. Bulgar tarih\u00e7ilerin yapt\u0131\u011f\u0131 ara\u015ft\u0131rmalar, resmi propagandan\u0131n halk\u0131n beynini yanl\u0131\u015f \u015fahland\u0131rmak i\u00e7in kulland\u0131\u011f\u0131 verileri bu y\u0131llar i\u00e7inde \u00e7\u00fcr\u00fctt\u00fc. Bu y\u0131l bu vesileyle yap\u0131lacak anma t\u00f6renlerinde yeni se\u00e7ilen Cumhurba\u015fkan\u0131 Rumen Radev\u2019in\u00a0 bir konu\u015fma yapaca\u011f\u0131n\u0131 dikkate alarak, Bulgar bas\u0131n\u0131nda \u00e7\u0131kan \u201c<strong>Rusya Levski\u2019nin Katillerini Bol Keseden M\u00fck\u00e2fatland\u0131rd\u0131<\/strong>.\u201d Ba\u015fl\u0131kl\u0131 yaz\u0131y\u0131 terc\u00fcme ederek dikkatinize sunuyoruz.<\/p>\n<p>BGSAM: Levski\u2019nin Osmanl\u0131 devletince dara\u011fac\u0131na \u00e7ekilmedi\u011fine ili\u015fkin \u015fu kan\u0131t da ilgin\u00e7tir. 22\u00a0 Eyl\u00fcl 1872\u2019de Kocabalkan\u2019\u0131n Araba Konak ge\u00e7idinde bir Osmanl\u0131 kervan\u0131 bask\u0131na u\u011frar ve b\u00fcy\u00fck miktarda hazine paras\u0131 \u00e7al\u0131n\u0131r. Sofya\u2019daki ayn\u0131 mahkeme bu davaya da bakm\u0131\u015f ve yakalanan h\u0131rs\u0131z \u00e7etesinin ba\u015f\u0131 Dimit\u0131r Ob\u015fti idam cezas\u0131 alm\u0131\u015ft\u0131r ve Padi\u015fah\u0131n onay\u0131ndan sonra bu ceza yerine getirilmi\u015ftir.<\/p>\n<p>BGSAM: 1905 y\u0131l\u0131n\u0131n 21 Temmuzunda Padi\u015fah II. Abd\u00fclhamit\u2019e \u0130stanbul\u2019da Y\u0131ld\u0131z Camiinden \u00e7\u0131km\u0131\u015f ve kendisi bekleyen faytonuna birka\u00e7 dakika gecikmi\u015ftir. Bu arada g\u00fc\u00e7l\u00fc bir patlama olmu\u015f, gecikme y\u00fcz\u00fcnden padi\u015fah hayatta kalm\u0131\u015ft\u0131r. Suikasti ger\u00e7ekle\u015ftiren 9 Ermeni komitas\u0131 yakalanm\u0131\u015f, idama \u00e7arpt\u0131r\u0131lm\u0131\u015f, fakat Padi\u015fah \u201cdevlet s\u0131n\u0131r\u0131 d\u0131\u015f\u0131na \u00e7\u0131kar\u0131lmalar\u0131n\u0131\u201d emrederek, hapsini ba\u015ftan savmay\u0131 tercih etmi\u015ftir.<\/p>\n<p><strong>Rusya Levski\u2019nin Katillerini Bol Keseden M\u00fck\u00e2fatland\u0131rd\u0131<\/strong><\/p>\n<p>Vasil Levski\u2019ye \u00f6l\u00fcm cezas\u0131 kesen Sofya Mahkemesi Ba\u015fkan\u0131 Hac\u0131 \u0130van\u00e7o Hac\u0131veli\u00e7kov Pen\u00e7evi\u00e7 1878\u2019den sonra Bulgar Prenslini idare eden Prens Dondukov taraf\u0131ndan g\u00f6revinde y\u00fckseltilmi\u015f ve Bulgaristan Y\u00fcksek Mahkemesi Bile\u015fimine atanm\u0131\u015ft\u0131r.<\/p><div id=\"bghab-121799906\" class=\"bghab-icerik-icine-10-paragraf bghab-entity-placement\"><script async src=\"\/\/pagead2.googlesyndication.com\/pagead\/js\/adsbygoogle.js?client=ca-pub-6203283170189293\" crossorigin=\"anonymous\"><\/script><ins class=\"adsbygoogle\" style=\"display:block; text-align:center;\" data-ad-client=\"ca-pub-6203283170189293\" \ndata-ad-slot=\"7303146466\" \ndata-ad-layout=\"in-article\"\ndata-ad-format=\"fluid\" data-full-width-responsive=\"true\"><\/ins>\n<script> \n(adsbygoogle = window.adsbygoogle || []).push({}); \n<\/script>\n<\/div>\n<p>\u201c\u0130stinata.bg\u201d sahibi olan yay\u0131mc\u0131 Georgi Georgiev Osmanl\u0131 d\u00f6neminde Bulgaristan\u2019da Rusya\u2019n\u0131n deh\u015fetli rol\u00fc \u00fcst\u00fcne bir\u00e7ok deliller sunuyor. Yay\u0131nc\u0131, Levski\u2019nin yok edilmesinin b\u00fcy\u00fck su\u00e7lular\u0131ndan biri olan yarg\u0131\u00e7 Hac\u0131 \u0130van\u00e7o Hac\u0131veli\u00e7kov Pen\u00e7evi\u00e7 Bulgaristan Y\u00fcksek Mahkemesi Bile\u015fimine atanmakla \u00f6d\u00fcllendirildi\u011fini kan\u0131tlayan belgeler yay\u0131nlad\u0131. M\u00fck\u00e2fatland\u0131rma, Levski\u2019nin g\u00fcya as\u0131lmas\u0131ndan tam 6 y\u0131l sonra, 8 May\u0131s 1879 y\u0131l\u0131nda olmu\u015ftur. G\u00f6revde y\u00fckseltme emri \u015fahsen Prens Dondukov-Korsakov taraf\u0131ndan imzalanm\u0131\u015ft\u0131r. Belgenin asl\u0131 Sofya devlet ar\u015fivinde bulunmu\u015ftur.<\/p>\n<p>\u00d6yle ki, o zaman Rusya \u00c7arl\u0131\u011f\u0131 Balkanlardaki \u00e7\u0131karlar\u0131na sadakatle hizmet eden hainlere ve al\u00e7aklara bol keseden te\u015fekk\u00fcr etmi\u015ftir.<\/p>\n<p>O y\u0131llarda Rusya \u00c7arl\u0131\u011f\u0131\u2019n\u0131n \u0130stanbul B\u00fcy\u00fck El\u00e7isi olan Prens \u0130gnatiyev\u2019\u0131n <strong>haince ve ikiy\u00fczl\u00fc rol\u00fc Bulgar halk\u0131ndan uzun y\u0131llar gizli tutulmu\u015f olsa da<\/strong>, art\u0131k g\u00fcn \u0131\u015f\u0131\u011f\u0131na \u00e7\u0131kar\u0131ld\u0131. Vasil Levski\u2019nin \u00f6l\u00fcm\u00fcyle sonu\u00e7lanan davada son s\u00f6z sahibi olan ki\u015finin Prens \u0130gnatiev oldu\u011fu art\u0131k g\u00f6r\u00fclebildi. Prens \u0130gnatiev\u2019in \u0131srar\u0131 \u00fczere a\u015fa\u011f\u0131daki ki\u015filer mahkeme heyetine al\u0131nm\u0131\u015ft\u0131r:<\/p>\n<p>&#8211;\u00a0\u00a0\u00a0\u00a0 Osmanl\u0131 \u0130mparatorlu\u011fu Devlet Konseyi \u00fcyesi olan Hac\u0131 \u0130van\u00e7o<\/p>\n<p>Hac\u0131veli\u00e7kov Pen\u00e7evi\u00e7;<\/p><div id=\"bghab-99248220\" class=\"bghab-icerik-icine-15-paragraf bghab-entity-placement\"><script async src=\"\/\/pagead2.googlesyndication.com\/pagead\/js\/adsbygoogle.js?client=ca-pub-6203283170189293\" crossorigin=\"anonymous\"><\/script><ins class=\"adsbygoogle\" style=\"display:block; text-align:center;\" data-ad-client=\"ca-pub-6203283170189293\" \ndata-ad-slot=\"7303146466\" \ndata-ad-layout=\"in-article\"\ndata-ad-format=\"fluid\" data-full-width-responsive=\"true\"><\/ins>\n<script> \n(adsbygoogle = window.adsbygoogle || []).push({}); \n<\/script>\n<\/div>\n<ul>\n<li>Bulgar Din Okullar\u0131 Enc\u00fcmenlik \u00dcyesi Mito Panov Kaymak\u00e7iyski;<\/li>\n<li>Sofya Meclisi \u00dcyesi Hac\u0131 Manuil (Mano) Stoyanov ve<\/li>\n<li>Sofya Meclisi \u00dcyesi Petar (Pe\u015fo) Todorov \u2013 Jelyavets<\/li>\n<\/ul>\n<p>Bu tarihsel kan\u0131t ilk defa olmak \u00fczere ara\u015ft\u0131rmac\u0131 yazar ve yay\u0131nc\u0131 G. Georgiev taraf\u0131ndan yay\u0131mland\u0131 ve daha sonra di\u011fer yazar ve ara\u015ft\u0131rmac\u0131lar\u0131n belgelerine girdi.<\/p>\n<p><strong>Prens \u0130gnatiev\u2019\u0131n g\u00fctt\u00fc\u011f\u00fc ama\u00e7 a\u00e7\u0131k\u00e7a ortadad\u0131r<\/strong>:<\/p>\n<p>Bulgaristan milli kurtulu\u015f davas\u0131n\u0131 ba\u015fs\u0131z b\u0131rakmak ve hareketi Rusya imparatorlu\u011fu diplomasisinin menfaatlerine ba\u011fl\u0131 k\u0131lmakt\u0131r. Prens \u0130gnatiev ayn\u0131 zamanda yani 1872\u2019de Rus kilisesi ve Fatih Ba\u015fpiskoposlu\u011funda Bulgar kilisesine kar\u015f\u0131 d\u00fc\u015fmanl\u0131k k\u00f6r\u00fckleyerek Bulgar milletinin birle\u015fmesi denemelinin yolunu kesmeyi k\u0131\u015fk\u0131rtan ki\u015fidir.<\/p>\n<p>Osmanl\u0131 makamlar\u0131 \u00f6n\u00fcnde Bulgar papazlar\u0131n\u0131n s\u00fcrg\u00fcne g\u00f6nderilmesinde direnen Prens \u0130gnatiev, Padi\u015fah huzurunda n\u00fcfus sahibi oldu\u011fundan dolay\u0131 \u0130stanbul\u2019da \u201cPadi\u015fah Yarmc\u0131s\u0131\u201d lakab\u0131yla an\u0131lm\u0131\u015ft\u0131r.\u00a0 Ondan \u00f6nceki Rus Konsolu Lobanov ise Bulgar din adamlar\u0131n\u0131n s\u00fcrg\u00fcn edilmesini daha 1860\u2019ta istemi\u015fti. Prens \u0130gnatiev\u2019\u0131n \u0131srar\u0131 kar\u015f\u0131s\u0131nda geri ad\u0131m atan Osmanl\u0131 makamlar\u0131 21 Ocak 1872\u2019de Bulgar papazlar\u0131n\u0131 \u0130zmir\u2019e s\u00fcrg\u00fcne g\u00f6ndermi\u015ftir. O zaman \u0130stanbul\u2019daki Bulgar kamuoyu protestoya kalk\u0131\u015fm\u0131\u015ft\u0131r. Ba\u015f Vezir Mahmut Nedim Pa\u015fa Bulgar \u00f6nc\u00fclerinden protesto alay\u0131n\u0131n \u00f6nc\u00fcleri olarak Slaveykov ve \u0130konomov\u2019u kabul etmi\u015f, kendilerini dinledikten sonra din adamlar\u0131n\u0131n serbest b\u0131rak\u0131laca\u011f\u0131na s\u00f6z vermi\u015ftir. Osmanl\u0131n\u0131n derin \u00f6ng\u00f6r\u00fcl\u00fc vezirlerinden olan Mahmut Nedim Pa\u015fa s\u00f6z\u00fcnde durmu\u015f ve 30 Ocak 1872\u2019de papazlar \u0130stanbul\u2019a geri getirilmi\u015ftir. Bir ay sonra Sultan Abd\u00fclmecit\u2019i ziyaret eden Prens \u0130gnatiev , Ba\u015f Vezirin g\u00f6revinden al\u0131nmas\u0131na neden olmu\u015ftur.<\/p>\n<p>\u015eu bilgi de \u00e7ok ilgin\u00e7tir:<\/p><div id=\"bghab-2856402845\" class=\"bghab-icerik-icine-20-paragraf bghab-entity-placement\"><script async src=\"\/\/pagead2.googlesyndication.com\/pagead\/js\/adsbygoogle.js?client=ca-pub-6203283170189293\" crossorigin=\"anonymous\"><\/script><ins class=\"adsbygoogle\" style=\"display:block; text-align:center;\" data-ad-client=\"ca-pub-6203283170189293\" \ndata-ad-slot=\"7303146466\" \ndata-ad-layout=\"in-article\"\ndata-ad-format=\"fluid\" data-full-width-responsive=\"true\"><\/ins>\n<script> \n(adsbygoogle = window.adsbygoogle || []).push({}); \n<\/script>\n<\/div>\n<p><strong>\u00d6z\u00fcn\u00fc Rus menfaatleri i\u00e7in harcayan hain<\/strong> Hac\u0131 \u0130van\u00e7o Hac\u0131veli\u00e7kov Pen\u00e7evi\u00e7 yine ayn\u0131 ayak oyunlar\u0131yla Ruslara ispiyonluk yapmak i\u00e7in Osmanl\u0131 Devlet Konseyine s\u0131zd\u0131r\u0131lm\u0131\u015f,\u00a0 1878\u2019de Bulgaristan\u2019\u0131n Osmanl\u0131\u2019dan ayr\u0131lmas\u0131ndan sonra ise, mahkeme karar\u0131n\u0131 imzalay\u0131p V. Levskinin \u00f6l\u00fcm\u00fcne neden olmas\u0131na kar\u015f\u0131n, Sofya\u2019da Levski An\u0131t\u0131 dikilmesi i\u00e7in ilk ba\u011f\u0131\u015fta bulunan ikiy\u00fczl\u00fcd\u00fcr.<\/p>\n<p>Bulgar vatan\u0131 i\u00e7in Moskova ve Rus \u00e7izmesi alt\u0131nda ezilmekten daha k\u00f6t\u00fc bir \u015fey olamayaca\u011f\u0131 bilincine varan Bulgar yurtsever evlatlar\u0131n\u0131n s\u00fcrg\u00fcne ve hapse g\u00f6nderilmesinde Osmanl\u0131 devletine bask\u0131 yapan ve mahkemelerde son s\u00f6z sahibi olmaya \u00e7\u0131rp\u0131nan Moskoval\u0131 efendilerin Bulgar milletine kar\u015f\u0131 amaca y\u00f6nelik ve aras\u0131z \u00e7al\u0131\u015fan hain Rusofiller ve Rublac\u0131lar\u0131n \u00f6zellikle de ikiy\u00fczl\u00fclerin Hac\u0131 \u0130van\u00e7o Hac\u0131veli\u00e7kov Pen\u00e7evi\u00e7 \u00f6rne\u011finde g\u00f6r\u00fcld\u00fc\u011f\u00fc \u00fczere iplerini \u00e7eken ve onlar\u0131 \u00f6d\u00fcllendiren ki\u015finin Prens \u0130gnatiev oldu\u011funu Bulgar devlet ar\u015fivinden al\u0131p yay\u0131nlad\u0131\u011f\u0131m\u0131z 2 belgede de g\u00f6rebiliyorsunuz.<\/p>\n<p>***<\/p>\n<p>G\u00fcn\u00fcm\u00fczde hain ba\u015f\u0131 Ahmet Do\u011fan\u2019\u0131n Moskova \u00f6d\u00fclleriyle taltif edilmesine ba\u015fka bir anlam veremiyoruz.<\/p>\n<p><img data-recalc-dims=\"1\" decoding=\"async\" src=\"https:\/\/i0.wp.com\/www.bghaber.org\/bghaber\/wp-content\/uploads\/2017\/02\/levski-bgg.jpg?w=640\" \/><\/p>\n<div id=\"bghab-160572204\" class=\"bghab-yazi-altinda bghab-entity-placement\"><script async src=\"https:\/\/pagead2.googlesyndication.com\/pagead\/js\/adsbygoogle.js\"><\/script>\r\n<!-- bghaber-yaz\u0131-sonu -->\r\n<ins class=\"adsbygoogle\"\r\n     style=\"display:block\"\r\n     data-ad-client=\"ca-pub-6203283170189293\"\r\n     data-ad-slot=\"4222328180\"\r\n     data-ad-format=\"auto\"\r\n     data-full-width-responsive=\"true\"><\/ins>\r\n<script>\r\n     (adsbygoogle = window.adsbygoogle || []).push({});\r\n<\/script><\/div><br style=\"clear: both; display: block; float: none;\"\/>","protected":false},"excerpt":{"rendered":"<p>Erta\u015f \u00c7AKIR Tarih: 19 \u015eubat 2017 \u00c7arp\u0131t\u0131lm\u0131\u015f tarih k\u0131r\u0131k ayakl\u0131 at gibidir, uzun yol gidemezsin. &nbsp; 144 y\u0131ldan beri 19 \u015eubat g\u00fcn\u00fc Bulgaristan\u2019da milli kurtulu\u015f<\/p>\n","protected":false},"author":13,"featured_media":22242,"comment_status":"closed","ping_status":"closed","sticky":false,"template":"","format":"standard","meta":{"advanced_seo_description":"","jetpack_seo_html_title":"","jetpack_seo_noindex":false,"jetpack_seo_schema_type":"","_jetpack_newsletter_access":"","_jetpack_dont_email_post_to_subs":false,"_jetpack_newsletter_tier_id":0,"_jetpack_memberships_contains_paywalled_content":false,"_jetpack_feature_clip_id":0,"_jetpack_memberships_contains_paid_content":false,"footnotes":"","jetpack_post_was_ever_published":false},"categories":[5],"tags":[],"class_list":["post-22241","post","type-post","status-publish","format-standard","has-post-thumbnail","hentry","category-yasam"],"jetpack_sharing_enabled":true,"jetpack_likes_enabled":true,"jetpack-related-posts":[],"jetpack_shortlink":"https:\/\/wp.me\/pc2PfJ-5MJ","jetpack_featured_media_url":"https:\/\/i0.wp.com\/www.bghaber.org\/bghaber\/wp-content\/uploads\/2017\/02\/levski-bg.jpg?fit=564%2C418&ssl=1","_links":{"self":[{"href":"https:\/\/www.bghaber.org\/bghaber\/wp-json\/wp\/v2\/posts\/22241","targetHints":{"allow":["GET"]}}],"collection":[{"href":"https:\/\/www.bghaber.org\/bghaber\/wp-json\/wp\/v2\/posts"}],"about":[{"href":"https:\/\/www.bghaber.org\/bghaber\/wp-json\/wp\/v2\/types\/post"}],"author":[{"embeddable":true,"href":"https:\/\/www.bghaber.org\/bghaber\/wp-json\/wp\/v2\/users\/13"}],"replies":[{"embeddable":true,"href":"https:\/\/www.bghaber.org\/bghaber\/wp-json\/wp\/v2\/comments?post=22241"}],"version-history":[{"count":0,"href":"https:\/\/www.bghaber.org\/bghaber\/wp-json\/wp\/v2\/posts\/22241\/revisions"}],"wp:featuredmedia":[{"embeddable":true,"href":"https:\/\/www.bghaber.org\/bghaber\/wp-json\/wp\/v2\/media\/22242"}],"wp:attachment":[{"href":"https:\/\/www.bghaber.org\/bghaber\/wp-json\/wp\/v2\/media?parent=22241"}],"wp:term":[{"taxonomy":"category","embeddable":true,"href":"https:\/\/www.bghaber.org\/bghaber\/wp-json\/wp\/v2\/categories?post=22241"},{"taxonomy":"post_tag","embeddable":true,"href":"https:\/\/www.bghaber.org\/bghaber\/wp-json\/wp\/v2\/tags?post=22241"}],"curies":[{"name":"wp","href":"https:\/\/api.w.org\/{rel}","templated":true}]}}