{"id":22230,"date":"2017-02-18T22:20:52","date_gmt":"2017-02-18T20:20:52","guid":{"rendered":"http:\/\/www.bghaber.org\/bghaber\/?p=22230"},"modified":"2017-02-18T22:20:52","modified_gmt":"2017-02-18T20:20:52","slug":"bu-kabaktan-cekirdek","status":"publish","type":"post","link":"https:\/\/www.bghaber.org\/bghaber\/bu-kabaktan-cekirdek\/","title":{"rendered":"Bu Kabaktan \u00c7ekirdek\u2026"},"content":{"rendered":"<p><strong><img data-recalc-dims=\"1\" loading=\"lazy\" decoding=\"async\" class=\"\" src=\"https:\/\/i0.wp.com\/www.bghaber.org\/bghaber\/wp-content\/uploads\/2016\/10\/musa-vatansever-yk.jpg?resize=94%2C119\" width=\"94\" height=\"119\" \/>\u00a0Musa VATANSEVER<\/strong><\/p>\n<p>Tarih:\u00a0 18 \u015eubat 2017<\/p>\n<p><strong>\u0130nsan kimli\u011finin dokunulmazl\u0131k ilkesi ve biz neredeyiz?<\/strong><\/p>\n<p>Zor bir d\u00f6nemden ge\u00e7iyoruz. Zaten \u201c<strong>Bulgar Etnik Modeli<\/strong>\u201d icat edileli ve bizi i\u00e7ine s\u0131k\u0131\u015ft\u0131ral\u0131 y\u0131llar oldu. K\u0131z\u0131\u015fmam\u0131zdan biriken gerginli\u011fin g\u00fc\u00e7l\u00fc patlamas\u0131yla bu \u201c<strong>modeli<\/strong>\u201d tam tuzla buz edece\u011fimiz anda hep supaba bast\u0131lar. Biraz bir az havam\u0131z\u0131 ald\u0131lar. Kritik noktay\u0131 hep atlatabildiler. Davam\u0131za ihanet edenlerin icat etti\u011fi \u201c<strong>modelin<\/strong>\u201d i\u00e7inden \u00f6nce Mehmet Hocay\u0131, Mehmet Beytullov, Aden Kenan, G\u00fcner Tahir, Osman Oktay, Korman \u0130smailov, Kas\u0131m Dal, en sonra da L\u00fctfi Mestan grubu H\u00d6H\u2019den at\u0131ld\u0131lar.<\/p>\n<p>Bu ki\u015filerin hepsi Bulgaristan T\u00fcrklerinin g\u00f6zdesiydi, siyasi \u00f6rg\u00fctlenmemizde \u00e7ok \u00f6nemli r\u00f6l oynam\u0131\u015ft\u0131. Milletvekili, H\u00d6H Genel Ba\u015fkan Yard\u0131mc\u0131l\u0131\u011f\u0131 yapt\u0131lar, hatta L. Mestan Genel Ba\u015fkan G\u00f6revinde 3 y\u0131l bulundu. Kurulan tuzaklar\u0131n ve partiden atmakla Bulgaristanl\u0131 M\u00fcsl\u00fcman T\u00fcrklerin \u201c<strong>oy k\u00f6lesi<\/strong>\u201d durumunu korumaya \u00e7al\u0131\u015ft\u0131lar, hep ba\u015far\u0131l\u0131 da oldular.<\/p><div id=\"bghab-3588275682\" class=\"bghab-icerik-icine bghab-entity-placement\"><script async src=\"\/\/pagead2.googlesyndication.com\/pagead\/js\/adsbygoogle.js?client=ca-pub-6203283170189293\" crossorigin=\"anonymous\"><\/script><ins class=\"adsbygoogle\" style=\"display:block; text-align:center;\" data-ad-client=\"ca-pub-6203283170189293\" \ndata-ad-slot=\"7303146466\" \ndata-ad-layout=\"in-article\"\ndata-ad-format=\"fluid\" data-full-width-responsive=\"true\"><\/ins>\n<script> \n(adsbygoogle = window.adsbygoogle || []).push({}); \n<\/script>\n<\/div>\n<p><strong>Bu 27 y\u0131ldan beri b\u00f6yle s\u00fcrd\u00fc.<\/strong><\/p>\n<p>Bu iddiam\u0131zda inand\u0131r\u0131c\u0131 olabilmemiz i\u00e7in, 17 Aral\u0131k 2015\u2019i hat\u0131rlayal\u0131m. O gece \u201cSaray\u201dda Y\u0131lba\u015f\u0131 kutlamas\u0131na toplanan Hak ve \u00d6zg\u00fcrl\u00fck Partisi (H\u00d6H) Genel Ba\u015fkan\u0131 L\u00fctfi Mestan ve 4 arkada\u015f\u0131 parti y\u00f6netiminden ve partiden at\u0131ld\u0131. Zul\u00fcm g\u00f6rm\u00fc\u015f bir halktan do\u011fan, ama ayn\u0131 halktan kopar\u0131lan bir partiyi istedi\u011fi gibi ve tek ba\u015f\u0131na y\u00f6netirken \u201c<strong>supaba bas denince basan<\/strong>\u201d Ahmet Do\u011fan\u2019d\u0131. O bu i\u015fi kendi akl\u0131nla yapm\u0131yordu. S\u0131\u00e7an bekleyen kendi gibi \u201c<strong>sarayda<\/strong>\u201d telefon ba\u015f\u0131nda bekliyor ve \u00e7ald\u0131\u011f\u0131nda p\u00fcr dikkat dinliyor ve \u201c<strong>evet<\/strong>\u201d diyor, f\u0131rsat kollay\u0131p harekete ge\u00e7iyordu.<\/p>\n<p>L\u00fctfi Mestan ve arkada\u015flar\u0131 i\u00e7in telefon 13 Aral\u0131k 2015 g\u00fcn\u00fc \u00f6\u011fleden sonra Sofya \u201d<strong>K\u00fct\u00fcphaneciler Enstit\u00fcs\u00fc<\/strong>\u201dnden gelmi\u015fti. \u015eifreli hattan arayan Rekt\u00f6r Prof Dr Stoyan Den\u00e7ev\u2019ti. O, Ahmet Do\u011fan\u2019\u0131n s\u0131k\u0131 dostu, 1992 se\u00e7imlerinden sonra H\u00d6H g\u00f6rev s\u00fcresinde kurulan ve 30 Aral\u0131k 1992 ile 17 Ekim 1994 tarihleri aras\u0131nda Ba\u015fbakan olan L\u00fcben Berov kabinesinde Bakanlar Kurulu Genel Sekreteri g\u00f6revinde bulunan Den\u00e7ev avizeyi hemen <strong>\u201cDS\u201d <\/strong>Albay\u0131 Prof Dr<strong> Dimit\u0131r \u0130vanov\u2019a <\/strong>verdi.<strong> Todor Jivkov <\/strong>diktat\u00f6rl\u00fc\u011f\u00fc d\u00f6neminde kom\u00fcnist partisi ile gizli polis aras\u0131ndaki s\u0131cak temas\u0131, ayr\u0131ca gizli polis<strong> \u201cDS\u201d <\/strong>ile Sovyetler Birli\u011fi d\u0131\u015f istihbarat \u00f6rg\u00fct\u00fc <strong>\u201cKGB\u201d <\/strong>aras\u0131ndaki gizli etkile\u015fimden sorumlu olup 1990\u2019dan sonra Stoyan Den\u00e7ev, Dimit\u0131r \u0130vanov ve Ahmet Do\u011fan \u00fc\u00e7l\u00fcs\u00fc 1944-1989 kom\u00fcnist totaliter d\u00f6nemde i\u015flenen siyasi su\u00e7lar\u0131n bu arada \u201cs\u00f6z\u00fcm ona \u201csoya d\u00f6n\u00fc\u015f\u201d te kur\u015funlanan 42 \u015fehidin katillerini, yarg\u0131s\u0131z infazlar\u0131 i\u015fleyenleri vb korumak i\u00e7in kurulan \u201c<strong>Multigrup<\/strong>\u201d Holding y\u00f6netiminde s\u0131ks\u0131m\u0131 birlikteydiler. <strong>Dimit\u0131r \u0130vanov <\/strong>hi\u00e7 uzatmadan<strong> \u201cbiz oradayd\u0131k, mecliste o bildiriyi okuyan\u0131 \u00e7\u00f6pe at\u201d <\/strong>dedi.<\/p>\n<p>\u015eu son c\u00fcmlede \u201c<strong>oradayd\u0131k<\/strong>\u201d Rusya Federasyonu Sofya B\u00fcy\u00fckel\u00e7ili\u011fi\u2019ni ziyaret ettik, \u201c<strong>o bildiri<\/strong>\u201d de T\u00fcrkiye Hava Kuvvetleri taraf\u0131ndan d\u00fc\u015f\u00fcr\u00fclen Rus \u201c<strong>CU 24<\/strong>\u201d u\u00e7a\u011f\u0131n\u0131n bir NATO \u00fcyesi olan T\u00fcrkiye Cumhuriyeti hava sahas\u0131n\u0131 yani egemenli\u011fini ihlal etmesini protesto eden ve Sofya meclisine okunan H\u00d6H deklarasyonu anlam\u0131ndayd\u0131. Telefon temas\u0131n\u0131n anlam\u0131 ise L\u00fctfi Mestan\u2019\u0131n\u00a0 \u201c<strong>defteri d\u00fcr\u00fcl\u00fcp \u00e7\u00f6pe at\u0131lmas\u0131\u201d<\/strong> anlam\u0131ndayd\u0131.<\/p>\n<p>T\u00fcrk\u00e7emizde \u201c<strong>siyaset meydan\u0131n\u0131n<\/strong>\u201d ger\u00e7ek anlam\u0131 \u201c<strong>infaz meydan\u0131d\u0131r<\/strong>.\u201d Bu meydan, dere boyu da olabilir, bir k\u00f6\u015fk veya sahte bir saray da. L\u00fctfi Mestan\u2019\u0131n H\u00d6H Genel Sekreteri olarak idam edilmesi i\u00e7in dara\u011fac\u0131 Sofya \u201c<strong>Vito\u015f Da\u011f\u0131<\/strong>\u201d eteklerindeki \u201c<strong>saray<\/strong>\u201d ad\u0131yla \u00fcnlenen, A. Do\u011fan\u2019\u0131n kapal\u0131 tutuldu\u011fu bina se\u00e7ilmi\u015fti. Vesile olarak ise, 13 g\u00fcn \u00f6nce toplanan 2016 Y\u0131l Ba\u015f\u0131 t\u00f6reni kullan\u0131ld\u0131. \u0130nfaz 120 ki\u015fi \u00f6n\u00fcnde i\u015flenecek ve bu da olay\u0131n geri d\u00f6n\u00fc\u015f\u00fcm\u00fc olmad\u0131\u011f\u0131n\u0131 g\u00fcvence alt\u0131na alacakt\u0131. \u00d6yle de oldu.<\/p><div id=\"bghab-750174992\" class=\"bghab-icerik-icine-10-paragraf bghab-entity-placement\"><script async src=\"\/\/pagead2.googlesyndication.com\/pagead\/js\/adsbygoogle.js?client=ca-pub-6203283170189293\" crossorigin=\"anonymous\"><\/script><ins class=\"adsbygoogle\" style=\"display:block; text-align:center;\" data-ad-client=\"ca-pub-6203283170189293\" \ndata-ad-slot=\"7303146466\" \ndata-ad-layout=\"in-article\"\ndata-ad-format=\"fluid\" data-full-width-responsive=\"true\"><\/ins>\n<script> \n(adsbygoogle = window.adsbygoogle || []).push({}); \n<\/script>\n<\/div>\n<p>L\u00fctfi Mestan H\u00d6H partisi Genel Ba\u015fkanl\u0131\u011f\u0131ndan ayr\u0131l\u0131rken onunla beraber H\u00d6H milletvekilleri Maryana Georgieva, H\u00fcseyin Haf\u0131zov, \u015eabanali ve Aydo\u011fan\u2019da H\u00d6H\u2019te ayr\u0131ld\u0131lar, mecliste ba\u011f\u0131ms\u0131zlar s\u0131ras\u0131na ge\u00e7tiler. Ard\u0131ndan Sorumluluk, Tolerans ve \u00d6zg\u00fcrl\u00fckler i\u00e7in Demokratlar Partisi \u2013 DOST kuruldu. Bu partinin kurulmas\u0131na kar\u015f\u0131 ciddi tepkiler vard\u0131. Sofya Mahkemesi dosyay\u0131 birka\u00e7 defa geri \u00e7evirdi. Kayd\u0131 geciktirdi. \u0130tirazlar Sofya Y\u00fcksek Temyiz Mahkemesi\u2019ne sunuldu\u011funda beklenmedik bir olay oldu.<\/p>\n<p>Halen DOST partisi Genel Ba\u015fkan Yard\u0131mc\u0131s\u0131 olan Prof Doktor Maryana Georgieva Bulgar Ulusal Televizonu (BNT -1) ekran\u0131nda belirdi ve en fazla izlenen hafta sonu siyasi programlar\u0131n\u0131n birinde, DOST partisi kurma fikrini, siyasi ve sosyal gerek\u00e7elerini, Bulgar sa\u011f kanat siyaset arenas\u0131nda orta direk bir M\u00fcsl\u00fcman T\u00fcrk Partisi\u2019ne gerek oldu\u011funu, izlenecek siyasetin tamamen Avrupa-Atlantik-NATO- Avrupa Birli\u011fi y\u00f6neylimi do\u011frultusunda olaca\u011f\u0131n\u0131 \u00e7ok inand\u0131r\u0131c\u0131 bir dille ve arg\u00fcmanlarla savundu.<\/p>\n<p>Bayan Georgieva, 29 May\u0131s 2013 ile 6 A\u011fustos 2014 tarihleri aras\u0131nda iktidar olan ve \u201c<strong>ba\u011f\u0131ms\u0131z<\/strong>\u201d ba\u015fbakan Plamen Ore\u015farski taraf\u0131ndan y\u00f6netilen Bulgaristan Sosyalist Partisi (BSP) ve Hak ve \u00d6zg\u00fcrl\u00fckler Partisi (DPS) ortakl\u0131\u011f\u0131nda Spor Bakan\u0131 oldu. Onun mesle\u011fi Bulgar dili, uzmanl\u0131k alan\u0131 ise Bulgar dil ansiklopedicili\u011fiydi.<\/p>\n<p>Veliko T\u0131rnovo \u00dcniversitesinde L\u00fctf\u00fc Mestan\u2019la birlikte okumu\u015flard\u0131. H\u00d6H milletvekili oldu\u011fu y\u0131llarda Profes\u00f6r Doktor olarak \u00e7al\u0131\u015fmalar\u0131n\u0131 s\u00fcrd\u00fcr\u00fcyor ve gizli polis elemanlar\u0131 yeti\u015ftiren Sofya \u201c<strong>K\u00fct\u00fcphaneciler Enstit\u00fcs\u00fc<\/strong>\u201dnde ders okuyor. Ayr\u0131ca yukar\u0131da isimleri ge\u00e7en De\u00e7ev ve \u0130vanov\u2019la birlikte enstit\u00fcn\u00fcn akademisyen kurulunda g\u00f6rev al\u0131yordu. Bayan Georgieva\u2019n\u0131n BNT\u20131. ulusal TV kanal\u0131nda yapt\u0131\u011f\u0131 parlak DOST savunusu, Bulgar siyaset kazan\u0131nda kaynayanlara \u201c<strong>K\u00fct\u00fcphaneci Enstit\u00fcs\u00fc\u201d istiyorsa bu i\u015f olur, i\u015fin i\u00e7inde i\u015f olmal\u0131<\/strong>\u201d dedirtip hepsini susturmu\u015ftu. DOST\u2019un tescil edilmesine kar\u015f\u0131 kurt gibi uluyan, kuduz k\u00f6pek gibi havlayan bir tek \u201cAtaka\u201d, \u201cVMRO \u2013 Makedon \u0130\u00e7 Devrim Hareketi ile g\u00fcya \u201cYurtsever Cephe\u201d yeminli \u0131rk\u00e7\u0131 eliti kald\u0131 ki, Avrupa Birli\u011fi Genel Kurulu\u2019nun bu 3 parti i\u00e7in nitelemesi \u201c<strong>fa\u015fist<\/strong>\u201d oldu\u011fu gibi \u201c<strong>kapat\u0131lmas\u0131 iste\u011fi<\/strong>\u201d de vard\u0131. Neyse DOST partisi kuruldu, tescil oldu ve son 6 ayda bulundu\u011fu dere dibinden \u00e7\u0131kmak i\u00e7in sa\u011f yamac\u0131n yal\u00e7\u0131n kayal\u0131klar\u0131ndan t\u0131rmanmaya \u00e7al\u0131\u015ft\u0131. Sanki bir yol alamad\u0131. Bunun nedenleri pek \u00e7ok olabilir de, biz i\u015fe \u00f6nce felsefi a\u00e7\u0131dan bakal\u0131m, \u00e7\u00fcnk\u00fc felsefesi olmayan, bu felsefeden sarkan ideolojisi olmayan bir parti siyaset alan\u0131na inse bile dal budak salamaz.<\/p>\n<p>DOST partisi 6 Kas\u0131m 2016\u2019da yap\u0131lan Cumhurba\u015fkanl\u0131\u011f\u0131 se\u00e7imlerinde \u201c<strong>benim felsefem ve ideolojim \u015fudur<\/strong>\u201d deyemedi. L\u00fctfi Mestan 2004\u2019ten sonra 2015\u2019te H\u00d6H\u2019ten ihra\u00e7 edildi\u011fi \u201csaray\u201d bulu\u015fmas\u0131nda yapt\u0131\u011f\u0131 konu\u015fmada da savundu\u011fu Avrupa-Atlantik-NATO ve Avrupa Birli\u011fi konumlar\u0131nda kald\u0131 ki, yukar\u0131da i\u015faret etti\u011fimiz \u201cCU-24\u201d\u00a0 Rus u\u00e7a\u011f\u0131 olay\u0131ndan sonra, Birle\u015fik Amerika\u2019n\u0131n T.C.Adana \u201d<strong>\u0130ncirlik<\/strong>\u201d askeri \u00fcss\u00fcndeki atom bombalar\u0131n\u0131n Bulgaristan\u2019\u0131n Karadeniz sahil kenti Kalyakra yak\u0131n\u0131nda kurulan US Askeri \u00dcss\u00fcne al\u0131naca\u011f\u0131 \u015fayialar\u0131 ald\u0131 y\u00fcr\u00fcd\u00fc ve g\u00f6lgesinden korkan yerli halk birden bire suskun bir \u00fcrperme d\u00f6nemi ya\u015fad\u0131. Bu da DOST yak\u0131nl\u0131\u011f\u0131na engel oldu.<\/p><div id=\"bghab-2036165899\" class=\"bghab-icerik-icine-15-paragraf bghab-entity-placement\"><script async src=\"\/\/pagead2.googlesyndication.com\/pagead\/js\/adsbygoogle.js?client=ca-pub-6203283170189293\" crossorigin=\"anonymous\"><\/script><ins class=\"adsbygoogle\" style=\"display:block; text-align:center;\" data-ad-client=\"ca-pub-6203283170189293\" \ndata-ad-slot=\"7303146466\" \ndata-ad-layout=\"in-article\"\ndata-ad-format=\"fluid\" data-full-width-responsive=\"true\"><\/ins>\n<script> \n(adsbygoogle = window.adsbygoogle || []).push({}); \n<\/script>\n<\/div>\n<p>2017\u2019nin ba\u015f\u0131nda gelen sevindirici bir olaysa, DOST partisinin Kas\u0131m Dal taraf\u0131ndan 4 y\u0131l \u00f6nce kurulan Halk\u0131n \u015eeref ve Demokrasi Partisi ile 26 Mart se\u00e7imlerine birlikte girmek i\u00e7in DOST Birli\u011fi\u2019nde bulu\u015fmas\u0131 oldu. Ne var ki, bu birlik yeni do\u011fan bir \u00e7ocuk olsa, \u201c<strong>Ben d\u00fcnyaya geldim! Ya\u015fam alan\u0131 istiyorum! Anam nerede, babam nerede? Onlar\u0131 tan\u0131mak istiyorum!<\/strong> Gibilerinden bir \u00e7\u0131\u011fl\u0131k atard\u0131, ne var ki kulaklarda bu da dolmad\u0131.<\/p>\n<p>Belki bir yerden bir ses \u00e7\u0131kar umuduyla tam beklemeye al\u0131\u015ft\u0131\u011f\u0131m\u0131z bir s\u0131rada, yine Prof. Dr. Bayan Maryana Georgieva, Bulgar milli televizyonun top seyircisi olan siyasi ak\u015fam program\u0131nda ekran\u0131 s\u00fcsledi. DOST partisinin NATO-culu\u011fundan, Atlantik\u00e7ili\u011finden, Avrupa Birli\u011fi taraftarl\u0131\u011f\u0131ndan, demokrasi ve \u00f6zg\u00fcrl\u00fcklerden, sa\u011fc\u0131 merkezcilikten yana olu\u015ftan esasl\u0131 konu\u015ftuktan sonra <strong>ana konuya geldi<\/strong> ve 27 y\u0131ll\u0131k demokratik Bulgaristan tarihinde ilk kez olmak \u00fczere \u015f\u00f6yle dedi:<\/p>\n<p>\u201c<strong>Dil, din, \u00f6zg\u00fcn k\u00fclt\u00fcr, gelenek ve g\u00f6renek haklar\u0131n\u0131 da kapsayan bir vatanda\u015f kimli\u011fi dokunulmazl\u0131\u011f\u0131<\/strong>\u201d istiyoruz, dedi.<\/p>\n<p>Bunu bir siyasi talep olarak ortaya atarken, B\u00fcy\u00fck Millet Meclisi\u2019nde Anayasa\u2019ya i\u015flenmesiyle Bulgaristan T\u00fcrklerinin oldu\u011fu gibi, t\u00fcm di\u011fer etnik az\u0131nl\u0131klar\u0131n da temel sorunlar\u0131 \u00e7\u00f6z\u00fcl\u00fcyor ve orijinal bir form\u00fcl \u00fczerinden etnik, dil, din ve k\u00fclt\u00fcr az\u0131nl\u0131\u011f\u0131 sorunlar\u0131m\u0131z\u0131n \u00e7\u00f6z\u00fclmesi anlam\u0131na geliyordu. Bu, siyasi \u00f6zl\u00fc \u00e7ok \u00f6nemli bir edinimdi. Ertesi g\u00fcn bas\u0131n konunun bu en can al\u0131c\u0131 noktas\u0131na de\u011finmedi. Sorunun neden Genel Ba\u015fkan L\u00fctfi Meskan ya da DOST \u2013 Birli\u011finde ortak H\u015eDP yeni Genel Ba\u015fkan\u0131 Orhan \u0130smailov taraf\u0131ndan kamuoyuna a\u00e7\u0131klanmad\u0131\u011f\u0131, bu duyuruyu neden partinin gizli polisin en derin ininden \u00e7\u0131kan Bayan Maryana Georgierva taraf\u0131ndan yap\u0131ld\u0131\u011f\u0131 dikkati \u00e7ekti. Neden DOST hakk\u0131nda, Bulgaristan T\u00fcrklerinin kaderi hakk\u0131nda son s\u00f6z\u00fc hep bu Bayan hayata \u00e7a\u011f\u0131r\u0131yordu. Yoksa bu \u201c<strong>K\u00fct\u00fcphaneciler Enstit\u00fcs\u00fc<\/strong>\u201dnde Bulgaristan T\u00fcrklerini yollar\u0131ndan al\u0131 koymak, eksik ya da yanl\u0131\u015f bilgilendirmek i\u00e7in bir \u201c<strong>fikir laboratuar\u0131<\/strong>\u201dm\u0131 vard\u0131 ve onun DOST konusundaki s\u00f6zc\u00fcs\u00fc Bayan Georgieva m\u0131yd\u0131? \u00c7\u00fcnk\u00fc \u201c<strong>Bulgar Etnik Modeli<\/strong>\u201d fikri de ayn\u0131 \u00e7evrelerden \u00e7\u0131km\u0131\u015ft\u0131. Yoksa se\u00e7im sisteminin yenilenmesi iste\u011fiyle yap\u0131lan 6 Kas\u0131m 2015 halk oylamas\u0131nda 628 bin\u00a0 \u201c<strong>evet<\/strong>\u201d oyu veren Bulgaristan M\u00fcsl\u00fcman T\u00fcrkleri yine \u00e7ok s\u0131k\u0131\u015fm\u0131\u015f Ahmet Do\u011fan emrinde bulunan \u201c<strong>Bulgar Etnik Modeli<\/strong>\u201d supab\u0131n\u0131 bast\u0131rsalar i\u00e7inden at\u0131lacak kimse kalmad\u0131\u011f\u0131 i\u00e7in Bayan Georgieva\u2019y\u0131 \u201c<strong>kurtar\u0131c\u0131 ve yeni y\u00f6nlendirici<\/strong>\u201d mi se\u00e7mi\u015flerdi.<\/p>\n<p>Bunlar\u0131 b\u00f6yle anlat\u0131rken \u00e7ocuklu\u011fumun ge\u00e7ti\u011fi Varna k\u00f6ylerinden 2 \u00f6rnek t\u0131rmal\u0131yor beynimi. Babam anlat\u0131yor; K\u00fc\u00e7\u00fckl\u00fc\u011f\u00fcm\u00fczde kuzular\u0131m\u0131z vard\u0131. Bir kuzu s\u00fcr\u00fcden ayr\u0131lsa avlumuzda bir \u00e7at\u0131rt\u0131 pat\u0131rt\u0131 kopar ve son emir hep bana \u00e7\u0131kard\u0131: \u201c<strong>Hadi tosunum Musa\u2019m gir bul kuzuyu!!!<\/strong>\u201d A\u011fa babamdan dinleye dinlere, koyunlar\u0131n insanlardan 3 defa daha zay\u0131f g\u00f6rd\u00fc\u011f\u00fcn\u00fc, evimizi bulabilmelerinin ancak kuyruk kokusuyla m\u00fcmk\u00fcn oldu\u011funu, ayr\u0131 kalan bir koyun-kuzunun mutlaka kurda-ku\u015fam yem olaca\u011f\u0131n\u0131\u201d \u00f6\u011frenmi\u015f oldu\u011fumdan \u00f6devi kutsal kabul ediyor ve k\u0131ra f\u0131rl\u0131yordum. Bu \u00f6rne\u011fi siyaset alan\u0131na \u00e7ekersek yaz\u0131m\u0131n ba\u015f\u0131nda isim ve soy atlar\u0131n\u0131 s\u0131ralad\u0131\u011f\u0131m H\u00d6H Genel Ba\u015fkan yard\u0131mc\u0131lar\u0131ndan hi\u00e7 biri Bulgaristan T\u00fcrklerine g\u00f6t\u00fcren yolu bulup halka inemediler. Fakat nicelliklerin birikiminden nitelik do\u011far genel ge\u00e7erli yasas\u0131nda \u0131\u015f\u0131k aramak \u015fart\u0131yla, A. Do\u011fan 17 Aral\u0131k 2015\u2019te H\u00d6H\u2019ten 5 y\u00f6neticiyi birden att\u0131. K\u0131sa d\u00f6nemde bu be\u015fli, H\u015eDP\u2019ni de yan\u0131na \u00e7ekebildi ki, sonuncusunun Bulgaristan T\u00fcrkleri aras\u0131nda 30 bin garantili oyu var. Derken s\u00fcr\u00fc kurulurken k\u00f6y yolunu bulmak niyetiyle Bayan Georgieva \u00f6nderli\u011fiyle art\u0131k birka\u00e7 ad\u0131m at\u0131ld\u0131\u011f\u0131na tan\u0131k oluyoruz. Hay\u0131rl\u0131 olsun\u2026<\/p><div id=\"bghab-967050800\" class=\"bghab-icerik-icine-20-paragraf bghab-entity-placement\"><script async src=\"\/\/pagead2.googlesyndication.com\/pagead\/js\/adsbygoogle.js?client=ca-pub-6203283170189293\" crossorigin=\"anonymous\"><\/script><ins class=\"adsbygoogle\" style=\"display:block; text-align:center;\" data-ad-client=\"ca-pub-6203283170189293\" \ndata-ad-slot=\"7303146466\" \ndata-ad-layout=\"in-article\"\ndata-ad-format=\"fluid\" data-full-width-responsive=\"true\"><\/ins>\n<script> \n(adsbygoogle = window.adsbygoogle || []).push({}); \n<\/script>\n<\/div>\n<p>Bu \u00f6rnekte biraz \u0131\u015f\u0131k ararken, yine k\u00f6yl\u00fc gen\u00e7li\u011fimden bir \u00f6rnekleme daha sunmak istiyorum. Ailemizin i\u015ftah\u0131na deyecek olmayan, ne yerse yese doymayan bir ine\u011fimiz vard\u0131. Annem ona yem haz\u0131rlamaktan b\u0131km\u0131\u015f g\u00fcz geldi\u011finde bah\u00e7emizdeki kabak k\u00f6kenlerini kucak kucak topluyor, \u00f6teye beriye tak\u0131lm\u0131\u015f kabac\u0131klar\u0131n \u00fcst\u00fcne bas\u0131p yemli\u011fe dolduruyordu. Baharda bah\u00e7emiz uyan\u0131rken etrafa g\u00fcbre sa\u00e7\u0131l\u0131p kaz\u0131ld\u0131ktan sonra bir de bakm\u0131\u015f\u0131n, ine\u011fin lapur lupur yuttu\u011fu kelek kabaklar\u0131n \u00e7ekirdeklerinden d\u00f6rt bir yanda kabak bitmi\u015f.<\/p>\n<p>\u015eimdi \u015fu Bayan Maryana Georgieva\u2019n\u0131n ekmeye \u00e7al\u0131\u015ft\u0131\u011f\u0131 \u201c<strong>Dil, din, \u00f6zg\u00fcn k\u00fclt\u00fcr, gelenek ve g\u00f6renek haklar\u0131n\u0131 da kapsayan bir vatanda\u015f kimli\u011fi dokunulmazl\u0131\u011f\u0131<\/strong>\u201d \u00e7ekirdekleri g\u00f6ze kula\u011fa iyi geliyor da d\u00fc\u015fmanlar\u0131m\u0131z\u0131n \u201c<strong>zehirli numune tohumlu\u011fundan<\/strong>\u201d olmas\u0131n diyorum! <strong>Bu kabaktan \u00e7ekirdek al\u0131n\u0131r m\u0131?<\/strong><\/p>\n<p>Bu fikre ilk \u00f6nce 1785 Frans\u0131z Devrimi fikirsel babas\u0131 olan ama devrimi g\u00f6remeyen<strong> Jean-Jacques Rousseau\u2019<\/strong>nun <strong>\u201cToplum S\u00f6zle\u015fmesi\u201d <\/strong>eserinde rastlam\u0131\u015ft\u0131m. Etkisi bug\u00fcn de \u00e7a\u011fr\u0131\u015fan bu devrim de esin ate\u015fi yakanlar\u0131 ve \u00f6nderlerini yemi\u015f, e\u015fitlik, karde\u015flik ve adalet getirmek i\u00e7in alevlenirken,\u00a0 Napolyon\u2019u do\u011furmu\u015f ve d\u00fcnyay\u0131 yakmas\u0131 i\u00e7in eline \u00e7\u0131ra vermi\u015fti.<\/p>\n<p>Adil bir d\u00fczen kurmay\u0131 ama\u00e7larken, 1789, 1793 ve 1795 y\u0131llar\u0131nda kaleme al\u0131nan \u00fc\u00e7 \u0130nsan ve Yurtta\u015f Haklar\u0131 Bildirgesinde de \u201cinsanlar e\u015fit haklarla do\u011farlar ve \u00f6yle de kalmal\u0131d\u0131rlar\u201d dense de ve \u00fcst\u00fcne \u201ce\u015fitlik yasaya dayan\u0131r ve herkes i\u00e7in ayn\u0131d\u0131r\u201d diye vurgulansa da hi\u00e7bir zaman yaz\u0131ld\u0131\u011f\u0131 gibi olmam\u0131\u015ft\u0131r. Ve soruyorum: Acaba bizim vatanda\u015f haklar\u0131m\u0131z\u0131n dokunulmazl\u0131\u011f\u0131 da o \u00fc\u00e7 bildirge gibi has\u0131ralt\u0131na at\u0131lmak isteniyor. Bayan Prof. Dr. M. Georgieva\u2019dan Bulgaristan\u2019\u0131n insan haklar\u0131, etniklerin haklar\u0131 ve do\u011fal vatanda\u015f haklar\u0131 konular\u0131nda imzalad\u0131\u011f\u0131 uluslararas\u0131 anla\u015fmalar\u0131n hangisini yerine getirdi\u011fini a\u00e7\u0131klamas\u0131d\u0131r.<\/p>\n<p>Acaba \u201c<strong>K\u00fct\u00fcphaneciler Enstit\u00fcs\u00fc<\/strong>\u201d ak\u0131l hocalar\u0131 bize yol g\u00f6stermeye devam m\u0131 ediyorlar!?<\/p><div id=\"bghab-295589401\" class=\"bghab-icerik-icine-25-paragraf bghab-entity-placement\"><script async src=\"\/\/pagead2.googlesyndication.com\/pagead\/js\/adsbygoogle.js?client=ca-pub-6203283170189293\" crossorigin=\"anonymous\"><\/script><ins class=\"adsbygoogle\" style=\"display:block; text-align:center;\" data-ad-client=\"ca-pub-6203283170189293\" \ndata-ad-slot=\"7303146466\" \ndata-ad-layout=\"in-article\"\ndata-ad-format=\"fluid\" data-full-width-responsive=\"true\"><\/ins>\n<script> \n(adsbygoogle = window.adsbygoogle || []).push({}); \n<\/script>\n<\/div>\n<div id=\"bghab-3069698224\" class=\"bghab-yazi-altinda bghab-entity-placement\"><div class=\"bghab-adlabel\">Reklamlar<\/div><script async src=\"https:\/\/pagead2.googlesyndication.com\/pagead\/js\/adsbygoogle.js\"><\/script>\r\n<!-- bghaber-yaz\u0131-sonu -->\r\n<ins class=\"adsbygoogle\"\r\n     style=\"display:block\"\r\n     data-ad-client=\"ca-pub-6203283170189293\"\r\n     data-ad-slot=\"4222328180\"\r\n     data-ad-format=\"auto\"\r\n     data-full-width-responsive=\"true\"><\/ins>\r\n<script>\r\n     (adsbygoogle = window.adsbygoogle || []).push({});\r\n<\/script><\/div><br style=\"clear: both; display: block; float: none;\"\/>","protected":false},"excerpt":{"rendered":"<p>\u00a0Musa VATANSEVER Tarih:\u00a0 18 \u015eubat 2017 \u0130nsan kimli\u011finin dokunulmazl\u0131k ilkesi ve biz neredeyiz? Zor bir d\u00f6nemden ge\u00e7iyoruz. Zaten \u201cBulgar Etnik Modeli\u201d icat edileli ve bizi<\/p>\n","protected":false},"author":13,"featured_media":20953,"comment_status":"closed","ping_status":"closed","sticky":false,"template":"","format":"standard","meta":{"advanced_seo_description":"","jetpack_seo_html_title":"","jetpack_seo_noindex":false,"_jetpack_memberships_contains_paid_content":false,"footnotes":""},"categories":[6],"tags":[],"class_list":["post-22230","post","type-post","status-publish","format-standard","has-post-thumbnail","hentry","category-yorum"],"jetpack_featured_media_url":"https:\/\/i0.wp.com\/www.bghaber.org\/bghaber\/wp-content\/uploads\/2016\/10\/musa-vatansever-yk.jpg?fit=1562%2C1961&ssl=1","jetpack_sharing_enabled":true,"jetpack_likes_enabled":true,"jetpack-related-posts":[],"jetpack_shortlink":"https:\/\/wp.me\/pc2PfJ-5My","_links":{"self":[{"href":"https:\/\/www.bghaber.org\/bghaber\/wp-json\/wp\/v2\/posts\/22230","targetHints":{"allow":["GET"]}}],"collection":[{"href":"https:\/\/www.bghaber.org\/bghaber\/wp-json\/wp\/v2\/posts"}],"about":[{"href":"https:\/\/www.bghaber.org\/bghaber\/wp-json\/wp\/v2\/types\/post"}],"author":[{"embeddable":true,"href":"https:\/\/www.bghaber.org\/bghaber\/wp-json\/wp\/v2\/users\/13"}],"replies":[{"embeddable":true,"href":"https:\/\/www.bghaber.org\/bghaber\/wp-json\/wp\/v2\/comments?post=22230"}],"version-history":[{"count":0,"href":"https:\/\/www.bghaber.org\/bghaber\/wp-json\/wp\/v2\/posts\/22230\/revisions"}],"wp:featuredmedia":[{"embeddable":true,"href":"https:\/\/www.bghaber.org\/bghaber\/wp-json\/wp\/v2\/media\/20953"}],"wp:attachment":[{"href":"https:\/\/www.bghaber.org\/bghaber\/wp-json\/wp\/v2\/media?parent=22230"}],"wp:term":[{"taxonomy":"category","embeddable":true,"href":"https:\/\/www.bghaber.org\/bghaber\/wp-json\/wp\/v2\/categories?post=22230"},{"taxonomy":"post_tag","embeddable":true,"href":"https:\/\/www.bghaber.org\/bghaber\/wp-json\/wp\/v2\/tags?post=22230"}],"curies":[{"name":"wp","href":"https:\/\/api.w.org\/{rel}","templated":true}]}}