{"id":22228,"date":"2017-02-16T21:38:34","date_gmt":"2017-02-16T19:38:34","guid":{"rendered":"http:\/\/www.bghaber.org\/bghaber\/?p=22228"},"modified":"2017-02-16T21:38:34","modified_gmt":"2017-02-16T19:38:34","slug":"yasam-standardi-ve-secim-oncesi-vaatler","status":"publish","type":"post","link":"https:\/\/www.bghaber.org\/bghaber\/yasam-standardi-ve-secim-oncesi-vaatler\/","title":{"rendered":"Ya\u015fam standard\u0131 ve se\u00e7im \u00f6ncesi vaatler"},"content":{"rendered":"<p><b>Bulgaristan\u2019daki ya\u015fam standard\u0131 b\u00fct\u00fcn Avrupa\u2019da en d\u00fc\u015f\u00fck. Bu durum, d\u00fcnden de\u011fil. Bu, iktidardakiler, y\u00f6netilenler, sendikac\u0131lar ve siyasi partiler taraf\u0131ndan \u00e7oktan bilinmekte. Savunulan ideolojiler ve ekonomik g\u00f6r\u00fc\u015flere ba\u011fl\u0131 olarak farkl\u0131 y\u00f6neticiler, son yakla\u015f\u0131k 30 y\u0131lda Bulgarlar\u0131n gelirlerinin art\u0131r\u0131lmas\u0131 ve ya\u015fam standard\u0131n\u0131n iyile\u015ftirilmesi i\u00e7in de\u011fi\u015fen bir ba\u015far\u0131yla \u00f6nlemler almaya \u00e7al\u0131\u015ft\u0131. Baz\u0131lar\u0131na g\u00f6re herkes \u00e7al\u0131\u015ft\u0131\u011f\u0131 kadar almal\u0131yd\u0131, di\u011ferlerine g\u00f6re, \u00f6zellikle sol partiler, daha \u00e7ok kamu paralar\u0131 ve yard\u0131mlar\u0131 ile daha \u00e7ok insana yard\u0131m sa\u011flanmas\u0131 gereklili\u011fi \u00fczerinde vurgu yap\u0131yordu.<\/b><\/p>\n<p>Son y\u0131llarda sa\u011f merkez GERB partisi lider eski Ba\u015fbakan Boyko Borisov\u2019un iki h\u00fck\u00fcmeti iktidardayd\u0131. Bu iki h\u00fck\u00fcmetin ekonomik ve mali politikas\u0131ndan kendisinin \u00e7al\u0131\u015fma piyasas\u0131nda daha temiz piyasa ili\u015fkilerinden, yani devletin sosyal alana daha az m\u00fcdahalesinden yana oldu\u011fu belli oldu. Buna ra\u011fmen otoban, yol, do\u011falgaz boru hatlar\u0131 ve ba\u011flant\u0131lar\u0131 ve di\u011fer farkl\u0131 altyap\u0131lar i\u00e7in pahal\u0131 projeler \u00f6n plana \u00e7\u0131kt\u0131. Bunlar\u0131n finansman\u0131na ba\u015fl\u0131ca devlet kaynaklar\u0131 y\u00f6nlendirildi. Sosyal a\u00e7\u0131dan zay\u0131f olanlar, yoksullar, hastalar, ya\u015fl\u0131 insanlar, ya\u015fam standard\u0131 a\u00e7\u0131s\u0131ndan Borisov\u2019un iki h\u00fck\u00fcmetini iyi ile hat\u0131rlamayacak.<\/p>\n<p>Ancak \u00e7o\u011fu Bulgaristanl\u0131lar\u0131n daha da \u00e7ok yoksulla\u015fmas\u0131 ile ilgili sorunlar, sonu\u00e7ta Kas\u0131m\u2019da yap\u0131lan cumhurba\u015fkanl\u0131\u011f\u0131 se\u00e7imlerinin sonu\u00e7lar\u0131n\u0131 etkiledi. O zaman sosyalistler taraf\u0131ndan desteklenen aday Rumen Radev\u2019in se\u00e7ilmesi, iktidardakileri, sosyologlar\u0131 ve politologlar\u0131 \u015fa\u015f\u0131rtt\u0131. Bir yandan bu durum, sosyalist partiye gelen erken parlamento se\u00e7imleri i\u00e7in yeni g\u00fc\u00e7 ve yeni h\u0131rslar verdi, \u00f6te yandan ise Borisov\u2019u ele\u015ftirenlerin s\u00f6yledi\u011fi gibi Bulgarlar\u0131n asfalt yemedi\u011fini kan\u0131tlad\u0131.<\/p>\n<p>Parlamento se\u00e7imleri i\u00e7in se\u00e7im \u00f6ncesi kampanya resmi olarak hen\u00fcz ba\u015flam\u0131\u015f de\u011fildir, ancak iki ba\u015fl\u0131ca parti BSP ve GERB, aralar\u0131nda fark bulman\u0131n zor oldu\u011fu ekonomik ve sosyal se\u00e7im programlar\u0131n\u0131 haz\u0131rlamakta ve tan\u0131tmakta acele etti. E\u011fer birisi onlar\u0131 okursa, yoksul Bulgarlar\u0131n \u0131st\u0131raplar\u0131n\u0131n bitmek \u00fczere oldu\u011funu, yak\u0131nda emeklilik maa\u015flar\u0131n\u0131, kamu sekt\u00f6r\u00fcnde \u00fccretleri, tazminatlar\u0131 ve sosyal a\u00e7\u0131dan zay\u0131f olanlar\u0131n yard\u0131mlar\u0131 ciddi \u00f6l\u00e7\u00fcde art\u0131racak para ya\u011faca\u011f\u0131n\u0131 s\u00f6yleyecek. Siyasi rakipler aras\u0131ndaki ba\u015fl\u0131ca z\u0131tl\u0131k, devletteki dev rezervlerin ve b\u00fct\u00e7ede durmadan biriken fazlalar\u0131n, insanlar i\u00e7in veya asfalt i\u00e7in harcan\u0131p harcanmamas\u0131d\u0131r. Sendikalar, haneler i\u00e7in para istiyor, i\u015fverenler ise dev altyap\u0131 projelerinin kamu paralar\u0131yla in\u015fa edilmesine kar\u015f\u0131 \u00e7\u0131k\u0131yor.<\/p>\n<div id=\"bghab-3025081159\" class=\"bghab-yazi-altinda bghab-entity-placement\"><div class=\"bghab-adlabel\">Reklamlar<\/div><script async src=\"https:\/\/pagead2.googlesyndication.com\/pagead\/js\/adsbygoogle.js\"><\/script>\r\n<!-- bghaber-yaz\u0131-sonu -->\r\n<ins class=\"adsbygoogle\"\r\n     style=\"display:block\"\r\n     data-ad-client=\"ca-pub-6203283170189293\"\r\n     data-ad-slot=\"4222328180\"\r\n     data-ad-format=\"auto\"\r\n     data-full-width-responsive=\"true\"><\/ins>\r\n<script>\r\n     (adsbygoogle = window.adsbygoogle || []).push({});\r\n<\/script><\/div><br style=\"clear: both; display: block; float: none;\"\/>","protected":false},"excerpt":{"rendered":"<p>Bulgaristan\u2019daki ya\u015fam standard\u0131 b\u00fct\u00fcn Avrupa\u2019da en d\u00fc\u015f\u00fck. Bu durum, d\u00fcnden de\u011fil. Bu, iktidardakiler, y\u00f6netilenler, sendikac\u0131lar ve siyasi partiler taraf\u0131ndan \u00e7oktan bilinmekte. Savunulan ideolojiler ve ekonomik<\/p>\n","protected":false},"author":13,"featured_media":21324,"comment_status":"closed","ping_status":"closed","sticky":false,"template":"","format":"standard","meta":{"advanced_seo_description":"","jetpack_seo_html_title":"","jetpack_seo_noindex":false,"_jetpack_memberships_contains_paid_content":false,"footnotes":""},"categories":[9],"tags":[],"class_list":["post-22228","post","type-post","status-publish","format-standard","has-post-thumbnail","hentry","category-ekonomi"],"jetpack_featured_media_url":"https:\/\/i0.wp.com\/www.bghaber.org\/bghaber\/wp-content\/uploads\/2016\/11\/bg-meclis.jpg?fit=690%2C460&ssl=1","jetpack_sharing_enabled":true,"jetpack_likes_enabled":true,"jetpack-related-posts":[],"jetpack_shortlink":"https:\/\/wp.me\/pc2PfJ-5Mw","_links":{"self":[{"href":"https:\/\/www.bghaber.org\/bghaber\/wp-json\/wp\/v2\/posts\/22228","targetHints":{"allow":["GET"]}}],"collection":[{"href":"https:\/\/www.bghaber.org\/bghaber\/wp-json\/wp\/v2\/posts"}],"about":[{"href":"https:\/\/www.bghaber.org\/bghaber\/wp-json\/wp\/v2\/types\/post"}],"author":[{"embeddable":true,"href":"https:\/\/www.bghaber.org\/bghaber\/wp-json\/wp\/v2\/users\/13"}],"replies":[{"embeddable":true,"href":"https:\/\/www.bghaber.org\/bghaber\/wp-json\/wp\/v2\/comments?post=22228"}],"version-history":[{"count":0,"href":"https:\/\/www.bghaber.org\/bghaber\/wp-json\/wp\/v2\/posts\/22228\/revisions"}],"wp:featuredmedia":[{"embeddable":true,"href":"https:\/\/www.bghaber.org\/bghaber\/wp-json\/wp\/v2\/media\/21324"}],"wp:attachment":[{"href":"https:\/\/www.bghaber.org\/bghaber\/wp-json\/wp\/v2\/media?parent=22228"}],"wp:term":[{"taxonomy":"category","embeddable":true,"href":"https:\/\/www.bghaber.org\/bghaber\/wp-json\/wp\/v2\/categories?post=22228"},{"taxonomy":"post_tag","embeddable":true,"href":"https:\/\/www.bghaber.org\/bghaber\/wp-json\/wp\/v2\/tags?post=22228"}],"curies":[{"name":"wp","href":"https:\/\/api.w.org\/{rel}","templated":true}]}}