{"id":22224,"date":"2017-02-16T21:37:06","date_gmt":"2017-02-16T19:37:06","guid":{"rendered":"http:\/\/www.bghaber.org\/bghaber\/?p=22224"},"modified":"2017-02-16T21:37:21","modified_gmt":"2017-02-16T19:37:21","slug":"meslek-olsun-is-olsun-yureginizi-vermelisiniz","status":"publish","type":"post","link":"https:\/\/www.bghaber.org\/bghaber\/meslek-olsun-is-olsun-yureginizi-vermelisiniz\/","title":{"rendered":"Meslek olsun, i\u015f olsun y\u00fcre\u011finizi vermelisiniz"},"content":{"rendered":"<p><b><img data-recalc-dims=\"1\" decoding=\"async\" src=\"https:\/\/i0.wp.com\/www.bghaber.org\/bghaber\/wp-content\/uploads\/2017\/02\/manzara-bg.jpg?w=640\" \/><\/b><\/p>\n<p><b>Bulgaristan m\u00fcbarek bir \u00fclkedir. <\/b><\/p>\n<p><b>Topraklar\u0131nda da\u011flar, vadiler, d\u00fczl\u00fckler ovalar de\u011fi\u015fik de\u011fi\u015fik tabiat fenomenleri yer al\u0131yor. B\u00fct\u00fcn bunlar g\u00f6kten nas\u0131lg\u00f6r\u00fcl\u00fcr acaba? Bu soruya foto\u011fraf\u00e7\u0131 Aleksand\u0131r \u0130vanov\u2019un \u2018Ku\u015f bak\u0131\u015f\u0131yla Bulgaristan\u2019 alb\u00fcm\u00fc cevap veriyor. Alekand\u0131r foto objektifi ile Bulgaristan\u2019\u0131n g\u00fczelliklerini tan\u0131t\u0131yor. Renkler birbirine girmi\u015f, yetenekli bir\u00a0dokumac\u0131n\u0131n elleri alt\u0131ndan \u00e7\u0131km\u0131\u015f renkli bir kilimi and\u0131r\u0131yor. Aleksand\u0131r \u0130vanov\u2019un sanat\u0131n\u0131n bu kadar etkileyici olmas\u0131 tesad\u00fcf de\u011fildir. Kendisi i\u00e7in foto\u011fraf\u00e7\u0131l\u0131k \u2018Duygu, co\u015fku, ihtiras, kendini ifade etme y\u00f6ntemi, y\u0131llar i\u00e7inde ya\u015fam bi\u00e7imine d\u00f6n\u00fc\u015ft\u00fc\u2019.<\/b><\/p>\n<p><img data-recalc-dims=\"1\" decoding=\"async\" src=\"https:\/\/i0.wp.com\/static.bnr.bg\/gallery\/b0\/b001fb0f23426d5d6b10c9ad2bd7ed04.jpg?w=640\" alt=\"\u0421\u043d\u0438\u043c\u043a\u0430\" \/><\/p>\n<p>Kimyager \u2013 m\u00fchendis kendisi, 35 ya\u015f\u0131na geldi\u011finde mesle\u011fi de\u011fi\u015ftiriyor. \u2018Hi\u00e7 esef etmiyorum. Bir mesle\u011fe bir i\u015fe y\u00fcre\u011fini vermek gerekti\u011fini anlay\u0131nca bana \u00e7ok vakit laz\u0131m oldu\u2019 diyor ve \u2018Ku\u015f bak\u0131\u015f\u0131yla Bulgaristan\u2019 alb\u00fcm\u00fcn\u00fcn ikinc\u00a0 cildi hakk\u0131nda \u015funlar\u0131 payla\u015f\u0131yor:<\/p>\n<p><img data-recalc-dims=\"1\" decoding=\"async\" src=\"https:\/\/i0.wp.com\/static.bnr.bg\/gallery\/ee\/ee11cca873ab0a6199492d5db070ac98.jpg?w=640\" alt=\"\u0421\u043d\u0438\u043c\u043a\u0430\" \/><\/p>\n<p><i>\u2018\u0130kinci cilt \u00e7\u0131karmay\u0131 d\u00fc\u015f\u00fcnmemi\u015ftim. Ancak son 7 y\u0131l i\u00e7inde yeni yerler \u00fczerinde u\u00e7tum. Tecr\u00fcbeli pilotlar, benim dostlar\u0131mla esasen motodeltaplaner ile u\u00e7uyorum. Ve \u00e7ok resim birikti. Bundan dolay\u0131 bu 215 resmi i\u00e7eren ikinci cildi yay\u0131nlama karar\u0131 ald\u0131m. Burada 10 do\u011fa sit<\/i><i>\u00a0 alan\u0131 ve \u00fc\u00e7 ulusal park var. Bundan ba\u015fka Dobruca, Belene, Nikopol, Tuna nehri, Kazanl\u0131k b\u00f6lgesi, G\u00fcney Karadeniz b\u00f6lgesi \u00fczerinde u\u00e7tum. \u2018 <\/i><\/p>\n<p><img data-recalc-dims=\"1\" decoding=\"async\" src=\"https:\/\/i0.wp.com\/static.bnr.bg\/gallery\/93\/93d071b68084cd27402fa2d0e9761738.jpg?w=640\" alt=\"\u0421\u043d\u0438\u043c\u043a\u0430\" \/><\/p>\n<p>Aleksand\u0131r \u0130vanov\u2019a g\u00f6re \u2018Ku\u015f bak\u0131\u015f\u0131yla Bulgaristan\u2019 bazen harika, bazen h\u00fcz\u00fcnl\u00fc g\u00f6r\u00fcn\u00fcyor. \u0130tiraf ediyor ki, ay\u0131r\u0131m yap\u0131yor. U\u00e7u\u015flar\u0131 \u00f6nceden planl\u0131yor. Ama\u00e7 mekan ve sezon farkl\u0131l\u0131\u011f\u0131. Pirdop \u015fehri \u00fczerindeki u\u00e7u\u015flar\u0131n\u0131 hat\u0131rlarken, manzaralar\u0131n inan\u0131lmaz g\u00fczel oldu\u011funu ayn\u0131 zamanda buralarda radyasyonun fazla y\u00fcksek oldu\u011funu da ekliyor. Bulgaristan nerden daha iyi g\u00f6r\u00fcn\u00fcyor, havadan m\u0131 yerden mi?<\/p><div id=\"bghab-3324184256\" class=\"bghab-icerik-icine bghab-entity-placement\"><script async src=\"\/\/pagead2.googlesyndication.com\/pagead\/js\/adsbygoogle.js?client=ca-pub-6203283170189293\" crossorigin=\"anonymous\"><\/script><ins class=\"adsbygoogle\" style=\"display:block; text-align:center;\" data-ad-client=\"ca-pub-6203283170189293\" \ndata-ad-slot=\"7303146466\" \ndata-ad-layout=\"in-article\"\ndata-ad-format=\"fluid\" data-full-width-responsive=\"true\"><\/ins>\n<script> \n(adsbygoogle = window.adsbygoogle || []).push({}); \n<\/script>\n<\/div>\n<p><img data-recalc-dims=\"1\" decoding=\"async\" src=\"https:\/\/i0.wp.com\/static.bnr.bg\/gallery\/15\/154afe8b71391896b270593233b2a4f3.jpg?w=640\" alt=\"\u0421\u043d\u0438\u043c\u043a\u0430\" \/><\/p>\n<p><i>\u2018\u0130yi resim \u00e7ekmek hep yukardan hem a\u015fa\u011f\u0131dand\u0131r. Bundan \u00fc\u00e7 y\u0131l \u00f6nce \u2018Pirin &#8211; sihirli da\u011f\u2019 alb\u00fcm\u00fcn\u00fc \u00e7\u0131kard\u0131m. Belki de iyi bir \u00f6rnektir. Yer, zamanlama insanlar a\u00e7\u0131s\u0131ndan iyi y\u00f6ntem \u00f6rne\u011fi. Yukardan bakt\u0131\u011f\u0131n\u0131za insan \u00e7ok ufak g\u00f6r\u00fcn\u00fcr etraftaki do\u011fa ile k\u0131yaslad\u0131\u011f\u0131n\u0131zda. Ancak alttan bakt\u0131\u011f\u0131n\u0131zda i\u015fler de\u011fi\u015fir.\u2019 <\/i><\/p>\n<p><img data-recalc-dims=\"1\" decoding=\"async\" src=\"https:\/\/i0.wp.com\/static.bnr.bg\/gallery\/6d\/6d884f654c650d292a83435beb9829f4.jpg?w=640\" alt=\"\u0421\u043d\u0438\u043c\u043a\u0430\" \/><\/p>\n<p>U\u00e7u\u015f s\u0131ras\u0131nda foto\u011fraf \u00e7ekmek zor mu diye sordu\u011fumuzda Aleksand\u0131r cevap veriyor:<\/p>\n<p><i>\u2018Hem zor, hem kolay. Eskiden bir film \u015feridinde on kare \u00e7ekiyordum ve yeni film \u015feridi y\u00fckleme zaman\u0131 \u00e7ekmekten daha uzun s\u00fcr\u00fcyordu. Dijital foto\u011fraflar\u0131n y\u00fcr\u00fcrl\u00fc\u011fe girmesiyle i\u015fler de\u011fi\u015fti. Pirin da\u011f\u0131 \u00fczerinde hava s\u0131cakl\u0131\u011f\u0131n\u0131n s\u0131f\u0131r\u0131n alt\u0131nda 20 derecede anlar vard\u0131 parmaklar\u0131m\u0131 hissetmiyorum, hem iki \u00e7ift eldivenle oldu\u011fum s\u0131rada. 4500 metre y\u00fckseklikte ne de olsa heyecan dolu anlar oluyor.\u2019<\/i><\/p>\n<p><img data-recalc-dims=\"1\" decoding=\"async\" src=\"https:\/\/i0.wp.com\/static.bnr.bg\/gallery\/4f\/4fd42994b41aefa81d341467164c9c17.jpg?w=640\" alt=\"\u0421\u043d\u0438\u043c\u043a\u0430\" \/><\/p>\n<p>Aleksand\u0131r \u0130vanov montajs\u0131z, renklere renk katmadan foto\u011fraf\u00e7\u0131l\u0131k yapmak istiyor. Ve bu onun inanc\u0131 oldu\u011funu s\u00f6yl\u00fcyor. Tabiat\u0131n \u00e7ok \u00e7e\u015fitlili\u011fi yeterlidir, diyor. Bulgaristan\u2019\u0131n ger\u00e7ek renklerini de\u011fi\u015ftirmemeye gayret etti\u011fini s\u00f6yl\u00fcyor. Bundan sonraki planlar\u0131na gelince Stranca da\u011f\u0131na yeni bak\u0131\u015f a\u00e7\u0131s\u0131 kazand\u0131rmay\u0131 deneyecektir. Ona g\u00f6re bu mistik bir da\u011f. Daha fazla insan fig\u00fcr\u00fc katmak istiyor, daha fazla \u00f6yk\u00fc anlatmak istiyor. Dobruca da ilgilendi\u011fi ba\u015fka bir b\u00f6lgedir.<\/p>\n<div id=\"bghab-1164335352\" class=\"bghab-yazi-altinda bghab-entity-placement\"><div class=\"bghab-adlabel\">Reklamlar<\/div><script async src=\"https:\/\/pagead2.googlesyndication.com\/pagead\/js\/adsbygoogle.js\"><\/script>\r\n<!-- bghaber-yaz\u0131-sonu -->\r\n<ins class=\"adsbygoogle\"\r\n     style=\"display:block\"\r\n     data-ad-client=\"ca-pub-6203283170189293\"\r\n     data-ad-slot=\"4222328180\"\r\n     data-ad-format=\"auto\"\r\n     data-full-width-responsive=\"true\"><\/ins>\r\n<script>\r\n     (adsbygoogle = window.adsbygoogle || []).push({});\r\n<\/script><\/div><br style=\"clear: both; display: block; float: none;\"\/>","protected":false},"excerpt":{"rendered":"<p>Bulgaristan m\u00fcbarek bir \u00fclkedir. Topraklar\u0131nda da\u011flar, vadiler, d\u00fczl\u00fckler ovalar de\u011fi\u015fik de\u011fi\u015fik tabiat fenomenleri yer al\u0131yor. B\u00fct\u00fcn bunlar g\u00f6kten nas\u0131lg\u00f6r\u00fcl\u00fcr acaba? Bu soruya foto\u011fraf\u00e7\u0131 Aleksand\u0131r \u0130vanov\u2019un<\/p>\n","protected":false},"author":13,"featured_media":22225,"comment_status":"closed","ping_status":"closed","sticky":false,"template":"","format":"standard","meta":{"advanced_seo_description":"","jetpack_seo_html_title":"","jetpack_seo_noindex":false,"_jetpack_memberships_contains_paid_content":false,"footnotes":""},"categories":[7],"tags":[],"class_list":["post-22224","post","type-post","status-publish","format-standard","has-post-thumbnail","hentry","category-saglik-spor"],"jetpack_featured_media_url":"https:\/\/i0.wp.com\/www.bghaber.org\/bghaber\/wp-content\/uploads\/2017\/02\/manzara-bg.jpg?fit=850%2C478&ssl=1","jetpack_sharing_enabled":true,"jetpack_likes_enabled":true,"jetpack-related-posts":[],"jetpack_shortlink":"https:\/\/wp.me\/pc2PfJ-5Ms","_links":{"self":[{"href":"https:\/\/www.bghaber.org\/bghaber\/wp-json\/wp\/v2\/posts\/22224","targetHints":{"allow":["GET"]}}],"collection":[{"href":"https:\/\/www.bghaber.org\/bghaber\/wp-json\/wp\/v2\/posts"}],"about":[{"href":"https:\/\/www.bghaber.org\/bghaber\/wp-json\/wp\/v2\/types\/post"}],"author":[{"embeddable":true,"href":"https:\/\/www.bghaber.org\/bghaber\/wp-json\/wp\/v2\/users\/13"}],"replies":[{"embeddable":true,"href":"https:\/\/www.bghaber.org\/bghaber\/wp-json\/wp\/v2\/comments?post=22224"}],"version-history":[{"count":0,"href":"https:\/\/www.bghaber.org\/bghaber\/wp-json\/wp\/v2\/posts\/22224\/revisions"}],"wp:featuredmedia":[{"embeddable":true,"href":"https:\/\/www.bghaber.org\/bghaber\/wp-json\/wp\/v2\/media\/22225"}],"wp:attachment":[{"href":"https:\/\/www.bghaber.org\/bghaber\/wp-json\/wp\/v2\/media?parent=22224"}],"wp:term":[{"taxonomy":"category","embeddable":true,"href":"https:\/\/www.bghaber.org\/bghaber\/wp-json\/wp\/v2\/categories?post=22224"},{"taxonomy":"post_tag","embeddable":true,"href":"https:\/\/www.bghaber.org\/bghaber\/wp-json\/wp\/v2\/tags?post=22224"}],"curies":[{"name":"wp","href":"https:\/\/api.w.org\/{rel}","templated":true}]}}