{"id":22219,"date":"2017-02-16T21:32:20","date_gmt":"2017-02-16T19:32:20","guid":{"rendered":"http:\/\/www.bghaber.org\/bghaber\/?p=22219"},"modified":"2017-02-16T21:32:47","modified_gmt":"2017-02-16T19:32:47","slug":"bulgaristanda-valiler-gorevden-aliniyor","status":"publish","type":"post","link":"https:\/\/www.bghaber.org\/bghaber\/bulgaristanda-valiler-gorevden-aliniyor\/","title":{"rendered":"Bulgaristan\u2019da valiler g\u00f6revden al\u0131n\u0131yor"},"content":{"rendered":"<p><img data-recalc-dims=\"1\" decoding=\"async\" src=\"https:\/\/i0.wp.com\/static.bnr.bg\/gallery\/39\/39b16e7a2de2362f472e9f4dd757d119.jpg?w=640\" \/><\/p>\n<p>Ge\u00e7ici tekonkrat h\u00fck\u00fcmet, erken se\u00e7imlerde parti listelerinden milletvekili aday\u0131 olmak isteyen yedi valiyi g\u00f6revden ald\u0131.<\/p>\n<p>H\u00fck\u00fcmet S\u00f6zc\u00fcs\u00fc \u0130rina Bel\u00e7eva bu haberi verdi ve bir hafta \u00f6nce Ba\u015fbakan Ognyan Gercikov\u2019un valilerin yar\u0131s\u0131n\u0131 de\u011fi\u015ftirdi\u011fini hat\u0131rlatt\u0131.<\/p>\n<p>H\u00fck\u00fcmet, geri kalan valileri g\u00f6revden almayaca\u011f\u0131n\u0131 duyurmu\u015ftu.<\/p>\n<p>Ancak Bakanlar Kuruluna valilerden \u00fccretrsiz izin dilek\u00e7eleri gelmeye ba\u015flam\u0131\u015f.<\/p>\n<p>Se\u00e7imlerde aday olacak valiler b\u00f6ylece i\u015ften al\u0131nd\u0131.<\/p><div id=\"bghab-2033267088\" class=\"bghab-icerik-icine bghab-entity-placement\"><script async src=\"\/\/pagead2.googlesyndication.com\/pagead\/js\/adsbygoogle.js?client=ca-pub-6203283170189293\" crossorigin=\"anonymous\"><\/script><ins class=\"adsbygoogle\" style=\"display:block; text-align:center;\" data-ad-client=\"ca-pub-6203283170189293\" \ndata-ad-slot=\"7303146466\" \ndata-ad-layout=\"in-article\"\ndata-ad-format=\"fluid\" data-full-width-responsive=\"true\"><\/ins>\n<script> \n(adsbygoogle = window.adsbygoogle || []).push({}); \n<\/script>\n<\/div>\n<p>S\u00f6zc\u00fc \u201cValinin parti aday\u0131 olaca\u011f\u0131 erken se\u00e7imlerde se\u00e7imlerin adil ve d\u00fcr\u00fcst olmas\u0131 imkans\u0131zd\u0131r, o y\u00fczden bu karar\u0131 ald\u0131k\u201d dedi.<\/p>\n<div id=\"bghab-4023907730\" class=\"bghab-yazi-altinda bghab-entity-placement\"><div class=\"bghab-adlabel\">Reklamlar<\/div><script async src=\"https:\/\/pagead2.googlesyndication.com\/pagead\/js\/adsbygoogle.js\"><\/script>\r\n<!-- bghaber-yaz\u0131-sonu -->\r\n<ins class=\"adsbygoogle\"\r\n     style=\"display:block\"\r\n     data-ad-client=\"ca-pub-6203283170189293\"\r\n     data-ad-slot=\"4222328180\"\r\n     data-ad-format=\"auto\"\r\n     data-full-width-responsive=\"true\"><\/ins>\r\n<script>\r\n     (adsbygoogle = window.adsbygoogle || []).push({});\r\n<\/script><\/div><br style=\"clear: both; display: block; float: none;\"\/>","protected":false},"excerpt":{"rendered":"<p>Ge\u00e7ici tekonkrat h\u00fck\u00fcmet, erken se\u00e7imlerde parti listelerinden milletvekili aday\u0131 olmak isteyen yedi valiyi g\u00f6revden ald\u0131. H\u00fck\u00fcmet S\u00f6zc\u00fcs\u00fc \u0130rina Bel\u00e7eva bu haberi verdi ve bir hafta<\/p>\n","protected":false},"author":13,"featured_media":19207,"comment_status":"closed","ping_status":"closed","sticky":false,"template":"","format":"standard","meta":{"advanced_seo_description":"","jetpack_seo_html_title":"","jetpack_seo_noindex":false,"_jetpack_memberships_contains_paid_content":false,"footnotes":""},"categories":[8],"tags":[],"class_list":["post-22219","post","type-post","status-publish","format-standard","has-post-thumbnail","hentry","category-egitim"],"jetpack_featured_media_url":"https:\/\/i0.wp.com\/www.bghaber.org\/bghaber\/wp-content\/uploads\/2016\/06\/bg-meslis.jpg?fit=610%2C343&ssl=1","jetpack_sharing_enabled":true,"jetpack_likes_enabled":true,"jetpack-related-posts":[],"jetpack_shortlink":"https:\/\/wp.me\/pc2PfJ-5Mn","_links":{"self":[{"href":"https:\/\/www.bghaber.org\/bghaber\/wp-json\/wp\/v2\/posts\/22219","targetHints":{"allow":["GET"]}}],"collection":[{"href":"https:\/\/www.bghaber.org\/bghaber\/wp-json\/wp\/v2\/posts"}],"about":[{"href":"https:\/\/www.bghaber.org\/bghaber\/wp-json\/wp\/v2\/types\/post"}],"author":[{"embeddable":true,"href":"https:\/\/www.bghaber.org\/bghaber\/wp-json\/wp\/v2\/users\/13"}],"replies":[{"embeddable":true,"href":"https:\/\/www.bghaber.org\/bghaber\/wp-json\/wp\/v2\/comments?post=22219"}],"version-history":[{"count":0,"href":"https:\/\/www.bghaber.org\/bghaber\/wp-json\/wp\/v2\/posts\/22219\/revisions"}],"wp:featuredmedia":[{"embeddable":true,"href":"https:\/\/www.bghaber.org\/bghaber\/wp-json\/wp\/v2\/media\/19207"}],"wp:attachment":[{"href":"https:\/\/www.bghaber.org\/bghaber\/wp-json\/wp\/v2\/media?parent=22219"}],"wp:term":[{"taxonomy":"category","embeddable":true,"href":"https:\/\/www.bghaber.org\/bghaber\/wp-json\/wp\/v2\/categories?post=22219"},{"taxonomy":"post_tag","embeddable":true,"href":"https:\/\/www.bghaber.org\/bghaber\/wp-json\/wp\/v2\/tags?post=22219"}],"curies":[{"name":"wp","href":"https:\/\/api.w.org\/{rel}","templated":true}]}}