{"id":22194,"date":"2017-02-15T22:56:32","date_gmt":"2017-02-15T20:56:32","guid":{"rendered":"http:\/\/www.bghaber.org\/bghaber\/?p=22194"},"modified":"2017-02-15T22:57:02","modified_gmt":"2017-02-15T20:57:02","slug":"ofke-alevleri","status":"publish","type":"post","link":"https:\/\/www.bghaber.org\/bghaber\/ofke-alevleri\/","title":{"rendered":"\u00d6fke Alevleri"},"content":{"rendered":"<p>\u0130brahim SOYT\u00dcRK<\/p>\n<p>Tarih: 15 \u015eubat 2017<\/p>\n<p><strong>Bulgaristan T\u00fcrklerinin kaderi kendi ellerindedir ve her \u015fey de\u011fi\u015fecek<\/strong><\/p>\n<p>Almanya tarihinin en y\u00fcz karas\u0131 sayfalar\u0131nda 1933\u2019te Nazi fa\u015fistlerinin Yahudi d\u00fckk\u00e2n vitrinlerini k\u0131rmas\u0131, evlerin ate\u015fe verilmesi ve yarg\u0131s\u0131z infaz barbarl\u0131\u011f\u0131 kanl\u0131d\u0131r.<\/p>\n<p>Suriyeli sava\u015f ka\u00e7aklar\u0131 Bulgaristan \/ Harmanl\u0131 s\u0131\u011f\u0131nmac\u0131 kamp\u0131nda k\u0131\u015fk\u0131rt\u0131l\u0131nca ayaklanm\u0131\u015ft\u0131. K\u0131\u015fk\u0131rtan bizdeki fa\u015fistlerdi. Para-militerlerdi. Sa\u011f milliyet\u00e7i, \u0131rk\u00e7\u0131 Makedon \u0130\u00e7 Devrim \u00d6rg\u00fct\u00fc \u2013 VMRO haydutlar\u0131yd\u0131. Bu \u00f6rg\u00fct 100 y\u0131ldan beri \u00fclkemizde kan ak\u0131t\u0131yor. Bu defa Sofya peyki Elin Pelin kasabas\u0131 sakinlerini Halepli Arap s\u0131\u011f\u0131nmac\u0131lara kar\u015f\u0131 \u00f6fkeli ve kin s\u00f6ylevli protestoya kald\u0131rd\u0131.<\/p><div id=\"bghab-1078678741\" class=\"bghab-icerik-icine bghab-entity-placement\"><script async src=\"\/\/pagead2.googlesyndication.com\/pagead\/js\/adsbygoogle.js?client=ca-pub-6203283170189293\" crossorigin=\"anonymous\"><\/script><ins class=\"adsbygoogle\" style=\"display:block; text-align:center;\" data-ad-client=\"ca-pub-6203283170189293\" \ndata-ad-slot=\"7303146466\" \ndata-ad-layout=\"in-article\"\ndata-ad-format=\"fluid\" data-full-width-responsive=\"true\"><\/ins>\n<script> \n(adsbygoogle = window.adsbygoogle || []).push({}); \n<\/script>\n<\/div>\n<p>\u201c<strong>Burada Cami Yok<\/strong>!\u201d<\/p>\n<p>\u201c<strong>Bu topraklara T\u00fcrk Ayak Basamam\u0131\u015f, Suriyeliler asla basamaz<\/strong>!\u201d \u015fiarlar\u0131yla toplanan VMRO \u2013 d\u00fc\u015fman alay\u0131n\u0131 Elin Pelin Beledi Ba\u015fkan\u0131 y\u00f6netti. Bir <strong>ksenefob <\/strong>(yabanc\u0131 olan her \u015feye kar\u015f\u0131 d\u00fc\u015fman) olan belediye Ba\u015fkan\u0131 Bulgar devletinin vatanda\u015fl\u0131k verdi\u011fi 30 Suriyeliyi Elin Pelin\u2019e kay\u0131t ve kabul etmedi.<\/p>\n<p>Bulgaristan Cumhuriyeti S\u0131\u011f\u0131nmac\u0131 Devlet Ajans\u0131 taraf\u0131ndan durumlar\u0131 ve belgeleri de\u011ferlendirilmi\u015f, kendilerine Bulgaristan\u2019da ya\u015fama stat\u00fcs\u00fc tan\u0131nm\u0131\u015f Halepli 30 sava\u015f ka\u00e7a\u011f\u0131n\u0131n bu yerle\u015fim yerinde ikametine \u015fiddetle kar\u015f\u0131 \u00e7\u0131k\u0131lmas\u0131, s\u0131\u011f\u0131nmac\u0131lar\u0131n lin\u00e7 edilip, \u00a0bar\u0131nd\u0131klar\u0131 konutlar\u0131n ve a\u00e7t\u0131klar\u0131 d\u00fckk\u00e2nlar\u0131n ate\u015fe verilece\u011fi endi\u015fesi olay\u0131 g\u00f6klere \u00e7\u0131kard\u0131. \u201cAtaka\u201d, VMRO ve s\u00f6zde \u201cYurtsever Cephe\u201d yavanc\u0131 d\u00fc\u015fmanl\u0131\u011f\u0131 korosu kurdu. \u00d6fkeli gerginlik t\u00fctmeye devam ediyor.<\/p>\n<p>Konuyu yorumlayan insan haklar\u0131 savunucular\u0131 ve hukuk\u00e7ular Belediye Ba\u015fkan\u0131\u2019n\u0131n Bulgaristan Ceza Kanunu\u2019nun 162. maddesine g\u00f6re, \u00f6fkeli d\u00fc\u015fmanl\u0131k k\u0131\u015fk\u0131rtmaktan ve vatanda\u015fl\u0131k hakk\u0131 kazanm\u0131\u015f s\u0131\u011f\u0131nmac\u0131lar\u0131 kaydetmemekten 1 y\u0131ldan 4 y\u0131la kadar cezaland\u0131r\u0131lmas\u0131n\u0131, Savc\u0131l\u0131\u011f\u0131n hemen dava a\u00e7mas\u0131nda g\u00f6r\u00fc\u015f birli\u011fine vard\u0131.<\/p>\n<p>Harmanl\u0131 s\u0131\u011f\u0131nmac\u0131 ayaklanmas\u0131n\u0131 k\u0131\u015fk\u0131rtan VMRO partisi beslemesi para-militer g\u00fc\u00e7ler \u015fu an Elin Pelinde g\u00f6vde g\u00f6sterisi yap\u0131yor. \u00d6fke ve zul\u00fcm, \u00f6l\u00fcm k\u0131\u015fk\u0131rt\u0131yorlar. \u0130\u00e7 karga\u015fal\u0131k k\u0131\u015fk\u0131rt\u0131yor ve se\u00e7imin normal \u015fartlarda yap\u0131lmas\u0131n\u0131 engellemek istiyorlar. Bas\u0131n\u0131, silah ta\u015f\u0131yan bu g\u00fc\u00e7lerin son d\u00f6nem yo\u011funla\u015fm\u0131\u015f bir \u015fekilde ve keyfi olarak Bulgaristan T\u00fcrkiye dikenli tel \u00f6rg\u00fcs\u00fc boyunda gizli n\u00f6bet tuttu\u011funu foto\u011fraflarla veriyor. Yak\u0131n Do\u011fu\u2019dan gelip s\u0131n\u0131r\u0131 ge\u00e7en sava\u015f ka\u00e7aklar\u0131n\u0131 yakalay\u0131p paralar\u0131n\u0131 ve de\u011ferli e\u015fyalar\u0131n\u0131 ald\u0131klar\u0131na, s\u0131n\u0131r k\u00f6ylerinde gerginlik k\u00f6r\u00fcklediklerine i\u015faret ediyor. Bu zorba geli\u015fmelerin 26 Mart 2017\u2019de yap\u0131lacak erken genel se\u00e7imler arifesinde huzur bozucu oldu\u011funu vurguluyor.<\/p><div id=\"bghab-2897419806\" class=\"bghab-icerik-icine-10-paragraf bghab-entity-placement\"><script async src=\"\/\/pagead2.googlesyndication.com\/pagead\/js\/adsbygoogle.js?client=ca-pub-6203283170189293\" crossorigin=\"anonymous\"><\/script><ins class=\"adsbygoogle\" style=\"display:block; text-align:center;\" data-ad-client=\"ca-pub-6203283170189293\" \ndata-ad-slot=\"7303146466\" \ndata-ad-layout=\"in-article\"\ndata-ad-format=\"fluid\" data-full-width-responsive=\"true\"><\/ins>\n<script> \n(adsbygoogle = window.adsbygoogle || []).push({}); \n<\/script>\n<\/div>\n<p>Birka\u00e7 y\u0131ldan beri uygulanan ve giderek t\u0131rmand\u0131r\u0131l\u0131rken can alan zorbal\u0131k, AB \u00fcyesi olup s\u0131\u011f\u0131nmac\u0131lara kanat a\u00e7mak i\u00e7in Br\u00fcksel\u2019den \u00f6denek alan Bulgaristan\u2019da ciddi tart\u0131\u015fmalar yarat\u0131yor. Yak\u0131n Do\u011fu sava\u015f\u0131nda evi bark\u0131 y\u0131k\u0131lm\u0131\u015f, \u00e7aresiz duruma d\u00fc\u015fm\u00fc\u015f birey ve ailelere el uzatma, \u00f6nce s\u0131\u011f\u0131nmac\u0131 stat\u00fcs\u00fc, ard\u0131ndan da ikamet etme hakk\u0131 tan\u0131ma, \u00e7ocuklar\u0131n\u0131 okullara kaydetme s\u00fcreci art\u0131k a\u015f\u0131lamayan g\u00fc\u00e7l\u00fcklerle kar\u015f\u0131la\u015f\u0131yor. Yerli \u0131rk\u00e7\u0131lar ve \u00e7o\u011falan yabanc\u0131 d\u00fc\u015fmanlar\u0131, yeni gelen s\u0131\u011f\u0131nmac\u0131lara ve art\u0131k yerle\u015fmi\u015f yabanc\u0131lara aras\u0131z sald\u0131ran sokak sersellileriyle g\u00fc\u00e7 birli\u011fi yap\u0131yor. Bu azm\u0131\u015fl\u0131\u011fa yerel organlar seyirci kal\u0131yor. \u015eimdiye kadar devlet eliyle gerekli ciddi \u00f6nlem al\u0131p uygulanm\u0131yor. Belediyeler merkez idarenin kararlar\u0131n\u0131 uygulam\u0131yor, kamu organlar\u0131 \u00f6fkeli ve sald\u0131rgan yabanc\u0131 d\u00fc\u015fmanlar\u0131ndan taraf mevzileniyor.<\/p>\n<p>Alan\u0131 geni\u015fleyen bu m\u00fccadeleye kar\u015f\u0131 Arap m\u00fcltecilerle dayan\u0131\u015fma bayra\u011f\u0131 y\u00fckseldi. \u00a0Bulgaristan M\u00fcsl\u00fcman T\u00fcrkleri, DOST partisi, H\u015eDP partisi, s\u0131\u011f\u0131nmac\u0131 dernekleri, insan haklar\u0131 kurulu\u015flar\u0131, yasalar\u0131n uygulanmas\u0131n\u0131 savunan demokratik avukatlarla, DEOS gibi siyasi partilerle birlikte kararl\u0131 at\u0131l\u0131mlarda bulunuyor. S\u0131\u011f\u0131nmac\u0131lar konusunda bir ulusal forum d\u00fczenlenmesi g\u00fcndem olu\u015fturuyor.<\/p>\n<p>44.Bulgar meclisine girmek i\u00e7in her zamankinden daha yo\u011fun ilkesel bir etkinlikle hareketlenen Sorumluluk, Tolerans ve H\u00fcrriyet i\u00e7in Demokratlar DOST partisi s\u0131\u011f\u0131nmac\u0131lara kar\u015f\u0131 k\u0131\u015fk\u0131rt\u0131lan yavanc\u0131 ve M\u00fcsl\u00fcman d\u00fc\u015fmanl\u0131\u011f\u0131n\u0131 kesinlikle k\u0131nayarak, uzla\u015fma, huzur, g\u00fcvenlik ve bar\u0131\u015f slogan\u0131 at\u0131yor.<\/p>\n<p>Bulgar Ulusal Televizyonu (BNT) I. Kanal\u0131nda konu\u015fan Parti Ba\u015fkan Yard\u0131mc\u0131s\u0131 Maryana Georgieva, bizde milliyet\u00e7i ve \u0131rk\u00e7\u0131l\u0131kla renklenen ulusal kimlik alt\u0131ndaki bunal\u0131m\u0131 g\u00fcn \u0131\u015f\u0131\u011f\u0131na \u00e7\u0131karmaya \u00e7al\u0131\u015ft\u0131. Gergin ortamda zor nefes alan birlik ve b\u00f6l\u00fcnmezlikten yana oldu\u011fumuz Bulgaristan\u2019da, DOST Ba\u015fkan Yard\u0131mc\u0131s\u0131n\u0131n vurgulad\u0131\u011f\u0131na g\u00f6re, i\u00e7 siyasette ad\u0131na \u201c<strong>soya d\u00f6n\u00fc\u015f<\/strong>\u201d denen Bulgarla\u015ft\u0131rma zulm\u00fc esnas\u0131nda su\u00e7 ve cinayet i\u015fleyenler, kanunlar\u0131 \u00e7i\u011fneyenler cezaland\u0131r\u0131lm\u0131\u015f olsayd\u0131, \u015fimdi bu \u00f6fke kabarmayacakt\u0131. Ge\u00e7 olsa bile totaliter kom\u00fcnist d\u00fczenin b\u00fct\u00fcn kal\u0131t ve at\u0131klar\u0131 tamamen temizlenmeli, Bulgaristan\u2019\u0131n ger\u00e7ekten demokratikle\u015fmesi yolu art\u0131k a\u00e7\u0131lmal\u0131, deyen Georgieva, DOST partisi Genel Ba\u015fkan\u0131 L\u00fctfi Mestan\u2019\u0131n Bulgaristan\u2019\u0131n Avrupa-Atlantik ve Avrupa-Asya konsepti aras\u0131ndaki dramatik \u00e7arp\u0131\u015fmadan dolay\u0131 Hak ve \u00d6zg\u00fcrl\u00fck Partisinden ihra\u00e7 edildi\u011fini a\u00e7\u0131klad\u0131.<\/p>\n<p>Bizde demokratikle\u015fme u s\u00fcreci \u00e7\u0131ras\u0131n\u0131 1989 May\u0131s Ayaklanmas\u0131nda ilk yakan M\u00fcsl\u00fcman T\u00fcrkleri oldu\u011funu vurgularken ise, Todor Jivkov ter\u00f6r rejiminin y\u0131k\u0131lmas\u0131nda ulusal demokratik g\u00fc\u00e7leriyle omuz omuza ve \u00f6n safta olan T\u00fcrklerin sonu\u00e7 belirleyici katk\u0131da bulundu\u011funu ama haklar\u0131n\u0131 alamad\u0131\u011f\u0131n\u0131 s\u00f6yledi.<\/p><div id=\"bghab-3528734191\" class=\"bghab-icerik-icine-15-paragraf bghab-entity-placement\"><script async src=\"\/\/pagead2.googlesyndication.com\/pagead\/js\/adsbygoogle.js?client=ca-pub-6203283170189293\" crossorigin=\"anonymous\"><\/script><ins class=\"adsbygoogle\" style=\"display:block; text-align:center;\" data-ad-client=\"ca-pub-6203283170189293\" \ndata-ad-slot=\"7303146466\" \ndata-ad-layout=\"in-article\"\ndata-ad-format=\"fluid\" data-full-width-responsive=\"true\"><\/ins>\n<script> \n(adsbygoogle = window.adsbygoogle || []).push({}); \n<\/script>\n<\/div>\n<p>Bug\u00fcnk\u00fc siyaset sahnesinde de \u00e7ok \u00f6nemli yarat\u0131c\u0131 kesimi T\u00fcrklerin olu\u015fturdu\u011funu, onlar\u0131 temsil eden DOST partisinin de d\u0131\u015f siyasette kay\u0131ts\u0131z ko\u015fulsuz Avrupa ve Atlantik \u2013 NATO-AB yan\u0131nda oldu\u011funu ve olaca\u011f\u0131n\u0131 payla\u015ft\u0131.<\/p>\n<p>Bulgaristan\u2019daki gergin duruma \u00f6zellikle de\u011finen M. Georgieva, T\u00fcrklerin dil, din ve \u00f6zg\u00fcn k\u00fclt\u00fcr haklar\u0131n\u0131n tan\u0131nmas\u0131n\u0131 isterken, vatanda\u015flar\u0131 modern yurtseverlikten yana olmaya \u00e7ard\u0131. Kamunun a\u015f\u0131r\u0131 milliyet\u00e7ilikle yabanc\u0131 d\u00fc\u015fmanl\u0131\u011f\u0131na \u201cDur!\u201d denmesinde \u0131srar etti.<\/p>\n<p>G\u00f6r\u00fcld\u00fc\u011f\u00fc \u00fczere, bug\u00fcnk\u00fc ko\u015fullarda,\u00a0 daha ilk ad\u0131mlar\u0131n\u0131 atarken g\u00fc\u00e7s\u00fcz oldu\u011fu belli olan ge\u00e7ici h\u00fck\u00fcmet ortam\u0131nda, hem Anayasa hem de yasalar\u0131m\u0131z\u0131n uygulanmad\u0131\u011f\u0131 Harmanl\u0131 ve Elin Pelin karga\u015fa \u00f6rneklerinde g\u00fcn gibi ortadad\u0131r. Irk\u00e7\u0131 partiler yabanc\u0131 d\u00fc\u015fmanl\u0131\u011f\u0131yla oy toplamaya \u00e7al\u0131\u015f\u0131yor. Se\u00e7men kitlesi yanl\u0131\u015f bilgilendirilip k\u0131\u015fk\u0131rt\u0131l\u0131yor. Se\u00e7im \u00f6nlemi olarak ilk elde 33 valinin de\u011fi\u015ftirilmesine ra\u011fmen, y\u00fcr\u00fctmenin g\u00fcc\u00fc yerel idarelerde hissedilmiyor. Merkez idarenin ald\u0131\u011f\u0131 kararlar ba\u015fta s\u0131\u011f\u0131nmac\u0131lar\u0131n yerle\u015ftirilmesinde olmak \u00fczere bir\u00e7ok konuda belediye ba\u015fkanlar\u0131n\u0131n tutumu ve hareketleriyle ba\u011fda\u015fm\u0131yor.<\/p>\n<p>D\u00fcn T\u00fcrk d\u00fc\u015fmanl\u0131\u011f\u0131 yaparak ge\u00e7inenler bug\u00fcn yapanc\u0131 d\u00fc\u015fmanl\u0131\u011f\u0131 bayra\u011f\u0131 kald\u0131rd\u0131lar. S\u0131radan insanlar\u0131n d\u00fcnya g\u00f6r\u00fc\u015f\u00fcn\u00fc de\u011fi\u015ftirip yerli M\u00fcsl\u00fcman etni\u011fe kar\u015f\u0131, \u0130slam \u00fclkelerinden gelen s\u0131\u011f\u0131nmac\u0131lara kar\u015f\u0131 \u00f6fke, kin ve nefret tohumlar\u0131 sa\u00e7\u0131l\u0131yor.<\/p>\n<p>K\u0131\u015fk\u0131rt\u0131lan \u00f6fke ve d\u00fc\u015fmanl\u0131k AB i\u00e7inde insan karde\u015fli\u011fine, e\u015fit hakl\u0131 vatanda\u015fl\u0131\u011fa, vatanda\u015fl\u0131k haklar\u0131na, do\u011fal ve uygar insan edinimlerine kar\u015f\u0131 huzursuz bir d\u00fcnya g\u00f6r\u00fc\u015f\u00fc dayat\u0131lmaya \u00e7al\u0131\u015f\u0131l\u0131yor. T\u0131rmanan huzursuzlu\u011fun art\u0131k kamu kurumlar\u0131n\u0131 da sard\u0131\u011f\u0131n\u0131 ve bir\u00e7ok yerde normal i\u015flevleri fel\u00e7 etti\u011fine tan\u0131k oluyoruz.<\/p><div id=\"bghab-3588082688\" class=\"bghab-icerik-icine-20-paragraf bghab-entity-placement\"><script async src=\"\/\/pagead2.googlesyndication.com\/pagead\/js\/adsbygoogle.js?client=ca-pub-6203283170189293\" crossorigin=\"anonymous\"><\/script><ins class=\"adsbygoogle\" style=\"display:block; text-align:center;\" data-ad-client=\"ca-pub-6203283170189293\" \ndata-ad-slot=\"7303146466\" \ndata-ad-layout=\"in-article\"\ndata-ad-format=\"fluid\" data-full-width-responsive=\"true\"><\/ins>\n<script> \n(adsbygoogle = window.adsbygoogle || []).push({}); \n<\/script>\n<\/div>\n<p>2015 ve 2016 y\u0131llar\u0131nda vatanda\u015flar\u0131 din ve etnik temelde \u00f6tekile\u015ftiren Bulgar milliyet\u00e7ili\u011fi fa\u015fist alevlerle parlarken \u00f6z\u00fcnde bir i\u00e7 sava\u015f tehlikesi bar\u0131nd\u0131r\u0131yor. Kar\u015f\u0131m\u0131za dikilenler son 2 senede bize kar\u015f\u0131 8 yasa \u00e7\u0131kard\u0131lar ve d\u00fc\u015fmanl\u0131\u011f\u0131 me\u015frula\u015ft\u0131rma yolunda bir hayli yol ald\u0131lar.<\/p>\n<p>\u0130slam d\u00fc\u015fmanl\u0131\u011f\u0131 ve yabanc\u0131lar\u0131 \u00f6tekile\u015ftirme konular\u0131nda,\u00a0 DOST Birli\u011finin \u201cAtaka\u201d, VMRO ve \u201csahte patriotlarla m\u00fccadelesinde saf tutal\u0131m. Birlikten g\u00fc\u00e7 do\u011far. \u00d6fke alevlerini birlikte s\u00f6nd\u00fcrmek zorunday\u0131z.<\/p>\n<div id=\"bghab-2534568884\" class=\"bghab-yazi-altinda bghab-entity-placement\"><div class=\"bghab-adlabel\">Reklamlar<\/div><script async src=\"https:\/\/pagead2.googlesyndication.com\/pagead\/js\/adsbygoogle.js\"><\/script>\r\n<!-- bghaber-yaz\u0131-sonu -->\r\n<ins class=\"adsbygoogle\"\r\n     style=\"display:block\"\r\n     data-ad-client=\"ca-pub-6203283170189293\"\r\n     data-ad-slot=\"4222328180\"\r\n     data-ad-format=\"auto\"\r\n     data-full-width-responsive=\"true\"><\/ins>\r\n<script>\r\n     (adsbygoogle = window.adsbygoogle || []).push({});\r\n<\/script><\/div><br style=\"clear: both; display: block; float: none;\"\/>","protected":false},"excerpt":{"rendered":"<p>\u0130brahim SOYT\u00dcRK Tarih: 15 \u015eubat 2017 Bulgaristan T\u00fcrklerinin kaderi kendi ellerindedir ve her \u015fey de\u011fi\u015fecek Almanya tarihinin en y\u00fcz karas\u0131 sayfalar\u0131nda 1933\u2019te Nazi fa\u015fistlerinin Yahudi<\/p>\n","protected":false},"author":13,"featured_media":15883,"comment_status":"closed","ping_status":"closed","sticky":false,"template":"","format":"standard","meta":{"advanced_seo_description":"","jetpack_seo_html_title":"","jetpack_seo_noindex":false,"_jetpack_memberships_contains_paid_content":false,"footnotes":""},"categories":[6],"tags":[],"class_list":["post-22194","post","type-post","status-publish","format-standard","has-post-thumbnail","hentry","category-yorum"],"jetpack_featured_media_url":"https:\/\/i0.wp.com\/www.bghaber.org\/bghaber\/wp-content\/uploads\/2015\/08\/ibo-soyt.jpg?fit=426%2C492&ssl=1","jetpack_sharing_enabled":true,"jetpack_likes_enabled":true,"jetpack-related-posts":[],"jetpack_shortlink":"https:\/\/wp.me\/pc2PfJ-5LY","_links":{"self":[{"href":"https:\/\/www.bghaber.org\/bghaber\/wp-json\/wp\/v2\/posts\/22194","targetHints":{"allow":["GET"]}}],"collection":[{"href":"https:\/\/www.bghaber.org\/bghaber\/wp-json\/wp\/v2\/posts"}],"about":[{"href":"https:\/\/www.bghaber.org\/bghaber\/wp-json\/wp\/v2\/types\/post"}],"author":[{"embeddable":true,"href":"https:\/\/www.bghaber.org\/bghaber\/wp-json\/wp\/v2\/users\/13"}],"replies":[{"embeddable":true,"href":"https:\/\/www.bghaber.org\/bghaber\/wp-json\/wp\/v2\/comments?post=22194"}],"version-history":[{"count":0,"href":"https:\/\/www.bghaber.org\/bghaber\/wp-json\/wp\/v2\/posts\/22194\/revisions"}],"wp:featuredmedia":[{"embeddable":true,"href":"https:\/\/www.bghaber.org\/bghaber\/wp-json\/wp\/v2\/media\/15883"}],"wp:attachment":[{"href":"https:\/\/www.bghaber.org\/bghaber\/wp-json\/wp\/v2\/media?parent=22194"}],"wp:term":[{"taxonomy":"category","embeddable":true,"href":"https:\/\/www.bghaber.org\/bghaber\/wp-json\/wp\/v2\/categories?post=22194"},{"taxonomy":"post_tag","embeddable":true,"href":"https:\/\/www.bghaber.org\/bghaber\/wp-json\/wp\/v2\/tags?post=22194"}],"curies":[{"name":"wp","href":"https:\/\/api.w.org\/{rel}","templated":true}]}}