{"id":22190,"date":"2017-02-15T22:52:55","date_gmt":"2017-02-15T20:52:55","guid":{"rendered":"http:\/\/www.bghaber.org\/bghaber\/?p=22190"},"modified":"2017-02-15T22:53:06","modified_gmt":"2017-02-15T20:53:06","slug":"tika-baskani-cam-turkiye-onune-cikan-engellere-ragmen-her-gecen-gun-gucleniyor","status":"publish","type":"post","link":"https:\/\/www.bghaber.org\/bghaber\/tika-baskani-cam-turkiye-onune-cikan-engellere-ragmen-her-gecen-gun-gucleniyor\/","title":{"rendered":"T\u0130KA Ba\u015fkan\u0131: T\u00fcrkiye \u00f6n\u00fcne \u00e7\u0131kan engellere ra\u011fmen her ge\u00e7en g\u00fcn g\u00fc\u00e7leniyor"},"content":{"rendered":"<p>T\u0130KA Ba\u015fkan\u0131 \u00c7am, T\u00fcrkiye&#8217;nin \u00f6n\u00fcne \u00e7\u0131kar\u0131lan engellere ra\u011fmen her ge\u00e7en g\u00fcn g\u00fc\u00e7lendi\u011fine dikkati \u00e7eken \u00c7am, &#8220;Biz dayak yiye yiye b\u00fcy\u00fcmeye ba\u015flam\u0131\u015f\u0131z, g\u00fc\u00e7lenmi\u015fiz. \u00d6n\u00fcm\u00fcz \u00e7ok a\u00e7\u0131k. Umutlu olmam\u0131z laz\u0131m.&#8221; dedi.<\/p>\n<p class=\"selectionShareable\"><img data-recalc-dims=\"1\" decoding=\"async\" src=\"https:\/\/i0.wp.com\/www.bghaber.org\/bghaber\/wp-content\/uploads\/2017\/02\/tika-SCam.jpg?w=640\" \/><\/p>\n<p class=\"selectionShareable\">T\u00fcrk \u0130\u015fbirli\u011fi ve Koordinasyon Ajans\u0131 (T\u0130KA) taraf\u0131ndan Koordinat\u00f6rler Bulu\u015fmas\u0131 kapsam\u0131nda &#8220;<strong>G\u00fc\u00e7l\u00fc T\u00fcrkiye, Etkin Diplomasi-\u0130\u015fbirli\u011fi ve F\u0131rsatlar<\/strong>&#8221; ba\u015fl\u0131kl\u0131 panel d\u00fczenlendi.<\/p>\n<h3>&#8220;Sab\u0131rl\u0131 olmam\u0131z laz\u0131m&#8221;<\/h3>\n<p class=\"selectionShareable\"><strong>T\u0130KA Ba\u015fkan\u0131 Serdar \u00c7am<\/strong>, panelde yapt\u0131\u011f\u0131 konu\u015fmada kurumun \u00e7al\u0131\u015fmalar\u0131 hakk\u0131nda bilgi verdi. T\u00fcrkiye&#8217;nin \u00f6n\u00fcne \u00e7\u0131kar\u0131lan engellere ra\u011fmen her ge\u00e7en g\u00fcn g\u00fc\u00e7lendi\u011fine dikkati \u00e7eken \u00c7am, &#8220;Biz dayak yiye yiye b\u00fcy\u00fcmeye ba\u015flam\u0131\u015f\u0131z, g\u00fc\u00e7lenmi\u015fiz. \u00d6n\u00fcm\u00fcz \u00e7ok a\u00e7\u0131k. Umutlu olmam\u0131z laz\u0131m. Hedeflerimize varabilece\u011fimiz \u015fekilde de bir kapasite olu\u015fuyor. Bir tela\u015f i\u00e7indeyiz. Her \u015feyi yakalamaya, kaybetti\u011fimiz zaman\u0131 yakalamaya \u00e7al\u0131\u015f\u0131yoruz. Sab\u0131rl\u0131 olmamam\u0131z laz\u0131m.&#8221; ifadesini kulland\u0131.<\/p>\n<p class=\"selectionShareable\">\u00c7am, T\u0130KA&#8217;n\u0131n art\u0131k projelerde se\u00e7ici davranmaya ba\u015flar noktaya geldi\u011fini, d\u00fcnyan\u0131n \u00e7e\u015fitli noktalar\u0131nda yapt\u0131klar\u0131 hizmetleri anlatt\u0131. \u00c7al\u0131\u015fmalar\u0131ndan \u00f6rnekler sunan \u00c7am, T\u0130KA&#8217;n\u0131n bug\u00fcn Sivas Kangal k\u00f6peklerinin, Namibya&#8217;da \u00e7iftlik hayvanlar\u0131n\u0131 d\u00fcnyan\u0131n en h\u0131zl\u0131 canl\u0131lar\u0131ndan olan \u00e7italara kar\u015f\u0131 korumak i\u00e7in verdi\u011fi m\u00fccadeleye lojistik destek sunar hale geldi\u011fini aktard\u0131.<\/p>\n<h3>&#8220;Hem yurt i\u00e7inde hem yurt d\u0131\u015f\u0131nda epey mesafe ald\u0131k&#8221;<\/h3>\n<p class=\"selectionShareable\">Kurumun genel merkezinde yap\u0131lan panelin moderat\u00f6rl\u00fc\u011f\u00fcn\u00fc Ba\u015fbakanl\u0131k Ba\u015fm\u00fc\u015faviri S\u00f6nmez yapt\u0131. S\u00f6nmez, Berlin Duvar\u0131n\u0131n 1989&#8217;da y\u0131k\u0131lmas\u0131 ve 2001&#8217;de meydana gelen 11 Eyl\u00fcl sald\u0131r\u0131lar\u0131n\u0131n, uluslararas\u0131 ili\u015fkilerde k\u0131r\u0131lma noktas\u0131 oldu\u011funu kaydetti.<\/p><div id=\"bghab-1510549672\" class=\"bghab-icerik-icine bghab-entity-placement\"><script async src=\"\/\/pagead2.googlesyndication.com\/pagead\/js\/adsbygoogle.js?client=ca-pub-6203283170189293\" crossorigin=\"anonymous\"><\/script><ins class=\"adsbygoogle\" style=\"display:block; text-align:center;\" data-ad-client=\"ca-pub-6203283170189293\" \ndata-ad-slot=\"7303146466\" \ndata-ad-layout=\"in-article\"\ndata-ad-format=\"fluid\" data-full-width-responsive=\"true\"><\/ins>\n<script> \n(adsbygoogle = window.adsbygoogle || []).push({}); \n<\/script>\n<\/div>\n<p class=\"selectionShareable\">T\u00fcrkiye&#8217;nin de 2000&#8217;li y\u0131llar\u0131n ba\u015f\u0131ndan itibaren siyasi istikrar\u0131 yakalamas\u0131yla yeni y\u00fczy\u0131la h\u0131zl\u0131 bir giri\u015f yapt\u0131\u011f\u0131n\u0131 belirten S\u00f6nmez, &#8220;Hem yurt i\u00e7inde hem yurt d\u0131\u015f\u0131nda epey bir mesafe ald\u0131k. Akraba topluluklarla g\u00f6n\u00fcl co\u011frafyam\u0131zdaki insanlarla d\u00fcnyan\u0131n d\u00f6rt buca\u011f\u0131yla g\u00fczel ili\u015fkilerin ortaya \u00e7\u0131kt\u0131\u011f\u0131, derinle\u015fti\u011fi bir d\u00f6nem ya\u015fad\u0131k.&#8221; dedi.<\/p>\n<p class=\"selectionShareable\">S\u00f6nmez, bug\u00fcn itibar\u0131yla d\u00fcnyaya bak\u0131ld\u0131\u011f\u0131nda bulan\u0131k bir tablonun g\u00f6r\u00fcld\u00fc\u011f\u00fcn\u00fc, 2017 y\u0131l\u0131n\u0131n zorlu ge\u00e7ece\u011fini d\u00fc\u015f\u00fcnd\u00fcklerini kaydetti.<\/p>\n<p class=\"selectionShareable\">T\u00fcrkiye&#8217;nin \u00f6n\u00fcn\u00fc kesmek i\u00e7in bir\u00e7ok giri\u015fimin oldu\u011funu vurgulayan S\u00f6nmez,&#8221;En son 15 Temmuz gibi k\u00fcresel mahiyetli oldu\u011funu d\u00fc\u015f\u00fcnd\u00fc\u011f\u00fcm sald\u0131r\u0131yla ba\u015f ba\u015fa kald\u0131k. Milletimin derin ferasetiyle bunu p\u00fcsk\u00fcrtt\u00fck. Y\u00fckselen T\u00fcrkiye&#8217;nin her t\u00fcrl\u00fc yol ve y\u00f6ntemle \u00f6n\u00fcn\u00fc kesmek isteyecekler. Do\u011frudan veya dolayl\u0131 y\u00f6ntemle \u00fcst\u00fcm\u00fcze gelecekler. Fakat T\u00fcrkiye art\u0131k eski T\u00fcrkiye de\u011fil.&#8221;diye konu\u015ftu.<\/p>\n<div id=\"bghab-2058561261\" class=\"bghab-yazi-altinda bghab-entity-placement\"><div class=\"bghab-adlabel\">Reklamlar<\/div><script async src=\"https:\/\/pagead2.googlesyndication.com\/pagead\/js\/adsbygoogle.js\"><\/script>\r\n<!-- bghaber-yaz\u0131-sonu -->\r\n<ins class=\"adsbygoogle\"\r\n     style=\"display:block\"\r\n     data-ad-client=\"ca-pub-6203283170189293\"\r\n     data-ad-slot=\"4222328180\"\r\n     data-ad-format=\"auto\"\r\n     data-full-width-responsive=\"true\"><\/ins>\r\n<script>\r\n     (adsbygoogle = window.adsbygoogle || []).push({});\r\n<\/script><\/div><br style=\"clear: both; display: block; float: none;\"\/>","protected":false},"excerpt":{"rendered":"<p>T\u0130KA Ba\u015fkan\u0131 \u00c7am, T\u00fcrkiye&#8217;nin \u00f6n\u00fcne \u00e7\u0131kar\u0131lan engellere ra\u011fmen her ge\u00e7en g\u00fcn g\u00fc\u00e7lendi\u011fine dikkati \u00e7eken \u00c7am, &#8220;Biz dayak yiye yiye b\u00fcy\u00fcmeye ba\u015flam\u0131\u015f\u0131z, g\u00fc\u00e7lenmi\u015fiz. \u00d6n\u00fcm\u00fcz \u00e7ok a\u00e7\u0131k.<\/p>\n","protected":false},"author":13,"featured_media":22191,"comment_status":"closed","ping_status":"closed","sticky":false,"template":"","format":"standard","meta":{"advanced_seo_description":"","jetpack_seo_html_title":"","jetpack_seo_noindex":false,"_jetpack_memberships_contains_paid_content":false,"footnotes":""},"categories":[5],"tags":[],"class_list":["post-22190","post","type-post","status-publish","format-standard","has-post-thumbnail","hentry","category-yasam"],"jetpack_featured_media_url":"https:\/\/i0.wp.com\/www.bghaber.org\/bghaber\/wp-content\/uploads\/2017\/02\/tika-SCam.jpg?fit=864%2C486&ssl=1","jetpack_sharing_enabled":true,"jetpack_likes_enabled":true,"jetpack-related-posts":[],"jetpack_shortlink":"https:\/\/wp.me\/pc2PfJ-5LU","_links":{"self":[{"href":"https:\/\/www.bghaber.org\/bghaber\/wp-json\/wp\/v2\/posts\/22190","targetHints":{"allow":["GET"]}}],"collection":[{"href":"https:\/\/www.bghaber.org\/bghaber\/wp-json\/wp\/v2\/posts"}],"about":[{"href":"https:\/\/www.bghaber.org\/bghaber\/wp-json\/wp\/v2\/types\/post"}],"author":[{"embeddable":true,"href":"https:\/\/www.bghaber.org\/bghaber\/wp-json\/wp\/v2\/users\/13"}],"replies":[{"embeddable":true,"href":"https:\/\/www.bghaber.org\/bghaber\/wp-json\/wp\/v2\/comments?post=22190"}],"version-history":[{"count":0,"href":"https:\/\/www.bghaber.org\/bghaber\/wp-json\/wp\/v2\/posts\/22190\/revisions"}],"wp:featuredmedia":[{"embeddable":true,"href":"https:\/\/www.bghaber.org\/bghaber\/wp-json\/wp\/v2\/media\/22191"}],"wp:attachment":[{"href":"https:\/\/www.bghaber.org\/bghaber\/wp-json\/wp\/v2\/media?parent=22190"}],"wp:term":[{"taxonomy":"category","embeddable":true,"href":"https:\/\/www.bghaber.org\/bghaber\/wp-json\/wp\/v2\/categories?post=22190"},{"taxonomy":"post_tag","embeddable":true,"href":"https:\/\/www.bghaber.org\/bghaber\/wp-json\/wp\/v2\/tags?post=22190"}],"curies":[{"name":"wp","href":"https:\/\/api.w.org\/{rel}","templated":true}]}}