{"id":22188,"date":"2017-02-15T22:49:24","date_gmt":"2017-02-15T20:49:24","guid":{"rendered":"http:\/\/www.bghaber.org\/bghaber\/?p=22188"},"modified":"2017-02-15T22:49:24","modified_gmt":"2017-02-15T20:49:24","slug":"turk-vatandasi-olmayanlara-saglik-hizmeti-imkani","status":"publish","type":"post","link":"https:\/\/www.bghaber.org\/bghaber\/turk-vatandasi-olmayanlara-saglik-hizmeti-imkani\/","title":{"rendered":"T\u00fcrk vatanda\u015f\u0131 olmayanlara sa\u011fl\u0131k hizmeti imkan\u0131"},"content":{"rendered":"<p>\u00c7al\u0131\u015fma Bakan\u0131 Mehmet M\u00fcezzino\u011flu &#8220;T\u00fcrkiye vatanda\u015f\u0131 olup da birinci dereceden yak\u0131nlar\u0131 T\u00fcrkiye Cumhuriyeti vatanda\u015f\u0131 olmayanlar, ayl\u0131k 53 liral\u0131k sosyal sigortalar sa\u011fl\u0131k primi \u00f6deyerek her t\u00fcrl\u00fc sa\u011fl\u0131k hizmetini bu \u00fclkede alabilecekler&#8221; dedi.<\/p>\n<p>Balkanlar\u0131n Sorunlar\u0131 \u00c7al\u0131\u015ftay\u0131&#8217;nda 5 ana ba\u015fl\u0131k belirlediklerini vurgulayan M\u00fcezzino\u011flu, bunlardan birincisinin vatanda\u015fl\u0131kla ilgili sorunlar oldu\u011funu dile getirdi.<\/p>\n<p>M\u00fcezzino\u011flu, bunu \u0130\u00e7i\u015fleri Bakanl\u0131\u011f\u0131 ile g\u00f6r\u00fc\u015ft\u00fcklerini belirterek, \u015fu de\u011ferlendirmelerde bulundu:<\/p>\n<p>&#8220;Di\u011feri \u00e7al\u0131\u015fma izinleriyle ilgili durumlar bizi ilgilendiriyor ve in\u015fallah onlar\u0131 daha seri, daha h\u0131zl\u0131, daha b\u00fcrokrasiden ar\u0131nm\u0131\u015f \u015fekilde \u00e7\u00f6zece\u011fiz. \u0130kamet tezkerelerinin k\u0131sa s\u00fcreli olmas\u0131, bunlar\u0131 yine uzun s\u00fcreli ikamet tezkereleri pasaport s\u00fcresince olabilecek ikamet tezkerelerine d\u00f6n\u00fc\u015ft\u00fcrece\u011fiz. Baz\u0131 denklik gibi buna benzer sorunlar var ama di\u011fer bir konu daha var. Gelmi\u015f kendisi T\u00fcrkiye Cumhuriyeti vatanda\u015f\u0131 olmu\u015f ama annesi, babas\u0131 birinci derecede yak\u0131n\u0131 orada, nerede Balkanlarda nerede Bat\u0131 Trakya&#8217;da ya\u015fl\u0131 bir sa\u011fl\u0131k sorunu oldu\u011fu zaman evlad\u0131n\u0131n yan\u0131na, \u00e7ocu\u011funun yan\u0131na gelmek istiyor ama deniliyor ki &#8216;Sosyal g\u00fcvencen olmad\u0131\u011f\u0131na dair belde getir. Orada sosyal g\u00fcvencesi var nas\u0131l getirsin. Orada tedavi ol ama evlad\u0131 burada. Ahir \u00f6mr\u00fcnde evlad\u0131n\u0131n yan\u0131nda sa\u011fl\u0131k hizmeti almak istiyor. \u015eimdi bug\u00fcn plan b\u00fct\u00e7ede g\u00f6r\u00fc\u015fmeleri yap\u0131lan yasa tasar\u0131m\u0131zla in\u015fallah T\u00fcrkiye vatanda\u015f\u0131 olup da birinci dereceden yak\u0131nlar\u0131 T\u00fcrkiye Cumhuriyeti vatanda\u015f\u0131 olmayanlar, ayl\u0131k 53 liral\u0131k sosyal sigortalar sa\u011fl\u0131k primi \u00f6deyerek her t\u00fcrl\u00fc sa\u011fl\u0131k hizmetini bu \u00fclkede anavatan\u0131nda alabilecekler.&#8221;<\/p>\n<div id=\"bghab-2405274588\" class=\"bghab-yazi-altinda bghab-entity-placement\"><div class=\"bghab-adlabel\">Reklamlar<\/div><script async src=\"https:\/\/pagead2.googlesyndication.com\/pagead\/js\/adsbygoogle.js\"><\/script>\r\n<!-- bghaber-yaz\u0131-sonu -->\r\n<ins class=\"adsbygoogle\"\r\n     style=\"display:block\"\r\n     data-ad-client=\"ca-pub-6203283170189293\"\r\n     data-ad-slot=\"4222328180\"\r\n     data-ad-format=\"auto\"\r\n     data-full-width-responsive=\"true\"><\/ins>\r\n<script>\r\n     (adsbygoogle = window.adsbygoogle || []).push({});\r\n<\/script><\/div><br style=\"clear: both; display: block; float: none;\"\/>","protected":false},"excerpt":{"rendered":"<p>\u00c7al\u0131\u015fma Bakan\u0131 Mehmet M\u00fcezzino\u011flu &#8220;T\u00fcrkiye vatanda\u015f\u0131 olup da birinci dereceden yak\u0131nlar\u0131 T\u00fcrkiye Cumhuriyeti vatanda\u015f\u0131 olmayanlar, ayl\u0131k 53 liral\u0131k sosyal sigortalar sa\u011fl\u0131k primi \u00f6deyerek her t\u00fcrl\u00fc<\/p>\n","protected":false},"author":13,"featured_media":488,"comment_status":"closed","ping_status":"closed","sticky":false,"template":"","format":"standard","meta":{"advanced_seo_description":"","jetpack_seo_html_title":"","jetpack_seo_noindex":false,"_jetpack_memberships_contains_paid_content":false,"footnotes":""},"categories":[4],"tags":[],"class_list":["post-22188","post","type-post","status-publish","format-standard","has-post-thumbnail","hentry","category-siyaset"],"jetpack_featured_media_url":"https:\/\/i0.wp.com\/www.bghaber.org\/bghaber\/wp-content\/uploads\/2013\/04\/saglik-bakani-mehmet-muezzinoglu.jpg?fit=500%2C392&ssl=1","jetpack_sharing_enabled":true,"jetpack_likes_enabled":true,"jetpack-related-posts":[],"jetpack_shortlink":"https:\/\/wp.me\/pc2PfJ-5LS","_links":{"self":[{"href":"https:\/\/www.bghaber.org\/bghaber\/wp-json\/wp\/v2\/posts\/22188","targetHints":{"allow":["GET"]}}],"collection":[{"href":"https:\/\/www.bghaber.org\/bghaber\/wp-json\/wp\/v2\/posts"}],"about":[{"href":"https:\/\/www.bghaber.org\/bghaber\/wp-json\/wp\/v2\/types\/post"}],"author":[{"embeddable":true,"href":"https:\/\/www.bghaber.org\/bghaber\/wp-json\/wp\/v2\/users\/13"}],"replies":[{"embeddable":true,"href":"https:\/\/www.bghaber.org\/bghaber\/wp-json\/wp\/v2\/comments?post=22188"}],"version-history":[{"count":0,"href":"https:\/\/www.bghaber.org\/bghaber\/wp-json\/wp\/v2\/posts\/22188\/revisions"}],"wp:featuredmedia":[{"embeddable":true,"href":"https:\/\/www.bghaber.org\/bghaber\/wp-json\/wp\/v2\/media\/488"}],"wp:attachment":[{"href":"https:\/\/www.bghaber.org\/bghaber\/wp-json\/wp\/v2\/media?parent=22188"}],"wp:term":[{"taxonomy":"category","embeddable":true,"href":"https:\/\/www.bghaber.org\/bghaber\/wp-json\/wp\/v2\/categories?post=22188"},{"taxonomy":"post_tag","embeddable":true,"href":"https:\/\/www.bghaber.org\/bghaber\/wp-json\/wp\/v2\/tags?post=22188"}],"curies":[{"name":"wp","href":"https:\/\/api.w.org\/{rel}","templated":true}]}}