{"id":22185,"date":"2017-02-15T11:50:28","date_gmt":"2017-02-15T09:50:28","guid":{"rendered":"http:\/\/www.bghaber.org\/bghaber\/?p=22185"},"modified":"2017-02-15T11:50:38","modified_gmt":"2017-02-15T09:50:38","slug":"yasli-direkler-catirdiyor","status":"publish","type":"post","link":"https:\/\/www.bghaber.org\/bghaber\/yasli-direkler-catirdiyor\/","title":{"rendered":"Ya\u015fl\u0131 Direkler \u00c7at\u0131rd\u0131yor"},"content":{"rendered":"<p><img data-recalc-dims=\"1\" loading=\"lazy\" decoding=\"async\" class=\"\" src=\"https:\/\/i0.wp.com\/www.bghaber.org\/bghaber\/wp-content\/uploads\/2016\/02\/Levent-resm-300x300.jpg?resize=147%2C147\" width=\"147\" height=\"147\" \/>\u00a0Levent RAS\u0130M<\/p>\n<p>Tarih: 15. \u015eubat 2017<\/p>\n<p><strong>Her saat 6, her g\u00fcn ortalama 136 ki\u015fi \u00f6l\u00fcyor, 600 k\u00f6yde in cin yok.<\/strong><\/p>\n<p>&nbsp;<\/p>\n<p>Eskiden k\u00f6yde harman kenar\u0131na toplan\u0131r goy goy yapard\u0131k. Gen\u00e7 ku\u015fak goygoyculu\u011fu bilmeye bilir yani bo\u015f bo\u015f sallar, gevezelik ederdik. \u015eimdi gen\u00e7ler k\u00f6ylerden \u00e7ekilmi\u015f, her yer \u0131ss\u0131z oldu. K\u00f6yler \u00f6ks\u00fcz gibi.<\/p><div id=\"bghab-3001612084\" class=\"bghab-icerik-icine bghab-entity-placement\"><script async src=\"\/\/pagead2.googlesyndication.com\/pagead\/js\/adsbygoogle.js?client=ca-pub-6203283170189293\" crossorigin=\"anonymous\"><\/script><ins class=\"adsbygoogle\" style=\"display:block; text-align:center;\" data-ad-client=\"ca-pub-6203283170189293\" \ndata-ad-slot=\"7303146466\" \ndata-ad-layout=\"in-article\"\ndata-ad-format=\"fluid\" data-full-width-responsive=\"true\"><\/ins>\n<script> \n(adsbygoogle = window.adsbygoogle || []).push({}); \n<\/script>\n<\/div>\n<p>Bulgaristan\u2019da toplam 600 k\u00f6yde insan kalmad\u0131. K\u0131rcaali ve Deliorman k\u00f6ylerinin bir\u00e7o\u011fu da bo\u015fald\u0131. Kalanlar sanki k\u00f6y bek\u00e7ili\u011fi yap\u0131yor.<\/p>\n<p>Arabaya motora binip birisi zikzak \u00e7izsin diye bekleyenler var.<\/p>\n<p>Eskiden \u00f6nemli bir i\u015f yapacak olsan, ayn\u0131 i\u015fi daha \u00f6nce yapm\u0131\u015f olan biri dikilirdi ba\u015f\u0131na ve \u201c\u00f6nce toza, sonra ta\u015fa \u201c vurmay\u0131 \u00f6\u011fren nasihatleri d\u00f6kerdi.<\/p>\n<p>Memleket bo\u015fal\u0131yor. Tutturmu\u015flar biz 7 milyonuz masal\u0131n\u0131 sak\u0131z gibi \u00e7i\u011fniyorlar. Oysa \u00f6nce \u201c<strong>etnik temizlik<\/strong>\u201d dediler ard\u0131 kesilmedi. 720 bin karde\u015fimiz art\u0131k T\u00fcrkiye\u2019de. Biz yap\u0131\u015fkan bir milletiz, birbirimizden zor kopuyoruz, T\u00fcrkl\u00fc\u011f\u00fcm\u00fczde g\u00fc\u00e7l\u00fc bir i\u00e7 yap\u0131\u015fkanl\u0131k var. Hiyerar\u015fiye sonsuz sayg\u0131m\u0131z ve \u00f6nc\u00fc iradesine ba\u011fl\u0131l\u0131\u011f\u0131m\u0131z s\u0131n\u0131rs\u0131z. \u0130\u015fte bu niteliklerimiz T\u00fcrkl\u00fc\u011f\u00fcm\u00fcz\u00fc kayna\u015ft\u0131r\u0131yor, bizi ayn\u0131 ruhta bulu\u015fturuyor. Bat\u0131ya gidenler de 2 milyondan fazla, en kalabal\u0131k koloniler \u0130spanya ve \u0130talya\u2019da bulunuyor.<\/p>\n<p>Bulgarlar da\u011f yama\u00e7 k\u00f6ylerinden il merkezlerine akarken il merkezlerinin yerlileri de d\u0131\u015f \u00fclkelere g\u00f6\u00e7 ediyor. Bulgaristan\u2019daki k\u00f6y toplam\u0131 5\u00a0 bindir. 1990\u2019dan beri 6 bin k\u00f6y\u00fcn sakinlerinin ya hepsi \u00f6lm\u00fc\u015f ya da ayakta kalanlardan birisi k\u00f6yde kalm\u0131\u015f ve bek\u00e7ilik yap\u0131yor.<\/p><div id=\"bghab-279717398\" class=\"bghab-icerik-icine-10-paragraf bghab-entity-placement\"><script async src=\"\/\/pagead2.googlesyndication.com\/pagead\/js\/adsbygoogle.js?client=ca-pub-6203283170189293\" crossorigin=\"anonymous\"><\/script><ins class=\"adsbygoogle\" style=\"display:block; text-align:center;\" data-ad-client=\"ca-pub-6203283170189293\" \ndata-ad-slot=\"7303146466\" \ndata-ad-layout=\"in-article\"\ndata-ad-format=\"fluid\" data-full-width-responsive=\"true\"><\/ins>\n<script> \n(adsbygoogle = window.adsbygoogle || []).push({}); \n<\/script>\n<\/div>\n<p>K\u00f6ylerin insans\u0131zla\u015fmas\u0131n\u0131n sebepleri ba\u015fl\u0131ca ekonomik olsa da b\u00f6lgelere g\u00f6re de\u011fi\u015fiyor. Mesela bir Tuna ili olan Vidin\u2019de i\u015f ve d\u0131\u015f g\u00f6\u00e7 adeta yar\u0131\u015f ediyor. \u201c<strong>G\u00fcn gelir d\u00f6neriz<\/strong>\u201d deyip kap\u0131y\u0131 \u00e7eken k\u00f6y\u00fcn\u00fc terk ediyor. K\u00f6y\u00fcnden geri d\u00f6nmemek niyetiyle \u00e7\u0131kan 100 ki\u015fi Vidin \u015fehrine yerle\u015fmeye \u00e7al\u0131\u015f\u0131rken, \u015fehrin sakinlerinden 200 ki\u015fi ayn\u0131 zamanda bavul s\u0131k\u0131yor. \u00a0Tuna k\u0131y\u0131s\u0131 sakinleri ye\u015fil, g\u00fczel, sulak, sular\u0131 \u015fifal\u0131 diye anlatt\u0131\u011f\u0131m\u0131z yerle\u015fim yerlerini ter edince ya \u0130spanya\u2019ya konuyor ve orada i\u015f bulup yuva kurmaya \u00e7al\u0131\u015f\u0131yorlar. Bulgar h\u00fck\u00fcmeti oralarda Bulgarca kurslar\u0131 ve k\u00fclt\u00fcrel etkinlik merkezleri a\u00e7\u0131yor. Vidin y\u00f6resindeki ge\u00e7imsizlik \u00e7ocuk \u00f6l\u00fcmlerini \u00e7ok t\u0131rmand\u0131rd\u0131. Sa\u011fl\u0131k Bakanl\u0131\u011f\u0131 verilerine g\u00f6re, ge\u00e7en sene ilde 300 \u00e7ocuk d\u00fcnyaya gelmi\u015f, fakat \u00e7ocuk da bu d\u00fcnyadan gitmi\u015f.<\/p>\n<p>Osmanl\u0131dan ayr\u0131lmazdan \u00f6nce, 1875 y\u0131l\u0131nda yap\u0131lan say\u0131ma g\u00f6re, Vidin sanca\u011f\u0131nda 291 bin Bulgar, 40 bin T\u00fcrk, 29 bin Ulah, 5\u00a0500 \u00c7ingene, 2 000Yahudi ve ba\u015fka etnik az\u0131nl\u0131klardan da 10 bin ki\u015fi ya\u015f\u0131yordu.<\/p>\n<p>1934 y\u0131l\u0131nda yap\u0131lan se\u00e7im Vidin ilinde 191\u00a0784 ki\u015fi ya\u015f\u0131yordu. \u00a0Bunlardan 55 bini il merkezi Vidin\u2019de kal\u0131yordu. 1985\u2019te bu rakam 87\u00a0000\u2019ne y\u00fckselmi\u015fti. B\u00f6lgedeki b\u00fct\u00fcn da\u011f k\u00f6yleri bo\u015falm\u0131\u015ft\u0131r. Bug\u00fcn Vidin ilinde ya\u015fayan her \u00fc\u00e7 ki\u015fiden biri emeklidir. T\u00fcrk kalmam\u0131\u015ft\u0131r.<\/p>\n<p>Bu konular \u00fczerinde d\u00fc\u015f\u00fcnenlerin fikirlerine kulak verildi\u011finde, kalan insanlar\u0131n ayn\u0131 b\u00f6lgede tutulabilmesi i\u00e7in mutlaka hayvanc\u0131l\u0131k, ar\u0131c\u0131l\u0131k ve organik tar\u0131m geli\u015ftirmek zorunludur. Son 10 y\u0131lda b\u00f6ygeye yat\u0131r\u0131m yap\u0131lmam\u0131\u015ft\u0131r. Biz M\u00fcsl\u00fcman T\u00fcrkler olarak Vidin-Tuna k\u0131y\u0131s\u0131nda art\u0131k bitmi\u015fiz, \u015fimdi hala tutunmaya \u00e7al\u0131\u015ft\u0131\u011f\u0131m\u0131z Karadeniz ilimiz Burgaz y\u00f6resindeki duruma bir g\u00f6z atal\u0131m.<\/p>\n<p>Burgaz ilinde n\u00fcfusu \u00e7ok fazlas\u0131yla ya\u015flanm\u0131\u015f durumda. T\u00fcrkiye ile Dede a\u011fa\u00e7 s\u0131n\u0131r kap\u0131s\u0131nda bulunan \u00a0Malko T\u0131rnovo belediyesindekilerin say\u0131s\u0131 \u00e7ok azalm\u0131\u015f. Daha \u00f6nce 7 bin ki\u015finin ya\u015fad\u0131\u011f\u0131 bu s\u0131n\u0131r \u015fehrinde ancak 2\u00a0500 ki\u015fi kalm\u0131\u015f. Her g\u00fcn 2 cenaze kalkan \u015fehrin \u00e7an sesleri s\u0131n\u0131r kap\u0131s\u0131nda i\u015fitiliyor. Burada dikkat \u00e7eken n\u00fcfus rakamlar\u0131n\u0131n ilk s\u0131ras\u0131nda, T\u00fcrklerin ya\u015fad\u0131\u011f\u0131 Ruen b\u00f6lgesinden 2\u00a0000 ki\u015finin, Karnobat belediyesi k\u00f6ylerinden 600 ve Sungurlare \u015fehri sakinlerinden de 2 000 ki\u015finin son 10 y\u0131lda Bulgaristan\u2019dan d\u0131\u015f \u00fclkeye g\u00f6\u00e7 etmesi oluyor.\u00a0 Sozopol gibi g\u00f6zde bir deniz sayfiye merkezinden de 2\u00a0000 ki\u015finin Burgaz\u2019a ta\u015f\u0131nmas\u0131 d\u00fc\u015f\u00fcnd\u00fcr\u00fcc\u00fcd\u00fcr. Bulgar \u0130statistik Enstit\u00fcs\u00fc verilerine g\u00f6re bu Karadeniz ilimizde n\u00fcfus 120 bin ki\u015fi azalm\u0131\u015ft\u0131r.<\/p><div id=\"bghab-337857796\" class=\"bghab-icerik-icine-15-paragraf bghab-entity-placement\"><script async src=\"\/\/pagead2.googlesyndication.com\/pagead\/js\/adsbygoogle.js?client=ca-pub-6203283170189293\" crossorigin=\"anonymous\"><\/script><ins class=\"adsbygoogle\" style=\"display:block; text-align:center;\" data-ad-client=\"ca-pub-6203283170189293\" \ndata-ad-slot=\"7303146466\" \ndata-ad-layout=\"in-article\"\ndata-ad-format=\"fluid\" data-full-width-responsive=\"true\"><\/ins>\n<script> \n(adsbygoogle = window.adsbygoogle || []).push({}); \n<\/script>\n<\/div>\n<p>1991 y\u0131l\u0131nda Filip Dimitrov h\u00fck\u00fcmetinin Bulgaristan\u2019da kooperatif\u00e7ili\u011fi da\u011f\u0131tmas\u0131, M\u00fcsl\u00fcman T\u00fcrklere 1984\u20131989 d\u00f6neminde yap\u0131lan zul\u00fcm esnas\u0131nda tar\u0131m \u00fcr\u00fcnleri d\u0131\u015f pazarlar\u0131m\u0131z\u0131n kapanmas\u0131, bu arada i\u015flenmemi\u015f, yar\u0131 i\u015flenmi\u015f ve teknik tar\u0131m \u00fcr\u00fcnlerimize Rusya pazarlar\u0131n\u0131n da kapanmas\u0131 gelir kaynaklar\u0131m\u0131z\u0131 \u00e7ok daraltt\u0131. \u0130\u00e7 g\u00f6\u00e7 ya\u015famadan, medenile\u015fme yolunda pi\u015fmeden bir as\u0131rda 6 defa do\u011frudan d\u0131\u015f \u00fclkeye g\u00f6\u00e7e zorlanan atalar\u0131m\u0131z ve karde\u015flerimizden sonra s\u0131ralar\u0131m\u0131z \u00e7ok seyreldi. Bir\u00e7ok yerde art\u0131k saf tutam\u0131yoruz.<\/p>\n<p>Bizim ger\u00e7ek durumumuzun daha iyi anla\u015f\u0131labilmesi i\u00e7in memleketimin de\u011fi\u015fik b\u00f6lgelerinden ger\u00e7ek \u00f6rnekler veriyorum. Bizim anadil e\u011fitimi olanaklar\u0131m\u0131z ola\u011fan\u00fcst\u00fc daralt\u0131lm\u0131\u015f oldu\u011funu defalarca yazd\u0131m. Kazanl\u0131k k\u00f6ylerinde T\u00fcrklerin de ya\u015fad\u0131\u011f\u0131 Stara Zagoya ilinde okuryazar olmayan gen\u00e7lerin oran\u0131 2012\u2019de % 7.7 iken, 2014 sonunda art\u0131k 8.4 olmu\u015f. \u00a0Boyko Borisov h\u00fck\u00fcmeti sa\u011fl\u0131k, e\u011fitim ve ekonomi bakanl\u0131klar\u0131n\u0131 hi\u00e7bir konuda deneyimleri olmayan reformculara vermekle yanl\u0131\u015f yapt\u0131. Ekonomi, sosyal ve k\u00fclt\u00fcrel ya\u015fam her dalda \u00e7\u00f6k\u00fcyor.<\/p>\n<p>Son haftalarda \u00fclkemizde ya\u015fl\u0131lar fuar\u0131 gibi bir \u015fey oluyor. Emekli toplant\u0131lar\u0131 yap\u0131l\u0131yor. Se\u00e7imde oy isteyenler b\u00fcy\u00fck b\u00fcy\u00fck vaatlerde bulunuyorlar. Emekli maa\u015flar\u0131n\u0131 300 leva yapacaklarm\u0131\u015f. Eminim se\u00e7imi kazansalar ne yap\u0131p ne yaparlar ama bizim k\u00f6yl\u00fclerimize \u015fu 300 levay\u0131 vermezler. Sosyal yard\u0131m programlar\u0131 kesildi. Toplum ya\u015fland\u0131. Bitiyoruz.<\/p>\n<p>Harmanl\u0131\u2019deki s\u0131\u011f\u0131nmac\u0131 kamp\u0131ndaki ayaklanmadan sonra, Suriyeli sava\u015f ka\u00e7a\u011f\u0131 ailelere ge\u00e7ici ikamet belgesi vermeye ba\u015flad\u0131lar. Devlet kendilerine Bulgaristan\u2019da kalabilirsiniz diyor, Bulgar belediyeler kay\u0131tlar\u0131n\u0131 yapm\u0131yor. Elin Pelin kasabas\u0131nda 30 Suriyeli aile sokakta kald\u0131. Ya\u015fl\u0131 bir s\u0131\u011f\u0131nmac\u0131 \u00e7\u0131kt\u0131\u00a0 \u201cbTV\u201d sabah program\u0131nda konu\u015ftu: <strong>Dedesinin vaktiyle Diyar Bak\u0131r Kalesinden ka\u00e7an Bulgar havarileri Halep\u2019te misafir etti\u011fini, ceplerine para koyup sonra da yolunu bulup Viyana\u2019ya g\u00f6nderdi\u011fini, kendilerine yard\u0131m ettiklerini anlatt\u0131. Ard\u0131ndan siz bize yard\u0131m etmek zorundas\u0131n\u0131z, \u00e7\u00fcnk\u00fc benim \u015fehrimdeki b\u00fct\u00fcn silahlar Bulgaristan \u00fcr\u00fcn\u00fcd\u00fcr. D\u00fc\u015fmanlar\u0131m\u0131z\u0131 silahland\u0131rd\u0131\u011f\u0131n\u0131za g\u00f6re, siz bu i\u015fin buraya varaca\u011f\u0131n\u0131 biliyordunuz. Evsiz barks\u0131z kald\u0131k ve siz bize yard\u0131m etmek zorundas\u0131n\u0131z, <\/strong>diye konu\u015ftu.<\/p>\n<p>Memleketimiz kayn\u0131yor.<\/p><div id=\"bghab-2994128589\" class=\"bghab-icerik-icine-20-paragraf bghab-entity-placement\"><script async src=\"\/\/pagead2.googlesyndication.com\/pagead\/js\/adsbygoogle.js?client=ca-pub-6203283170189293\" crossorigin=\"anonymous\"><\/script><ins class=\"adsbygoogle\" style=\"display:block; text-align:center;\" data-ad-client=\"ca-pub-6203283170189293\" \ndata-ad-slot=\"7303146466\" \ndata-ad-layout=\"in-article\"\ndata-ad-format=\"fluid\" data-full-width-responsive=\"true\"><\/ins>\n<script> \n(adsbygoogle = window.adsbygoogle || []).push({}); \n<\/script>\n<\/div>\n<p>Orta direk olan ya\u015fl\u0131lar k\u00f6yden \u00e7\u0131kacak durumda de\u011fil. Toplum \u00e7at\u0131rd\u0131yor.<\/p>\n<p>\u00d6te yandan \u0131rk\u00e7\u0131l\u0131k t\u00fcm s\u0131n\u0131rlar\u0131 a\u015fm\u0131\u015f k\u00fckredik\u00e7e k\u00fckr\u00fcyor. M\u00fcsl\u00fcman d\u00fc\u015fmanl\u0131\u011f\u0131 kemikle\u015fiyor.<\/p>\n<p>Son hesapta ka\u00e7anlar\u0131 yerinden yurdundan kovalayan gizemli bir korku var!<\/p>\n<p><strong>Her saat 6, her g\u00fcn ortalama 136 ki\u015fi \u00f6l\u00fcyor, 600 k\u00f6yde in cin top oynuyor.<\/strong><\/p>\n<div id=\"bghab-2236725319\" class=\"bghab-yazi-altinda bghab-entity-placement\"><div class=\"bghab-adlabel\">Reklamlar<\/div><script async src=\"https:\/\/pagead2.googlesyndication.com\/pagead\/js\/adsbygoogle.js\"><\/script>\r\n<!-- bghaber-yaz\u0131-sonu -->\r\n<ins class=\"adsbygoogle\"\r\n     style=\"display:block\"\r\n     data-ad-client=\"ca-pub-6203283170189293\"\r\n     data-ad-slot=\"4222328180\"\r\n     data-ad-format=\"auto\"\r\n     data-full-width-responsive=\"true\"><\/ins>\r\n<script>\r\n     (adsbygoogle = window.adsbygoogle || []).push({});\r\n<\/script><\/div><br style=\"clear: both; display: block; float: none;\"\/>","protected":false},"excerpt":{"rendered":"<p>\u00a0Levent RAS\u0130M Tarih: 15. \u015eubat 2017 Her saat 6, her g\u00fcn ortalama 136 ki\u015fi \u00f6l\u00fcyor, 600 k\u00f6yde in cin yok. &nbsp; Eskiden k\u00f6yde harman kenar\u0131na<\/p>\n","protected":false},"author":13,"featured_media":17954,"comment_status":"closed","ping_status":"closed","sticky":false,"template":"","format":"standard","meta":{"advanced_seo_description":"","jetpack_seo_html_title":"","jetpack_seo_noindex":false,"_jetpack_memberships_contains_paid_content":false,"footnotes":""},"categories":[6],"tags":[],"class_list":["post-22185","post","type-post","status-publish","format-standard","has-post-thumbnail","hentry","category-yorum"],"jetpack_featured_media_url":"https:\/\/i0.wp.com\/www.bghaber.org\/bghaber\/wp-content\/uploads\/2016\/02\/Levent-resm.jpg?fit=325%2C326&ssl=1","jetpack_sharing_enabled":true,"jetpack_likes_enabled":true,"jetpack-related-posts":[],"jetpack_shortlink":"https:\/\/wp.me\/pc2PfJ-5LP","_links":{"self":[{"href":"https:\/\/www.bghaber.org\/bghaber\/wp-json\/wp\/v2\/posts\/22185","targetHints":{"allow":["GET"]}}],"collection":[{"href":"https:\/\/www.bghaber.org\/bghaber\/wp-json\/wp\/v2\/posts"}],"about":[{"href":"https:\/\/www.bghaber.org\/bghaber\/wp-json\/wp\/v2\/types\/post"}],"author":[{"embeddable":true,"href":"https:\/\/www.bghaber.org\/bghaber\/wp-json\/wp\/v2\/users\/13"}],"replies":[{"embeddable":true,"href":"https:\/\/www.bghaber.org\/bghaber\/wp-json\/wp\/v2\/comments?post=22185"}],"version-history":[{"count":0,"href":"https:\/\/www.bghaber.org\/bghaber\/wp-json\/wp\/v2\/posts\/22185\/revisions"}],"wp:featuredmedia":[{"embeddable":true,"href":"https:\/\/www.bghaber.org\/bghaber\/wp-json\/wp\/v2\/media\/17954"}],"wp:attachment":[{"href":"https:\/\/www.bghaber.org\/bghaber\/wp-json\/wp\/v2\/media?parent=22185"}],"wp:term":[{"taxonomy":"category","embeddable":true,"href":"https:\/\/www.bghaber.org\/bghaber\/wp-json\/wp\/v2\/categories?post=22185"},{"taxonomy":"post_tag","embeddable":true,"href":"https:\/\/www.bghaber.org\/bghaber\/wp-json\/wp\/v2\/tags?post=22185"}],"curies":[{"name":"wp","href":"https:\/\/api.w.org\/{rel}","templated":true}]}}