{"id":22182,"date":"2017-02-14T23:04:05","date_gmt":"2017-02-14T21:04:05","guid":{"rendered":"http:\/\/www.bghaber.org\/bghaber\/?p=22182"},"modified":"2017-02-14T23:04:05","modified_gmt":"2017-02-14T21:04:05","slug":"referandum-takvimi-resmi-gazetede-yayimlandi","status":"publish","type":"post","link":"https:\/\/www.bghaber.org\/bghaber\/referandum-takvimi-resmi-gazetede-yayimlandi\/","title":{"rendered":"Referandum takvimi Resmi Gazete\u2019de yay\u0131mland\u0131!"},"content":{"rendered":"<p><strong>16 Nisan\u2019da yap\u0131lacak olan anayasa de\u011fi\u015fikli\u011fi referandumu se\u00e7im takvimi, Cumhurba\u015fkan\u0131 Recep Tayyip Erdo\u011fan\u2019\u0131n teklife onay vermesinin ard\u0131ndan Resmi Gazete\u2019de yay\u0131mland\u0131.<\/strong><\/p>\n<p>Takvime g\u00f6re referandum s\u00fcreci 16 \u015eubat 2017 Per\u015fembe g\u00fcn\u00fc ba\u015flayacak. Yurt i\u00e7i ve yurt d\u0131\u015f\u0131 se\u00e7men k\u00fct\u00fckleri 10 Mart 2017 Cuma g\u00fcn\u00fc kesinle\u015fecek. Yurt d\u0131\u015f\u0131ndaki vatanda\u015flar oylar\u0131n\u0131 27 Mart-9 Nisan tarihleri aras\u0131nda kullanacak.<\/p>\n<p><img data-recalc-dims=\"1\" decoding=\"async\" src=\"https:\/\/i0.wp.com\/www.bghaber.org\/bghaber\/wp-content\/uploads\/2017\/02\/referandum-takvimi-resmi-gazetede-yayimlandi.jpg?w=640\" \/><\/p>\n<p><strong>Se\u00e7im takviminin \u00f6nemli a\u015famalar\u0131 \u015f\u00f6yle:<\/strong><\/p>\n<p>18 \u015eubat: Muhtarl\u0131k b\u00f6lgesi ask\u0131 listeleri Sabah 08.00\u2019de ask\u0131ya \u00e7\u0131kar\u0131lacak. Tutuklular ile taksirli su\u00e7lardan h\u00fck\u00fcml\u00fclere ili\u015fkin ask\u0131 listeleri de g\u00fcncellenmek \u00fczere ask\u0131ya \u00e7\u0131kar\u0131lacak ve itirazlar ba\u015flayacak. Yurt d\u0131\u015f\u0131 se\u00e7men k\u00fct\u00fc\u011f\u00fc, \u201cwww.ysk.gov.tr\u201d adresinden ilan edilecek ve itirazlar ba\u015flayacak. YSK\u2019n\u0131n www.ysk.gov.tr adresinden bina esas\u0131na g\u00f6re d\u00fczenlenen se\u00e7men kay\u0131tlar\u0131n\u0131n sorgulanmas\u0131na ba\u015flanacak.<\/p>\n<p>26 \u015eubat: Muhtarl\u0131k b\u00f6lgesi ask\u0131 listeleri ask\u0131dan indirilecek. Tutuklular ile taksirli su\u00e7lardan h\u00fck\u00fcml\u00fclere ili\u015fkin ask\u0131 listeleri ask\u0131dan indirilecek ve itirazlar sona erecek. Yurt D\u0131\u015f\u0131 Se\u00e7men K\u00fct\u00fc\u011f\u00fcne yap\u0131lacak itirazlar T\u00fcrkiye saati ile 17.00\u2019de sona erecek. Bina esas\u0131na g\u00f6re d\u00fczenlenen se\u00e7men kay\u0131tlar\u0131, www.ysk.gov.tr adresinden sorgulanacak.<\/p><div id=\"bghab-3845418270\" class=\"bghab-icerik-icine bghab-entity-placement\"><script async src=\"\/\/pagead2.googlesyndication.com\/pagead\/js\/adsbygoogle.js?client=ca-pub-6203283170189293\" crossorigin=\"anonymous\"><\/script><ins class=\"adsbygoogle\" style=\"display:block; text-align:center;\" data-ad-client=\"ca-pub-6203283170189293\" \ndata-ad-slot=\"7303146466\" \ndata-ad-layout=\"in-article\"\ndata-ad-format=\"fluid\" data-full-width-responsive=\"true\"><\/ins>\n<script> \n(adsbygoogle = window.adsbygoogle || []).push({}); \n<\/script>\n<\/div>\n<p>10 Mart: Yurt i\u00e7i ve yurt d\u0131\u015f\u0131 se\u00e7men k\u00fct\u00fckleri kesinle\u015ftirilecek. Yurt i\u00e7i se\u00e7menlerin oy verece\u011fi yer ve sand\u0131klar belirlenecek. Yurt d\u0131\u015f\u0131 se\u00e7menler i\u00e7in oy kullan\u0131lacak temsilcilik, tarih aral\u0131\u011f\u0131 ve yer bilgileri \u201cwww.ysk.gov.tr\u201d adresinden ilan edilecek.<\/p>\n<p>11 Mart: Halk oylamas\u0131nda kullan\u0131lacak birle\u015fik oy pusulalar\u0131 bas\u0131lacak, bas\u0131m\u0131 tamamland\u0131k\u00e7a plan dahilinde da\u011f\u0131t\u0131lacak. G\u00fcmr\u00fck kap\u0131lar\u0131nda kullan\u0131lacak ara\u00e7 ve gere\u00e7ler ilgili se\u00e7im kurullar\u0131na g\u00f6nderilmeye ba\u015flanacak.<\/p>\n<p>27 Mart: G\u00fcmr\u00fck kap\u0131lar\u0131nda ve yurt d\u0131\u015f\u0131 temsilciliklerinde oy verme i\u015flemine ba\u015flanacak.<\/p>\n<p>30 Mart: TBMM\u2019de grubu bulunan siyasi partilerin radyo ve televizyonda propaganda ba\u015fvurular\u0131 ve propaganda s\u0131ras\u0131n\u0131n belirlenmesi i\u00e7in kuraya kat\u0131lacak temsilcisi ile TRT temsilcilerinin YSK\u2019ya bildirilmesinin son g\u00fcn\u00fc olacak. Konu\u015fma yapmay\u0131 dilemesi halinde, Cumhurba\u015fkan\u0131n\u0131n yapaca\u011f\u0131 konu\u015fmalar i\u00e7in yay\u0131n zaman\u0131 ve s\u0131ras\u0131 tespit edilecek.<\/p>\n<p>31 Mart: Ba\u015fvuran siyasi partilerin radyo ve televizyonda yapacaklar\u0131 propaganda konu\u015fmalar\u0131n\u0131n yay\u0131n ve zaman s\u0131ralar\u0131n\u0131n belirlenmesi i\u00e7in YSK taraf\u0131ndan ad \u00e7ekilecek.<\/p><div id=\"bghab-611050115\" class=\"bghab-icerik-icine-10-paragraf bghab-entity-placement\"><script async src=\"\/\/pagead2.googlesyndication.com\/pagead\/js\/adsbygoogle.js?client=ca-pub-6203283170189293\" crossorigin=\"anonymous\"><\/script><ins class=\"adsbygoogle\" style=\"display:block; text-align:center;\" data-ad-client=\"ca-pub-6203283170189293\" \ndata-ad-slot=\"7303146466\" \ndata-ad-layout=\"in-article\"\ndata-ad-format=\"fluid\" data-full-width-responsive=\"true\"><\/ins>\n<script> \n(adsbygoogle = window.adsbygoogle || []).push({}); \n<\/script>\n<\/div>\n<p>9 Nisan: Yurt d\u0131\u015f\u0131 temsilciliklerde oy verme i\u015flemi sona erecek. Propaganda serbestli\u011fi ve bir k\u0131s\u0131m se\u00e7im yasaklar\u0131 ba\u015flayacak. Radyo ve televizyon propaganda konu\u015fmalar\u0131na ba\u015flanacak.<\/p>\n<p>12 Nisan: \u0130l\u00e7e se\u00e7im kurulu ba\u015fkanl\u0131klar\u0131nca malzeme torbalar\u0131 sand\u0131k kurulu ba\u015fkanlar\u0131na teslim edilecek.<\/p>\n<p>15 Nisan: Se\u00e7im propagandas\u0131 saat 18.00\u2019de sona erecek.<\/p>\n<p>16 Nisan: Oy verme g\u00fcn\u00fc.<\/p>\n<div id=\"bghab-2701316252\" class=\"bghab-yazi-altinda bghab-entity-placement\"><div class=\"bghab-adlabel\">Reklamlar<\/div><script async src=\"https:\/\/pagead2.googlesyndication.com\/pagead\/js\/adsbygoogle.js\"><\/script>\r\n<!-- bghaber-yaz\u0131-sonu -->\r\n<ins class=\"adsbygoogle\"\r\n     style=\"display:block\"\r\n     data-ad-client=\"ca-pub-6203283170189293\"\r\n     data-ad-slot=\"4222328180\"\r\n     data-ad-format=\"auto\"\r\n     data-full-width-responsive=\"true\"><\/ins>\r\n<script>\r\n     (adsbygoogle = window.adsbygoogle || []).push({});\r\n<\/script><\/div><br style=\"clear: both; display: block; float: none;\"\/>","protected":false},"excerpt":{"rendered":"<p>16 Nisan\u2019da yap\u0131lacak olan anayasa de\u011fi\u015fikli\u011fi referandumu se\u00e7im takvimi, Cumhurba\u015fkan\u0131 Recep Tayyip Erdo\u011fan\u2019\u0131n teklife onay vermesinin ard\u0131ndan Resmi Gazete\u2019de yay\u0131mland\u0131. Takvime g\u00f6re referandum s\u00fcreci 16<\/p>\n","protected":false},"author":13,"featured_media":22183,"comment_status":"closed","ping_status":"closed","sticky":false,"template":"","format":"standard","meta":{"advanced_seo_description":"","jetpack_seo_html_title":"","jetpack_seo_noindex":false,"_jetpack_memberships_contains_paid_content":false,"footnotes":""},"categories":[4],"tags":[],"class_list":["post-22182","post","type-post","status-publish","format-standard","has-post-thumbnail","hentry","category-siyaset"],"jetpack_featured_media_url":"https:\/\/i0.wp.com\/www.bghaber.org\/bghaber\/wp-content\/uploads\/2017\/02\/referandum-takvimi-resmi-gazetede-yayimlandi.jpg?fit=625%2C313&ssl=1","jetpack_sharing_enabled":true,"jetpack_likes_enabled":true,"jetpack-related-posts":[],"jetpack_shortlink":"https:\/\/wp.me\/pc2PfJ-5LM","_links":{"self":[{"href":"https:\/\/www.bghaber.org\/bghaber\/wp-json\/wp\/v2\/posts\/22182","targetHints":{"allow":["GET"]}}],"collection":[{"href":"https:\/\/www.bghaber.org\/bghaber\/wp-json\/wp\/v2\/posts"}],"about":[{"href":"https:\/\/www.bghaber.org\/bghaber\/wp-json\/wp\/v2\/types\/post"}],"author":[{"embeddable":true,"href":"https:\/\/www.bghaber.org\/bghaber\/wp-json\/wp\/v2\/users\/13"}],"replies":[{"embeddable":true,"href":"https:\/\/www.bghaber.org\/bghaber\/wp-json\/wp\/v2\/comments?post=22182"}],"version-history":[{"count":0,"href":"https:\/\/www.bghaber.org\/bghaber\/wp-json\/wp\/v2\/posts\/22182\/revisions"}],"wp:featuredmedia":[{"embeddable":true,"href":"https:\/\/www.bghaber.org\/bghaber\/wp-json\/wp\/v2\/media\/22183"}],"wp:attachment":[{"href":"https:\/\/www.bghaber.org\/bghaber\/wp-json\/wp\/v2\/media?parent=22182"}],"wp:term":[{"taxonomy":"category","embeddable":true,"href":"https:\/\/www.bghaber.org\/bghaber\/wp-json\/wp\/v2\/categories?post=22182"},{"taxonomy":"post_tag","embeddable":true,"href":"https:\/\/www.bghaber.org\/bghaber\/wp-json\/wp\/v2\/tags?post=22182"}],"curies":[{"name":"wp","href":"https:\/\/api.w.org\/{rel}","templated":true}]}}