{"id":22174,"date":"2017-02-13T21:35:52","date_gmt":"2017-02-13T19:35:52","guid":{"rendered":"http:\/\/www.bghaber.org\/bghaber\/?p=22174"},"modified":"2019-06-19T20:34:54","modified_gmt":"2019-06-19T17:34:54","slug":"tabanda-birlik-olalim","status":"publish","type":"post","link":"https:\/\/www.bghaber.org\/bghaber\/tabanda-birlik-olalim\/","title":{"rendered":"Tabanda Birlik Olal\u0131m"},"content":{"rendered":"<p>Raziye \u00c7ak\u0131r<\/p>\n<p>Tarih: 13 \u015eubat 2017<\/p>\n<p><strong>Ne Mutlu T\u00fcrk\u00fcm Diyene!<\/strong><\/p>\n<p>Biz Bulgaristan T\u00fcrkleri k\u00f6kten \u00e7atlay\u0131p karde\u015fle\u015fen ve bitkiler gibi ye\u015feren bir milletiz. Serpilip a\u00e7arak ve tohum ba\u011flay\u0131p sa\u00e7arak \u00fcr\u00fcyoruz demesek de olur. Do\u011fa\u2019da bizim dayan\u0131kl\u0131l\u0131\u011f\u0131m\u0131z\u0131 ve olacak olan\u0131 mutlaka oldurabildi\u011fimizi g\u00f6steren do\u011fada \u00f6rnekler \u00e7oktur.<\/p>\n<p>Bir bak\u0131ma me\u015fe a\u011fc\u0131na benzedi\u011fimizi s\u00f6yleyebilirim. Orman k\u00f6ylerinden gelenlerimiz g\u00f6zlemi\u015ftir. 12 \u00e7e\u015fit me\u015femiz vard\u0131r. Birbirinden ay\u0131rt edilmeleri ancak, kesip bi\u00e7tikten ve f\u0131r\u0131nland\u0131ktan sonra tahta \u00fczerindeki renk farkl\u0131l\u0131klar\u0131nda kendini g\u00f6sterir. Ormanda ayaktayken hepsinin ortak bir \u00f6zellikleri vard\u0131r. Bu \u00f6zellik 6 senede bir kendini g\u00f6sterir.<\/p><div id=\"bghab-3280190446\" class=\"bghab-icerik-icine bghab-entity-placement\"><script async src=\"\/\/pagead2.googlesyndication.com\/pagead\/js\/adsbygoogle.js?client=ca-pub-6203283170189293\" crossorigin=\"anonymous\"><\/script><ins class=\"adsbygoogle\" style=\"display:block; text-align:center;\" data-ad-client=\"ca-pub-6203283170189293\" \ndata-ad-slot=\"7303146466\" \ndata-ad-layout=\"in-article\"\ndata-ad-format=\"fluid\" data-full-width-responsive=\"true\"><\/ins>\n<script> \n(adsbygoogle = window.adsbygoogle || []).push({}); \n<\/script>\n<\/div>\n<p>O y\u0131l me\u015fe a\u011fa\u00e7lar\u0131 daha \u00f6nceki y\u0131llara k\u0131yasla 5-6 kez daha fazla pelin \u00fcretir. Ku\u015flar\u0131 ve sincaplar\u0131 ziyafete \u00e7a\u011f\u0131r\u0131l\u0131r. C\u00f6mert a\u011fa\u00e7 bilir ki, ziyafete toplananlar, doya doya yedikten sonra k\u0131\u015f yede\u011fi olarak pelinleri birer birer etrafta ta\u015f\u0131r. Ne kadar yaprak alt\u0131, k\u00f6\u015fe bucak, delik ve kovuk varsa doldurup saklayacaklard\u0131r. Y\u00fcr\u00fcyen ve u\u00e7an varl\u0131klar\u0131n \u201cdoydum\u201d duygusu vard\u0131r da, \u201cyedekleme\u201d duygusunda s\u0131n\u0131r yoktur. Ku\u015flar ve sincaplar me\u015fe pelitlerinin bolluk oldu\u011fu y\u0131lda saklad\u0131klar\u0131 k\u0131\u015f yedeklerinin hepsini yiyemezler ve bahar g\u00fcne\u015finin ilk \u015fualar\u0131n\u0131 yeni birmi\u015f me\u015fe fidanc\u0131klar\u0131 da selamlar.<\/p>\n<p>B\u00f6ylece orman s\u0131kla\u015f\u0131r ve yay\u0131l\u0131r\u2026<\/p>\n<p>Burada me\u015fe a\u011f\u0131c\u0131 T\u00fcrkl\u00fc\u011f\u00fcm\u00fczd\u00fcr. Pelinler ve do\u011fa ise T\u00fcrkl\u00fc\u011f\u00fcn doludizgin ya\u015fama hakk\u0131n\u0131n kutsal oldu\u011funa bir benzetmedir. T\u00fcrkl\u00fc\u011f\u00fcm\u00fcz\u00fcn yeniden \u00fcreme ve zenginle\u015fme \u00f6zelli\u011fini simgeleyen bu metafora, yaratan\u0131n bir l\u00fctf\u00fcd\u00fcr. Her soy, her kavim her millet y\u00fccelik kayna\u011f\u0131 olan bu \u00f6zelli\u011fin ta\u015f\u0131y\u0131c\u0131s\u0131 olamaz ve de\u011fildir. Tan\u0131\u011f\u0131 tarihin kendisidir.<\/p>\n<p>\u00d6rneklerken da\u011flar g\u00fczelli Rodoplar\u0131n incisi K\u0131rcaali kenti Sorumluluk, Ho\u015fg\u00f6r\u00fc ve H\u00fcrriyetlerimiz i\u00e7in Demokrasi partimiz DOST\u2019un ilk gen\u00e7lik te\u015fkilat\u0131n\u0131n kurulmas\u0131n\u0131 kutluyor, kaderinin \u015fansl\u0131, k\u0131smetinin ve ba\u015far\u0131lar\u0131n\u0131n bol olmas\u0131 dileklerimi gen\u00e7 kalbimin t\u00fcm s\u0131cakl\u0131\u011f\u0131 ve samimiyetimle iletiyorum.<\/p>\n<p>\u201c<strong>Ne mutlu T\u00fcrk\u00fcm Diyene<\/strong>!\u201d \u015fiar\u0131 alt\u0131nda birle\u015fen gen\u00e7lerimizin do\u011fru yolda oldu\u011funa inan\u0131yorum. Bu yolda daha ge\u00e7en y\u00fczy\u0131l\u0131n ilk yar\u0131s\u0131nda Turan, Alt\u0131n Ordu ve Spor Kul\u00fcpleri gibi gen\u00e7lik \u00f6rg\u00fct, dernek ve hareketlenmemiz olmu\u015ftu. B\u00fcy\u00fck ba\u015far\u0131lar elde edilmi\u015fti. Karakter olarak bir yap\u0131\u015fkanl\u0131kla tan\u0131mlanan T\u00fcrkler \u00fclke \u00e7ap\u0131nda dernekle\u015fmeyi ba\u015farm\u0131\u015f, birle\u015fmi\u015fler ve yeni ortak hamlelere y\u00f6nelmi\u015flerdi. Bu partile\u015fme yolunda at\u0131lan b\u00fcy\u00fck ad\u0131mlar\u0131m\u0131zdan biriydi. Tabanda birlik sa\u011flanm\u0131\u015f, siyasi bilin\u00e7te bulu\u015fanlar T\u00fcrk ruhuna can suyu vermi\u015flerdi.<\/p><div id=\"bghab-2264923157\" class=\"bghab-icerik-icine-10-paragraf bghab-entity-placement\"><script async src=\"\/\/pagead2.googlesyndication.com\/pagead\/js\/adsbygoogle.js?client=ca-pub-6203283170189293\" crossorigin=\"anonymous\"><\/script><ins class=\"adsbygoogle\" style=\"display:block; text-align:center;\" data-ad-client=\"ca-pub-6203283170189293\" \ndata-ad-slot=\"7303146466\" \ndata-ad-layout=\"in-article\"\ndata-ad-format=\"fluid\" data-full-width-responsive=\"true\"><\/ins>\n<script> \n(adsbygoogle = window.adsbygoogle || []).push({}); \n<\/script>\n<\/div>\n<p>Bu at\u0131l\u0131mlar\u0131m\u0131z yerli tohumlardan bitmemi\u015f, \u00f6z\u00fcm\u00fcz\u00fcn baharda \u00e7atlamas\u0131ndan do\u011fmu\u015ftu. \u00a0Bulgaristan&#8217;da Turanc\u0131 \u00f6rg\u00fctlenmemiz 1934 askeri darbesiyle yasaklanm\u0131\u015ft\u0131. Sald\u0131\u011f\u0131 derin birlik ve beraberlik k\u00f6kleri halk\u0131m\u0131z\u0131n ba\u011fr\u0131nda korundu. F\u0131rsat bulduk\u00e7a ye\u015ferdi. 1950\u2019lerde ya\u015fad\u0131\u011f\u0131m\u0131z \u201calt\u0131n \u00e7a\u011f\u0131m\u0131zda\u201d T\u00fcrkl\u00fc\u011f\u00fcm\u00fcz\u00fcn ruhu kanatland\u0131.<\/p>\n<p>Daha \u00f6nceki d\u00f6nemlerde kurulan gen\u00e7lik \u00f6rg\u00fctlerimiz gibi bu yeni \u00a0hareketlenmemizin de bir g\u00f6n\u00fcll\u00fcler ordusu olu\u015fturaca\u011f\u0131na, hak ve \u00f6zg\u00fcrl\u00fck, T\u00fcrk kimli\u011fi davam\u0131z\u0131 kucaklayaca\u011f\u0131n\u0131 ve yurdumuzda Rodoplardan Dobruca k\u00f6ylerine serilip a\u00e7aca\u011f\u0131na ve ruhumuzun tac\u0131 olaca\u011f\u0131na kesin inan\u0131yorum.<\/p>\n<p><strong>Bu geli\u015fme, tarihimizde a\u00e7\u0131lan yeni bir sayfad\u0131r. Umut y\u00fckl\u00fc bir olayd\u0131r.<\/strong><\/p>\n<p>De\u011fi\u015fik nedenlerden olacak, Bulgaristan\u2019da pek de\u011finilmek istenmese de, Avrupa\u2019da 20 y\u00fczy\u0131l \u00fcst\u00fcne tarih felsefecileri aras\u0131nda bir tart\u0131\u015fmad\u0131k s\u00fcr\u00fcp gidiyor. Bu tart\u0131\u015fmalar\u0131n temel temas\u0131 ilerlemede, zul\u00fcm kapa\u011f\u0131n\u0131 a\u00e7arak tarih karanl\u0131\u011f\u0131ndan uyanma bak\u0131m\u0131ndan kitleler mi yoksa (bireysel olan) \u015fahsiyetler mi \u00f6nemlidir \u00fczerinedir. Kafa yoranlara bizden \u00f6rnekler sunmak gerekir.<\/p>\n<p>1989 May\u0131s\u0131nda kara kara d\u00fc\u015f\u00fcnenlerin, bask\u0131 ve ter\u00f6rden t\u00fckenmi\u015f ve tamamen \u00e7aresiz Bulgaristan T\u00fcrklerinin Bulgaristan tarihini de\u011fi\u015ftiren rol\u00fcn\u00fc gelip incelesinler. Bu co\u015fkulu hareketlenmemizin dolan \u00f6nc\u00fcleri,\u00a0 b\u00fct\u00fcn \u00f6nderlerimizin, g\u00fcvendiklerimiz zindanlarda oldu\u011fu o a\u011f\u0131r d\u00f6n\u00fc\u015f\u00fcm d\u00f6neminde oldu\u011fu kayda de\u011ferdir. Burada \u00f6zellikle belirtmek istedi\u011fim \u00f6zelli\u011fimiz.<\/p><div id=\"bghab-1566213434\" class=\"bghab-icerik-icine-15-paragraf bghab-entity-placement\"><script async src=\"\/\/pagead2.googlesyndication.com\/pagead\/js\/adsbygoogle.js?client=ca-pub-6203283170189293\" crossorigin=\"anonymous\"><\/script><ins class=\"adsbygoogle\" style=\"display:block; text-align:center;\" data-ad-client=\"ca-pub-6203283170189293\" \ndata-ad-slot=\"7303146466\" \ndata-ad-layout=\"in-article\"\ndata-ad-format=\"fluid\" data-full-width-responsive=\"true\"><\/ins>\n<script> \n(adsbygoogle = window.adsbygoogle || []).push({}); \n<\/script>\n<\/div>\n<p><strong>T\u00fcrklerin siyasi kavgada do\u011fu\u015ftan ba\u015far\u0131l\u0131 olma ruhu ta\u015f\u0131mas\u0131d\u0131r.<\/strong><\/p>\n<p>Ba\u015far\u0131 onlar\u0131n i\u00e7inde do\u011fan \u00f6n \u015fartt\u0131r. Biz hi\u00e7bir zaman kusursuz bir \u00f6nder aramad\u0131k. Aram\u0131zdan gelen, suyumuzdan i\u00e7mi\u015f, ekme\u011fimizi yemi\u015f bir \u00f6nder \u00f6zledik hep. Bizi seveni onurland\u0131rd\u0131k. Hain \u00e7\u0131kan\u0131n y\u00fcz\u00fcne t\u00fck\u00fcrd\u00fck. Bu bak\u0131ma K\u0131rcaali\u2019de DOST Gen\u00e7lik \u00d6rg\u00fct\u00fc kurulmas\u0131 yak\u0131n tarihimizin en sevindirici, ilham veren ve gen\u00e7 y\u00fcrekleri u\u00e7uran bir olay oldu\u011fundan dolay\u0131, gururla yaz\u0131yorum.<\/p>\n<p>1989 May\u0131s zaferimizden sonra ortaya \u00e7\u0131kan ve direk olarak konu\u015fulan ger\u00e7ek \u015fudur ki, Bulgaristan T\u00fcrkleri ya\u015fad\u0131klar\u0131 topraklardaki siyaset sistemi de\u011fi\u015ftirene, ulusal az\u0131nl\u0131k oldu\u011fumuzu tan\u0131yacak, art\u0131k kap\u0131 \u00e7alan bir siyasi rejim ve me\u015fru durum gelene kadar, kimli\u011fi belli de\u011fil, \u00a0her siyasi iktidar\u0131n ba\u015f\u0131na bela olacakt\u0131r. \u0130nsan ve az\u0131nl\u0131k haklar\u0131m\u0131z, hak ve \u00f6zg\u00fcrl\u00fcklerimiz, adalet ve ger\u00e7ek demokrasi u\u011fruna sava\u015f\u0131m\u0131z do\u011fal ve kutsald\u0131r.<\/p>\n<p><strong>\u00dclkemizde ba\u015f g\u00f6stermeye ba\u015flayan fa\u015fizme kar\u015f\u0131 cephemiz a\u015f\u0131lmaz kaledir. <\/strong><\/p>\n<p>Biz ne \u201cAtaka\u201d, VMRO ve \u201cYC\u201d fa\u015fistlerinden ne de di\u011fer yeni t\u00fcremi\u015f siyaset\u00e7ilerden emekli maa\u015flar\u0131m\u0131z\u0131n veya asgari \u00fccretlerimizin y\u00fckseltilmesini istedik ya da istiyoruz. \u00d6nce haklar\u0131m\u0131z\u0131, hak ettiklerimizi versinler. Onlar bizim T\u00fcrk \u00e7ocuklar\u0131n\u0131n anadil derslerini engelliyor, Bulgarca \u00f6\u011fretmenlerinin ayl\u0131klar\u0131n\u0131 y\u00fczde y\u00fcz y\u00fckselteceklermi\u015f.<\/p><div id=\"bghab-212942029\" class=\"bghab-icerik-icine-20-paragraf bghab-entity-placement\"><script async src=\"\/\/pagead2.googlesyndication.com\/pagead\/js\/adsbygoogle.js?client=ca-pub-6203283170189293\" crossorigin=\"anonymous\"><\/script><ins class=\"adsbygoogle\" style=\"display:block; text-align:center;\" data-ad-client=\"ca-pub-6203283170189293\" \ndata-ad-slot=\"7303146466\" \ndata-ad-layout=\"in-article\"\ndata-ad-format=\"fluid\" data-full-width-responsive=\"true\"><\/ins>\n<script> \n(adsbygoogle = window.adsbygoogle || []).push({}); \n<\/script>\n<\/div>\n<p><strong>Bo\u015f vaatlere 70 y\u0131ld\u0131r doyduk.<\/strong><\/p>\n<p>Bir eliyle bizim param\u0131z\u0131 bize verirken, \u00f6teki eliyle cebimizde \u00e7ekip alanlar\u0131 \u00e7ok g\u00f6rd\u00fck. \u0130steklerimiz ve haklar\u0131m\u0131z kutsald\u0131r ve ba\u015fka bir \u015fekilde asla yorumlanamaz. Bir\u00e7ok rejim de\u011fi\u015febilir. Uyuyanlar\u0131 bir s\u00fcre daha uyutulmak istenebilir.\u00a0 Bulgaristan T\u00fcrkleri \u00f6z davalar\u0131ndan asla vazge\u00e7mez. Vatan hakk\u0131, anadil hakk\u0131, i\u015f, tarih, edebiyat ve \u00f6zg\u00fcn k\u00fclt\u00fcrle ya\u015fama hakk\u0131, gelenek ve g\u00f6reneklerimizle olma iste\u011fimiz ruhumuzda par\u00e7alar de\u011fil, \u00f6zd\u00fcr.<\/p>\n<p>1989 Ayaklanmam\u0131z ve g\u00f6\u00e7e zorlanmam\u0131zdan sonra bizim bitti\u011fimizi, umutsuz kald\u0131\u011f\u0131m\u0131z\u0131, \u00e7ok par\u00e7aland\u0131\u011f\u0131m\u0131z\u0131, bir daha at\u0131l\u0131ma kalkmaya g\u00fcc\u00fcm\u00fcz kalmad\u0131\u011f\u0131n\u0131 hesaplayanlar yediden yetmi\u015fe hepimizi her \u015feye muhta\u00e7 b\u0131rakmak amac\u0131yla \u00a0\u201c<strong>Bulgar Etnik Modeli<\/strong>\u201d sayas\u0131na kapad\u0131. Kulislere \u00e7ekilip, k\u00f6p\u00fckl\u00fc \u015farap patlatarak bayram etmeye ba\u015flad\u0131klar\u0131nda bir daha yan\u0131ld\u0131lar. Belirli bir zaman kimsenin ard\u0131ndan ko\u015fmad\u0131k, kendimizi al\u0131nmaz bir kale gibi hissetmedik.<\/p>\n<p><strong>\u00c7apa ve k\u00fcrekle tanka topa ba\u015fkald\u0131rmak zordu kald\u0131\u011f\u0131m\u0131zda \u00e7ok \u015fehit verdik.<\/strong><\/p>\n<p>Yar\u0131m\u0131z \u00fclkeyi terk etmek zorunda kald\u0131k. Ne var ki, g\u00f6nl\u00fcm\u00fczde ya\u015fayan, bildi\u011fimiz ve inand\u0131\u011f\u0131m\u0131z b\u00fcy\u00fck bir ger\u00e7ek var. Her k\u0131\u015f uykusundan sonra baharla uyan\u0131\u015f gelir. \u00a0T\u00fcrkler damarlar\u0131na yeni \u00f6z sular\u0131 akt\u0131\u011f\u0131n\u0131 hisseder. \u015ea\u015f\u0131rt\u0131c\u0131 ve beklenmedik i\u015fler yapmaya haz\u0131r ruhumuz. \u015eahlan\u0131\u015ft\u0131r olan!<\/p><div id=\"bghab-2566050847\" class=\"bghab-icerik-icine-25-paragraf bghab-entity-placement\"><script async src=\"\/\/pagead2.googlesyndication.com\/pagead\/js\/adsbygoogle.js?client=ca-pub-6203283170189293\" crossorigin=\"anonymous\"><\/script><ins class=\"adsbygoogle\" style=\"display:block; text-align:center;\" data-ad-client=\"ca-pub-6203283170189293\" \ndata-ad-slot=\"7303146466\" \ndata-ad-layout=\"in-article\"\ndata-ad-format=\"fluid\" data-full-width-responsive=\"true\"><\/ins>\n<script> \n(adsbygoogle = window.adsbygoogle || []).push({}); \n<\/script>\n<\/div>\n<p><strong>K\u0131rcaali\u2019de DOST gen\u00e7li\u011fini \u00f6rg\u00fctleni\u015fini b\u00f6yle okuduk, b\u00f6yle alg\u0131l\u0131yoruz.<\/strong><\/p>\n<p><strong>Bu gibi yeni olaylar\u0131 ba\u015fka milletlerde ve az\u0131nl\u0131klarda g\u00f6rmek zordur.<\/strong><\/p>\n<p>Bizi hep uzanm\u0131\u015f yerde yatanlar, y\u0131k\u0131lm\u0131\u015f pansumans\u0131z yaralar\u0131ndan kan akanlar olarak g\u00f6rmek isteyenlerin hayalleri birden karard\u0131. 70 y\u0131l k\u00f6t\u00fc y\u00f6netimden, bask\u0131 ve ter\u00f6rden, her konuda zul\u00fcmden, anadil ve din yasaklar\u0131ndan, kesilen cezalardan ve bir dil i\u00e7in ger\u00e7ekle\u015fen yarg\u0131s\u0131z infazlardan sonra \u015fak\u0131r \u015fak\u0131r T\u00fcrk\u00e7e konu\u015fan ve \u201c<strong>Biz T\u00fcrk Do\u011fduk! T\u00fcrk olarak ya\u015famak, sevi\u015fmek, T\u00fcrk\u00e7e kavga etmek, yar\u0131\u015fmak ve T\u00fcrk olarak \u00f6lmek istiyoruz<\/strong>\u201d ruhu birden yeniden dile geldi. S\u0131ra s\u0131ra gen\u00e7ler, umut dolu parlayan g\u00f6zler, ka\u00e7 defa raporlarda T\u00fcrkl\u00fcklerini bitirdik, g\u00f6md\u00fck, mezar ta\u015f\u0131n\u0131 diktik ve y\u0131kt\u0131k diye rapor ettiklerinin evlatlar\u0131 ve torunlar\u0131d\u0131r. Onlar yeniden dimdik ve d\u00fcnyay\u0131 \u015fa\u015f\u0131rtmaya gelenlerdir. Son zulme de dayanman\u0131n rol modeliyiz.<\/p>\n<p><strong>Bulgaristan&#8217;da esecek yeni r\u00fczg\u00e2rlara m\u00fcjde oldular.<\/strong><\/p>\n<p>Evet biz 6 senede bir orman\u0131 \u015fa\u015f\u0131rtan me\u015felerimiz, d\u00fcnyay\u0131 \u015fa\u015f\u0131rtan atalar\u0131m\u0131z gibiyiz.<\/p><div id=\"bghab-572627200\" class=\"bghab-icerik-icine-30-paragraf bghab-entity-placement\"><script async src=\"\/\/pagead2.googlesyndication.com\/pagead\/js\/adsbygoogle.js?client=ca-pub-6203283170189293\" crossorigin=\"anonymous\"><\/script><ins class=\"adsbygoogle\" style=\"display:block; text-align:center;\" data-ad-client=\"ca-pub-6203283170189293\" \ndata-ad-slot=\"7303146466\" \ndata-ad-layout=\"in-article\"\ndata-ad-format=\"fluid\" data-full-width-responsive=\"true\"><\/ins>\n<script> \n(adsbygoogle = window.adsbygoogle || []).push({}); \n<\/script>\n<\/div>\n<p>Bu yeni yolda, \u00f6ncelikle KIRCI AL\u0130&#8217;nin mezar\u0131nda (Anma g\u00fcn\u00fc may\u0131s ) dualarla ba\u015flamalar\u0131n\u0131, ard\u0131ndan K\u0131rcalili gen\u00e7lerin her saat T\u00fcrklere hakaret eden saat kulesini susturmak, burada art\u0131k ayr\u0131 bir T\u00fcrk mezarl\u0131\u011fa g\u00f6m\u00fclmeleri ve ana okullar\u0131nda \u00e7ocuklar\u0131m\u0131za domuz etini kald\u0131rmak i\u00e7in \u00e7al\u0131\u015fmalarla ba\u015flamalar\u0131n\u0131 arzu ediyor ve yeni yolda ba\u015far\u0131lar diliyoruz. Allah yar ve yard\u0131mc\u0131n\u0131z olsun.<\/p>\n<p><strong>Var\u0131z ve var olduk\u00e7a, yok edilmesi m\u00fcmk\u00fcn olmayan ana toprak gibiyiz.<\/strong><\/p>\n<p><strong>Her yerdeyiz! Her yerde olaca\u011f\u0131z.<\/strong><\/p>\n<p><strong>Bu topraklarda kader mucizelerini ta\u015f\u0131yan ruh biziz.<\/strong><\/p>\n<div id=\"bghab-2906580009\" class=\"bghab-yazi-altinda bghab-entity-placement\"><script async src=\"https:\/\/pagead2.googlesyndication.com\/pagead\/js\/adsbygoogle.js\"><\/script>\r\n<!-- bghaber-yaz\u0131-sonu -->\r\n<ins class=\"adsbygoogle\"\r\n     style=\"display:block\"\r\n     data-ad-client=\"ca-pub-6203283170189293\"\r\n     data-ad-slot=\"4222328180\"\r\n     data-ad-format=\"auto\"\r\n     data-full-width-responsive=\"true\"><\/ins>\r\n<script>\r\n     (adsbygoogle = window.adsbygoogle || []).push({});\r\n<\/script><\/div><br style=\"clear: both; display: block; float: none;\"\/>","protected":false},"excerpt":{"rendered":"<p>Raziye \u00c7ak\u0131r Tarih: 13 \u015eubat 2017 Ne Mutlu T\u00fcrk\u00fcm Diyene! Biz Bulgaristan T\u00fcrkleri k\u00f6kten \u00e7atlay\u0131p karde\u015fle\u015fen ve bitkiler gibi ye\u015feren bir milletiz. Serpilip a\u00e7arak ve<\/p>\n","protected":false},"author":13,"featured_media":31122,"comment_status":"closed","ping_status":"closed","sticky":false,"template":"","format":"standard","meta":{"advanced_seo_description":"","jetpack_seo_html_title":"","jetpack_seo_noindex":false,"jetpack_seo_schema_type":"","_jetpack_newsletter_access":"","_jetpack_dont_email_post_to_subs":false,"_jetpack_newsletter_tier_id":0,"_jetpack_memberships_contains_paywalled_content":false,"_jetpack_feature_clip_id":0,"_jetpack_memberships_contains_paid_content":false,"footnotes":"","jetpack_post_was_ever_published":false},"categories":[6],"tags":[],"class_list":["post-22174","post","type-post","status-publish","format-standard","has-post-thumbnail","hentry","category-yorum"],"jetpack_sharing_enabled":true,"jetpack_likes_enabled":true,"jetpack-related-posts":[],"jetpack_shortlink":"https:\/\/wp.me\/pc2PfJ-5LE","jetpack_featured_media_url":"https:\/\/i0.wp.com\/www.bghaber.org\/bghaber\/wp-content\/uploads\/2018\/06\/k%C3%BC%C3%A7%C3%BCk-vesikal%C4%B1k.jpg?fit=332%2C500&ssl=1","_links":{"self":[{"href":"https:\/\/www.bghaber.org\/bghaber\/wp-json\/wp\/v2\/posts\/22174","targetHints":{"allow":["GET"]}}],"collection":[{"href":"https:\/\/www.bghaber.org\/bghaber\/wp-json\/wp\/v2\/posts"}],"about":[{"href":"https:\/\/www.bghaber.org\/bghaber\/wp-json\/wp\/v2\/types\/post"}],"author":[{"embeddable":true,"href":"https:\/\/www.bghaber.org\/bghaber\/wp-json\/wp\/v2\/users\/13"}],"replies":[{"embeddable":true,"href":"https:\/\/www.bghaber.org\/bghaber\/wp-json\/wp\/v2\/comments?post=22174"}],"version-history":[{"count":0,"href":"https:\/\/www.bghaber.org\/bghaber\/wp-json\/wp\/v2\/posts\/22174\/revisions"}],"wp:featuredmedia":[{"embeddable":true,"href":"https:\/\/www.bghaber.org\/bghaber\/wp-json\/wp\/v2\/media\/31122"}],"wp:attachment":[{"href":"https:\/\/www.bghaber.org\/bghaber\/wp-json\/wp\/v2\/media?parent=22174"}],"wp:term":[{"taxonomy":"category","embeddable":true,"href":"https:\/\/www.bghaber.org\/bghaber\/wp-json\/wp\/v2\/categories?post=22174"},{"taxonomy":"post_tag","embeddable":true,"href":"https:\/\/www.bghaber.org\/bghaber\/wp-json\/wp\/v2\/tags?post=22174"}],"curies":[{"name":"wp","href":"https:\/\/api.w.org\/{rel}","templated":true}]}}