{"id":22172,"date":"2017-02-13T02:17:34","date_gmt":"2017-02-13T00:17:34","guid":{"rendered":"http:\/\/www.bghaber.org\/bghaber\/?p=22172"},"modified":"2017-02-13T02:17:34","modified_gmt":"2017-02-13T00:17:34","slug":"kaynamasi-lazim","status":"publish","type":"post","link":"https:\/\/www.bghaber.org\/bghaber\/kaynamasi-lazim\/","title":{"rendered":"Kaynamas\u0131 Laz\u0131m"},"content":{"rendered":"<p>Rafet Ulut\u00fcrk<\/p>\n<p>Tarih: 12 \u015eubat 2017<\/p>\n<p><strong>Se\u00e7imlerin sonucunu kestirmek i\u00e7in erken<\/strong><\/p>\n<p>Bulgaristan yine erken se\u00e7ime gidiyor.<\/p>\n<p>Sosyolojiden ekmek yiyenler kafa kafaya vermi\u015f, SUSUYORLAR.<\/p><div id=\"bghab-1233323273\" class=\"bghab-icerik-icine bghab-entity-placement\"><script async src=\"\/\/pagead2.googlesyndication.com\/pagead\/js\/adsbygoogle.js?client=ca-pub-6203283170189293\" crossorigin=\"anonymous\"><\/script><ins class=\"adsbygoogle\" style=\"display:block; text-align:center;\" data-ad-client=\"ca-pub-6203283170189293\" \ndata-ad-slot=\"7303146466\" \ndata-ad-layout=\"in-article\"\ndata-ad-format=\"fluid\" data-full-width-responsive=\"true\"><\/ins>\n<script> \n(adsbygoogle = window.adsbygoogle || []).push({}); \n<\/script>\n<\/div>\n<p>Siyaset\u00e7iler veresiye defterlerini KAPATMI\u015e. Yeni bor\u00e7 defteri a\u00e7\u0131yor.<\/p>\n<p>Se\u00e7meni\u2019nin % 90\u2019n\u0131 70 ya\u015f\u0131n \u00fcst\u00fcnde olan Bulgaristan Sosyalist Partisi (BSP) yerden g\u00f6\u011fe toz kald\u0131r\u0131p \u0130KT\u0130DAR OLACA\u011eIM diyor.<\/p>\n<p>Toplant\u0131 salonlar\u0131nda s\u0131ralar\u0131n seyreldi\u011fini g\u00f6ren Bulgaristan\u2019\u0131n Avrupa Gelece\u011fi i\u00e7in Vatanda\u015flar\u0131 (GERB) partisi Ba\u015fkan\u0131 Borisov propagandan\u0131n y\u00f6n\u00fcn\u00fc de\u011fi\u015ftirdi. \u201c<strong>\u00dc\u00e7 \u00e7ocuk yapana<\/strong>\u201d ve \u201c<strong>evde torun bakan ya\u015fl\u0131lara asgari \u00fccret<\/strong>\u201d vaat etti.<\/p>\n<p>Korku basm\u0131\u015f memleketimi. \u0130nsanlar seyrelmi\u015f. \u0130nsan s\u0131cakl\u0131\u011f\u0131 olmayan yerde hayat yok. Bizim kimse hakk\u0131nda \u00f6yk\u00fc d\u00fczmemize gerek yok. Her \u015fey ortada! Se\u00e7imde de ba\u015far\u0131l\u0131 olmak isteyenlerin ger\u00e7ek\u00e7i ve risk alan ki\u015filer olmas\u0131 gerekiyor. 2001\u2019de Bulgaristan se\u00e7men, \u00c7ar II. Semeyon Sofya\u2019ya indi\u011finde ve \u201c<strong>847 g\u00fcnde t\u00fcm sorunlar\u0131n\u0131z \u00e7\u00f6z\u00fclecek ve mutlu ya\u015fayacaks\u0131n\u0131z<\/strong>\u201d dedi\u011finde, risk ald\u0131. Hayal k\u0131r\u0131kl\u0131\u011f\u0131na u\u011frad\u0131. II. Simeyonu ikinci defa g\u00f6revden indirdi ve \u201c<strong>hadi yolcu yoluna<\/strong>\u201d dedi.<\/p>\n<p>Ayn\u0131 s\u00f6zler 1997\u2019de G\u00fc\u00e7l\u00fc Bulgaristan lideri olarak tek ba\u015f\u0131na iktidar olan Ba\u015fbakan \u0130van Kostov\u2019a da dendi.<\/p><div id=\"bghab-827925690\" class=\"bghab-icerik-icine-10-paragraf bghab-entity-placement\"><script async src=\"\/\/pagead2.googlesyndication.com\/pagead\/js\/adsbygoogle.js?client=ca-pub-6203283170189293\" crossorigin=\"anonymous\"><\/script><ins class=\"adsbygoogle\" style=\"display:block; text-align:center;\" data-ad-client=\"ca-pub-6203283170189293\" \ndata-ad-slot=\"7303146466\" \ndata-ad-layout=\"in-article\"\ndata-ad-format=\"fluid\" data-full-width-responsive=\"true\"><\/ins>\n<script> \n(adsbygoogle = window.adsbygoogle || []).push({}); \n<\/script>\n<\/div>\n<p>Ayn\u0131 s\u00f6zler 27 Temmuz 2009\u2019da Ba\u015fbakan koltu\u011fundan kald\u0131r\u0131lan BSP lideri Sergey Stan\u0131\u015fev\u2019e de dendi. Bulgar halk\u0131n\u0131n \u00e7oban sopas\u0131 sanki kap\u0131 ard\u0131nda! Koyunlar\u0131na \u00e7oban olarak se\u00e7ti\u011fine \u00e7oban sopas\u0131n\u0131 veriyor ve seyrediyor. Son d\u00f6nem \u00e7ok gergin ge\u00e7ti 2 y\u0131lda 3 meclis ve 5 h\u00fck\u00fcmet de\u011fi\u015fti. \u00a0Ortal\u0131kta i\u015f yapacak adam k\u0131tl\u0131\u011f\u0131 var sanki!<\/p>\n<p>\u00c7oban sopas\u0131n\u0131 2 defa ya\u011fmurlu\u011funu alt\u0131na gizleyen Boyko Borisov 2014\u2019te Ba\u015fbakan oldu\u011funda h\u00fck\u00fcmet i\u015flerini kiraya verdi. Sa\u011fl\u0131k, e\u011fitim, adalet, savunma bakanl\u0131klar\u0131n\u0131 Reformcu Blok siyaset\u00e7ilerine vermi\u015fti. Hepsi biz bu bo\u011fay\u0131 yeneriz deyip boynuzlar\u0131na yap\u0131\u015ft\u0131lar, 2 y\u0131l sonra aralar\u0131nda selam verecek adam kalmad\u0131, \u015fimdi hepsi pes etmi\u015f aslan gibi \u00f6l\u00fcmc\u00fcl yaralar\u0131n\u0131 yal\u0131yorlar. Son d\u00f6nemde GERB partisi kazan\u0131nda kaynayan \u201cAtaka\u201d , VMRO ve sahte \u201cYurtsever Cephe\u201d siyaset\u00e7ileri Bulgaristan\u2019\u0131 ba\u015ftan ba\u015fa kokuttular. D\u00fcne kadar demokrasi bah\u00e7elerinin g\u00fcl kokmas\u0131n\u0131 bekledi\u011fimiz <strong>memleketimiz bir u\u00e7tan bir uca k\u00fcfl\u00fc ve ek\u015fi milliyet\u00e7ilik koktu<\/strong>.<\/p>\n<p><strong>Halk\u0131n davran\u0131\u015f\u0131n\u0131 kestirmek zor<\/strong>!<\/p>\n<p>Ge\u00e7en senenin son g\u00fcnlerinde Mle\u00e7ino \u201c<strong>T\u00fcrkan \u00c7e\u015fme<\/strong>\u201d \u015fehitlerimizi anma t\u00f6reninden d\u00f6nen eli bastonlu <strong>Hafize<\/strong> nineyi durduran Bursa \u201c<strong>Olay<\/strong>\u201d TV muhabirinin \u201c<strong>Bir geli\u015fme var m\u0131 nine?<\/strong>\u201d sorusuna, \u201c<strong>Hay\u0131r be k\u0131zan\u0131m, t\u00e2 bi \u015fe olmad\u0131<\/strong>!\u201d s\u00f6zleri kula\u011f\u0131mdad\u0131r.<\/p>\n<p>D\u00fcn K\u0131rcaali\u2019deydim. \u00d6\u011fle yeme\u011fine davet edildi\u011fim dostumun annesi Ay\u015fe teyze bize k\u00f6y yemeklerimizin sofra zevkini yeniden ya\u015fatt\u0131ktan sonra te\u015fekk\u00fcr ederken, \u201c<strong>Se\u00e7im olacakm\u0131\u015f haberiniz oldu mu nenem? Ne dersin<\/strong>?\u201d dedi\u011fimde \u015fu cevab\u0131 ald\u0131m: \u201c<strong>T\u00e2 kaynamad\u0131\u011fa be g\u00fcl\u00fcm. Kaynad\u0131ktan sonra, tad\u0131na bakar s\u00f6yleriz!<\/strong>\u201d cevab\u0131n\u0131 verdi.<\/p><div id=\"bghab-1957779482\" class=\"bghab-icerik-icine-15-paragraf bghab-entity-placement\"><script async src=\"\/\/pagead2.googlesyndication.com\/pagead\/js\/adsbygoogle.js?client=ca-pub-6203283170189293\" crossorigin=\"anonymous\"><\/script><ins class=\"adsbygoogle\" style=\"display:block; text-align:center;\" data-ad-client=\"ca-pub-6203283170189293\" \ndata-ad-slot=\"7303146466\" \ndata-ad-layout=\"in-article\"\ndata-ad-format=\"fluid\" data-full-width-responsive=\"true\"><\/ins>\n<script> \n(adsbygoogle = window.adsbygoogle || []).push({}); \n<\/script>\n<\/div>\n<p>Ay\u015fe nine siyaset akademisi bitirmemi\u015f. Gazete okumuyor. Politik olaylar\u0131 ev \u00f6n\u00fcndeki peykede bir \u015feylerle u\u011fra\u015f\u0131rken akranlar\u0131yla kaynat\u0131yor. Onlar pi\u015fmemi\u015f a\u015f\u0131n tad\u0131na tuzuna bak\u0131lmaz kural\u0131ndan \u015fa\u015fm\u0131yor. Siyaseti tencerede kaynayan a\u015f, Bulgaristan&#8217;daki bug\u00fcnk\u00fc se\u00e7im \u00f6n\u00fc durumu hen\u00fcz alt\u0131 yanmam\u0131\u015f ate\u015f olarak g\u00f6r\u00fcyorlar. Onlar\u0131n kesin inanc\u0131na g\u00f6re bu se\u00e7imde tencereye giren malzeme eski se\u00e7imlerinkinden pek farkl\u0131 olmad\u0131\u011f\u0131ndan, d\u0131\u015ftan m\u00fcdahale edilse de edilmese de pi\u015fecek a\u015f\u0131n tad\u0131 iki a\u015far\u0131 be\u015f yukar\u0131 ayn\u0131 olacakt\u0131r. Fakat toplum zehri dedi\u011fimiz ve milliyet\u00e7ilikleri fa\u015fizme kokan\u00a0 \u201cAtaka\u201d , VMRO ve sahte \u201cYurtsever Cephe\u201d gibi d\u00fc\u015fmanl\u0131klar\u0131 ayars\u0131z g\u00fc\u00e7ler, \u00f6n\u00fcm\u00fczdeki iktidar devir t\u00f6reninde siyaset sahnesinden d\u00fc\u015fmeleri iyi olurdu da, son haftalarda sesi biraz k\u0131s\u0131lm\u0131\u015f olan \u00c7ingene, T\u00fcrk, M\u00fcsl\u00fcman, s\u0131\u011f\u0131nmac\u0131 ve T\u00fcrkiye d\u00fc\u015fman\u0131 siyaset k\u00f6zleri\u00a0 kamuoyunu \u0131s\u0131tmaya devam ediyor.<\/p>\n<p>Bizdeki siyaset toplant\u0131lar\u0131 sebze meyve pazar\u0131 gibi, almayan\u0131n kafas\u0131na var\u0131yorlar, alacak olsan fiyat ate\u015f pahas\u0131, yan\u0131na var\u0131lm\u0131yor.\u00a0 27 y\u0131ldan beri halk\u0131m\u0131z\u0131 Avrupa halklar\u0131 aras\u0131nda en sefil, en yoksul, en ac\u0131nas\u0131, en s\u00fcr\u00fcnen ve en zifiri karanl\u0131kta tutma yar\u0131\u015f\u0131nda olan siyasi partiler bug\u00fcn eski yalanlara yeni cila veriyorlar. \u00c7i\u00e7ekli bir ortamda yap\u0131lan 49. kurultay\u0131nda en \u00e7ok tekrar edilen s\u00f6z \u201c<strong>zafer<\/strong>\u201d olan BSP partisi, ad\u0131na bak\u0131l\u0131rsa emek\u00e7i halk\u0131n yan\u0131nda olmas\u0131 gerekirken, son \u00e7eyrek as\u0131nda en fazla milyoner, en b\u00fcy\u00fck r\u00fc\u015fvet\u00e7i, en kaba dalavereci ve zorbac\u0131lar\u0131 \u00fcretti.<\/p>\n<p>Propagandalar\u0131n\u0131 yapan \u201cDuma\u201d gazetesinde 26 Mart se\u00e7imleri i\u00e7in a\u00e7\u0131klanan liste ba\u015flar\u0131na bak\u0131yorum. \u00d6mr\u00fcnde yalan s\u00f6ylemekten ba\u015fka bir i\u015f yapmam\u0131\u015f, halk\u0131 ve kamuoyunu yanl\u0131\u015f bilgilendirme ustalar\u0131 \u00f6n s\u0131ralarda. Moskova\u2019da e\u011fitim alm\u0131\u015f Eleba Yon\u00e7eva ve Toma Tomov gibi yalan fabrikalar\u0131 sosyalistler korosunda ba\u015f solist. Onlar\u0131n verdi\u011fi kavga M\u00fcsl\u00fcman T\u00fcrkler de bu arada halk\u0131m\u0131z\u0131 daha \u00f6te soyma kavgas\u0131d\u0131r.<\/p>\n<p><strong>O zamanlar geri gelmesin.<\/strong><\/p>\n<p>2001\u2019den ba\u015flay\u0131p 2009\u2019a kadar,\u00a0 M\u00fcsl\u00fcman T\u00fcrkleri g\u00fcya temsil eden, H\u00d6H partisinin de ortak oldu\u011fu II. Semeyon ve Sergey Stani\u015fev ba\u015fbakanl\u0131\u011f\u0131ndaki h\u00fck\u00fcmetlerde ganimet da\u011f\u0131t\u0131m\u0131nda b\u00fcy\u00fck sorunlar ya\u015fanm\u0131\u015ft\u0131. 1944\u2019ten \u00f6nce, \u0130kinci D\u00fcnya Sava\u015f\u0131\u2019n\u0131n son y\u0131llar\u0131nda da\u011fa \u00e7\u0131k\u0131p partizan \u00e7eteleri kuran ve II. Simeyon\u2019un babas\u0131 III. Boris\u2019e ve bizzat ona kar\u015f\u0131 silah elde sava\u015fanlar\u0131n torunlar\u0131 bir bardak so\u011fuk suyla verilen yeni hap\u0131 yutmak istemediler. \u201c<strong>K\u00fcstahlar<\/strong>\u201d ad\u0131 alt\u0131nda de\u011fi\u015fik gruplarda \u00f6rg\u00fctlendi. \u201c<strong>\u00d6yle olmazsa b\u00f6yle olur<\/strong>\u201d deyip insan \u00f6ld\u00fcrmeye, yarg\u0131s\u0131z infaza, adam ka\u00e7\u0131rmaya, fidye istemeye ba\u015flad\u0131lar. \u0130stedikleri yeni bi\u00e7imlenen iktidardan pay\u0131yd\u0131. 76 bilinen, s\u00f6z\u00fc ge\u00e7en, banka m\u00fcd\u00fcr\u00fc, i\u015f adam\u0131, in\u015faat m\u00fchendisi vb. \u00f6ld\u00fcrd\u00fcler. Toplum sindirildi. Toplum korku devri ya\u015fad\u0131. K\u0131sacas\u0131, ekmek az, huzur yok, \u00e7ocuklar g\u00fcnler ya\u015fand\u0131. S\u00f6z\u00fcn\u00fc etti\u011fim 9 y\u0131lda H\u00d6H, II. Semeyon ve BSP iktidardayd\u0131. Kimse o g\u00fcnlerin geri gelmesini istemiyor.<\/p><div id=\"bghab-3862962993\" class=\"bghab-icerik-icine-20-paragraf bghab-entity-placement\"><script async src=\"\/\/pagead2.googlesyndication.com\/pagead\/js\/adsbygoogle.js?client=ca-pub-6203283170189293\" crossorigin=\"anonymous\"><\/script><ins class=\"adsbygoogle\" style=\"display:block; text-align:center;\" data-ad-client=\"ca-pub-6203283170189293\" \ndata-ad-slot=\"7303146466\" \ndata-ad-layout=\"in-article\"\ndata-ad-format=\"fluid\" data-full-width-responsive=\"true\"><\/ins>\n<script> \n(adsbygoogle = window.adsbygoogle || []).push({}); \n<\/script>\n<\/div>\n<p><strong>Kep\u00e7eyi elinde tutan bizim tas\u0131m\u0131z\u0131 bo\u015f b\u0131rakt\u0131.<\/strong><\/p>\n<p>O d\u00f6nem kimin kimi tutmas\u0131 ya da ondan y\u00fcz \u00e7evirmesi gerekti\u011fi bilinmiyordu. O g\u00f6r\u00fclmez yerden iplerini \u00e7ekenler Ahmet Do\u011fan koruma alt\u0131na al\u0131nd\u0131. Kap\u0131lar z\u0131rhland\u0131, \u201c<strong>Jep<\/strong>\u201d tank sava ve 400 kilo plastik z\u0131rhl\u0131ya dayan\u0131r duruma getirildi.<\/p>\n<p>Yine se\u00e7im arifesiydi.<\/p>\n<p>Do\u011fan, Gotse Del\u00e7ev (Nevrekop) k\u00f6y\u00fc Kornitsa toplant\u0131s\u0131nda \u201c<strong>bu devlette pansiyonlar\u0131 da\u011f\u0131tan benim<\/strong>\u201d dedi.\u00a0 Porsiyon s\u00f6z\u00fc, Bulgaristan\u2019daki partilere, \u015firketlere ve hatta ki\u015filere verilen pay\u0131 da\u011f\u0131tan adam benim, anlam\u0131ndayd\u0131. Kulisin ona tan\u0131d\u0131\u011f\u0131 bu hak sert tepki getirdi. Bulgarlar bu defa \u201c<strong>yine onlar\u0131n eline mi d\u00fc\u015ft\u00fck<\/strong>\u201d \u00f6fkesiyle patlad\u0131. 10 y\u0131ldan beri istenmeyen ki\u015fi ve siyaset simgesi olan Do\u011fan bu \u00f6fkeden ders al\u0131p siyasetten \u00e7ekilmeliydi.\u00a0 Yukar\u0131da M\u00fcrve nine \u00f6rne\u011findeki, pi\u015fmi\u015f a\u015f kep\u00e7esi Do\u011fan\u2019\u0131n elinden al\u0131nd\u0131. Kime ya\u011f\u0131ndan, kime budundan, kimine suyundan da\u011f\u0131t\u0131l\u0131rken, bizim tas elimizde kald\u0131. \u0130nce hesap yapanlar evdeki a\u015ftan da olduk.<\/p>\n<p>2009\u2019da yap\u0131lan genel se\u00e7im, Boyko Borisov\u2019un halk\u0131 beladan kurtarmak i\u00e7in i\u015fba\u015f\u0131na gelen h\u00fck\u00fcmeti, kep\u00e7eyi Ahmet Do\u011fan\u2019\u0131n elinden ald\u0131.<\/p><div id=\"bghab-433514660\" class=\"bghab-icerik-icine-25-paragraf bghab-entity-placement\"><script async src=\"\/\/pagead2.googlesyndication.com\/pagead\/js\/adsbygoogle.js?client=ca-pub-6203283170189293\" crossorigin=\"anonymous\"><\/script><ins class=\"adsbygoogle\" style=\"display:block; text-align:center;\" data-ad-client=\"ca-pub-6203283170189293\" \ndata-ad-slot=\"7303146466\" \ndata-ad-layout=\"in-article\"\ndata-ad-format=\"fluid\" data-full-width-responsive=\"true\"><\/ins>\n<script> \n(adsbygoogle = window.adsbygoogle || []).push({}); \n<\/script>\n<\/div>\n<p>2013&#8217;te yap\u0131lan se\u00e7imlerden sonra Plamen Ore\u015farski h\u00fck\u00fcmetinde ortakl\u0131k kuran H\u00d6H ile BSP <strong>Do\u011fan\u2019a kep\u00e7eyi yeniden verdi<\/strong>. D\u00f6nem yaln\u0131z bir y\u0131l s\u00fcrd\u00fc. S\u0131rt \u00fcst\u00fc d\u00fc\u015fmeyen Do\u011fan, akl\u0131n\u0131n kendine yetmedi\u011fini gizlemek i\u00e7in \u201c<strong>ben y\u00f6netenleri y\u00f6netiyorum<\/strong>\u201d dedi. Oligar\u015fi koynunda kendine yer arad\u0131. Bu y\u0131llarda onun \u00fclkemizdeki Rus \u00e7\u0131karlar\u0131n\u0131 savunan bir ajan oldu\u011fu, 2004\u2019te NATO ve 2007\u2019de Avrupa Birli\u011fi \u00fcyeli\u011fini istemesinin ise Bulgaristan\u2019\u0131 AB i\u00e7ine bir Truva At\u0131 gibi sokmak oldu\u011fu ortaya \u00e7\u0131kt\u0131.<\/p>\n<p>Herkes \u201cBulgar Etnik Modeli Sa\u00e7mal\u0131\u011f\u0131\u201dn\u0131n da T\u00fcrkleri entegre ederken g\u00f6n\u00fcll\u00fc asimile edip eritmeyi, daha \u00f6te dilsiz ve dinsiz b\u0131rakmay\u0131 ama\u00e7lad\u0131\u011f\u0131 g\u00f6rmeyen kalmad\u0131. Ne var ki plan, hayal ve tuzaklar\u0131n hepsine art\u0131k k\u0131ra\u011f\u0131 vurdu ve hepsini topluca \u00e7\u00f6pe atma zaman\u0131 geldi.<\/p>\n<p>22 Mart 2017 se\u00e7imlerinde BSP-H\u00d6H ikilisi yeniden mafya, oligar\u015fi, h\u0131rs\u0131z \u00e7etesini iktidara getirmeye \u00e7al\u0131\u015f\u0131yorlar. BSP\u2019nin verdi\u011fi vaatler de \u00e7ok ilgin\u00e7. 10 y\u0131ldan beri y\u00fcz\u00fckoyun yatan \u201cBelene\u201d AES ve \u201cKaradeniz\u2019de Burgaz liman\u0131ndan Egede Aleksondropolis liman\u0131na kadar Rus ham petrol\u00fc i\u00e7in boru hatt\u0131 d\u00f6\u015feyecekmi\u015f. A\u00e7l\u0131ktan a\u011fz\u0131 kokmu\u015f ya\u015fl\u0131lar\u0131 d\u00fc\u015f\u00fcnen yok.<\/p>\n<p>Sa\u011fl\u0131k, e\u011fitim ve sosyal sistem koku\u015fmu\u015f, hi\u00e7bir sosyalistin umurunda de\u011fil. 49. kurultay\u2019da 20 y\u0131l mecliste oturanlara \u201c<strong>yeter art\u0131k bu kadar, hi\u00e7bir i\u015f yapmadan 5 s\u00fcre ayn\u0131 yerde otururken maa\u015f almak fazla olmad\u0131 m\u0131?<\/strong>\u201d denince k\u0131yamet koptu. Burun \u015fi\u015firenler, ters bakanlar, tekme atanlar bir s\u00fcr\u00fc\u2026<\/p>\n<p>Reformcu Blok da\u011f\u0131ld\u0131. Yeni kurulan \u201c<strong>Evet \u2013 Bulgaristan<\/strong>\u201d partisinin istedi\u011fi Adalet Reformunun sat\u0131hsal oldu\u011fu, ancak \u00e7ift cinsiyetlilere evlenme ve \u00e7ocuk sahibi olmay\u0131 hedefledi\u011fi ortaya \u00e7\u0131k\u0131nca, se\u00e7men\u00a0 \u201c<strong>selam sabah\u0131 kesti.<\/strong>\u201d<\/p><div id=\"bghab-662287283\" class=\"bghab-icerik-icine-30-paragraf bghab-entity-placement\"><script async src=\"\/\/pagead2.googlesyndication.com\/pagead\/js\/adsbygoogle.js?client=ca-pub-6203283170189293\" crossorigin=\"anonymous\"><\/script><ins class=\"adsbygoogle\" style=\"display:block; text-align:center;\" data-ad-client=\"ca-pub-6203283170189293\" \ndata-ad-slot=\"7303146466\" \ndata-ad-layout=\"in-article\"\ndata-ad-format=\"fluid\" data-full-width-responsive=\"true\"><\/ins>\n<script> \n(adsbygoogle = window.adsbygoogle || []).push({}); \n<\/script>\n<\/div>\n<p>Yine bir iki hafta \u00f6nce kurulan \u201c<strong>Yeni Cumhuriyet<\/strong>\u201d partisinin de sistem de\u011fi\u015fikli\u011fini temel \u00f6dev olarak benimsemeyip sa\u011f merkeze daha ayak basmadan orta direk havalar\u0131na girmesine de se\u00e7menden \u201c<strong>daha sade olun<\/strong>\u201d selam\u0131 geldi.<\/p>\n<p>\u015eu d\u00f6nem, hele de Romanya\u2019daki r\u00fc\u015fvet\u00e7ilere kar\u015f\u0131 halk hareketleri, Makedonya\u2019da meclisin kilitlenmesi ve etnik konularda anla\u015famad\u0131klar\u0131ndan dolay\u0131 h\u00fck\u00fcmet kurulamamas\u0131, ter\u00f6re kar\u015f\u0131 silahl\u0131 sava\u015fta T\u00fcrkiye Silahl\u0131 Kuvvetleri\u2019nin s\u0131n\u0131r d\u0131\u015f\u0131na \u00e7\u0131kmas\u0131 ve ba\u015far\u0131lar\u0131 27 y\u0131ldan beri totaliter kom\u00fcnist \u00f6zden kurtulmak istemeyen Bulgaristan\u2019da son derece g\u00fc\u00e7l\u00fc etkide bulundu. Sesini y\u00fckseltmeden halk oylamas\u0131na kat\u0131lan 2.5 milyon se\u00e7menin se\u00e7im sistemi hemen de\u011fi\u015ftirilsin iradesi akan sular\u0131 durdurdu. Bu kararl\u0131l\u0131k siyasette nesil de\u011fi\u015ftirme, zihniyet yenileme zaman\u0131 geldi\u011fine i\u015faret oldu. De\u011fi\u015fiklik ve yenilenme isteyenlerin mevcut durumun korunmas\u0131ndan yana olanlardan \u00e7ok daha fazla gen\u00e7 oldu\u011fu g\u00f6r\u00fcnd\u00fc. Bu yeni kalabal\u0131\u011f\u0131n i\u00e7inde M\u00fcsl\u00fcman T\u00fcrklerin yer almas\u0131ndan B\u00fcy\u00fck Millet Meclisi ve Anayasa de\u011fi\u015fikli\u011fi istekleri y\u00fckseldi. Bu toplumsal de\u011fi\u015fiklerin temelinde May\u0131s 1989 Ayaklanmam\u0131z vard\u0131r. Onun \u00f6z\u00fcnde ise, memleketimizin tek uluslu sistemden \u00e7ok etnikli, \u00e7ok k\u00fclt\u00fcrl\u00fc halklar karde\u015fli\u011fi uygarl\u0131\u011f\u0131nda bulu\u015fma arzusu ve at\u0131l\u0131mlar\u0131 oldu\u011fu her ge\u00e7en g\u00fcn daha g\u00fc\u00e7l\u00fc hissediliyor.<\/p>\n<p>Bu programsal y\u00fcklenme, bug\u00fcn toplumumuzun b\u00fcy\u00fck bir k\u0131sm\u0131n\u0131 kucaklam\u0131\u015f bulunuyor. Bu ger\u00e7ek, 14 Balkan \u00fclkesinin yar\u0131dan fazlas\u0131nda art\u0131k bir ger\u00e7ektir. Balkanlarda ya\u015fayan toplam 10 milyondan fazla M\u00fcsl\u00fcman siyasi terazinin diline y\u00f6n veriyor.<\/p>\n<p>Bu konuya birka\u00e7 hafta sonra yeniden d\u00f6n\u00fcp Ay\u015fe ninenin bir daha elini \u00f6p\u00fcp \u201c<strong>se\u00e7im \u00f6n\u00fc siyaset \u00e7orbas\u0131 kaynatabildiyse, kokusunu yorumlatmak istiyorum<\/strong>.\u201d \u0130\u015f Allah demokrasi, \u00f6zg\u00fcrl\u00fck, huzur ve mutluluk kokar\u2026<\/p>\n<p>Bug\u00fcne kadar yazd\u0131\u011f\u0131m b\u00fct\u00fcn yaz\u0131lar\u0131mda, en s\u0131k\u0131 k\u00f6rd\u00fc\u011f\u00fcmlerin de bilgilenmeyle, bilin\u00e7le, zek\u00e2 birikimiyle \u00e7\u00f6z\u00fclebilece\u011fine dikkatinizi \u00e7ekmeye \u00e7al\u0131\u015ft\u0131m. Her oyun \u00e7ok b\u00fcy\u00fck de\u011feri oldu\u011funu yazd\u0131m.<\/p><div id=\"bghab-2649148712\" class=\"bghab-icerik-icine-35-paragraf bghab-entity-placement\"><script async src=\"\/\/pagead2.googlesyndication.com\/pagead\/js\/adsbygoogle.js?client=ca-pub-6203283170189293\" crossorigin=\"anonymous\"><\/script><ins class=\"adsbygoogle\" style=\"display:block; text-align:center;\" data-ad-client=\"ca-pub-6203283170189293\" \ndata-ad-slot=\"7303146466\" \ndata-ad-layout=\"in-article\"\ndata-ad-format=\"fluid\" data-full-width-responsive=\"true\"><\/ins>\n<script> \n(adsbygoogle = window.adsbygoogle || []).push({}); \n<\/script>\n<\/div>\n<p>K\u0131rcaali\u2019de Ay\u015fe\u00a0nineye u\u011framam\u0131n nedeni de buydu.<\/p>\n<p>Bu i\u015fler bizden \u00f6nce de b\u00f6yleymi\u015f. \u0130\u015fte ispat\u0131:<\/p>\n<p>\u201c<strong><em>Sen hem cennetten hem de d\u00fcnyadan daha de\u011ferlisin:<\/em><\/strong><\/p>\n<p><strong><em>Sen kendi de\u011ferini bilmeyi bilmiyorsan elimden ne gelir ki<\/em><\/strong>?\u201d<\/p>\n<p>(Sanai)<\/p><div id=\"bghab-2044766717\" class=\"bghab-icerik-icine-40-paragraf bghab-entity-placement\"><script async src=\"\/\/pagead2.googlesyndication.com\/pagead\/js\/adsbygoogle.js?client=ca-pub-6203283170189293\" crossorigin=\"anonymous\"><\/script><ins class=\"adsbygoogle\" style=\"display:block; text-align:center;\" data-ad-client=\"ca-pub-6203283170189293\" \ndata-ad-slot=\"7303146466\" \ndata-ad-layout=\"in-article\"\ndata-ad-format=\"fluid\" data-full-width-responsive=\"true\"><\/ins>\n<script> \n(adsbygoogle = window.adsbygoogle || []).push({}); \n<\/script>\n<\/div>\n<p>\u201c<strong><em>L\u00fctfen kendinizi ucuza satmay\u0131n,<\/em><\/strong><\/p>\n<p><strong><em>\u00c7\u00fcnk\u00fc sizin Allah\u2019\u0131n g\u00f6z\u00fcndeki de\u011ferleriniz ger\u00e7ekten de \u00e7ok b\u00fcy\u00fck<\/em><\/strong>.\u201d<\/p>\n<p>(Mevl\u00e2na)<\/p>\n<div id=\"bghab-2040520729\" class=\"bghab-yazi-altinda bghab-entity-placement\"><script async src=\"https:\/\/pagead2.googlesyndication.com\/pagead\/js\/adsbygoogle.js\"><\/script>\r\n<!-- bghaber-yaz\u0131-sonu -->\r\n<ins class=\"adsbygoogle\"\r\n     style=\"display:block\"\r\n     data-ad-client=\"ca-pub-6203283170189293\"\r\n     data-ad-slot=\"4222328180\"\r\n     data-ad-format=\"auto\"\r\n     data-full-width-responsive=\"true\"><\/ins>\r\n<script>\r\n     (adsbygoogle = window.adsbygoogle || []).push({});\r\n<\/script><\/div><br style=\"clear: both; display: block; float: none;\"\/>","protected":false},"excerpt":{"rendered":"<p>Rafet Ulut\u00fcrk Tarih: 12 \u015eubat 2017 Se\u00e7imlerin sonucunu kestirmek i\u00e7in erken Bulgaristan yine erken se\u00e7ime gidiyor. Sosyolojiden ekmek yiyenler kafa kafaya vermi\u015f, SUSUYORLAR. Siyaset\u00e7iler veresiye<\/p>\n","protected":false},"author":13,"featured_media":21166,"comment_status":"closed","ping_status":"closed","sticky":false,"template":"","format":"standard","meta":{"advanced_seo_description":"","jetpack_seo_html_title":"","jetpack_seo_noindex":false,"jetpack_seo_schema_type":"","_jetpack_newsletter_access":"","_jetpack_dont_email_post_to_subs":false,"_jetpack_newsletter_tier_id":0,"_jetpack_memberships_contains_paywalled_content":false,"_jetpack_feature_clip_id":0,"_jetpack_memberships_contains_paid_content":false,"footnotes":"","jetpack_post_was_ever_published":false},"categories":[6],"tags":[],"class_list":["post-22172","post","type-post","status-publish","format-standard","has-post-thumbnail","hentry","category-yorum"],"jetpack_sharing_enabled":true,"jetpack_likes_enabled":true,"jetpack-related-posts":[],"jetpack_shortlink":"https:\/\/wp.me\/pc2PfJ-5LC","jetpack_featured_media_url":"https:\/\/i0.wp.com\/www.bghaber.org\/bghaber\/wp-content\/uploads\/2016\/10\/rafet-uluturk.jpg?fit=132%2C177&ssl=1","_links":{"self":[{"href":"https:\/\/www.bghaber.org\/bghaber\/wp-json\/wp\/v2\/posts\/22172","targetHints":{"allow":["GET"]}}],"collection":[{"href":"https:\/\/www.bghaber.org\/bghaber\/wp-json\/wp\/v2\/posts"}],"about":[{"href":"https:\/\/www.bghaber.org\/bghaber\/wp-json\/wp\/v2\/types\/post"}],"author":[{"embeddable":true,"href":"https:\/\/www.bghaber.org\/bghaber\/wp-json\/wp\/v2\/users\/13"}],"replies":[{"embeddable":true,"href":"https:\/\/www.bghaber.org\/bghaber\/wp-json\/wp\/v2\/comments?post=22172"}],"version-history":[{"count":0,"href":"https:\/\/www.bghaber.org\/bghaber\/wp-json\/wp\/v2\/posts\/22172\/revisions"}],"wp:featuredmedia":[{"embeddable":true,"href":"https:\/\/www.bghaber.org\/bghaber\/wp-json\/wp\/v2\/media\/21166"}],"wp:attachment":[{"href":"https:\/\/www.bghaber.org\/bghaber\/wp-json\/wp\/v2\/media?parent=22172"}],"wp:term":[{"taxonomy":"category","embeddable":true,"href":"https:\/\/www.bghaber.org\/bghaber\/wp-json\/wp\/v2\/categories?post=22172"},{"taxonomy":"post_tag","embeddable":true,"href":"https:\/\/www.bghaber.org\/bghaber\/wp-json\/wp\/v2\/tags?post=22172"}],"curies":[{"name":"wp","href":"https:\/\/api.w.org\/{rel}","templated":true}]}}