{"id":22168,"date":"2017-02-13T01:54:15","date_gmt":"2017-02-12T23:54:15","guid":{"rendered":"http:\/\/www.bghaber.org\/bghaber\/?p=22168"},"modified":"2017-02-13T01:54:15","modified_gmt":"2017-02-12T23:54:15","slug":"gerb-partisinin-secim-programi-aciklandi","status":"publish","type":"post","link":"https:\/\/www.bghaber.org\/bghaber\/gerb-partisinin-secim-programi-aciklandi\/","title":{"rendered":"GERB partisinin se\u00e7im program\u0131 a\u00e7\u0131kland\u0131.\u00a0 \u00a0"},"content":{"rendered":"<p><img data-recalc-dims=\"1\" decoding=\"async\" src=\"https:\/\/i0.wp.com\/www.bghaber.org\/bghaber\/wp-content\/uploads\/2013\/09\/boyko-borisov-gerb-genel-bask2.jpg?w=640\" \/><\/p>\n<p>BGSAM<\/p>\n<p>Tarih: 11 \u015eubat 2017<strong>\u00a0 \u00a0 \u00a0 \u00a0 \u00a0 \u00a0 \u00a0 \u00a0 \u00a0 \u00a0 \u00a0 \u00a0 \u00a0<\/strong><strong>\u00a0<\/strong><\/p>\n<p>26 Mart 2017 erken genel se\u00e7imlerine giderken 13 siyasi parti ve grupla\u015fma kayd\u0131n\u0131 yapt\u0131rd\u0131. Se\u00e7im programlar\u0131 se\u00e7menin dikkatine sunulmaya ba\u015flad\u0131. 2009\u2019dan beri Bulgaristan\u2019da en b\u00fcy\u00fck siyasi formasyon olan Bulgaristan\u2019\u0131n Avrupal\u0131 Geli\u015fimi \u0130\u00e7in Vatanda\u015flar\u0131, k\u0131sa ad\u0131 (GERB) partisi SE\u00c7\u0130M PROGRAMINI a\u00e7\u0131klad\u0131. 50 sayfal\u0131k olan ve de\u011fi\u015fik yay\u0131nlarla kamuoyuna ve farkl\u0131 se\u00e7men katmanlar\u0131na sunulan program, <strong>tamamen politik nitelikli<\/strong> olup, 2008 ve 2014 se\u00e7imlerinde yay\u0131nlanan S\u0130YAS\u0130 PROGRAMLARDAN temel nitelikleri itibar\u0131yla k\u00f6kten farkl\u0131d\u0131r.<\/p>\n<p>Bilindi\u011fi \u00fczere 2007\u2019de kurulan GERB partisi 2009 ve 2013 y\u0131llar\u0131 aras\u0131nda ve ikinci d\u00f6nem de 2017 2016 y\u0131llar\u0131 aras\u0131nda Bulgaristan\u2019\u0131 y\u00f6netmi\u015fti. Her iki d\u00f6nemde de Ba\u015fbakan olan Parti Genel Ba\u015fkan\u0131 Boyko Borisov, 15 Kas\u0131m 2016\u2019da istifa etti ve parlamentonun da tatil edilmesiyle 26 Mart 2017 se\u00e7imlerine yol a\u00e7t\u0131.\u00a0 Bu se\u00e7imlere Bulgaristan M\u00fcsl\u00fcman T\u00fcrkleri ilk kez sol kanatta Hak ve \u00d6zg\u00fcrl\u00fck Partisi (DPS) ve sa\u011f kanatta\u00a0 \u201cDOST Birli\u011fi\u201d siyasi olu\u015fumuyla kat\u0131lacak.\u00a0 H\u00d6H partisi se\u00e7ime bu defa da tek ba\u015f\u0131na girerken, \u201cDOST \u2013 Birli\u011fi\u201d\u00a0 Sorumluluk, Tolerans ve \u00c7zg\u00fcrl\u00fckler i\u00e7in Demokrasi (DOST) partisi ve Halk\u0131n \u015eeref ve Demokrasi Partisi (H\u015eDP) birle\u015fiminden olu\u015fuyor. Se\u00e7men bu iki formasyonun se\u00e7im programlar\u0131n\u0131 beklerken yay\u0131nlkanan 5o sayfal\u0131k GERB program\u0131 se\u00e7mene \u015funlar\u0131 sunuyor:<\/p>\n<p>\u0130lk olarak GERB Partisi\u00a0 <strong>B\u00fcy\u00fck Halk Meclisi<\/strong> \u00e7a\u011fr\u0131lmas\u0131n\u0131; yeni ANAYASA haz\u0131rlanmas\u0131n\u0131 ve milletvekillerinin DOKUNULMAZLI\u011eININ kald\u0131r\u0131lmas\u0131 olmak \u00fczere <strong>\u00dc\u00c7 TEMEL \u0130STEK<\/strong> \u00f6ne s\u00fcr\u00fcyor.Bu \u00fc\u00e7 madde program\u0131n \u00f6z\u00fcn\u00fc olu\u015fturuyor.<\/p><div id=\"bghab-2697283237\" class=\"bghab-icerik-icine bghab-entity-placement\"><script async src=\"\/\/pagead2.googlesyndication.com\/pagead\/js\/adsbygoogle.js?client=ca-pub-6203283170189293\" crossorigin=\"anonymous\"><\/script><ins class=\"adsbygoogle\" style=\"display:block; text-align:center;\" data-ad-client=\"ca-pub-6203283170189293\" \ndata-ad-slot=\"7303146466\" \ndata-ad-layout=\"in-article\"\ndata-ad-format=\"fluid\" data-full-width-responsive=\"true\"><\/ins>\n<script> \n(adsbygoogle = window.adsbygoogle || []).push({}); \n<\/script>\n<\/div>\n<p>Se\u00e7im toplant\u0131lar\u0131nda tart\u0131\u015f\u0131lmas\u0131 \u00f6ng\u00f6r\u00fclen program\u0131n uzman ki\u015filer taraf\u0131ndan yap\u0131lacak \u00f6nerilere a\u00e7\u0131kt\u0131r. Program ilk kez, i\u00e7 ve d\u0131\u015f siyaset, sosyal ve kamu d\u00fczenini, g\u00fcvenlik, maliye ve Avrupa Birli\u011fi fonlar\u0131n\u0131n y\u00f6netimi, savunma, adalet, e\u011fitim, sa\u011fl\u0131k, ekonomi, turizm, k\u00fclt\u00fcr ve \u00e7evre sa\u011fl\u0131\u011f\u0131 ve spor gibi ba\u015fl\u0131klar alt\u0131nda toplanm\u0131\u015ft\u0131r.<\/p>\n<p>GERB\u2019in se\u00e7im program\u0131 Bulgaristan\u2019daki kamuoyu ve se\u00e7men isteklerini temel alm\u0131\u015f ki,<\/p>\n<p>6 Kas\u0131m 2016 halk oylamas\u0131 (referandum) sonu\u00e7lar\u0131 \u00e7al\u0131\u015fan bir demokratik ara\u00e7 olarak de\u011ferlendirmekte ve uygulanmas\u0131 i\u00e7in \u00e7al\u0131\u015fma y\u00fcr\u00fct\u00fclece\u011fine i\u015faret ediliyor.<\/p>\n<p>GERB partisi Bulgaristan\u2019\u0131n 2018 y\u0131l\u0131nda SHENGEN\u00a0 ve Avrupa Birli\u011fi B\u00f6lgesine girmeyi program\u0131na alm\u0131\u015f bulunuyor.<\/p>\n<p>GERB Bulgaristan Ceza Kanununda de\u011fi\u015fikler yap\u0131lmas\u0131n\u0131 \u00f6ne s\u00fcrerken, halen y\u00fcr\u00fcrl\u00fckte olan Ceza Kanunu\u2019nun 1968\u2019de kabul edildi\u011fini ve o zamandan beri <strong>102 de\u011fi\u015fiklik<\/strong> g\u00f6rd\u00fc\u011f\u00fc, r\u00fc\u015fvet, ter\u00f6rizm, bilgisayar \u00fczerinden i\u015flenen su\u00e7lar, para aklama, n\u00fcfus ticareti vb su\u00e7lar\u0131n ceza kapsam\u0131na al\u0131nmas\u0131 isteniyor.<\/p><div id=\"bghab-3142632942\" class=\"bghab-icerik-icine-10-paragraf bghab-entity-placement\"><script async src=\"\/\/pagead2.googlesyndication.com\/pagead\/js\/adsbygoogle.js?client=ca-pub-6203283170189293\" crossorigin=\"anonymous\"><\/script><ins class=\"adsbygoogle\" style=\"display:block; text-align:center;\" data-ad-client=\"ca-pub-6203283170189293\" \ndata-ad-slot=\"7303146466\" \ndata-ad-layout=\"in-article\"\ndata-ad-format=\"fluid\" data-full-width-responsive=\"true\"><\/ins>\n<script> \n(adsbygoogle = window.adsbygoogle || []).push({}); \n<\/script>\n<\/div>\n<p>Yerel ve b\u00f6lgesel siyasette, G\u00fcney Bat\u0131 kesimde, \u00a0\u201c<strong>Struma<\/strong>\u201d ana yolunun Blogoevgrad \u2013 Sandanski kesiminin tamamlanmas\u0131n\u0131, Kresna Bo\u011faz\u0131nda \u201c<strong>Jeleznitsa<\/strong>\u201d t\u00fcneli a\u00e7\u0131lmas\u0131n\u0131; Sofya \u2013 Kalotina ana yolu yap\u0131m\u0131na h\u0131z verilmesini; \u201c<strong>\u015eipka<\/strong>\u201d T\u00fcnelinin a\u00e7\u0131lmas\u0131; Ruse \u2013 Veliko T\u0131rnovo ve Vidin Sofya \u201c<strong>A<\/strong>\u201d tipi geni\u015f ana yol kurulmas\u0131 gibi tasar\u0131mlar da yer al\u0131yor.<\/p>\n<p>Bu program\u0131n ger\u00e7ekle\u015ftirilmesi s\u00fcrecinde GERB partisi \u00fclkede asgari \u00fccretin <strong>650 leva (alt\u0131 y\u00fcz elli)<\/strong>, ayl\u0131k \u00fccret ortalamas\u0131n\u0131n da <strong>1\u00a0500 leva<\/strong> (bin be\u015f y\u00fcz leva) olmas\u0131 \u00f6ng\u00f6r\u00fclm\u00fc\u015ft\u00fcr.<\/p>\n<div id=\"bghab-1978761462\" class=\"bghab-yazi-altinda bghab-entity-placement\"><script async src=\"https:\/\/pagead2.googlesyndication.com\/pagead\/js\/adsbygoogle.js\"><\/script>\r\n<!-- bghaber-yaz\u0131-sonu -->\r\n<ins class=\"adsbygoogle\"\r\n     style=\"display:block\"\r\n     data-ad-client=\"ca-pub-6203283170189293\"\r\n     data-ad-slot=\"4222328180\"\r\n     data-ad-format=\"auto\"\r\n     data-full-width-responsive=\"true\"><\/ins>\r\n<script>\r\n     (adsbygoogle = window.adsbygoogle || []).push({});\r\n<\/script><\/div><br style=\"clear: both; display: block; float: none;\"\/>","protected":false},"excerpt":{"rendered":"<p>BGSAM Tarih: 11 \u015eubat 2017\u00a0 \u00a0 \u00a0 \u00a0 \u00a0 \u00a0 \u00a0 \u00a0 \u00a0 \u00a0 \u00a0 \u00a0 \u00a0\u00a0 26 Mart 2017 erken genel se\u00e7imlerine giderken 13<\/p>\n","protected":false},"author":13,"featured_media":5949,"comment_status":"closed","ping_status":"closed","sticky":false,"template":"","format":"standard","meta":{"advanced_seo_description":"","jetpack_seo_html_title":"","jetpack_seo_noindex":false,"jetpack_seo_schema_type":"","_jetpack_newsletter_access":"","_jetpack_dont_email_post_to_subs":false,"_jetpack_newsletter_tier_id":0,"_jetpack_memberships_contains_paywalled_content":false,"_jetpack_feature_clip_id":0,"_jetpack_memberships_contains_paid_content":false,"footnotes":"","jetpack_post_was_ever_published":false},"categories":[5],"tags":[],"class_list":["post-22168","post","type-post","status-publish","format-standard","has-post-thumbnail","hentry","category-yasam"],"jetpack_sharing_enabled":true,"jetpack_likes_enabled":true,"jetpack-related-posts":[],"jetpack_shortlink":"https:\/\/wp.me\/pc2PfJ-5Ly","jetpack_featured_media_url":"https:\/\/i0.wp.com\/www.bghaber.org\/bghaber\/wp-content\/uploads\/2013\/09\/boyko-borisov-gerb-genel-bask2.jpg?fit=590%2C529&ssl=1","_links":{"self":[{"href":"https:\/\/www.bghaber.org\/bghaber\/wp-json\/wp\/v2\/posts\/22168","targetHints":{"allow":["GET"]}}],"collection":[{"href":"https:\/\/www.bghaber.org\/bghaber\/wp-json\/wp\/v2\/posts"}],"about":[{"href":"https:\/\/www.bghaber.org\/bghaber\/wp-json\/wp\/v2\/types\/post"}],"author":[{"embeddable":true,"href":"https:\/\/www.bghaber.org\/bghaber\/wp-json\/wp\/v2\/users\/13"}],"replies":[{"embeddable":true,"href":"https:\/\/www.bghaber.org\/bghaber\/wp-json\/wp\/v2\/comments?post=22168"}],"version-history":[{"count":0,"href":"https:\/\/www.bghaber.org\/bghaber\/wp-json\/wp\/v2\/posts\/22168\/revisions"}],"wp:featuredmedia":[{"embeddable":true,"href":"https:\/\/www.bghaber.org\/bghaber\/wp-json\/wp\/v2\/media\/5949"}],"wp:attachment":[{"href":"https:\/\/www.bghaber.org\/bghaber\/wp-json\/wp\/v2\/media?parent=22168"}],"wp:term":[{"taxonomy":"category","embeddable":true,"href":"https:\/\/www.bghaber.org\/bghaber\/wp-json\/wp\/v2\/categories?post=22168"},{"taxonomy":"post_tag","embeddable":true,"href":"https:\/\/www.bghaber.org\/bghaber\/wp-json\/wp\/v2\/tags?post=22168"}],"curies":[{"name":"wp","href":"https:\/\/api.w.org\/{rel}","templated":true}]}}