{"id":22164,"date":"2017-02-13T01:46:59","date_gmt":"2017-02-12T23:46:59","guid":{"rendered":"http:\/\/www.bghaber.org\/bghaber\/?p=22164"},"modified":"2017-02-13T01:46:59","modified_gmt":"2017-02-12T23:46:59","slug":"suriyede-neler-oluyor","status":"publish","type":"post","link":"https:\/\/www.bghaber.org\/bghaber\/suriyede-neler-oluyor\/","title":{"rendered":"Suriye\u2019de Neler Oluyor?"},"content":{"rendered":"<div id=\"yiv6556220974yui_3_16_0_ym19_1_1486838352484_8669\"><\/div>\n<div id=\"yiv6556220974yui_3_16_0_ym19_1_1486838352484_8671\"><img data-recalc-dims=\"1\" loading=\"lazy\" decoding=\"async\" class=\"\" src=\"https:\/\/i0.wp.com\/www.bghaber.org\/bghaber\/wp-content\/uploads\/2015\/11\/Alptekin11.jpg?resize=177%2C238\" width=\"177\" height=\"238\" \/>\u00a0Alptekin CEVHERL\u0130<\/div>\n<div id=\"yiv6556220974yui_3_16_0_ym19_1_1486838352484_8672\">+++++<\/div>\n<div id=\"yiv6556220974yui_3_16_0_ym19_1_1486838352484_8673\">Bir suredir Suriye\u2019de ya\u015fanan i\u00e7 sava\u015f\u0131 gerek \u00fclke olarak ve gerekse de d\u00fcnya olarak izliyoruz. T\u00fcrkiye son d\u00f6nemde yeniden yap\u0131land\u0131rd\u0131\u011f\u0131 d\u0131\u015f politikas\u0131yla olumlu bir ivme yakalayarak hem b\u00f6lgede s\u00f6z sahibi oldu\u011funu dosta d\u00fc\u015fmana hat\u0131rlatt\u0131, hem de b\u00f6lgedeki dost unsurlara (T\u00fcrkmenlere ve \u00d6SO\u2019ya g\u00fcven verdi.<\/div>\n<div id=\"yiv6556220974yui_3_16_0_ym19_1_1486838352484_8674\">Evet, Suriye gibi \u00e7etrefilli bir arazide kara harek\u00e2t\u0131na girmek elbette \u00e7ok zor. Ancak T\u00fcrk Ordusu, ilk bir hafta i\u00e7erisinde ge\u00e7ekle\u015ftirdi\u011fi \u00fcst\u00fcn ba\u015far\u0131 ile birka\u00e7 y\u0131ld\u0131r pe\u015f pe\u015fe b\u00fcy\u00fck bir darbeler alm\u0131\u015f haliyle dahi, ABD ve Rusya ordular\u0131n\u0131n cesaret edemedi\u011fi bir alanda ve elbette kendi hinterland\u0131nda b\u00fcy\u00fck bir zafer kazand\u0131.<span id=\"yiv6556220974yui_3_16_0_ym19_1_1486838352484_8675\">\u00a0 <\/span>Ancak ard\u0131ndan Bat\u0131\u2019n\u0131n m\u00fcdahalesiyle harek\u00e2t g\u00f6r\u00fcld\u00fc\u011f\u00fc kadar\u0131yla r\u00f6lantiye al\u0131nd\u0131 ve pazarl\u0131k sureci ba\u015flad\u0131. Zaten kay\u0131plar\u0131m\u0131z da bundan sonra ba\u015flad\u0131 veya artt\u0131 diyelim. I\u015e\u0130D b\u0131rak\u0131p ka\u00e7makta oldu\u011fu mevzilerine geri d\u00f6nd\u00fc ve El Bab \u00f6n\u00fcnde durduk. T\u00fcrkiye gibi bir s\u00fcper g\u00fc\u00e7 i\u00e7in El Bab bir ka\u00e7 saatlik bir operasyondur. Ancak kap\u0131 \u00f6n\u00fcnde bekledik\u00e7e bize maliyet artmaktad\u0131r ve daha beklersek de artacakt\u0131r.<\/div>\n<div id=\"yiv6556220974yui_3_16_0_ym19_1_1486838352484_8676\">T\u00fcrkiye\u2019nin bundan sonra yapaca\u011f\u0131 \u015fey; gerek Rusya ve gerekse de ABD ile ili\u015fkilerde kararl\u0131 bir \u015fekilde duru\u015f sergilemesidir.<\/div>\n<div id=\"yiv6556220974yui_3_16_0_ym19_1_1486838352484_8677\">Bu anlamda Rusya\u2019n\u0131n T\u00fcrk tank birli\u011finin kararg\u00e2h\u0131n\u0131 \u2018yanl\u0131\u015fl\u0131kla\u2019 vurmas\u0131 ve 3 askerimizi \u015fehit edip; 11\u2019ini de yaralamas\u0131 basit bir hata olarak alg\u0131lanamaz. Hem de koordinatlar\u0131n sa\u011flamas\u0131n\u0131 yaparak verdi\u011fimiz bir sald\u0131r\u0131; ya ABD ile ili\u015fkilerini eskisi gibi tekrar s\u0131cak hale getirme uyar\u0131s\u0131d\u0131r, ya da Hatay\u2019da vurdu\u011fumuz Rus sava\u015f u\u00e7a\u011f\u0131n\u0131n so\u011futulmu\u015f intikam\u0131d\u0131r. Ve ne yaz\u0131k ki her ikisi de T\u00fcrkiye i\u00e7in ciddi bir uyar\u0131d\u0131r. Bu durumda Trump liderli\u011findeki NATO ittifak\u0131ndan destek ne kadar al\u0131nabilir ve\\veya kar\u015f\u0131l\u0131\u011f\u0131nda ne istenir, iyi d\u00fc\u015f\u00fcn\u00fclmelidir.<\/div>\n<div id=\"yiv6556220974yui_3_16_0_ym19_1_1486838352484_8678\">Bu nedenle F\u0131rat Kalkan\u0131 harek\u00e2t\u0131nda El Bab tamamen ele ge\u00e7irilmeden gecen her g\u00fcn, T\u00fcrkiye\u2019nin aleyhine i\u015flemektedir. Son s\u00fcrat El Bab\u2019\u0131n al\u0131nmas\u0131 bu anlamda olmazsa olmaz haline gelmi\u015ftir\u2026<\/div>\n<div id=\"yiv6556220974yui_3_16_0_ym19_1_1486838352484_8679\">F\u0131rat Kalkan\u0131 harek\u00e2t\u0131n\u0131n bilinen 4 temel nedeni vard\u0131r:<\/div>\n<div id=\"yiv6556220974yui_3_16_0_ym19_1_1486838352484_8680\"><span id=\"yiv6556220974yui_3_16_0_ym19_1_1486838352484_8681\"><span id=\"yiv6556220974yui_3_16_0_ym19_1_1486838352484_8682\">1.<span id=\"yiv6556220974yui_3_16_0_ym19_1_1486838352484_8683\">\u00a0\u00a0\u00a0\u00a0\u00a0\u00a0 <\/span><\/span><\/span>T\u00fcrkiye s\u0131n\u0131rlar\u0131n\u0131n g\u00fcvenli\u011fini sa\u011flayarak s\u0131n\u0131rdan ger\u00e7eklesen ter\u00f6r s\u0131zmalar\u0131n\u0131n \u00f6n\u00fcne ge\u00e7mektir.<\/div>\n<div id=\"yiv6556220974yui_3_16_0_ym19_1_1486838352484_8684\"><span id=\"yiv6556220974yui_3_16_0_ym19_1_1486838352484_8685\"><span id=\"yiv6556220974yui_3_16_0_ym19_1_1486838352484_8686\">2.<span id=\"yiv6556220974yui_3_16_0_ym19_1_1486838352484_8687\">\u00a0\u00a0\u00a0\u00a0\u00a0\u00a0 <\/span><\/span><\/span>Suriye\u2019de siviller i\u00e7in g\u00fcvenli b\u00f6lge olu\u015fturarak T\u00fcrkiye\u2019ye olan yo\u011fun g\u00f6\u00e7\u00fc frenlemektir.<\/div>\n<div id=\"yiv6556220974yui_3_16_0_ym19_1_1486838352484_8688\"><span id=\"yiv6556220974yui_3_16_0_ym19_1_1486838352484_8689\"><span id=\"yiv6556220974yui_3_16_0_ym19_1_1486838352484_8690\">3.<span id=\"yiv6556220974yui_3_16_0_ym19_1_1486838352484_8691\">\u00a0\u00a0\u00a0\u00a0\u00a0\u00a0 <\/span><\/span><\/span>I\u015e\u0130D\u2019in elindeki yerleri kurtararak b\u00f6lge insan\u0131na \u00f6zg\u00fcrl\u00fc\u011f\u00fcn\u00fc geri vermektir.<\/div>\n<div id=\"yiv6556220974yui_3_16_0_ym19_1_1486838352484_8692\"><span id=\"yiv6556220974yui_3_16_0_ym19_1_1486838352484_8693\"><span id=\"yiv6556220974yui_3_16_0_ym19_1_1486838352484_8694\">4.<span id=\"yiv6556220974yui_3_16_0_ym19_1_1486838352484_8695\">\u00a0\u00a0\u00a0\u00a0\u00a0\u00a0 <\/span><\/span><\/span>PKK\u2019nin T\u00fcrkiye\u2019nin g\u00fcney s\u0131n\u0131rlar\u0131n\u0131 tamamen kapatarak \u00fclkenin izole hale gelmesinin \u00f6n\u00fcne ge\u00e7mektir.<\/div>\n<div id=\"yiv6556220974yui_3_16_0_ym19_1_1486838352484_8696\">\u015eu an i\u00e7in bunlar\u0131n hangisi birinci \u00f6nceliklidir derseniz? Asl\u0131nda hepsi de birbirinden \u00f6nemlidir. Ama uzun vadede en \u00f6nemlisi 4. madde olan, T\u00fcrkiye\u2019nin g\u00fcney s\u0131n\u0131rlar\u0131n\u0131n izole edilmesi sorunudur. Ve i\u015fin k\u00f6t\u00fc taraf\u0131 NATO ile \u00e7\u0131kar \u00e7at\u0131\u015fmas\u0131 ya\u015fad\u0131\u011f\u0131m\u0131z konu da; ne yaz\u0131k ki budur&#8230;<\/div>\n<div id=\"yiv6556220974yui_3_16_0_ym19_1_1486838352484_8697\">T\u00fcrkiye, e\u011fer ABD ve di\u011fer Bat\u0131 \u00fclkeleri ile anla\u015fabilir ve Rakka operasyonunda \u00d6SO ile birlikte ba\u015f\u0131 \u00e7ekerse, hem PKK tehlikesini bertaraf edecek, hem de Bat\u0131 d\u00fcnyas\u0131nda haks\u0131z bir \u015fekilde bozulan imaj\u0131n\u0131 d\u00fczeltebilecektir. Ancak Rakka\u2019ya girdikten sonra (t\u0131pk\u0131 Barzani\u2019nin Kerk\u00fck\u2019ten \u00e7\u0131kmamas\u0131 gibi) \u00e7\u0131k\u0131lmamas\u0131 bunun en \u00f6nemli \u015fart\u0131d\u0131r!<\/div>\n<div id=\"yiv6556220974yui_3_16_0_ym19_1_1486838352484_8698\">Aksi durumda El Bab\u2019\u0131 alsak dahi PKK b\u00f6lgesinin olu\u015fumunu engellememiz \u015fu konjonkt\u00fcrde zor g\u00f6r\u00fcnmektedir.<\/div>\n<div id=\"yiv6556220974yui_3_16_0_ym19_1_1486838352484_8699\">Bu noktada, T\u00fcrk d\u0131\u015f politikas\u0131 ile ilgili ac\u0131 bir saptama yapmak ve ard\u0131ndan konuya devam etmek isterim. \u015e\u00f6yle ki; T\u00fcrkiye\u2019nin ve dahi duraklama d\u00f6neminden itibaren Osmanl\u0131 Devleti\u2019nin, tarihleri boyunca s\u00fcr\u00fcncemede b\u0131rak\u0131p da sonu\u00e7ta hedefine ula\u015ft\u0131\u011f\u0131 hi\u00e7 bir vaka yoktur. Bunun da yeg\u00e2ne nedeni, bunca devlet kurmam\u0131za ra\u011fmen \u201cdevlette devaml\u0131l\u0131k esast\u0131r\u201d kaidesini hayata ge\u00e7irmememiz ve her y\u00f6netimle ve hatta hatta her bakanla birlikte d\u0131\u015f politikada yeni bir maceraya yelken a\u00e7mam\u0131zd\u0131r. (Elbette istisna olarak Hatay gibi bir ka\u00e7 olay vard\u0131r. Ancak buna mukabil Musul, Kerk\u00fck, K\u0131br\u0131s, 12 Ada, Batum vb. y\u00fczlercesini sayabiliriz\u2026)<\/div>\n<div id=\"yiv6556220974yui_3_16_0_ym19_1_1486838352484_8700\">H\u00fck\u00fcmet de\u011fil, devlet politikas\u0131 belirlememiz \u015fartt\u0131r. Bu da ancak mill\u00ee bilin\u00e7 sahibi, koltu\u011fundan \u00f6nce milletini d\u00fc\u015f\u00fcnen, kendini milletine vakfetmi\u015f ve idealist devlet adamlar\u0131yla m\u00fcmk\u00fcn olabilir.<\/div>\n<div id=\"yiv6556220974yui_3_16_0_ym19_1_1486838352484_8701\">El Bab ve Suriye ile ilgili olarak konuya d\u00f6nersek; Say\u0131n Cumhurba\u015fkan\u0131m\u0131z\u0131n bir gazetecinin sorusu \u00fczerine bug\u00fcn s\u00f6yledi\u011fi:<\/div>\n<div id=\"yiv6556220974yui_3_16_0_ym19_1_1486838352484_8702\">\u201c\u015eu anda El Bab gerek bizim, gerekse \u00d6SO taraf\u0131ndan d\u00f6rt bir yandan ku\u015fat\u0131lm\u0131\u015f durumda. G\u00fc\u00e7lerimiz merkeze inmi\u015f halde. En \u00f6nemli nokta biliyorsunuz hastahane tepesi. Oras\u0131 al\u0131nm\u0131\u015f durumda. Art\u0131k DEA\u015e g\u00fc\u00e7leri tamam\u0131yla El Bab\u2019\u0131 terk etme s\u00fcrecine girdi. \u00d6yle san\u0131yorum ki bundan sonras\u0131 an meselesidir. El Bab\u2019dan sonra durmak\u2026 B\u00f6yle bir \u015fey yok. Orada bir ileti\u015fim s\u0131k\u0131nt\u0131s\u0131 olabilir. Ama DEA\u015e\u2019\u0131n as\u0131l merkezi El Bab de\u011fil Rakka\u2019d\u0131r. Nihai hedef de 5 bin km\u00b2 bir alan\u0131 temizlemektir.\u201d S\u00f6zleri y\u00fcre\u011fimize su serpmi\u015ftir.<\/div>\n<div id=\"yiv6556220974yui_3_16_0_ym19_1_1486838352484_8703\">Rusya ile var\u0131lan mutabakat her ne kadar Suriye topraklar\u0131na bir miktar girmemizi sa\u011flam\u0131\u015f olsa bile devam\u0131n\u0131 getirmekte yetersiz olacakt\u0131r. T\u00fcrkiye\u2019nin daha Obama y\u00f6netimi varken teklif etti\u011fi ve Trump y\u00f6netimine de tekrarlad\u0131\u011f\u0131 Rakka pl\u00e2n\u0131 ger\u00e7ekle\u015firse i\u015fte o zaman s\u0131n\u0131r g\u00fcvenli\u011fimiz sa\u011flan\u0131r ve say\u0131lar\u0131 5 milyonu ge\u00e7en Suriye T\u00fcrkmenleri de rahat bir nefes alabilir. Bunun i\u00e7in Say\u0131n Cumhurba\u015fkan\u0131\u2019n\u0131n; \u201cBizim buradaki hedefimiz nedir? Biz bu b\u00f6lgeyi ter\u00f6rden ar\u0131nd\u0131rmaya \u00e7al\u0131\u015f\u0131yoruz. Bundan sonraki s\u00fcre\u00e7te do\u011fuya y\u00f6nelik M\u00fcmbi\u00e7 ve Rakka olay\u0131 vard\u0131r. \u015eu anda ABD yeni y\u00f6netimi ve CIA ile d\u00fc\u015f\u00fcncelerimizi payla\u015ft\u0131k ve bu d\u00fc\u015f\u00fcncelerimizin takip\u00e7isi olaca\u011f\u0131z. Hedef burada 4-5 bin km\u00b2\u2019lik ter\u00f6rden ar\u0131nd\u0131r\u0131lm\u0131\u015f bir b\u00f6lgedir. B\u00f6ylece bizim kamplar\u0131m\u0131zdaki insanlar\u0131 kendi topraklar\u0131na d\u00f6nd\u00fcrmektir.\u201d S\u00f6zleri, PKK (PYD) ve I\u015e\u0130D tehlikesinin bertaraf\u0131n\u0131n olmazsa olmaz anahtar\u0131d\u0131r.<\/div>\n<div id=\"bghab-298125874\" class=\"bghab-yazi-altinda bghab-entity-placement\"><script async src=\"https:\/\/pagead2.googlesyndication.com\/pagead\/js\/adsbygoogle.js\"><\/script>\r\n<!-- bghaber-yaz\u0131-sonu -->\r\n<ins class=\"adsbygoogle\"\r\n     style=\"display:block\"\r\n     data-ad-client=\"ca-pub-6203283170189293\"\r\n     data-ad-slot=\"4222328180\"\r\n     data-ad-format=\"auto\"\r\n     data-full-width-responsive=\"true\"><\/ins>\r\n<script>\r\n     (adsbygoogle = window.adsbygoogle || []).push({});\r\n<\/script><\/div><br style=\"clear: both; display: block; float: none;\"\/>","protected":false},"excerpt":{"rendered":"<p>\u00a0Alptekin CEVHERL\u0130 +++++ Bir suredir Suriye\u2019de ya\u015fanan i\u00e7 sava\u015f\u0131 gerek \u00fclke olarak ve gerekse de d\u00fcnya olarak izliyoruz. T\u00fcrkiye son d\u00f6nemde yeniden yap\u0131land\u0131rd\u0131\u011f\u0131 d\u0131\u015f politikas\u0131yla<\/p>\n","protected":false},"author":13,"featured_media":17095,"comment_status":"closed","ping_status":"closed","sticky":false,"template":"","format":"standard","meta":{"advanced_seo_description":"","jetpack_seo_html_title":"","jetpack_seo_noindex":false,"jetpack_seo_schema_type":"","_jetpack_newsletter_access":"","_jetpack_dont_email_post_to_subs":false,"_jetpack_newsletter_tier_id":0,"_jetpack_memberships_contains_paywalled_content":false,"_jetpack_feature_clip_id":0,"_jetpack_memberships_contains_paid_content":false,"footnotes":"","jetpack_post_was_ever_published":false},"categories":[6],"tags":[],"class_list":["post-22164","post","type-post","status-publish","format-standard","has-post-thumbnail","hentry","category-yorum"],"jetpack_sharing_enabled":true,"jetpack_likes_enabled":true,"jetpack-related-posts":[],"jetpack_shortlink":"https:\/\/wp.me\/pc2PfJ-5Lu","jetpack_featured_media_url":"https:\/\/i0.wp.com\/www.bghaber.org\/bghaber\/wp-content\/uploads\/2015\/11\/Alptekin11.jpg?fit=298%2C401&ssl=1","_links":{"self":[{"href":"https:\/\/www.bghaber.org\/bghaber\/wp-json\/wp\/v2\/posts\/22164","targetHints":{"allow":["GET"]}}],"collection":[{"href":"https:\/\/www.bghaber.org\/bghaber\/wp-json\/wp\/v2\/posts"}],"about":[{"href":"https:\/\/www.bghaber.org\/bghaber\/wp-json\/wp\/v2\/types\/post"}],"author":[{"embeddable":true,"href":"https:\/\/www.bghaber.org\/bghaber\/wp-json\/wp\/v2\/users\/13"}],"replies":[{"embeddable":true,"href":"https:\/\/www.bghaber.org\/bghaber\/wp-json\/wp\/v2\/comments?post=22164"}],"version-history":[{"count":0,"href":"https:\/\/www.bghaber.org\/bghaber\/wp-json\/wp\/v2\/posts\/22164\/revisions"}],"wp:featuredmedia":[{"embeddable":true,"href":"https:\/\/www.bghaber.org\/bghaber\/wp-json\/wp\/v2\/media\/17095"}],"wp:attachment":[{"href":"https:\/\/www.bghaber.org\/bghaber\/wp-json\/wp\/v2\/media?parent=22164"}],"wp:term":[{"taxonomy":"category","embeddable":true,"href":"https:\/\/www.bghaber.org\/bghaber\/wp-json\/wp\/v2\/categories?post=22164"},{"taxonomy":"post_tag","embeddable":true,"href":"https:\/\/www.bghaber.org\/bghaber\/wp-json\/wp\/v2\/tags?post=22164"}],"curies":[{"name":"wp","href":"https:\/\/api.w.org\/{rel}","templated":true}]}}