{"id":22149,"date":"2017-02-07T20:55:09","date_gmt":"2017-02-07T17:55:09","guid":{"rendered":"http:\/\/www.bghaber.org\/bghaber\/?p=22149"},"modified":"2018-05-09T17:53:50","modified_gmt":"2018-05-09T14:53:50","slug":"ankara-temsilcimizden-goc-idaresi-ankara-il-mudurune-ziyaret","status":"publish","type":"post","link":"https:\/\/www.bghaber.org\/bghaber\/ankara-temsilcimizden-goc-idaresi-ankara-il-mudurune-ziyaret\/","title":{"rendered":"BULT\u00dcRK Ankara Temsilcimiz G\u00f6\u00e7 \u0130daresi \u0130l M\u00fcd\u00fcr\u00fcn\u00fc Ziyaret"},"content":{"rendered":"<p><img data-recalc-dims=\"1\" loading=\"lazy\" decoding=\"async\" class=\"\" src=\"https:\/\/i0.wp.com\/www.bghaber.org\/bghaber\/wp-content\/uploads\/2017\/02\/ankara-goc.jpg?resize=640%2C478\" width=\"640\" height=\"478\" \/><\/p>\n<p>Bulgaristan T\u00fcrkleri K\u00fclt\u00fcr ve Hizmet Derne\u011fi BULT\u00dcRK Ankara Temsilcisi olan ve ayn\u0131 zamanda Ba\u015fkent Ankara ve Anadolu Konfederasyonu BA\u015eKON Yurtd\u0131\u015f\u0131 T\u00fcrkler ve G\u00f6\u00e7menler Platformu Ba\u015fkan\u0131 g\u00f6revini y\u00fcr\u00fctmekte olan Siyaset Bilimi ve Uluslararas\u0131 \u0130li\u015fkiler Uzman\u0131 \u0130smail C\u0130NG\u00d6Z; 21. D\u00f6nem Afyon Milletvekili M\u00fcjdat KAYAYERL\u0130 ve Demokratik T\u00fcrkmen Hareketi Lideri ve BA\u015eKON Yurtd\u0131\u015f\u0131 T\u00fcrkler ve G\u00f6\u00e7menler Platformu \u00dcyesi Abdulkerim A\u011eA ile birlikte 07 \u015eubat 2017 g\u00fcn\u00fc Ankara G\u00f6\u00e7 \u0130daresi \u0130l M\u00fcd\u00fcr Vekili Adem SEZER\u2019e ziyaret bulundular.<\/p>\n<p>&nbsp;<\/p>\n<p>Irak ve Suriye T\u00fcrkmenlerinin \u00fclkelerindeki ve T\u00fcrkiye\u2019ye g\u00f6\u00e7 edenlerin \u00fclkemizdeki mevcut durumlar\u0131 hakk\u0131nda genel bilgilerin al\u0131nmas\u0131na m\u00fcteakip, halen Irak ve Suriye\u2019de devam eden sorunlar\u0131 ile birlikte T\u00fcrkiye\u2019ye g\u00f6\u00e7 etmek zorunda kalanlar\u0131n kar\u015f\u0131la\u015ft\u0131klar\u0131 zorluklar\u0131n ve sorunlar\u0131n \u00e7\u00f6z\u00fcm \u00f6nerileri isti\u015fare edilmi\u015ftir.<\/p>\n<div id=\"bghab-3975900238\" class=\"bghab-yazi-altinda bghab-entity-placement\"><div class=\"bghab-adlabel\">Reklamlar<\/div><script async src=\"https:\/\/pagead2.googlesyndication.com\/pagead\/js\/adsbygoogle.js\"><\/script>\r\n<!-- bghaber-yaz\u0131-sonu -->\r\n<ins class=\"adsbygoogle\"\r\n     style=\"display:block\"\r\n     data-ad-client=\"ca-pub-6203283170189293\"\r\n     data-ad-slot=\"4222328180\"\r\n     data-ad-format=\"auto\"\r\n     data-full-width-responsive=\"true\"><\/ins>\r\n<script>\r\n     (adsbygoogle = window.adsbygoogle || []).push({});\r\n<\/script><\/div><br style=\"clear: both; display: block; float: none;\"\/>","protected":false},"excerpt":{"rendered":"<p>Bulgaristan T\u00fcrkleri K\u00fclt\u00fcr ve Hizmet Derne\u011fi BULT\u00dcRK Ankara Temsilcisi olan ve ayn\u0131 zamanda Ba\u015fkent Ankara ve Anadolu Konfederasyonu BA\u015eKON Yurtd\u0131\u015f\u0131 T\u00fcrkler ve G\u00f6\u00e7menler Platformu Ba\u015fkan\u0131<\/p>\n","protected":false},"author":13,"featured_media":22150,"comment_status":"closed","ping_status":"closed","sticky":false,"template":"","format":"standard","meta":{"advanced_seo_description":"","jetpack_seo_html_title":"","jetpack_seo_noindex":false,"_jetpack_memberships_contains_paid_content":false,"footnotes":""},"categories":[4],"tags":[37,785],"class_list":["post-22149","post","type-post","status-publish","format-standard","has-post-thumbnail","hentry","category-siyaset","tag-bulturk","tag-bulturk-dernegi"],"jetpack_featured_media_url":"https:\/\/i0.wp.com\/www.bghaber.org\/bghaber\/wp-content\/uploads\/2017\/02\/ankara-goc.jpg?fit=680%2C508&ssl=1","jetpack_sharing_enabled":true,"jetpack_likes_enabled":true,"jetpack-related-posts":[],"jetpack_shortlink":"https:\/\/wp.me\/pc2PfJ-5Lf","_links":{"self":[{"href":"https:\/\/www.bghaber.org\/bghaber\/wp-json\/wp\/v2\/posts\/22149","targetHints":{"allow":["GET"]}}],"collection":[{"href":"https:\/\/www.bghaber.org\/bghaber\/wp-json\/wp\/v2\/posts"}],"about":[{"href":"https:\/\/www.bghaber.org\/bghaber\/wp-json\/wp\/v2\/types\/post"}],"author":[{"embeddable":true,"href":"https:\/\/www.bghaber.org\/bghaber\/wp-json\/wp\/v2\/users\/13"}],"replies":[{"embeddable":true,"href":"https:\/\/www.bghaber.org\/bghaber\/wp-json\/wp\/v2\/comments?post=22149"}],"version-history":[{"count":0,"href":"https:\/\/www.bghaber.org\/bghaber\/wp-json\/wp\/v2\/posts\/22149\/revisions"}],"wp:featuredmedia":[{"embeddable":true,"href":"https:\/\/www.bghaber.org\/bghaber\/wp-json\/wp\/v2\/media\/22150"}],"wp:attachment":[{"href":"https:\/\/www.bghaber.org\/bghaber\/wp-json\/wp\/v2\/media?parent=22149"}],"wp:term":[{"taxonomy":"category","embeddable":true,"href":"https:\/\/www.bghaber.org\/bghaber\/wp-json\/wp\/v2\/categories?post=22149"},{"taxonomy":"post_tag","embeddable":true,"href":"https:\/\/www.bghaber.org\/bghaber\/wp-json\/wp\/v2\/tags?post=22149"}],"curies":[{"name":"wp","href":"https:\/\/api.w.org\/{rel}","templated":true}]}}