{"id":22140,"date":"2017-02-05T18:22:11","date_gmt":"2017-02-05T16:22:11","guid":{"rendered":"http:\/\/www.bghaber.org\/bghaber\/?p=22140"},"modified":"2017-02-05T18:22:11","modified_gmt":"2017-02-05T16:22:11","slug":"tuzaklardan-biri","status":"publish","type":"post","link":"https:\/\/www.bghaber.org\/bghaber\/tuzaklardan-biri\/","title":{"rendered":"Tuzaklardan Biri"},"content":{"rendered":"<p>Sakir ARSLANTA\u015e<\/p>\n<p>Tarih: 05 \u015eubat 2017<\/p>\n<p><strong>Yanl\u0131\u015f bilgilendirildik, bo\u015fa \u00fcmitlendik &#8211;\u00a0 aldat\u0131lm\u0131\u015f\u0131z.<\/strong><\/p>\n<p>Ara\u015ft\u0131rmac\u0131 yazar Erta\u015f \u00c7ak\u0131r\u2019\u0131n \u00a0\u201c<strong>Lap\u0131m Kanal\u0131<\/strong>\u201d yaz\u0131 dizisinde uzun bir ya\u011fmurdan sonra topraktan \u00e7\u0131kan solucanlarla \u00f6rnekleyip anlatt\u0131\u011f\u0131 hayat\u0131m\u0131z\u0131 zehirleyen ger\u00e7eklere yeni bir ama \u00e7ok iri bir kurt daha eklendi. Moskova paras\u0131yla \u00e7\u0131kt\u0131\u011f\u0131 san\u0131lan Sofya haftal\u0131k gazetelerinden \u201c<strong>Galerya<\/strong>\u201d \u00a0tarih 01 \u015eubat 2017, say\u0131 381\u2019de 1990\u2019da ba\u015flayan ve s\u00f6zde h\u00e2l\u00e2 devam eden \u201c<strong>Ge\u00e7i\u015f D\u00f6nemi<\/strong>\u201d nin kirli ve i\u011fren\u00e7 \u00e7ama\u015f\u0131rlar\u0131ndan birini daha ipe serdi.<\/p>\n<p>Gazete Rumen Vodeni\u00e7arov ile bir s\u00f6yle\u015fi yay\u0131nlad\u0131.<\/p><div id=\"bghab-1082799263\" class=\"bghab-icerik-icine bghab-entity-placement\"><script async src=\"\/\/pagead2.googlesyndication.com\/pagead\/js\/adsbygoogle.js?client=ca-pub-6203283170189293\" crossorigin=\"anonymous\"><\/script><ins class=\"adsbygoogle\" style=\"display:block; text-align:center;\" data-ad-client=\"ca-pub-6203283170189293\" \ndata-ad-slot=\"7303146466\" \ndata-ad-layout=\"in-article\"\ndata-ad-format=\"fluid\" data-full-width-responsive=\"true\"><\/ins>\n<script> \n(adsbygoogle = window.adsbygoogle || []).push({}); \n<\/script>\n<\/div>\n<p>Vodeni\u00e7arov\u00a0 Bulgaristan\u2019da 1989 \u2013 1990 y\u0131llar\u0131nda ter\u00f6r rejimine kar\u015f\u0131 ilk ba\u015fkald\u0131r\u0131larda etkin olan \u201c<strong>Ba\u011f\u0131ms\u0131z \u0130nsan Haklar\u0131 Derne\u011fi<\/strong>\u201d Ba\u015fkan\u0131 \u00a0olarak sahneye \u00e7\u0131km\u0131\u015ft\u0131.<\/p>\n<p>O, 1992\u2019den 1998\u2019e kadar \u201c<strong>Helsinki Bulgaristan G\u00f6zlemcisi<\/strong>\u201d g\u00f6revinde bulundu.<\/p>\n<p>Gazeteci Mariela Baleva ile s\u00f6yle\u015fisinde onun bu g\u00f6reve Amerikan milyarderi Jorj Soros taraf\u0131ndan getirildi\u011fini, o d\u00f6nem Soros\u2019un birka\u00e7 kez Sofya\u2019ya geldi\u011fini, Jivkov rejimine kar\u015f\u0131 olanlar\u0131n aras\u0131ndan se\u00e7im yapt\u0131\u011f\u0131n\u0131, bir\u00e7ok ki\u015fiye para vererek, bakanl\u0131klara etkide bulundu\u011funu, Merkezi Sofya\u2019da olan \u201c<strong>A\u00e7\u0131k Toplum<\/strong>\u201d arac\u0131l\u0131yla \u00f6zel se\u00e7ilen b\u00fcy\u00fck say\u0131da \u00f6\u011frenciyi Amerika\u2019ya g\u00f6t\u00fcrd\u00fc\u011f\u00fcn\u00fc ve orada \u015fuurlar\u0131n\u0131n y\u0131kand\u0131\u011f\u0131n\u0131, bunlar aras\u0131nda geri d\u00f6nmeyen T\u00fcrk gen\u00e7ler de oldu\u011funu, 1997-98\u2019de Bulgaristan\u2019da ya\u015fanan ve levay\u0131 30 defa de\u011ferden d\u00fc\u015f\u00fcren enflasyonu Jorj Sorus\u00a0 i\u015fi oldu\u011funu, onun h\u00fck\u00fcmet ve bakan d\u00fc\u015f\u00fcrmede usta biri oldu\u011funu, insan sat\u0131n ald\u0131\u011f\u0131n\u0131 vb anlatt\u0131ktan sonra konu y\u0131lba\u015f\u0131nda kurulan ge\u00e7ici Sofya h\u00fck\u00fcmetine gelince \u015f\u00f6yle diyor:<\/p>\n<p>\u201cBen bu ge\u00e7ici h\u00fck\u00fcmette eski ba\u015fbakanlardan \u0130van Kostov, \u00c7ar Semeon Sakskoburggotski ve NATO\u2019dan ba\u015fka Birle\u015fik Amerika\u2019da belirli gizli \u00f6rg\u00fctlerle (C\u0130A) ba\u011flar\u0131 olan eski D\u0131\u015f \u0130\u015fleri Bakan\u0131 Solomon Pasi\u2019nin de g\u00f6lgesini g\u00f6r\u00fcyorum. A\u00e7\u0131k konu\u015fay\u0131m, her i\u015fe burnunu sokan Solomon Pasi gibi \u015fah\u0131slar Bulgaristan i\u00e7in k\u00f6t\u00fcl\u00fck yapan, zararl\u0131 ki\u015filerdir. Ve ben Bulgarlar\u0131n bug\u00fcne bug\u00fcn neden bu kadar ahmak\u00e7a davrand\u0131klar\u0131n\u0131 anlayabilmi\u015f de\u011filim. Bu a\u00e7\u0131dan bak\u0131ld\u0131\u011f\u0131nda, \u201c<strong>H\u00fck\u00fcmetle de olur h\u00fck\u00fcmetsiz de<\/strong>\u201d deyenlerin tutumunu kavrayamad\u0131\u011f\u0131m gibi, \u201c<strong>Amerikan \u00fcsleri i\u00e7in de, yabanc\u0131 \u00fcs olacaksa n\u00fckleer olsun!<\/strong>\u201d diyenleri de anlayabilmem imk\u00e2ns\u0131zd\u0131r. Biz bug\u00fcn art\u0131k salon de\u011fi\u015ftirmek zorunday\u0131z. 27 y\u0131ldan beri i\u00e7ine kapand\u0131\u011f\u0131m\u0131z yanl\u0131\u015f bilgilendirme ve beyin y\u0131kama salonundan \u00e7\u0131k\u0131p <strong>idam kararlar\u0131 infaz edilen <\/strong>salona ge\u00e7meliyiz.<\/p>\n<p>Soru: <strong>Bulgaristan \u00e7ok uzun bir zamandan beri Ge\u00e7i\u015f D\u00f6nemi su\u00e7lular\u0131n\u0131n tutuklanmas\u0131 ve yarg\u0131lanmas\u0131 bekleniyor. Bizim ku\u015fak bunu g\u00f6rebilecek mi sizce?<\/strong><\/p><div id=\"bghab-3167865500\" class=\"bghab-icerik-icine-10-paragraf bghab-entity-placement\"><script async src=\"\/\/pagead2.googlesyndication.com\/pagead\/js\/adsbygoogle.js?client=ca-pub-6203283170189293\" crossorigin=\"anonymous\"><\/script><ins class=\"adsbygoogle\" style=\"display:block; text-align:center;\" data-ad-client=\"ca-pub-6203283170189293\" \ndata-ad-slot=\"7303146466\" \ndata-ad-layout=\"in-article\"\ndata-ad-format=\"fluid\" data-full-width-responsive=\"true\"><\/ins>\n<script> \n(adsbygoogle = window.adsbygoogle || []).push({}); \n<\/script>\n<\/div>\n<p><strong>Cevap<\/strong>: Benim ku\u015fa\u011f\u0131m o g\u00fcnleri g\u00f6remeyecek. <strong>\u00c7\u00fcnk\u00fc L\u0130BERAL\u0130ZM masal\u0131 sona erene kadar hi\u00e7bir su\u00e7lu cezaland\u0131r\u0131lmayacakt\u0131r<\/strong>. \u0130nsan haklar\u0131n\u0131 savunma konsepti, <strong>ma\u011fdurlar\u0131n, zul\u00fcm g\u00f6rm\u00fc\u015flerin haklar\u0131n\u0131n savunulmas\u0131 ilkesine dayand\u0131r\u0131lmam\u0131\u015f, insan haklar\u0131n\u0131 savunma bahanesiyle, en a\u011f\u0131r cezalara \u00e7arpt\u0131r\u0131lmalar\u0131 gereken su\u00e7lular\u0131n su\u00e7suz g\u00f6sterilmesi ilkesine oturtulmu\u015ftur<\/strong>.<\/p>\n<p>27 y\u0131ldan beri s\u00f6ylenmeyen B\u00dcY\u00dcK GER\u00c7EK Rumen Vodeni\u00e7arov taraf\u0131ndan b\u00f6ylece ifade edilmi\u015f oldu.<\/p>\n<p>B\u00f6ylece Todor Jivkov\u2019un neden hapse at\u0131lmad\u0131\u011f\u0131 yeniden ortaya \u00e7\u0131kt\u0131.<\/p>\n<p>\u201c<strong>Bulgarla\u015ft\u0131rma<\/strong>\u201d s\u00fcrecinde (1984\u20131989) kur\u015funlanarak kur\u015funlanan 42 karde\u015fimizin su\u00e7lular\u0131ndan hi\u00e7 birinin kat\u0131l\u0131n\u0131n neden bulunmad\u0131\u011f\u0131, neden h,\u00e7 bir \u0130\u00e7 \u0130\u015fleri Bakan\u0131 ve Generalin yarg\u0131lanmad\u0131\u011f\u0131 ortaya \u00e7\u0131kt\u0131.<\/p>\n<p>B\u00f6ylelikle \u2018Hakikat\u201d derne\u011finin, \u201cBelene\u201d madurlar\u0131n\u0131 savunma derne\u011finin, hapislerde \u00e7\u00fcr\u00fct\u00fclen Bulgar ve M\u00fcsl\u00fcman T\u00fcrklerin haklar\u0131n\u0131n savunulmas\u0131 i\u00e7in a\u00e7\u0131lan ve Strasburg Uluslar aras\u0131 \u0130nsan Haklar\u0131 Mahkemesine ta\u015f\u0131nan davalarda hi\u00e7 birisinin ma\u011fdurlar\u0131m\u0131z lehinde sonu\u00e7lanmad\u0131\u011f\u0131 yeniden hi\u00e7bir ku\u015fku b\u0131rakmayacak \u015fekilde g\u00fcn \u0131\u015f\u0131\u011f\u0131na \u00e7\u0131kt\u0131.<\/p><div id=\"bghab-1018621247\" class=\"bghab-icerik-icine-15-paragraf bghab-entity-placement\"><script async src=\"\/\/pagead2.googlesyndication.com\/pagead\/js\/adsbygoogle.js?client=ca-pub-6203283170189293\" crossorigin=\"anonymous\"><\/script><ins class=\"adsbygoogle\" style=\"display:block; text-align:center;\" data-ad-client=\"ca-pub-6203283170189293\" \ndata-ad-slot=\"7303146466\" \ndata-ad-layout=\"in-article\"\ndata-ad-format=\"fluid\" data-full-width-responsive=\"true\"><\/ins>\n<script> \n(adsbygoogle = window.adsbygoogle || []).push({}); \n<\/script>\n<\/div>\n<p><strong>Defalarca yazm\u0131\u015ft\u0131k, Ahmet Do\u011fan\u2019\u0131n, \u201cgestapo\u201d lakab\u0131yla \u00fcnl\u00fc 6. \u015eube \u015eefi Dimit\u0131r \u0130vanov\u2019un, eski \u201cDS\u201d generallerinin kurdu\u011fu \u201cMultigrub\u201d un totalitarizm su\u00e7lular\u0131n\u0131n cezaland\u0131r\u0131lmas\u0131n\u0131n \u00f6nlenmesi i\u00e7in Moskova\u2019dan para al\u0131narak bina edildi\u011fini anlatm\u0131\u015ft\u0131k ve totaliter kom\u00fcnist zul\u00fcm kurban\u0131 hi\u00e7 kimsenin tutuklan\u0131p, cezaland\u0131r\u0131l\u0131p i\u00e7eri at\u0131lmas\u0131na yol vermemesi i\u00e7in \u00e7al\u0131\u015ft\u0131\u011f\u0131n\u0131 g\u00f6rmeyen kalmad\u0131<\/strong>. Bu defa haklar\u0131m\u0131z\u0131 s\u00f6ke s\u00f6ke almam\u0131z\u0131 yeti\u015ftirdikleri ve ma\u015fa olarak kulland\u0131klar\u0131 hainlerin eliyle engelleyebildiklerine l\u00fctfen art\u0131k inanal\u0131m.<\/p>\n<p>\u00d6rneklenemeyen hi\u00e7bir \u015fey ger\u00e7ek delil olamaz. S\u00f6zlerimi kan\u0131tlamak istiyorum:<\/p>\n<p>7 Temmuz 1990 )cumartesi) Stara Zagora hapishanesinin sinema salonunda 46 mahkumla bir g\u00f6r\u00fc\u015fme yap\u0131lm\u0131\u015f ve hepsi birer birer dinlenmi\u015ftir. Tutana\u011f\u0131 aynen veriyorum:<\/p>\n<p>&nbsp;<\/p>\n<p><strong>1) M\u00fcm\u00fcn Mehmedov<\/strong>, T\u0131rgovi\u015fte iline ba\u011fl\u0131 Krep\u00e7a k\u00f6y\u00fcnden sa\u011fl\u0131k i\u015f\u00e7isi (fel\u015fer).<\/p><div id=\"bghab-1153563169\" class=\"bghab-icerik-icine-20-paragraf bghab-entity-placement\"><script async src=\"\/\/pagead2.googlesyndication.com\/pagead\/js\/adsbygoogle.js?client=ca-pub-6203283170189293\" crossorigin=\"anonymous\"><\/script><ins class=\"adsbygoogle\" style=\"display:block; text-align:center;\" data-ad-client=\"ca-pub-6203283170189293\" \ndata-ad-slot=\"7303146466\" \ndata-ad-layout=\"in-article\"\ndata-ad-format=\"fluid\" data-full-width-responsive=\"true\"><\/ins>\n<script> \n(adsbygoogle = window.adsbygoogle || []).push({}); \n<\/script>\n<\/div>\n<p>\u201cBen ve arkada\u015flar\u0131mdan hir birimiz hi\u00e7bir kimsenin can\u0131na k\u0131ymaya te\u015febb\u00fcste bulunmam\u0131\u015ft\u0131r. Fakat bizi ter\u00f6rist olarak yarg\u0131lad\u0131lar ve cezaland\u0131rd\u0131lar. Ben yeniden yarg\u0131lanmak, adalet varsa \u00f6n\u00fcnde olay\u0131m\u0131 yeniden anlatmak ve aklanmak istiyorum. Hi\u00e7bir su\u00e7um yoktur.\u201d<\/p>\n<p>2) <strong>Vladimir \u0130gnatov<\/strong>: \u201cBiz kapal\u0131 kap\u0131lar ard\u0131nda yarg\u0131land\u0131k.\u201d<\/p>\n<p>3) <strong>\u0130brahim Bekyarov<\/strong>: Bakat k\u00f6y\u00fcnden \u00e7ocuk doktoru.<\/p>\n<p>\u201cSa\u011fl\u0131k merkezinde muayene esnas\u0131nda tutukland\u0131m. Ben Ceza Kanunu\u2019nun 104. maddesi gere\u011fince casusluk su\u00e7undan yarg\u0131land\u0131m. Kafam\u0131za dikildiler aylar boyu bize ayn\u0131 su\u00e7lamada bulundular. Onlar tekrarlad\u0131k\u00e7a biz reddettik.\u00a0 Fakat 10 ay sonra, ayakta kalabilmek i\u015fin g\u00fcya \u201citiraf ettik\u201d. 70 ya\u015f\u0131ndaki bay \u0130brahim ba\u015fta olmak \u00fczere biz T\u0131rgovi\u015fte ilinden burada 10 \u201c<strong>casusuz<\/strong>\u201d. Ailelerimiz dayanamad\u0131 ve Bulgaristan\u2019\u0131 terk ettiler. Bulgaristan\u2019da bizim kimsemiz yok. Biz burada 5 ki\u015fi ayn\u0131 davada \u201c<strong>casusluktan<\/strong>\u201d yarg\u0131land\u0131k. Ben d\u00fcnyan\u0131n ba\u015fka bir \u00fclkesinde b\u00f6yle casus gruplar\u0131 oldu\u011funu bilmiyorum.\u201d<\/p>\n<p>4) Ad\u0131 kaydedilmemi\u015f, Ceza Kanunu\u2019nun 106. maddesine g\u00f6re yarg\u0131lanan ve a\u011f\u0131r ceza alan,K\u0131rca ilinden bir mahk\u00fbmun konu\u015fmas\u0131:\u00a0 \u201cBiz protestoda bulunduk. Hareketlerimiz hak arama anlam\u0131nda sembolikti. Bana 20 y\u0131l verdiler, arkada\u015flar\u0131m da 15\u2019er y\u0131l ald\u0131lar. Annem g\u00f6r\u00fc\u015fmeye geldi, Bulgarca bilmez, T\u00fcrk\u00e7e birka\u00e7 s\u00f6ylemek istedim. 3 ay g\u00f6r\u00fc\u015fme yasa\u011f\u0131 ald\u0131m. \u00c7ocuklar\u0131m\u0131 ne hakla cezaland\u0131r\u0131yorlar?\u201d<\/p><div id=\"bghab-3848319684\" class=\"bghab-icerik-icine-25-paragraf bghab-entity-placement\"><script async src=\"\/\/pagead2.googlesyndication.com\/pagead\/js\/adsbygoogle.js?client=ca-pub-6203283170189293\" crossorigin=\"anonymous\"><\/script><ins class=\"adsbygoogle\" style=\"display:block; text-align:center;\" data-ad-client=\"ca-pub-6203283170189293\" \ndata-ad-slot=\"7303146466\" \ndata-ad-layout=\"in-article\"\ndata-ad-format=\"fluid\" data-full-width-responsive=\"true\"><\/ins>\n<script> \n(adsbygoogle = window.adsbygoogle || []).push({}); \n<\/script>\n<\/div>\n<p>5) K\u0131rcaali ilinden, ad\u0131n\u0131 s\u00f6ylemeyen ba\u015fka bir mahk\u00fbm: \u201cDavalar\u0131 denetleyen makama 6 defa dilek\u00e7e g\u00f6nderdim, cevap alamad\u0131m. (Elinle ba\u015fka bir mahk\u00fbma i\u015faret ediyor.) \u015eu arkada\u015f\u0131m maden i\u015f\u00e7isidir, u\u00e7ak ka\u00e7\u0131rma su\u00e7undan i\u00e7erdedir. Ben y\u00f6netici g\u00f6revde buldum, i\u015fimle ilgili Sofya\u2019ya g\u00f6nderilmi\u015ftim, orada tutukland\u0131m. Beni tutuklayanlar, ad\u0131n\u0131 de\u011fi\u015ftirmezsen, \u201c<strong>casusluktan\u201d<\/strong> h\u00fck\u00fcm alacaks\u0131n, dediler. Direndim. Yarg\u0131lad\u0131lar ve 20 y\u0131l ald\u0131m.<\/p>\n<p>6) Bulgar ad\u0131n\u0131 s\u00f6ylemek istemeyen ba\u015fka bir mahk\u00fbm: \u201cBize verilen yeme\u011fi hayvanlar yemez.\u00a0 \u015eu Temmuz s\u0131ca\u011f\u0131nda bize lahana tur\u015fusu yeme\u011fi ve ye\u015filbiber ve salatal\u0131k tur\u015fusu veriyorlar. Bula\u015f\u0131k suyu gibi\u2026 Ben bana ac\u0131malar\u0131n\u0131 istemiyorum. \u0130stedi\u011fim bir tek adalettir. Yak\u0131nda Bulgar ordusundan Gen Hristo Dobrev yerli ve yabanc\u0131 gazetecilerle bas\u0131n toplant\u0131s\u0131nda Bulgar Ordusuyla ilgili b\u00fct\u00fcn s\u0131rlar\u0131 anlatt\u0131. Ben <strong>casusluktan<\/strong> yarg\u0131land\u0131m. Ben nas\u0131l casusum?\u201d<\/p>\n<p>7) Smolyan (Pa\u015fmakl\u0131) bir mahk\u00fbm Pomak: \u201cCasusluk su\u00e7undan ceza alm\u0131\u015f Bulgarlar da var. Ben Ceza Kanunu\u2019nun 105. maddesince \u201ccasusluk yapmaya denemede bulunma\u201d su\u00e7undan i\u00e7erdeyim. Todor Jivkov ile Georgi Dimitrov\u2019a kar\u015f\u0131 3 \u015fiir denemesi yazm\u0131\u015ft\u0131m. Onlar\u0131 arkada\u015flar\u0131ma okudum. 10 y\u0131l i\u00e7eri att\u0131lar.\u201d<\/p>\n<p>8) Sliven\u2019e ba\u011fl\u0131 Yablonovo (Alvanlar) k\u00f6y\u00fcnden 1985\u2019te halk\u0131 zorla Bulgarla\u015ft\u0131rma bask\u0131s\u0131na kar\u015f\u0131 halk\u0131 ayaklanmaya davet etme su\u00e7undan h\u00fck\u00fcm giyen bir T\u00fcrk mahk\u00fbm: \u201cZulme kar\u015f\u0131 halk\u0131 ayaklanmaya davet etmek her insan\u0131n \u00f6z hakk\u0131d\u0131r.\u201d<\/p>\n<p>9) Emil Blogoev Bulgar, Ceza Kanunun 279. maddesine g\u00f6re \u00fclkeden ka\u00e7ma denemesinde bulunma su\u00e7undan 7 y\u0131l i\u00e7erde tutulurken, ayn\u0131 yasan\u0131n 341. maddesine g\u00f6re u\u00e7akla s\u0131n\u0131r d\u0131\u015f\u0131na bka\u00e7ma denemesinde bulunma su\u00e7undan da 16 sene alm\u0131\u015f. Ayr\u0131ca S\u0131rp casusu olma su\u00e7undan da 16 y\u0131l alm\u0131\u015f. \u201c<strong>Soludu\u011fumuz su\u00e7<\/strong>!\u201d diyor.<\/p><div id=\"bghab-937734555\" class=\"bghab-icerik-icine-30-paragraf bghab-entity-placement\"><script async src=\"\/\/pagead2.googlesyndication.com\/pagead\/js\/adsbygoogle.js?client=ca-pub-6203283170189293\" crossorigin=\"anonymous\"><\/script><ins class=\"adsbygoogle\" style=\"display:block; text-align:center;\" data-ad-client=\"ca-pub-6203283170189293\" \ndata-ad-slot=\"7303146466\" \ndata-ad-layout=\"in-article\"\ndata-ad-format=\"fluid\" data-full-width-responsive=\"true\"><\/ins>\n<script> \n(adsbygoogle = window.adsbygoogle || []).push({}); \n<\/script>\n<\/div>\n<p>10) Stara Zagora hapishanesindeki Hlebarovo (Torlak) grubundan isim de\u011fi\u015ftirmeye ve zulme kar\u015f\u0131 ayaklananlar grubundan, her biri 20 y\u0131ll\u0131klar aras\u0131ndan temsilci: \u201cBiz haklar\u0131m\u0131z\u0131 ve \u00f6zg\u00fcrl\u00fc\u011f\u00fcm\u00fcz istiyoruz. Adalet ne zaman yerini bulacak?\u201d<\/p>\n<p>11) <strong>Alettin\u00a0 Osmanov<\/strong>: \u201cBen hi\u00e7 bir kimseye bir \u015fey yapmad\u0131m. K\u00f6y jandarmas\u0131 Pen\u00fc Gan\u00e7ev \u00a0beni 14 Haziran 1990 g\u00fcn\u00fc d\u00f6vd\u00fc. Tutuklad\u0131lar, yarg\u0131lamadan i\u00e7eri att\u0131lar. Su\u00e7um ne bilmiyorum! \u00d6zg\u00fcrl\u00fc\u011f\u00fcm\u00fc istiyorum!\u201d<\/p>\n<p>12) Mahk\u00fbmlardan biri \u201cdert dinleyenlere\u201d Frans\u0131zca kale al\u0131nm\u0131\u015f, uluslar aras\u0131 insan haklar\u0131n\u0131 savunma \u00f6rg\u00fct\u00fc \u201c\u201d<strong>Amnesty \u0130nternasyonal<\/strong>\u201d a sunmak \u00fczere bir dilek\u00e7e, bir mektup ve kal\u0131n bir dosya belge sundu.<\/p>\n<p>13) \u0130van Dyankov Zafirov e\u015fi Slavitsa \u0130lieva Zafirova\u2019n\u0131n da i\u00e7erde oldu\u011funu, \u00c7ocuklar\u0131n\u0131n ise kimsesizler yurdunda tutuldu\u011funu anlatt\u0131ktan sonra, \u201cBizi hemen serbest b\u0131rak\u0131n!\u201d dedi.<\/p>\n<p>14) K\u0131rcaali iline ba\u011fl\u0131 Benkovski k\u00f6y\u00fcnden 7 ki\u015filik grup, \u201c\u0130simlerimizi hapiste de\u011fi\u015ftirdiler, hapiste geri versinler ve bizi sals\u0131nlar, hi\u00e7bir su\u00e7umuz yok\u201d dediler.<\/p><div id=\"bghab-3235125329\" class=\"bghab-icerik-icine-35-paragraf bghab-entity-placement\"><script async src=\"\/\/pagead2.googlesyndication.com\/pagead\/js\/adsbygoogle.js?client=ca-pub-6203283170189293\" crossorigin=\"anonymous\"><\/script><ins class=\"adsbygoogle\" style=\"display:block; text-align:center;\" data-ad-client=\"ca-pub-6203283170189293\" \ndata-ad-slot=\"7303146466\" \ndata-ad-layout=\"in-article\"\ndata-ad-format=\"fluid\" data-full-width-responsive=\"true\"><\/ins>\n<script> \n(adsbygoogle = window.adsbygoogle || []).push({}); \n<\/script>\n<\/div>\n<p>&nbsp;<\/p>\n<p>D\u00fcnya bize hep ters anlat\u0131ld\u0131. Yanl\u0131\u015f bilgilendirildik. \u015eekle ve vaatlere inand\u0131k. Bu nedenle de bir\u00e7ok \u015feyi \u00e7\u00f6zemedik. Bizi aldatanlar\u0131n a\u011fz\u0131na bakt\u0131k.<\/p>\n<p>&nbsp;<\/p>\n<p>26 Temmuz 1990\u2019da zindan kap\u0131lar\u0131 a\u00e7\u0131ld\u0131\u011f\u0131nda M\u00fcsl\u00fcman T\u00fcrklere, \u201cbir daha Bulgaristan\u2019a ayak basmayaca\u011f\u0131m\u201d belgesi imzalat\u0131ld\u0131 ve 1\u00a0700 ki\u015fi birden T\u00fcrkiye Cumhuriyeti\u2019ne kovuldu. BU, H\u00d6H partisine soluk ald\u0131ran bir tuzakt\u0131. Ayn\u0131 d\u00f6nemde art\u0131k davam\u0131z\u0131n yolunun kesilmesi i\u00e7in tuzaklarsa k\u00e2h Washington\u2019da Jorj Soros ofislerinde, k\u00e2h Moskova\u2019da KGB merkezlerinde kurulmu\u015ftu. Gizli polis (DS) har\u0131l har\u0131l \u00e7al\u0131\u015f\u0131yordu. E\u011fer bug\u00fcn Bulgaristan\u2019da insan d\u00f6vmekten, su\u00e7suz insanlar\u0131 evinden yurdundan kovmaktan, gerek\u00e7esiz tutuklamaktan, yarg\u0131s\u0131z idamdan, hapishanelerde i\u015fkencecilerden hi\u00e7 biri tutuklan\u0131p yarg\u0131lamam\u0131\u015fsa bu i\u015fin i\u00e7inde derin T\u00fcrk d\u00fc\u015fmanl\u0131\u011f\u0131 oldu\u011fu g\u00fcn gibi ortadad\u0131r. Ger\u00e7ekler birer bire ortaya \u00e7\u0131kacakt\u0131r. G\u00fcne\u015f bal\u00e7\u0131kla s\u0131vanmaz.<\/p>\n<p>Bu yaz\u0131m\u0131z Bulgaristan Ba\u011f\u0131ms\u0131z \u0130nsan Haklar\u0131 \u00d6rg\u00fct\u00fcn\u00fcn ve Helsinki \u0130nsan Haklar\u0131 Bulgaristan Masas\u0131n\u0131n kom\u00fcnist totalitarizm su\u00e7lular\u0131n\u0131 yarg\u0131dan ve cezadan kurtarmak i\u00e7in kuruldu\u011funu ve \u00e7al\u0131\u015ft\u0131\u011f\u0131n\u0131 kan\u0131tlamak i\u00e7in kalem al\u0131nm\u0131\u015ft\u0131r.<\/p><div id=\"bghab-1230711449\" class=\"bghab-icerik-icine-40-paragraf bghab-entity-placement\"><script async src=\"\/\/pagead2.googlesyndication.com\/pagead\/js\/adsbygoogle.js?client=ca-pub-6203283170189293\" crossorigin=\"anonymous\"><\/script><ins class=\"adsbygoogle\" style=\"display:block; text-align:center;\" data-ad-client=\"ca-pub-6203283170189293\" \ndata-ad-slot=\"7303146466\" \ndata-ad-layout=\"in-article\"\ndata-ad-format=\"fluid\" data-full-width-responsive=\"true\"><\/ins>\n<script> \n(adsbygoogle = window.adsbygoogle || []).push({}); \n<\/script>\n<\/div>\n<p><strong>T\u00fcrk\u00fcn T\u00fcrk\u2019ten ba\u015fka dostu yoktur! <\/strong><\/p>\n<div id=\"bghab-2541758020\" class=\"bghab-yazi-altinda bghab-entity-placement\"><div class=\"bghab-adlabel\">Reklamlar<\/div><script async src=\"https:\/\/pagead2.googlesyndication.com\/pagead\/js\/adsbygoogle.js\"><\/script>\r\n<!-- bghaber-yaz\u0131-sonu -->\r\n<ins class=\"adsbygoogle\"\r\n     style=\"display:block\"\r\n     data-ad-client=\"ca-pub-6203283170189293\"\r\n     data-ad-slot=\"4222328180\"\r\n     data-ad-format=\"auto\"\r\n     data-full-width-responsive=\"true\"><\/ins>\r\n<script>\r\n     (adsbygoogle = window.adsbygoogle || []).push({});\r\n<\/script><\/div><br style=\"clear: both; display: block; float: none;\"\/>","protected":false},"excerpt":{"rendered":"<p>Sakir ARSLANTA\u015e Tarih: 05 \u015eubat 2017 Yanl\u0131\u015f bilgilendirildik, bo\u015fa \u00fcmitlendik &#8211;\u00a0 aldat\u0131lm\u0131\u015f\u0131z. Ara\u015ft\u0131rmac\u0131 yazar Erta\u015f \u00c7ak\u0131r\u2019\u0131n \u00a0\u201cLap\u0131m Kanal\u0131\u201d yaz\u0131 dizisinde uzun bir ya\u011fmurdan sonra topraktan<\/p>\n","protected":false},"author":13,"featured_media":12415,"comment_status":"closed","ping_status":"closed","sticky":false,"template":"","format":"standard","meta":{"advanced_seo_description":"","jetpack_seo_html_title":"","jetpack_seo_noindex":false,"_jetpack_memberships_contains_paid_content":false,"footnotes":""},"categories":[6],"tags":[],"class_list":["post-22140","post","type-post","status-publish","format-standard","has-post-thumbnail","hentry","category-yorum"],"jetpack_featured_media_url":"https:\/\/i0.wp.com\/www.bghaber.org\/bghaber\/wp-content\/uploads\/2014\/12\/sakir-arslantas.jpg?fit=130%2C168&ssl=1","jetpack_sharing_enabled":true,"jetpack_likes_enabled":true,"jetpack-related-posts":[],"jetpack_shortlink":"https:\/\/wp.me\/pc2PfJ-5L6","_links":{"self":[{"href":"https:\/\/www.bghaber.org\/bghaber\/wp-json\/wp\/v2\/posts\/22140","targetHints":{"allow":["GET"]}}],"collection":[{"href":"https:\/\/www.bghaber.org\/bghaber\/wp-json\/wp\/v2\/posts"}],"about":[{"href":"https:\/\/www.bghaber.org\/bghaber\/wp-json\/wp\/v2\/types\/post"}],"author":[{"embeddable":true,"href":"https:\/\/www.bghaber.org\/bghaber\/wp-json\/wp\/v2\/users\/13"}],"replies":[{"embeddable":true,"href":"https:\/\/www.bghaber.org\/bghaber\/wp-json\/wp\/v2\/comments?post=22140"}],"version-history":[{"count":0,"href":"https:\/\/www.bghaber.org\/bghaber\/wp-json\/wp\/v2\/posts\/22140\/revisions"}],"wp:featuredmedia":[{"embeddable":true,"href":"https:\/\/www.bghaber.org\/bghaber\/wp-json\/wp\/v2\/media\/12415"}],"wp:attachment":[{"href":"https:\/\/www.bghaber.org\/bghaber\/wp-json\/wp\/v2\/media?parent=22140"}],"wp:term":[{"taxonomy":"category","embeddable":true,"href":"https:\/\/www.bghaber.org\/bghaber\/wp-json\/wp\/v2\/categories?post=22140"},{"taxonomy":"post_tag","embeddable":true,"href":"https:\/\/www.bghaber.org\/bghaber\/wp-json\/wp\/v2\/tags?post=22140"}],"curies":[{"name":"wp","href":"https:\/\/api.w.org\/{rel}","templated":true}]}}