{"id":22134,"date":"2017-02-05T01:10:59","date_gmt":"2017-02-04T23:10:59","guid":{"rendered":"http:\/\/www.bghaber.org\/bghaber\/?p=22134"},"modified":"2017-02-05T01:10:59","modified_gmt":"2017-02-04T23:10:59","slug":"ds-subaylarinin-ogullari-da-dsde-2","status":"publish","type":"post","link":"https:\/\/www.bghaber.org\/bghaber\/ds-subaylarinin-ogullari-da-dsde-2\/","title":{"rendered":"\u201cDS\u201d Subaylar\u0131n\u0131n O\u011fullar\u0131 da \u201cDS\u201dde."},"content":{"rendered":"<p><strong>Ahmet Do\u011fan\u2019\u0131n \u0130plerini \u00c7eken Gizli Subay\u0131n O\u011flu \u0130\u00e7 \u0130\u015fleri Bakanl\u0131\u011f\u0131nda \u00e7ok \u00f6nemli bir mevkie atand\u0131.<\/strong><\/p>\n<p><img data-recalc-dims=\"1\" decoding=\"async\" src=\"https:\/\/i0.wp.com\/www.bghaber.org\/bghaber\/wp-content\/uploads\/2017\/02\/adogan-1.jpg?w=640\" \/><\/p>\n<p><strong>Ahmet Do\u011fan ve Nikolay Kru\u015fov<\/strong><\/p>\n<p><strong>Nikolay Kru\u015fov, vaktiyle\u00a0 Ahmet Do\u011fan\u2019\u0131n iplerini \u00e7eken \u201cDS\u201d subay\u0131n\u0131n o\u011fludur.<\/strong><\/p>\n<p><strong>\u00a0<\/strong><\/p>\n<p>24 Ocak g\u00fcn\u00fc atanan Bulgaristan erken se\u00e7im h\u00fck\u00fcmetinde \u0130\u00e7 \u0130\u015fleri Bakan\u0131\u2019n\u0131n Siyasi \u00d6zel Kalem Dairesini y\u00f6neten Nikolay Kru\u015fkov, Hak ve \u00d6zg\u00fcrl\u00fckler Partisi fahri genel ba\u015fkan\u0131 Ahmet Do\u011fan Saray\u0131na direk olarak uzanabiliyor. Nikolay Kru\u015fov\u2019un babas\u0131<strong> \u201cAngelov\u201d, \u201cSergey\u201d ve Sava\u201d <\/strong>gibi takma isimlerle ajanl\u0131k yapan otobiyografisi skandan olaylarla dolu olan Ahmet Do\u011fan\u2019\u0131n iplerini \u00e7eken siyasi \u201cDS\u201d subay\u0131d\u0131r.<\/p>\n<p>Evgeniy Kru\u015fov, \u00f6nce gizli polis \u201cDS\u201d Birinci Genel M\u00fcd\u00fcrl\u00fc\u011f\u00fcnde \u201cT\u00fcrk \u015eube \u201dde, daha sonra da illegal \u00e7al\u0131\u015fanlar\u0131n haz\u0131rl\u0131k g\u00f6rd\u00fc\u011f\u00fc \u00e7ok gizli olarak bilinen ayn\u0131 genel m\u00fcd\u00fcrl\u00fc\u011f\u00fcn \u201cBe\u015finci \u015eube\u201d de g\u00f6rev ald\u0131. Do\u011fan bu \u015fubede e\u011fitim alm\u0131\u015ft\u0131r. Bulgar devletinde bug\u00fcn en fazla korunan bir ki\u015fi olan Ahmet Do\u011fan\u2019\u0131n e\u011fitiminden sorumlu g\u00f6revli olarak Evgeni Kru\u015fov, ge\u00e7en y\u00fczy\u0131l\u0131n 80\u2019li y\u0131llar\u0131n\u0131n belirli bir d\u00f6neminde bu \u00e7al\u0131\u015fmalardan sorumluydu. Ter\u00f6r ve bask\u0131 uygulayan kom\u00fcnist sivil polis g\u00f6revini iyi tan\u0131yanlar\u0131n kan\u0131s\u0131na g\u00f6re, Do\u011fan bu subay kar\u015f\u0131s\u0131nda pis i\u015fleri hesap verdi\u011fi gibi harcad\u0131\u011f\u0131 paralar\u0131 da ondan alm\u0131\u015ft\u0131r.<\/p><div id=\"bghab-747832920\" class=\"bghab-icerik-icine bghab-entity-placement\"><script async src=\"\/\/pagead2.googlesyndication.com\/pagead\/js\/adsbygoogle.js?client=ca-pub-6203283170189293\" crossorigin=\"anonymous\"><\/script><ins class=\"adsbygoogle\" style=\"display:block; text-align:center;\" data-ad-client=\"ca-pub-6203283170189293\" \ndata-ad-slot=\"7303146466\" \ndata-ad-layout=\"in-article\"\ndata-ad-format=\"fluid\" data-full-width-responsive=\"true\"><\/ins>\n<script> \n(adsbygoogle = window.adsbygoogle || []).push({}); \n<\/script>\n<\/div>\n<p>Bu d\u00f6nemde, Bulgar sorgu amiri Angel Aleksandrov\u2019un g\u00fcya \u00a0\u201csoya d\u00f6n\u00fc\u015f\u201d y\u0131llar\u0131nda gen\u00e7 feylesov Medi Doganov\u2019u\u00a0 devlete kar\u015f\u0131 s\u00f6zden eylemlerinden dolay\u0131 kovu\u015fturdu\u011fu ve \u00f6n yarg\u0131da cezaevinde tutulduktan sonra Pazarc\u0131k hapishanesine g\u00f6nderdi\u011fi zamanlard\u0131r. Bunlar A. Do\u011fan hayat\u0131ndan \u00e7ok ilgin\u00e7 ve gizemli olan ve ayd\u0131nlat\u0131lamayan, karanl\u0131kta kalan y\u0131llard\u0131r. <strong>Nas\u0131l olur da bir ki\u015fi ayn\u0131 zamanda hem Birinci Genel M\u00fcd\u00fcrl\u00fc\u011f\u00fcn \u201cBe\u015finci \u015eubesinde\u201d ba\u015fka bir \u00fclkede illegal \u00e7al\u0131\u015fmaya haz\u0131rlan\u0131rken, ayn\u0131 zamanda cezaevinde ve ard\u0131ndan da Pazarc\u0131k Hapishanesinde bulunur? <\/strong>Do\u011fru anla\u015f\u0131lmas\u0131 i\u00e7in vurguluyoruz. Ahmet Do\u011fan resmen Pazarc\u0131k Hapishanesinde hapis yatarken, 1989 y\u0131l\u0131n\u0131n yaz aylar\u0131nda, ayn\u0131 ko\u011fu\u015fta kalan mahk\u00fbmlar\u0131n ifadelerine g\u00f6re, birka\u00e7 defa hapishaneden \u00e7\u0131kar\u0131lm\u0131\u015f ve onun gizli polis \u201cDS\u201d ile o d\u00f6nem ili\u015fkileri g\u00fcn\u00fcm\u00fcze kadar a\u00e7\u0131klanmam\u0131\u015ft\u0131r.<\/p>\n<p>Demokrasimizin ilk g\u00fcnlerinde siyasi polis Evgeni Kru\u015fov, y\u0131ld\u0131z\u0131 do\u011fan yeni siyaset\u00e7i Medi Doganov \u2013 Ahmet Do\u011fan hakk\u0131nda her \u015feyi en ufak inceli\u011fine kadar bilen bir subayd\u0131r. O Do\u011fan\u2019\u0131n Bulgar Ge\u00e7i\u015f D\u00f6neminde oynayaca\u011f\u0131 rol\u00fc de b\u00fct\u00fcn\u00fcyle biliyordu. Bulgaristan T\u00fcrklerine tuzaklar o zaman kurulmu\u015ftur. Do\u011fan hainin kendisidir.<\/p>\n<p>Ahmet Do\u011fan \u00dc\u00e7l\u00fc Koalisyonun iktidar s\u00fcresini ger\u00e7ekle\u015ftirirken sorgu yarg\u0131c\u0131 Angel Aleksandrov Ulusal Sorgulama Daire Ba\u015fkan\u0131 olmu\u015ftu. \u015eimdi ise Do\u011fan davas\u0131 ile ilintili olan \u00f6teki subay\u0131n o\u011flu, sosyalistlerin Hak ve \u00d6zg\u00fcrl\u00fckler Hareketi (DPS) ile hi\u00e7bir ba\u011flar\u0131 olmad\u0131\u011f\u0131na yemin etmelerine kar\u015f\u0131n, Cumhurba\u015fkan\u0131 Rumen Radev\u2019in atad\u0131\u011f\u0131 yeni ge\u00e7ici h\u00fck\u00fcmette en \u00f6nemli g\u00f6revlerden birinde g\u00f6rev alm\u0131\u015ft\u0131r. (Yeni ge\u00e7ici h\u00fck\u00fcmette hi\u00e7bir M\u00fcsl\u00fcman T\u00fcrk\u2019e Bakan veya Bakan Yard\u0131mc\u0131s\u0131 g\u00f6revi verilmemi\u015ftir.)<\/p>\n<p>Nikolay Kru\u015fkov \u201csaray\u0131n\u201d ve \u201ck\u00fct\u00fcphanecilerin\u201d\u00a0 adam\u0131 olarak g\u00f6steriliyor ve onun H\u00d6H partisi milletvekilleriyle yak\u0131n ili\u015fkileri biliniyor.<\/p>\n<p>Devleti b\u00fct\u00fcn\u00fcyle ele ge\u00e7irme ve \u00e7\u00f6kertme operasyonlar\u0131 devam ediyor.<\/p><div id=\"bghab-968576494\" class=\"bghab-icerik-icine-10-paragraf bghab-entity-placement\"><script async src=\"\/\/pagead2.googlesyndication.com\/pagead\/js\/adsbygoogle.js?client=ca-pub-6203283170189293\" crossorigin=\"anonymous\"><\/script><ins class=\"adsbygoogle\" style=\"display:block; text-align:center;\" data-ad-client=\"ca-pub-6203283170189293\" \ndata-ad-slot=\"7303146466\" \ndata-ad-layout=\"in-article\"\ndata-ad-format=\"fluid\" data-full-width-responsive=\"true\"><\/ins>\n<script> \n(adsbygoogle = window.adsbygoogle || []).push({}); \n<\/script>\n<\/div>\n<p>Faktor bg<\/p>\n<div id=\"bghab-3337089742\" class=\"bghab-yazi-altinda bghab-entity-placement\"><div class=\"bghab-adlabel\">Reklamlar<\/div><script async src=\"https:\/\/pagead2.googlesyndication.com\/pagead\/js\/adsbygoogle.js\"><\/script>\r\n<!-- bghaber-yaz\u0131-sonu -->\r\n<ins class=\"adsbygoogle\"\r\n     style=\"display:block\"\r\n     data-ad-client=\"ca-pub-6203283170189293\"\r\n     data-ad-slot=\"4222328180\"\r\n     data-ad-format=\"auto\"\r\n     data-full-width-responsive=\"true\"><\/ins>\r\n<script>\r\n     (adsbygoogle = window.adsbygoogle || []).push({});\r\n<\/script><\/div><br style=\"clear: both; display: block; float: none;\"\/>","protected":false},"excerpt":{"rendered":"<p>Ahmet Do\u011fan\u2019\u0131n \u0130plerini \u00c7eken Gizli Subay\u0131n O\u011flu \u0130\u00e7 \u0130\u015fleri Bakanl\u0131\u011f\u0131nda \u00e7ok \u00f6nemli bir mevkie atand\u0131. Ahmet Do\u011fan ve Nikolay Kru\u015fov Nikolay Kru\u015fov, vaktiyle\u00a0 Ahmet Do\u011fan\u2019\u0131n<\/p>\n","protected":false},"author":13,"featured_media":22135,"comment_status":"closed","ping_status":"closed","sticky":false,"template":"","format":"standard","meta":{"advanced_seo_description":"","jetpack_seo_html_title":"","jetpack_seo_noindex":false,"_jetpack_memberships_contains_paid_content":false,"footnotes":""},"categories":[5],"tags":[],"class_list":["post-22134","post","type-post","status-publish","format-standard","has-post-thumbnail","hentry","category-yasam"],"jetpack_featured_media_url":"https:\/\/i0.wp.com\/www.bghaber.org\/bghaber\/wp-content\/uploads\/2017\/02\/adogan-1.jpg?fit=566%2C384&ssl=1","jetpack_sharing_enabled":true,"jetpack_likes_enabled":true,"jetpack-related-posts":[],"jetpack_shortlink":"https:\/\/wp.me\/pc2PfJ-5L0","_links":{"self":[{"href":"https:\/\/www.bghaber.org\/bghaber\/wp-json\/wp\/v2\/posts\/22134","targetHints":{"allow":["GET"]}}],"collection":[{"href":"https:\/\/www.bghaber.org\/bghaber\/wp-json\/wp\/v2\/posts"}],"about":[{"href":"https:\/\/www.bghaber.org\/bghaber\/wp-json\/wp\/v2\/types\/post"}],"author":[{"embeddable":true,"href":"https:\/\/www.bghaber.org\/bghaber\/wp-json\/wp\/v2\/users\/13"}],"replies":[{"embeddable":true,"href":"https:\/\/www.bghaber.org\/bghaber\/wp-json\/wp\/v2\/comments?post=22134"}],"version-history":[{"count":0,"href":"https:\/\/www.bghaber.org\/bghaber\/wp-json\/wp\/v2\/posts\/22134\/revisions"}],"wp:featuredmedia":[{"embeddable":true,"href":"https:\/\/www.bghaber.org\/bghaber\/wp-json\/wp\/v2\/media\/22135"}],"wp:attachment":[{"href":"https:\/\/www.bghaber.org\/bghaber\/wp-json\/wp\/v2\/media?parent=22134"}],"wp:term":[{"taxonomy":"category","embeddable":true,"href":"https:\/\/www.bghaber.org\/bghaber\/wp-json\/wp\/v2\/categories?post=22134"},{"taxonomy":"post_tag","embeddable":true,"href":"https:\/\/www.bghaber.org\/bghaber\/wp-json\/wp\/v2\/tags?post=22134"}],"curies":[{"name":"wp","href":"https:\/\/api.w.org\/{rel}","templated":true}]}}