{"id":22131,"date":"2017-02-03T23:46:16","date_gmt":"2017-02-03T21:46:16","guid":{"rendered":"http:\/\/www.bghaber.org\/bghaber\/?p=22131"},"modified":"2017-02-03T23:46:16","modified_gmt":"2017-02-03T21:46:16","slug":"ankara-temsilcimizden-ankara-valisi-ercan-topacayi-ziyaret","status":"publish","type":"post","link":"https:\/\/www.bghaber.org\/bghaber\/ankara-temsilcimizden-ankara-valisi-ercan-topacayi-ziyaret\/","title":{"rendered":"Ankara Temsilcimizden Ankara Valisi Ercan Topaca\u2019y\u0131 Ziyaret"},"content":{"rendered":"<p>Bulgaristan T\u00fcrkleri K\u00fclt\u00fcr ve Hizmet Derne\u011fi BULT\u00dcRK Ankara Temsilcisi olan ve ayn\u0131 zamanda Ba\u015fkent Ankara ve Anadolu Konfederasyonu BA\u015eKON Yurtd\u0131\u015f\u0131 T\u00fcrkler ve G\u00f6\u00e7menler Platformu Ba\u015fkan\u0131 olan Siyaset Bilimi ve Uluslararas\u0131 \u0130li\u015fkiler Uzman\u0131 \u0130smail C\u0130NG\u00d6Z ile Demokratik T\u00fcrkmen Hareketi Lideri ve BA\u015eKON Yurtd\u0131\u015f\u0131 T\u00fcrkler ve G\u00f6\u00e7menler Platformu \u00dcyesi Abdulkerim A\u011eA taraf\u0131ndan 03 \u015eubat 2017 g\u00fcn\u00fc Ankara Valisi Say\u0131n Ercan TOPACA\u2019ya ziyaret ge\u00e7ekle\u015ftirilmi\u015ftir.<\/p>\n<p><img data-recalc-dims=\"1\" decoding=\"async\" src=\"https:\/\/i0.wp.com\/www.bghaber.org\/bghaber\/wp-content\/uploads\/2017\/02\/ankara-vali.jpg?w=640\" \/><\/p>\n<p>Son y\u0131llar\u0131n en \u00f6nemli g\u00fcndem maddelerinden olan Suriyeli S\u0131\u011f\u0131nmac\u0131lar eksenli olarak ger\u00e7ekle\u015fen ziyarette; T\u00fcrkiye\u2019ye gelemeyerek \u00f6zellikle Ortado\u011fu \u00fclkelerine s\u0131\u011f\u0131nmak zorunda kalarak o \u00fclkelerde i\u015f ve mesleklerini icra eden ve ekser \u00e7o\u011funlu\u011fu T\u00fcrkmenlerden olu\u015fan, kariyer ve meslek sahibi olan Suriyelilerin T\u00fcrkiye\u2019ye getirilerek ekonomiye katk\u0131 sa\u011flamalar\u0131 \u00fczerine isti\u015farelerde bulunulmu\u015ftur.<\/p>\n<p>&nbsp;<\/p>\n<div id=\"bghab-3576414763\" class=\"bghab-yazi-altinda bghab-entity-placement\"><div class=\"bghab-adlabel\">Reklamlar<\/div><script async src=\"https:\/\/pagead2.googlesyndication.com\/pagead\/js\/adsbygoogle.js\"><\/script>\r\n<!-- bghaber-yaz\u0131-sonu -->\r\n<ins class=\"adsbygoogle\"\r\n     style=\"display:block\"\r\n     data-ad-client=\"ca-pub-6203283170189293\"\r\n     data-ad-slot=\"4222328180\"\r\n     data-ad-format=\"auto\"\r\n     data-full-width-responsive=\"true\"><\/ins>\r\n<script>\r\n     (adsbygoogle = window.adsbygoogle || []).push({});\r\n<\/script><\/div><br style=\"clear: both; display: block; float: none;\"\/>","protected":false},"excerpt":{"rendered":"<p>Bulgaristan T\u00fcrkleri K\u00fclt\u00fcr ve Hizmet Derne\u011fi BULT\u00dcRK Ankara Temsilcisi olan ve ayn\u0131 zamanda Ba\u015fkent Ankara ve Anadolu Konfederasyonu BA\u015eKON Yurtd\u0131\u015f\u0131 T\u00fcrkler ve G\u00f6\u00e7menler Platformu Ba\u015fkan\u0131<\/p>\n","protected":false},"author":13,"featured_media":22132,"comment_status":"closed","ping_status":"closed","sticky":false,"template":"","format":"standard","meta":{"advanced_seo_description":"","jetpack_seo_html_title":"","jetpack_seo_noindex":false,"_jetpack_memberships_contains_paid_content":false,"footnotes":""},"categories":[10],"tags":[],"class_list":["post-22131","post","type-post","status-publish","format-standard","has-post-thumbnail","hentry","category-kultur-sanat"],"jetpack_featured_media_url":"https:\/\/i0.wp.com\/www.bghaber.org\/bghaber\/wp-content\/uploads\/2017\/02\/ankara-vali.jpg?fit=622%2C432&ssl=1","jetpack_sharing_enabled":true,"jetpack_likes_enabled":true,"jetpack-related-posts":[],"jetpack_shortlink":"https:\/\/wp.me\/pc2PfJ-5KX","_links":{"self":[{"href":"https:\/\/www.bghaber.org\/bghaber\/wp-json\/wp\/v2\/posts\/22131","targetHints":{"allow":["GET"]}}],"collection":[{"href":"https:\/\/www.bghaber.org\/bghaber\/wp-json\/wp\/v2\/posts"}],"about":[{"href":"https:\/\/www.bghaber.org\/bghaber\/wp-json\/wp\/v2\/types\/post"}],"author":[{"embeddable":true,"href":"https:\/\/www.bghaber.org\/bghaber\/wp-json\/wp\/v2\/users\/13"}],"replies":[{"embeddable":true,"href":"https:\/\/www.bghaber.org\/bghaber\/wp-json\/wp\/v2\/comments?post=22131"}],"version-history":[{"count":0,"href":"https:\/\/www.bghaber.org\/bghaber\/wp-json\/wp\/v2\/posts\/22131\/revisions"}],"wp:featuredmedia":[{"embeddable":true,"href":"https:\/\/www.bghaber.org\/bghaber\/wp-json\/wp\/v2\/media\/22132"}],"wp:attachment":[{"href":"https:\/\/www.bghaber.org\/bghaber\/wp-json\/wp\/v2\/media?parent=22131"}],"wp:term":[{"taxonomy":"category","embeddable":true,"href":"https:\/\/www.bghaber.org\/bghaber\/wp-json\/wp\/v2\/categories?post=22131"},{"taxonomy":"post_tag","embeddable":true,"href":"https:\/\/www.bghaber.org\/bghaber\/wp-json\/wp\/v2\/tags?post=22131"}],"curies":[{"name":"wp","href":"https:\/\/api.w.org\/{rel}","templated":true}]}}