{"id":22126,"date":"2017-02-03T23:42:06","date_gmt":"2017-02-03T21:42:06","guid":{"rendered":"http:\/\/www.bghaber.org\/bghaber\/?p=22126"},"modified":"2017-02-03T23:42:06","modified_gmt":"2017-02-03T21:42:06","slug":"arnavutluktaki-bulgar-azinligin-taninsin","status":"publish","type":"post","link":"https:\/\/www.bghaber.org\/bghaber\/arnavutluktaki-bulgar-azinligin-taninsin\/","title":{"rendered":"Arnavutluk\u2019taki Bulgar Az\u0131nl\u0131\u011f\u0131n tan\u0131ns\u0131n"},"content":{"rendered":"<p><strong>Avrupa Parlamentosu D\u0131\u015f \u0130li\u015fkiler Komisyonu Arnavutluk\u2019taki Bulgar Az\u0131nl\u0131\u011f\u0131n tan\u0131nmas\u0131n\u0131 istiyor.<\/strong><\/p>\n<p><strong><img data-recalc-dims=\"1\" decoding=\"async\" src=\"https:\/\/i0.wp.com\/www.bghaber.org\/bghaber\/wp-content\/uploads\/2016\/04\/ab.jpg?w=640\" \/><\/strong><\/p>\n<p><strong>Avrupa Parlamentosu Genel Kurulu\u2019nun \u015eubat ay\u0131 Strazburg bile\u015fiminde Arnavutluk\u2019taki Bulgar az\u0131nl\u0131\u011f\u0131n\u0131n tan\u0131nmas\u0131 konusu oya sunulacak.<\/strong><\/p>\n<p>Avrupa Parlamentosu y\u0131ll\u0131k ilerleme raporunda ilk defa olmak \u00fczere \u015eubat ay\u0131nda g\u00f6r\u00fc\u015fece\u011fi tarihsel raporunda Arnavutluk\u2019taki Bulgarlar\u0131n az\u0131nl\u0131k olarak tan\u0131nmas\u0131n\u0131 g\u00f6r\u00fc\u015fecek. Bulgar sa\u011f kanat milliyet\u00e7ileri Andey Kova\u00e7ev (GERB( ve Angel Canbazki\u2019nin (VMRO)\u00a0 \u0131srarl\u0131 bask\u0131s\u0131 sonucunda son anda y\u0131ll\u0131k raporda ciddi de\u011fi\u015fiklikler yap\u0131lm\u0131\u015f ve Arnavutluk\u2019taki Bulgar az\u0131nl\u0131\u011f\u0131n\u0131n tan\u0131nmas\u0131 konusu g\u00fcndeme al\u0131nm\u0131\u015ft\u0131r.<\/p>\n<p>Arnavutluk\u2019taki tarihsel Bulgar az\u0131nl\u0131\u011f\u0131 ve Pan Avrupa VIII. Koridoru kurulmas\u0131 konular\u0131nda yap\u0131lan de\u011fi\u015fiklikler\u00a0 GERB\u2019li Andrey Kova\u00e7ev\u2019\u0131n \u0131srar\u0131 \u00fczerine komisyonun 2016 Arnavutluk raporuna al\u0131nm\u0131\u015f ve Avrupa Parlamentosu D\u0131\u015f \u0130li\u015fkiler Komisyonunda ele al\u0131nacakt\u0131r.<\/p>\n<p><strong>Kabul edilen de\u011fi\u015fikliklerin resmi metninde \u015f\u00f6yle deniyor:<\/strong><\/p><div id=\"bghab-3259078049\" class=\"bghab-icerik-icine bghab-entity-placement\"><script async src=\"\/\/pagead2.googlesyndication.com\/pagead\/js\/adsbygoogle.js?client=ca-pub-6203283170189293\" crossorigin=\"anonymous\"><\/script><ins class=\"adsbygoogle\" style=\"display:block; text-align:center;\" data-ad-client=\"ca-pub-6203283170189293\" \ndata-ad-slot=\"7303146466\" \ndata-ad-layout=\"in-article\"\ndata-ad-format=\"fluid\" data-full-width-responsive=\"true\"><\/ins>\n<script> \n(adsbygoogle = window.adsbygoogle || []).push({}); \n<\/script>\n<\/div>\n<p>&#8211;\u00a0 \u0130lgili yasalar\u0131n b\u00fct\u00fcnsel uygulanmas\u0131yla Arnavutl\u0131k\u2019taki t\u00fcm az\u0131nl\u0131klar\u0131n\u0131n haklar\u0131n\u0131n sa\u011flanmas\u0131 i\u00e7in ek \u00e7aba g\u00f6sterilmesi gerekir;<\/p>\n<p>&#8211;\u00a0 Prespa, Golo B\u0131rdo ve Gora b\u00f6lgelerindeki Bulgarlar etnik k\u00f6kenli ki\u015filerin haklar\u0131n\u0131n yasama kapsam\u0131na al\u0131narak uygulamada garanti alt\u0131na al\u0131nmas\u0131 \u00f6nerilir;<\/p>\n<p>&#8211; Resmi olmayan verilere g\u00f6re, toplam say\u0131lar\u0131 50 bin ile 100 bin ki\u015fi aras\u0131nda olan Arnavutlukta ikamet eden Bulgarlar y\u0131llardan beri resmi az\u0131nl\u0131k olarak tan\u0131nmalar\u0131n\u0131 bekliyor;<\/p>\n<p>&#8211;\u00a0 1932 y\u0131l\u0131nda \u0130stanbul\u2019da \u0130kinci Balkan Konferans\u0131nda kabul edilen bir sonu\u00e7 bildirisinde, iki devlet aras\u0131nda imzalanan sonu\u00e7 tutana\u011f\u0131nda, Kova\u00e7ev\u2019in ifadesiyle, aynen \u015f\u00f6yle denmi\u015ftir:<strong> \u201cMadde 1: Arnavut heyeti Arnavutlukta Bulgar az\u0131nl\u0131\u011f\u0131 ya\u015fad\u0131\u011f\u0131n\u0131tan\u0131r.\u201d<\/strong><\/p>\n<p>H\u00fck\u00fcmetlerin de\u011fi\u015fmesi ve yakla\u015fan \u0130kinci D\u00fcnya Sava\u015f\u0131 nedeniyle Sonu\u00e7 Belgesi onaylanamam\u0131\u015ft\u0131r. Bu sorun \u015fimdiye kadar defalarca g\u00fcndeme al\u0131nm\u0131\u015ft\u0131r. Bulgar taraf\u0131 ve ikili ili\u015fkiler i\u00e7in hassas olan sorunlar aras\u0131nda Bulgar etnik az\u0131nl\u0131\u011f\u0131na ait ki\u015filerin haklar\u0131 da yer al\u0131r. Arnavutluk\u2019ta resmen<strong> Yunan, Makedon ve S\u0131rp-Karada\u011fl\u0131 az\u0131nl\u0131klar\u0131 olmak \u00fczere \u00fc\u00e7 etnik az\u0131nl\u0131\u011f\u0131n ve \u00c7ingene ve Ulah ve Arman dil az\u0131nl\u0131k gruplar\u0131n\u0131n varl\u0131\u011f\u0131 resmen tan\u0131nm\u0131\u015ft\u0131r. Bulgar etnik grup ise tan\u0131nmam\u0131\u015ft\u0131r.<\/strong><\/p><div id=\"bghab-454556338\" class=\"bghab-icerik-icine-10-paragraf bghab-entity-placement\"><script async src=\"\/\/pagead2.googlesyndication.com\/pagead\/js\/adsbygoogle.js?client=ca-pub-6203283170189293\" crossorigin=\"anonymous\"><\/script><ins class=\"adsbygoogle\" style=\"display:block; text-align:center;\" data-ad-client=\"ca-pub-6203283170189293\" \ndata-ad-slot=\"7303146466\" \ndata-ad-layout=\"in-article\"\ndata-ad-format=\"fluid\" data-full-width-responsive=\"true\"><\/ins>\n<script> \n(adsbygoogle = window.adsbygoogle || []).push({}); \n<\/script>\n<\/div>\n<p>GERB partisi Avrupa Parlamentosu milletvekili Kova\u00e7ev,<strong> etnik topluluklar\u0131n varl\u0131\u011f\u0131n\u0131 ve haklar\u0131n\u0131 tan\u0131mak, AB\u2019ye \u00fcye olmak isteyen aday \u00fclkelerin yerine getirmeleri gereken en \u00f6nemli k\u0131staslardan biri oldu\u011funu vurgulam\u0131\u015ft\u0131r.<\/strong><\/p>\n<p>Kova\u00e7ev \u015f\u00f6yle konu\u015fmu\u015ftur<strong>: \u201cY\u0131llardan beri resmen tan\u0131nmay\u0131 ve haklar\u0131n\u0131 elde etmeyi bekleyen, etnik az\u0131nl\u0131k olarak tan\u0131nmam\u0131\u015f olan tarihsel Bulgar az\u0131nl\u0131\u011f\u0131 da aralar\u0131nda olmak \u00fczere, Arnavutluk\u2019un baz\u0131 az\u0131nl\u0131klar\u0131n haklar\u0131n\u0131 g\u00f6z ard\u0131 etmesine izin verilmemelidir.\u201d<\/strong><\/p>\n<p>\u00d6nerilen ve rapora giren ikinci ek ise, VIII. Koridora giren \u00dcsk\u00fcp Tirana demiryolu ve otoyol ba\u011flant\u0131s\u0131n\u0131n h\u0131zla in\u015fa edilmesinin ilgili organlara y\u00fcklenmesidir. Bu \u00f6neri,<strong> Karadeniz liman\u0131 Burgas\u2019\u0131 Adriyatik liman\u0131 Duras\u2019a ba\u011flarken dolay\u0131s\u0131yla Arnavutluk, Makedonya ve Bulgaristan\u2019\u0131 birbirine ba\u011flayacak olan kayayolu ve demiryolu hatt\u0131n\u0131n her a\u015famas\u0131n\u0131n hedefe y\u00f6nelik ve program kapsam\u0131nda ger\u00e7ekle\u015ftirilmesinin Bulgaristan\u2019\u0131n milli \u00e7\u0131karlar\u0131na uymas\u0131ndan kaynaklan\u0131r. <\/strong><\/p>\n<p>Bu rapor Avrupa Parlamentosu \u015eubat 2017 Strazburg Genel Kurul\u2019unda g\u00f6r\u00fc\u015f\u00fclecektir.<\/p>\n<p>NOT: <strong>Br\u00fcksel\u2019deki H\u00d6H-DPS T\u00fcrk milletvekillerimiz 1878\u2019den beri 15 uluslararas\u0131 antla\u015fma ve protokolde madde madde i\u015flenmi\u015f olan Bulgaristan M\u00fcsl\u00fcman T\u00fcrklerinin etnik ve dini az\u0131nl\u0131k haklar\u0131m\u0131z\u0131n Avrupa Birli\u011fi Genel Kurulu\u2019na ne zaman ta\u015f\u0131yacakt\u0131r?\u00a0 Adres veriniz beyler ve\u00a0 hepinize ayr\u0131 ayr\u0131 Berlin Anla\u015fmas\u0131n\u0131 \/1878\/, N\u00f6yyi Anla\u015fmas\u0131n\u0131 (1919) \u0130stanbul Tutanaklar\u0131n\u0131, Ankara Anla\u015fmas\u0131n\u0131 (1925) vs resmi belgeleri kendilerine \u00f6zel kurye ile g\u00f6nderelim. <\/strong><\/p><div id=\"bghab-2427408361\" class=\"bghab-icerik-icine-15-paragraf bghab-entity-placement\"><script async src=\"\/\/pagead2.googlesyndication.com\/pagead\/js\/adsbygoogle.js?client=ca-pub-6203283170189293\" crossorigin=\"anonymous\"><\/script><ins class=\"adsbygoogle\" style=\"display:block; text-align:center;\" data-ad-client=\"ca-pub-6203283170189293\" \ndata-ad-slot=\"7303146466\" \ndata-ad-layout=\"in-article\"\ndata-ad-format=\"fluid\" data-full-width-responsive=\"true\"><\/ins>\n<script> \n(adsbygoogle = window.adsbygoogle || []).push({}); \n<\/script>\n<\/div>\n<div id=\"bghab-509960573\" class=\"bghab-yazi-altinda bghab-entity-placement\"><div class=\"bghab-adlabel\">Reklamlar<\/div><script async src=\"https:\/\/pagead2.googlesyndication.com\/pagead\/js\/adsbygoogle.js\"><\/script>\r\n<!-- bghaber-yaz\u0131-sonu -->\r\n<ins class=\"adsbygoogle\"\r\n     style=\"display:block\"\r\n     data-ad-client=\"ca-pub-6203283170189293\"\r\n     data-ad-slot=\"4222328180\"\r\n     data-ad-format=\"auto\"\r\n     data-full-width-responsive=\"true\"><\/ins>\r\n<script>\r\n     (adsbygoogle = window.adsbygoogle || []).push({});\r\n<\/script><\/div><br style=\"clear: both; display: block; float: none;\"\/>","protected":false},"excerpt":{"rendered":"<p>Avrupa Parlamentosu D\u0131\u015f \u0130li\u015fkiler Komisyonu Arnavutluk\u2019taki Bulgar Az\u0131nl\u0131\u011f\u0131n tan\u0131nmas\u0131n\u0131 istiyor. Avrupa Parlamentosu Genel Kurulu\u2019nun \u015eubat ay\u0131 Strazburg bile\u015fiminde Arnavutluk\u2019taki Bulgar az\u0131nl\u0131\u011f\u0131n\u0131n tan\u0131nmas\u0131 konusu oya sunulacak.<\/p>\n","protected":false},"author":13,"featured_media":18534,"comment_status":"closed","ping_status":"closed","sticky":false,"template":"","format":"standard","meta":{"advanced_seo_description":"","jetpack_seo_html_title":"","jetpack_seo_noindex":false,"_jetpack_memberships_contains_paid_content":false,"footnotes":""},"categories":[5],"tags":[],"class_list":["post-22126","post","type-post","status-publish","format-standard","has-post-thumbnail","hentry","category-yasam"],"jetpack_featured_media_url":"https:\/\/i0.wp.com\/www.bghaber.org\/bghaber\/wp-content\/uploads\/2016\/04\/ab.jpg?fit=768%2C432&ssl=1","jetpack_sharing_enabled":true,"jetpack_likes_enabled":true,"jetpack-related-posts":[],"jetpack_shortlink":"https:\/\/wp.me\/pc2PfJ-5KS","_links":{"self":[{"href":"https:\/\/www.bghaber.org\/bghaber\/wp-json\/wp\/v2\/posts\/22126","targetHints":{"allow":["GET"]}}],"collection":[{"href":"https:\/\/www.bghaber.org\/bghaber\/wp-json\/wp\/v2\/posts"}],"about":[{"href":"https:\/\/www.bghaber.org\/bghaber\/wp-json\/wp\/v2\/types\/post"}],"author":[{"embeddable":true,"href":"https:\/\/www.bghaber.org\/bghaber\/wp-json\/wp\/v2\/users\/13"}],"replies":[{"embeddable":true,"href":"https:\/\/www.bghaber.org\/bghaber\/wp-json\/wp\/v2\/comments?post=22126"}],"version-history":[{"count":0,"href":"https:\/\/www.bghaber.org\/bghaber\/wp-json\/wp\/v2\/posts\/22126\/revisions"}],"wp:featuredmedia":[{"embeddable":true,"href":"https:\/\/www.bghaber.org\/bghaber\/wp-json\/wp\/v2\/media\/18534"}],"wp:attachment":[{"href":"https:\/\/www.bghaber.org\/bghaber\/wp-json\/wp\/v2\/media?parent=22126"}],"wp:term":[{"taxonomy":"category","embeddable":true,"href":"https:\/\/www.bghaber.org\/bghaber\/wp-json\/wp\/v2\/categories?post=22126"},{"taxonomy":"post_tag","embeddable":true,"href":"https:\/\/www.bghaber.org\/bghaber\/wp-json\/wp\/v2\/tags?post=22126"}],"curies":[{"name":"wp","href":"https:\/\/api.w.org\/{rel}","templated":true}]}}