{"id":22124,"date":"2017-02-02T18:44:34","date_gmt":"2017-02-02T16:44:34","guid":{"rendered":"http:\/\/www.bghaber.org\/bghaber\/?p=22124"},"modified":"2017-02-02T18:44:34","modified_gmt":"2017-02-02T16:44:34","slug":"bulgaristan-ogrencileri-alkol-ve-sigarada-ilk-sirada","status":"publish","type":"post","link":"https:\/\/www.bghaber.org\/bghaber\/bulgaristan-ogrencileri-alkol-ve-sigarada-ilk-sirada\/","title":{"rendered":"Bulgaristan \u00f6\u011frencileri alkol ve sigarada ilk s\u0131rada"},"content":{"rendered":"<h1>Bulgar lise \u00f6\u011frencileri alkol ve sigara t\u00fcketimi a\u00e7\u0131s\u0131ndan ilk s\u0131ralarda yer al\u0131yor<\/h1>\n<p><img data-recalc-dims=\"1\" decoding=\"async\" src=\"https:\/\/i0.wp.com\/kafeinsiz.com\/wp-content\/uploads\/2015\/06\/evde-bira-yapimi-e1418896302835.jpg?w=640&#038;ssl=1\" alt=\"\u0130lgili resim\" \/><\/p>\n<p>Bulgar lise \u00f6\u011frencileri, alkol, sigara, tatl\u0131 ve \u015fekerli gazoz t\u00fcketimi a\u00e7\u0131s\u0131ndan d\u00fcnyada ilk s\u0131ralarda yar al\u0131yor. Bunu D\u00fcnya Sa\u011fl\u0131 \u00d6rg\u00fct\u00fc ile i\u015fbirli\u011fi i\u00e7inde yap\u0131lan uluslararas\u0131 bir ara\u015ft\u0131rman\u0131n verileri g\u00f6sterdi. Ankete kat\u0131lanlar\u0131n y\u00fczde 44\u2019\u00fcne g\u00f6re Bulgar lise \u00f6\u011frencileri en s\u0131k tatl\u0131lar t\u00fcketiyor. Bulgaristan\u2019daki \u00f6\u011frenciler okulda s\u0131kma g\u00f6stergesi a\u00e7\u0131s\u0131ndan da ilk s\u0131ralarda bulunuyor.<\/p>\n<div id=\"bghab-3829736757\" class=\"bghab-yazi-altinda bghab-entity-placement\"><div class=\"bghab-adlabel\">Reklamlar<\/div><script async src=\"https:\/\/pagead2.googlesyndication.com\/pagead\/js\/adsbygoogle.js\"><\/script>\r\n<!-- bghaber-yaz\u0131-sonu -->\r\n<ins class=\"adsbygoogle\"\r\n     style=\"display:block\"\r\n     data-ad-client=\"ca-pub-6203283170189293\"\r\n     data-ad-slot=\"4222328180\"\r\n     data-ad-format=\"auto\"\r\n     data-full-width-responsive=\"true\"><\/ins>\r\n<script>\r\n     (adsbygoogle = window.adsbygoogle || []).push({});\r\n<\/script><\/div><br style=\"clear: both; display: block; float: none;\"\/>","protected":false},"excerpt":{"rendered":"<p>Bulgar lise \u00f6\u011frencileri alkol ve sigara t\u00fcketimi a\u00e7\u0131s\u0131ndan ilk s\u0131ralarda yer al\u0131yor Bulgar lise \u00f6\u011frencileri, alkol, sigara, tatl\u0131 ve \u015fekerli gazoz t\u00fcketimi a\u00e7\u0131s\u0131ndan d\u00fcnyada ilk<\/p>\n","protected":false},"author":13,"featured_media":388,"comment_status":"closed","ping_status":"closed","sticky":false,"template":"","format":"standard","meta":{"advanced_seo_description":"","jetpack_seo_html_title":"","jetpack_seo_noindex":false,"_jetpack_memberships_contains_paid_content":false,"footnotes":""},"categories":[8],"tags":[],"class_list":["post-22124","post","type-post","status-publish","format-standard","has-post-thumbnail","hentry","category-egitim"],"jetpack_featured_media_url":"https:\/\/i0.wp.com\/www.bghaber.org\/bghaber\/wp-content\/uploads\/2013\/04\/balkan-harita3469.jpg?fit=260%2C226&ssl=1","jetpack_sharing_enabled":true,"jetpack_likes_enabled":true,"jetpack-related-posts":[],"jetpack_shortlink":"https:\/\/wp.me\/pc2PfJ-5KQ","_links":{"self":[{"href":"https:\/\/www.bghaber.org\/bghaber\/wp-json\/wp\/v2\/posts\/22124","targetHints":{"allow":["GET"]}}],"collection":[{"href":"https:\/\/www.bghaber.org\/bghaber\/wp-json\/wp\/v2\/posts"}],"about":[{"href":"https:\/\/www.bghaber.org\/bghaber\/wp-json\/wp\/v2\/types\/post"}],"author":[{"embeddable":true,"href":"https:\/\/www.bghaber.org\/bghaber\/wp-json\/wp\/v2\/users\/13"}],"replies":[{"embeddable":true,"href":"https:\/\/www.bghaber.org\/bghaber\/wp-json\/wp\/v2\/comments?post=22124"}],"version-history":[{"count":0,"href":"https:\/\/www.bghaber.org\/bghaber\/wp-json\/wp\/v2\/posts\/22124\/revisions"}],"wp:featuredmedia":[{"embeddable":true,"href":"https:\/\/www.bghaber.org\/bghaber\/wp-json\/wp\/v2\/media\/388"}],"wp:attachment":[{"href":"https:\/\/www.bghaber.org\/bghaber\/wp-json\/wp\/v2\/media?parent=22124"}],"wp:term":[{"taxonomy":"category","embeddable":true,"href":"https:\/\/www.bghaber.org\/bghaber\/wp-json\/wp\/v2\/categories?post=22124"},{"taxonomy":"post_tag","embeddable":true,"href":"https:\/\/www.bghaber.org\/bghaber\/wp-json\/wp\/v2\/tags?post=22124"}],"curies":[{"name":"wp","href":"https:\/\/api.w.org\/{rel}","templated":true}]}}