{"id":22118,"date":"2017-02-02T18:37:50","date_gmt":"2017-02-02T16:37:50","guid":{"rendered":"http:\/\/www.bghaber.org\/bghaber\/?p=22118"},"modified":"2017-02-02T18:37:50","modified_gmt":"2017-02-02T16:37:50","slug":"gergin-bir-secim-mucadelesi","status":"publish","type":"post","link":"https:\/\/www.bghaber.org\/bghaber\/gergin-bir-secim-mucadelesi\/","title":{"rendered":"Gergin bir se\u00e7im m\u00fccadelesi"},"content":{"rendered":"<h1>\u2018\u0130van Haciydski\u2019 enstit\u00fcs\u00fcne g\u00f6re gergin bir se\u00e7im \u00f6n\u00fc m\u00fccadelesi var \u00f6n\u00fcm\u00fczde<\/h1>\n<p><img data-recalc-dims=\"1\" decoding=\"async\" src=\"https:\/\/i0.wp.com\/www.bghaber.org\/bghaber\/wp-content\/uploads\/2017\/02\/secm-bg.png?w=640\" \/><\/p>\n<p>Bulgaristan\u2019da\u00a0 sonu belirsiz\u00a0 a\u011f\u0131r ve gergin se\u00e7im \u00f6n\u00fc m\u00fccadelesi\u00a0 bekleniyor. \u0130ki en b\u00fcy\u00fck parti\u00a0 BSP ve GERB aras\u0131ndaki\u00a0 denge istatistik hata\u00a0 \u00e7er\u00e7evesinde, bir partili\u00a0 h\u00fck\u00fcmet \u015fanslar\u0131 sadece teorik,\u00a0 koalisyon h\u00fck\u00fcmeti varsay\u0131mlar\u0131 ise bilinmeyenlerle dolu. \u2018\u0130van Haciyski\u2019 enstit\u00fcs\u00fcn\u00fcn analizi bunu g\u00f6steriyor. Analizde bir s\u0131ra siyasi\u00a0 g\u00fcc\u00fcn daha \u015fimdiden se\u00e7im sonras\u0131 hesaplar yapt\u0131\u011f\u0131 ve bunun se\u00e7im sonras\u0131\u00a0 d\u00f6nemi de gerginle\u015ftirece\u011fine i\u015faret ediliyor.<\/p>\n<div id=\"bghab-513694515\" class=\"bghab-yazi-altinda bghab-entity-placement\"><div class=\"bghab-adlabel\">Reklamlar<\/div><script async src=\"https:\/\/pagead2.googlesyndication.com\/pagead\/js\/adsbygoogle.js\"><\/script>\r\n<!-- bghaber-yaz\u0131-sonu -->\r\n<ins class=\"adsbygoogle\"\r\n     style=\"display:block\"\r\n     data-ad-client=\"ca-pub-6203283170189293\"\r\n     data-ad-slot=\"4222328180\"\r\n     data-ad-format=\"auto\"\r\n     data-full-width-responsive=\"true\"><\/ins>\r\n<script>\r\n     (adsbygoogle = window.adsbygoogle || []).push({});\r\n<\/script><\/div><br style=\"clear: both; display: block; float: none;\"\/>","protected":false},"excerpt":{"rendered":"<p>\u2018\u0130van Haciydski\u2019 enstit\u00fcs\u00fcne g\u00f6re gergin bir se\u00e7im \u00f6n\u00fc m\u00fccadelesi var \u00f6n\u00fcm\u00fczde Bulgaristan\u2019da\u00a0 sonu belirsiz\u00a0 a\u011f\u0131r ve gergin se\u00e7im \u00f6n\u00fc m\u00fccadelesi\u00a0 bekleniyor. \u0130ki en b\u00fcy\u00fck parti\u00a0<\/p>\n","protected":false},"author":13,"featured_media":22119,"comment_status":"closed","ping_status":"closed","sticky":false,"template":"","format":"standard","meta":{"advanced_seo_description":"","jetpack_seo_html_title":"","jetpack_seo_noindex":false,"_jetpack_memberships_contains_paid_content":false,"footnotes":""},"categories":[5],"tags":[],"class_list":["post-22118","post","type-post","status-publish","format-standard","has-post-thumbnail","hentry","category-yasam"],"jetpack_featured_media_url":"https:\/\/i0.wp.com\/www.bghaber.org\/bghaber\/wp-content\/uploads\/2017\/02\/secm-bg.png?fit=610%2C343&ssl=1","jetpack_sharing_enabled":true,"jetpack_likes_enabled":true,"jetpack-related-posts":[],"jetpack_shortlink":"https:\/\/wp.me\/pc2PfJ-5KK","_links":{"self":[{"href":"https:\/\/www.bghaber.org\/bghaber\/wp-json\/wp\/v2\/posts\/22118","targetHints":{"allow":["GET"]}}],"collection":[{"href":"https:\/\/www.bghaber.org\/bghaber\/wp-json\/wp\/v2\/posts"}],"about":[{"href":"https:\/\/www.bghaber.org\/bghaber\/wp-json\/wp\/v2\/types\/post"}],"author":[{"embeddable":true,"href":"https:\/\/www.bghaber.org\/bghaber\/wp-json\/wp\/v2\/users\/13"}],"replies":[{"embeddable":true,"href":"https:\/\/www.bghaber.org\/bghaber\/wp-json\/wp\/v2\/comments?post=22118"}],"version-history":[{"count":0,"href":"https:\/\/www.bghaber.org\/bghaber\/wp-json\/wp\/v2\/posts\/22118\/revisions"}],"wp:featuredmedia":[{"embeddable":true,"href":"https:\/\/www.bghaber.org\/bghaber\/wp-json\/wp\/v2\/media\/22119"}],"wp:attachment":[{"href":"https:\/\/www.bghaber.org\/bghaber\/wp-json\/wp\/v2\/media?parent=22118"}],"wp:term":[{"taxonomy":"category","embeddable":true,"href":"https:\/\/www.bghaber.org\/bghaber\/wp-json\/wp\/v2\/categories?post=22118"},{"taxonomy":"post_tag","embeddable":true,"href":"https:\/\/www.bghaber.org\/bghaber\/wp-json\/wp\/v2\/tags?post=22118"}],"curies":[{"name":"wp","href":"https:\/\/api.w.org\/{rel}","templated":true}]}}