{"id":22113,"date":"2017-02-02T18:32:41","date_gmt":"2017-02-02T16:32:41","guid":{"rendered":"http:\/\/www.bghaber.org\/bghaber\/?p=22113"},"modified":"2017-02-02T18:32:41","modified_gmt":"2017-02-02T16:32:41","slug":"lagim-kanali-3","status":"publish","type":"post","link":"https:\/\/www.bghaber.org\/bghaber\/lagim-kanali-3\/","title":{"rendered":"La\u011f\u0131m Kanal\u0131 -3"},"content":{"rendered":"<p>Erta\u015f \u00c7AKIR<\/p>\n<p>Tarih: 30 Ocak 2017<\/p>\n<p><strong>Bize bak\u0131nca ne g\u00f6r\u00fcyorlar? <\/strong><\/p>\n<p><strong>Ambar s\u0131\u00e7an\u0131, s\u0131\u00e7an ence\u011fi, gemi faresi yoksa ba\u015fka bir \u015fey mi?<\/strong><\/p>\n<p><strong>\u00c7uval\u0131 Kemirip \u00d6zg\u00fcrl\u00fc\u011fe Kavu\u015fma Zaman\u0131<\/strong><\/p><div id=\"bghab-482782196\" class=\"bghab-icerik-icine bghab-entity-placement\"><script async src=\"\/\/pagead2.googlesyndication.com\/pagead\/js\/adsbygoogle.js?client=ca-pub-6203283170189293\" crossorigin=\"anonymous\"><\/script><ins class=\"adsbygoogle\" style=\"display:block; text-align:center;\" data-ad-client=\"ca-pub-6203283170189293\" \ndata-ad-slot=\"7303146466\" \ndata-ad-layout=\"in-article\"\ndata-ad-format=\"fluid\" data-full-width-responsive=\"true\"><\/ins>\n<script> \n(adsbygoogle = window.adsbygoogle || []).push({}); \n<\/script>\n<\/div>\n<p>Her y\u00f6neticinin bir y\u00f6netme usul\u00fc vard\u0131r. Bu yaz\u0131mda y\u00f6netici s\u00f6z\u00fcn\u00fc \u201c<strong>lider<\/strong>\u201d kavram\u0131 yerine, usul\u00fc de y\u00f6ntem (metot) olarak kullanmak istiyorum. Bulgarlar bile Ahmet Do\u011fan\u2019a \u201clider\u201d diye hitap ederken, siz \u201c<strong>lideri<\/strong>\u201d neden kullanmak istemiyorsunuz sorusunu soracaksan\u0131z, hemen cevap vereyim. Ben, Ahmet Do\u011fan\u2019\u0131 bir \u201clider\u201d olarak tan\u0131m\u0131yorum ve tan\u0131mak da istemiyorum, \u00e7\u00fcnk\u00fc liderler hay\u0131rl\u0131 i\u015f yapanlard\u0131r. \u015eahsen ben onun hi\u00e7bir hayra vesile i\u015fini g\u00f6rmedim, g\u00f6rebilece\u011fime de inanm\u0131yorum.<\/p>\n<p>Bir defa o, Bulgaristan M\u00fcsl\u00fcman T\u00fcrklerini aldatarak, yaland\u0131rarak, sahte \u201c<strong>hak ve \u00f6zg\u00fcrl\u00fckler<\/strong>\u201d tuza\u011f\u0131na d\u00fc\u015f\u00fcrm\u00fc\u015f ve halen orada her birimizi ayr\u0131 ayr\u0131 bo\u011farak yok etmeye \u00e7al\u0131\u015f\u0131yor. Hak ve \u00d6zg\u00fcrl\u00fcklerimiz i\u00e7in verdi\u011fimiz m\u00fccadele bizim aziz, kutsal, u\u011fruna ayakland\u0131\u011f\u0131m\u0131z ve can verdi\u011fimiz davam\u0131zd\u0131r ve o bu davam\u0131za ihanet etmi\u015ftir ve bu ihanetin ad\u0131 <strong>HA\u0130NL\u0130KT\u0130R<\/strong>. \u0130hanetin hainlikten ba\u015fka ad\u0131 yoktur ve tarih boyu ihanet edenlere halk mahkemelerinin hepsinde kalem k\u0131r\u0131lm\u0131\u015f ve karar infaz edilmi\u015ftir. Do\u011fan\u2019\u0131n g\u00fcnleri de say\u0131l\u0131d\u0131r.<\/p>\n<p>Ayn\u0131 konuyu i\u015fledi\u011fim \u00f6nceki 2 yaz\u0131mda, 27 y\u0131ldan beri devam eden DO\u011eANCI \u0130HANET S\u0130YASET\u0130N\u0130 analiz temeli olarak, hainin yak\u0131n arkada\u015flar\u0131ndan, Bulgaristan T\u00fcrklerini bir e\u015fek olarak g\u00f6ren, \u00f6mr\u00fcn\u00fcn \u00fc\u00e7te biri s\u0131rt\u0131m\u0131zda \u201c<strong>di\u011fi, di\u011fiii<\/strong>\u201d diyerek ve bizi nodullayarak ge\u00e7en eski Hak ve \u00d6zg\u00fcrl\u00fckler Hareketi Milletvekillerinden \u0130van Pal\u00e7ev\u2019in \u201c<strong>Kentav\u0131rlar Zaman\u0131<\/strong>\u201d eserini ald\u0131m. Anlatmaya \u00e7al\u0131\u015ft\u0131klar\u0131m\u0131n daha net kavranmas\u0131 i\u00e7in \u015funu \u00f6nceden yazmak zorunday\u0131m. 1990\u2019dan sonra, Ahmet Do\u011fan\u2019\u0131n yan\u0131na i\u015fe al\u0131nan, milletvekili se\u00e7ilen, Hak ve \u00d6zg\u00fcrl\u00fckler Partisi Merkez Konseyine \u00fcye al\u0131nan ki\u015filerken (Bulgar T\u00fcrk fark etmez) hepsi olaya Bulgar milliyet\u00e7ili\u011fi penceresinden bakan, burunlar\u0131 Bulgaristan T\u00fcrklerine ihanet edenlerin kokusu almayan, ijanet kokusunu kavrayamayan ta\u015f kafa ve ruhen yetersiz ki\u015filerdir. Bu yaz\u0131mda size bunu ispat etmeye, kan\u0131tlamaya \u00e7al\u0131\u015faca\u011f\u0131m.<\/p>\n<p>Fakat \u00f6nce, \u00a0Bulgar milli istihbarat\u0131 (gizli polis) \u201c<strong>DS<\/strong>\u201d,\u00a0 Bulgaristan\u2019da g\u00f6rev yapan Rus D\u0131\u015f \u00dclkelerde Casusluk Te\u015fkilat\u0131 \u201c<strong>KGB<\/strong>\u201d, Bulgaristan Kom\u00fcnist Partisi (<strong>BKP)<\/strong>, daha sonra ad\u0131n\u0131 de\u011fi\u015ftiren ve Bulgaristan Sosyalist Partisi (<strong>BSP<\/strong>) olanla da noktalanmayan. Ayr\u0131ca Bulgar totaliter, otoriter, \u00f6zellikle T\u00fcrk ve az\u0131nl\u0131klar d\u00fc\u015fman\u0131 olan,\u00a0 insan karde\u015fli\u011fini ayakalt\u0131na alan Jivkov\u2019un diktat\u00f6rl\u00fck rejiminin yetkili temsilcilerini aktif kat\u0131ld\u0131klar\u0131 ortak uyumlu \u00e7abalarla yeti\u015ftirilip kal\u0131planan A, Do\u011fan tipinin s\u0131n\u0131rs\u0131z yetkili y\u00f6netiminde edilen \u00f6zetle \u015fudur. Biz M\u00fcsl\u00fcman T\u00fcrklere kar\u015f\u0131 1990\u2019dan bu yana izlenen, hainlikle nitelenen siyaset \u00e7izgisinde elde edilen ba\u015far\u0131y\u0131 kitab\u0131n 336. sayfas\u0131nda psikoloji Profes\u00f6r\u00fc L\u00fcdmil Georgiev\u2019in kaleminden okuyoruz: O \u015funlar\u0131 yaz\u0131yor:<\/p>\n<p>\u201cSomut olarak, \u00fclkedeki T\u00fcrk etnik toplulu\u011fuyla ilgili olarak, \u201c<strong>demokrasi ve serbest Pazar ekonomisine<\/strong>\u201d ge\u00e7i\u015fle kar\u015f\u0131la\u015ft\u0131r\u0131ld\u0131\u011f\u0131nda, bug\u00fcnk\u00fc k\u0131staslarla de\u011ferlendirdi\u011fimizde \u201c<strong>Bulgarla\u015ft\u0131rma s\u00fcreci<\/strong>\u201d olduk\u00e7a yufka bir uygulama olarak ortaya \u00e7\u0131k\u0131yor. Biz bug\u00fcn Bulgaristan T\u00fcrkleri hakk\u0131nda elimizi kalbimize koyarak, haklar\u0131 ve \u00f6zg\u00fcrl\u00fckleri u\u011fruna isimlerini geri almak i\u00e7in, okullarda ana dillerinde e\u011fitim ve \u00f6\u011frenim almak i\u00e7in m\u00fccadeleye kalk\u0131\u015ft\u0131klar\u0131nda birbirine s\u0131ms\u0131k\u0131 ba\u011flanm\u0131\u015f,\u00a0 kenetlenmi\u015f hareket eden 26 y\u0131l \u00f6nceki T\u00fcrklerden \u00e7ok daha farkl\u0131 bir tablo g\u00f6r\u00fcyoruz. Bug\u00fcn bizim T\u00fcrklerimiz daha \u00f6nceki y\u0131llara k\u0131yasla her zamankinden daha fazla \u201c<strong>Bulgarla\u015fm\u0131\u015ft\u0131r<\/strong>.\u201d Nedenine gelince, Bulgarlar aras\u0131nda oldu\u011fu gibi onlar\u0131n aras\u0131nda, kolektif (ortak) hedeflerden vazge\u00e7ip bireysel pa\u00e7ay\u0131 kurtarma e\u011filimi a\u011f\u0131r basm\u0131\u015ft\u0131r. Bulgarlar\u0131n aras\u0131nda oldu\u011fu gibi T\u00fcrklerin de aras\u0131nda ortak ve uyumlu de\u011ferler \u015fark\u0131s\u0131n\u0131 \u00e7a\u011fda\u015f kapitalizm en kaba bir \u015fekilde ayaklar alt\u0131na alarak ezdi. Ba\u015fka bir de\u011fi\u015fle \u201c<strong>Bulgar halk\u0131 nas\u0131lsa, T\u00fcrkleri de \u00f6yledir, de\u011fimi yerle\u015fti<\/strong>.\u201d<\/p><div id=\"bghab-1561025250\" class=\"bghab-icerik-icine-10-paragraf bghab-entity-placement\"><script async src=\"\/\/pagead2.googlesyndication.com\/pagead\/js\/adsbygoogle.js?client=ca-pub-6203283170189293\" crossorigin=\"anonymous\"><\/script><ins class=\"adsbygoogle\" style=\"display:block; text-align:center;\" data-ad-client=\"ca-pub-6203283170189293\" \ndata-ad-slot=\"7303146466\" \ndata-ad-layout=\"in-article\"\ndata-ad-format=\"fluid\" data-full-width-responsive=\"true\"><\/ins>\n<script> \n(adsbygoogle = window.adsbygoogle || []).push({}); \n<\/script>\n<\/div>\n<p>Bu g\u00f6r\u00fc\u015fte kitab\u0131n yazar\u0131 olan \u0130van Pal\u00e7ev i\u015fle Prof L\u00fcdmil Georgiev birle\u015fiyor ve elde edilen b\u00fcy\u00fck ba\u015far\u0131 olarak, Bulgaristan\u2019da T\u00fcrklerin birlik ve beraberli\u011finin, T\u00fcrk kimli\u011fini belirleyen anadil, din, e\u011fitim vb konularda bizim par\u00e7alanarak da\u011f\u0131t\u0131labilmemizi kendi a\u00e7\u0131lar\u0131ndan en b\u00fcy\u00fck ba\u015far\u0131 olarak de\u011ferlendiriyorlar.<\/p>\n<p>Sosyoloji uzaman\u0131 L. Georgiev, T\u00fcrk ruhunu par\u00e7alayarak karde\u015flerimizin t\u00fcm t\u00fcm d\u00f6rt bir yan\u0131na da\u011f\u0131lmas\u0131na g\u00f6t\u00fcren ve bize \u201c<strong>Ay karanl\u0131k bulamad\u0131m yolumu, felek k\u0131rd\u0131 kanad\u0131m\u0131 kolumu. Garibim aman, ben dayanamam!<\/strong>\u201d t\u00fcrk\u00fcs\u00fcn\u00fc s\u00f6yleten \u00a0\u201c<strong>ba\u015far\u0131<\/strong>\u201d yolunda \u201c<strong>lider<\/strong>\u201d Ahmet Do\u011fan\u2019a k\u0131lavuz olan \u015fu T\u00fcrk halk f\u0131kras\u0131na yer veriyor:<\/p>\n<p>\u201c<strong>S\u0131rt\u0131na b\u00fcy\u00fck\u00e7e bir \u00e7uval alm\u0131\u015f bir adam, bir k\u00f6yden ge\u00e7iyormu\u015f. Y\u00fcz ad\u0131m gidince \u00e7uval\u0131 s\u0131rt\u0131ndan indirerek birka\u00e7 kere yere vurup yoluna devam ediyormu\u015f. Bunu g\u00f6ren yerli k\u00f6yl\u00fclerden biri yolcuya yakla\u015fm\u0131\u015f ve \u015fu yapt\u0131\u011f\u0131n\u0131n anlam\u0131 nedir diye sormu\u015f: \u00a0Yolcu \u201c\u00c7uvalda iri s\u0131\u00e7anlar var, ara s\u0131ra \u00e7uval\u0131 s\u0131rt\u0131mdan indirip yere atmazsam birbirlerinin s\u0131rt\u0131na basarak yukar\u0131 t\u0131rman\u0131yorlar. \u00c7uval\u0131 birka\u00e7 defa yere vurunca eski yerlerine d\u00f6n\u00fcyorlar<\/strong>.\u201d Cevab\u0131n\u0131 vermi\u015f.<\/p>\n<p>Bu uygulaman\u0131n halk dilimizdeki \u00f6zeti \u015fudur:\u00a0 \u201c<strong>Ba\u015f\u0131n\u0131 kald\u0131ran\u0131 ez, bitir<\/strong>!\u201d<\/p>\n<p>Sosyolog L. Georgiev son y\u0131llarda Hak ve \u00d6zg\u00fcrl\u00fckler Hareketi\u2019nde \u201ciri s\u0131\u00e7anlarla\u201d \u00e7ok ciddi m\u00fccadele verildi\u011fini, onlar\u0131 \u201c<strong>T\u00fcrk milliyet\u00e7ileri<\/strong>\u201d olarak karakterize derken \u015fu karde\u015flerimizin verdi\u011fi m\u00fccadeleyi anlatmadan ge\u00e7emiyor.<\/p><div id=\"bghab-3214871365\" class=\"bghab-icerik-icine-15-paragraf bghab-entity-placement\"><script async src=\"\/\/pagead2.googlesyndication.com\/pagead\/js\/adsbygoogle.js?client=ca-pub-6203283170189293\" crossorigin=\"anonymous\"><\/script><ins class=\"adsbygoogle\" style=\"display:block; text-align:center;\" data-ad-client=\"ca-pub-6203283170189293\" \ndata-ad-slot=\"7303146466\" \ndata-ad-layout=\"in-article\"\ndata-ad-format=\"fluid\" data-full-width-responsive=\"true\"><\/ins>\n<script> \n(adsbygoogle = window.adsbygoogle || []).push({}); \n<\/script>\n<\/div>\n<p>\u0130lk \u00e7arp\u0131\u015fma 27 \u015eubat 1991\u2019de Sofya \u201c<strong>Balgaria<\/strong>\u201d Oteli salonunda 7 saat s\u00fcrm\u00fc\u015ft\u00fcr. B\u00fcy\u00fck Millet Meclisi milletvekili Ya\u015far \u00c7aban Bulgaristan M\u00fcsl\u00fcman T\u00fcrkleri s\u0131\u00e7an gibi i\u00e7ine doldurulmak istendi\u011fi \u00e7uval\u0131n iplerini daha ilk anda kesmek i\u00e7in ilk isyan eden oldu. 36. mecliste milletvekili Mehmet Hocov, Ahmet Do\u011fan liderli\u011fine kar\u015f\u0131 isyan bayra\u011f\u0131 dalgaland\u0131rd\u0131. Bu halk\u0131m\u0131z\u0131n namusu olan bu bayrak son 27 y\u0131lda hi\u00e7 yere d\u00fc\u015fmedi, G\u00fcner Tahir\u2019den sonra, Osman Oktay, ard\u0131ndan Kas\u0131m Dal, Korman \u0130smailov ve sonunda L\u00fctfi Mestan \u00e7uval\u0131 kesip halk\u0131m\u0131z\u0131 kurtarmaya \u00e7al\u0131\u015ft\u0131. S\u0131\u00e7an \u00e7uval\u0131 siyasi edebiyata Bulgaristan T\u00fcrklerinin kaps\u00fclle\u015fmesi, \u201cBulgar Etnik Modeli\u201d ve ba\u015fka \u015fekillerde girdi ve her zaman ve her yerde T\u00fcrkleri Bulgar toplumuna entegre ederek asimile edip eritme ve yok etme stratejik g\u00f6revine hizmet etti. \u015eu d\u00f6nemde bu hainli\u011fin ana hedefi dilimizi unutturmak, belle\u011fimizden tarihimizi ve k\u00fclt\u00fcrel kimli\u011fimizi silmek veya s\u00f6k\u00fcp atmakt\u0131r ve hepimizi la\u011f\u0131m kuyusu \u00fczerine ba\u011flamakt\u0131r.<\/p>\n<p>Bu \u00e7irkef olaya biz de bir \u0130ngiliz masal\u0131yla \u0131\u015f\u0131k tutmak istiyoruz:<\/p>\n<p><strong>\u0130ngiltere\u2019nin kuru y\u00fck gemilerinde neden kendi yoktur bilir misiniz?<\/strong><\/p>\n<p>Anlatay\u0131m: \u0130ngiliz kuru y\u00fck gemilerinde \u015f\u00f6yle bir gelenek vard\u0131r. Tayfalar bilir. Ambarlara dolan ay\u00e7i\u00e7e\u011fi, m\u0131s\u0131r, bu\u011fday, arpa vb olabilir. Gemi demir al\u0131rken gemideki s\u0131\u00e7anlardan biri kuyru\u011fundan yakalan\u0131r ve bo\u015f bir zeytinya\u011f\u0131 tenekesine at\u0131l\u0131r. A\u00e7 susuz b\u0131rak\u0131l\u0131r. Esir s\u0131\u00e7an bir deri bir kemik k\u0131vrana dursun, \u00f6teki s\u0131\u00e7anlar ambarda bayram eder. Derken yeni do\u011fmu\u015f yavrular\u0131ndan biri de kuyru\u011fundan tutulup \u00f6l\u00fcmlerden \u00f6l\u00fcm se\u00e7en s\u0131\u00e7an\u0131n yan\u0131na at\u0131l\u0131r. \u00a0\u0130\u015fi hi\u00e7 uzatmadan yavruyu yiyip yutan tenekedeki s\u0131\u00e7an yedik\u00e7e de\u011firmen fareleri gibi irile\u015fir, g\u00fc\u00e7lenir ve ambara sal\u0131nd\u0131\u011f\u0131nda art\u0131k ac\u0131mas\u0131z ve amans\u0131z bir yamyamd\u0131r.<\/p>\n<p>Biz, Ahmet Do\u011fan\u2019\u0131n \u201c<strong>sarayda<\/strong>\u201d beslenmesine bu anlam\u0131 veriyoruz. Hakk\u0131nda yaz\u0131lan kitaplar saman duman\u0131d\u0131r. Ama\u00e7lar\u0131nda hepimizin T\u00fcrk \u201clideri\u201d olarak yeti\u015ftirilen bir yamyama yem edilmesi var. Zamanlar de\u011fi\u015fti \u201c<strong>yeni bir Bulgarla\u015ft\u0131rma s\u00fcreci yapamazlar<\/strong>\u201d fakat bizi kendilerinin yeti\u015ftirdikleri bir yamyam eliyle yok edebilirler, vatan\u0131m\u0131z\u0131 terk etmeye zorlanabiliriz, a\u00e7l\u0131k tehlikesi, T\u00fcrk ve M\u00fcsl\u00fcman d\u00fc\u015fmanl\u0131\u011f\u0131 daha da \u015fiddetlenirse, 3 milyon karde\u015fimizin gurbet\u00e7i oldu\u011fu gibi biz de bavul s\u0131kmaya zorlanabiliriz. Onun i\u00e7in zaman, Ahmet Do\u011fan\u2019\u0131n s\u0131rt\u0131ndaki i\u00e7i s\u0131\u00e7an dolu \u00e7uval\u0131 kemirmek ve h\u00fcrriyete kavu\u015fmakt\u0131r. Do\u011fan ve ekibine bu se\u00e7imlerde oy yok. Verilen her oyun anlam\u0131 s\u0131\u00e7anlara yem atmak, d\u00fc\u015fman\u0131m\u0131z\u0131 beslemek olur.<\/p><div id=\"bghab-2979208846\" class=\"bghab-icerik-icine-20-paragraf bghab-entity-placement\"><script async src=\"\/\/pagead2.googlesyndication.com\/pagead\/js\/adsbygoogle.js?client=ca-pub-6203283170189293\" crossorigin=\"anonymous\"><\/script><ins class=\"adsbygoogle\" style=\"display:block; text-align:center;\" data-ad-client=\"ca-pub-6203283170189293\" \ndata-ad-slot=\"7303146466\" \ndata-ad-layout=\"in-article\"\ndata-ad-format=\"fluid\" data-full-width-responsive=\"true\"><\/ins>\n<script> \n(adsbygoogle = window.adsbygoogle || []).push({}); \n<\/script>\n<\/div>\n<p>Devam\u0131nda:\u00a0 <strong>La\u011f\u0131m kanal\u0131 &#8211; 4<\/strong><\/p>\n<p>.<\/p>\n<div id=\"bghab-2307760542\" class=\"bghab-yazi-altinda bghab-entity-placement\"><div class=\"bghab-adlabel\">Reklamlar<\/div><script async src=\"https:\/\/pagead2.googlesyndication.com\/pagead\/js\/adsbygoogle.js\"><\/script>\r\n<!-- bghaber-yaz\u0131-sonu -->\r\n<ins class=\"adsbygoogle\"\r\n     style=\"display:block\"\r\n     data-ad-client=\"ca-pub-6203283170189293\"\r\n     data-ad-slot=\"4222328180\"\r\n     data-ad-format=\"auto\"\r\n     data-full-width-responsive=\"true\"><\/ins>\r\n<script>\r\n     (adsbygoogle = window.adsbygoogle || []).push({});\r\n<\/script><\/div><br style=\"clear: both; display: block; float: none;\"\/>","protected":false},"excerpt":{"rendered":"<p>Erta\u015f \u00c7AKIR Tarih: 30 Ocak 2017 Bize bak\u0131nca ne g\u00f6r\u00fcyorlar? Ambar s\u0131\u00e7an\u0131, s\u0131\u00e7an ence\u011fi, gemi faresi yoksa ba\u015fka bir \u015fey mi? \u00c7uval\u0131 Kemirip \u00d6zg\u00fcrl\u00fc\u011fe Kavu\u015fma<\/p>\n","protected":false},"author":13,"featured_media":21685,"comment_status":"closed","ping_status":"closed","sticky":false,"template":"","format":"standard","meta":{"advanced_seo_description":"","jetpack_seo_html_title":"","jetpack_seo_noindex":false,"_jetpack_memberships_contains_paid_content":false,"footnotes":""},"categories":[6],"tags":[],"class_list":["post-22113","post","type-post","status-publish","format-standard","has-post-thumbnail","hentry","category-yorum"],"jetpack_featured_media_url":"https:\/\/i0.wp.com\/www.bghaber.org\/bghaber\/wp-content\/uploads\/2016\/12\/ertas-cakr.jpg?fit=126%2C152&ssl=1","jetpack_sharing_enabled":true,"jetpack_likes_enabled":true,"jetpack-related-posts":[],"jetpack_shortlink":"https:\/\/wp.me\/pc2PfJ-5KF","_links":{"self":[{"href":"https:\/\/www.bghaber.org\/bghaber\/wp-json\/wp\/v2\/posts\/22113","targetHints":{"allow":["GET"]}}],"collection":[{"href":"https:\/\/www.bghaber.org\/bghaber\/wp-json\/wp\/v2\/posts"}],"about":[{"href":"https:\/\/www.bghaber.org\/bghaber\/wp-json\/wp\/v2\/types\/post"}],"author":[{"embeddable":true,"href":"https:\/\/www.bghaber.org\/bghaber\/wp-json\/wp\/v2\/users\/13"}],"replies":[{"embeddable":true,"href":"https:\/\/www.bghaber.org\/bghaber\/wp-json\/wp\/v2\/comments?post=22113"}],"version-history":[{"count":0,"href":"https:\/\/www.bghaber.org\/bghaber\/wp-json\/wp\/v2\/posts\/22113\/revisions"}],"wp:featuredmedia":[{"embeddable":true,"href":"https:\/\/www.bghaber.org\/bghaber\/wp-json\/wp\/v2\/media\/21685"}],"wp:attachment":[{"href":"https:\/\/www.bghaber.org\/bghaber\/wp-json\/wp\/v2\/media?parent=22113"}],"wp:term":[{"taxonomy":"category","embeddable":true,"href":"https:\/\/www.bghaber.org\/bghaber\/wp-json\/wp\/v2\/categories?post=22113"},{"taxonomy":"post_tag","embeddable":true,"href":"https:\/\/www.bghaber.org\/bghaber\/wp-json\/wp\/v2\/tags?post=22113"}],"curies":[{"name":"wp","href":"https:\/\/api.w.org\/{rel}","templated":true}]}}