{"id":22110,"date":"2017-02-02T18:28:10","date_gmt":"2017-02-02T16:28:10","guid":{"rendered":"http:\/\/www.bghaber.org\/bghaber\/?p=22110"},"modified":"2017-02-02T18:28:10","modified_gmt":"2017-02-02T16:28:10","slug":"rus-etkisinin-guclenmesini-yakindan-izliyoruz","status":"publish","type":"post","link":"https:\/\/www.bghaber.org\/bghaber\/rus-etkisinin-guclenmesini-yakindan-izliyoruz\/","title":{"rendered":"Rus etkisinin g\u00fc\u00e7lenmesini yak\u0131ndan izliyoruz"},"content":{"rendered":"<p><strong>NATO: Balkanlarda Rus etkisinin g\u00fc\u00e7lenmesini yak\u0131ndan izliyoruz<\/strong><\/p>\n<p><strong><em><img data-recalc-dims=\"1\" decoding=\"async\" src=\"https:\/\/i0.wp.com\/www.bghaber.org\/bghaber\/wp-content\/uploads\/2017\/02\/bulgar-anma-5.jpg?w=640\" \/><\/em><\/strong><\/p>\n<p><strong><em>NATO Genel Sekreteri Yens Stoltenberg.<\/em><\/strong><\/p>\n<p><strong><em>\u00a0<\/em><\/strong><\/p>\n<p>Kuzey Atlantik Pakt\u0131 Genel Sekreteri Stoltenberg \u201cPartnerimiz olan G\u00fcney Do\u011fu Avrupa devletlerinin istihbarat dairelileriyle birlikte Moskova\u2019n\u0131n Balkanlardaki etkinliklerini yak\u0131ndan izliyoruz\u201d, dedi.<\/p>\n<p>Balkan devletlerinde ziyarette bulunan Genel Sekreter Stoltenberg, Saraevo\u2019da Bosna ve Herzeg lideriyle g\u00f6r\u00fc\u015ft\u00fc.<\/p>\n<p>NATO Genel Sekreteri: Kara Da\u011f olaylar\u0131n\u0131 da yak\u0131ndan izlediklerini s\u00f6yledi.<\/p><div id=\"bghab-2570734970\" class=\"bghab-icerik-icine bghab-entity-placement\"><script async src=\"\/\/pagead2.googlesyndication.com\/pagead\/js\/adsbygoogle.js?client=ca-pub-6203283170189293\" crossorigin=\"anonymous\"><\/script><ins class=\"adsbygoogle\" style=\"display:block; text-align:center;\" data-ad-client=\"ca-pub-6203283170189293\" \ndata-ad-slot=\"7303146466\" \ndata-ad-layout=\"in-article\"\ndata-ad-format=\"fluid\" data-full-width-responsive=\"true\"><\/ins>\n<script> \n(adsbygoogle = window.adsbygoogle || []).push({}); \n<\/script>\n<\/div>\n<p>2016 sonunda Podgoritsa\u2019da\u00a0 2 Rusya vatanda\u015f\u0131 ve 18 S\u0131rp hakk\u0131nda, darbe haz\u0131rlama gerek\u00e7esiyle sorgulama ba\u015flad\u0131.<\/p>\n<div id=\"bghab-158116927\" class=\"bghab-yazi-altinda bghab-entity-placement\"><div class=\"bghab-adlabel\">Reklamlar<\/div><script async src=\"https:\/\/pagead2.googlesyndication.com\/pagead\/js\/adsbygoogle.js\"><\/script>\r\n<!-- bghaber-yaz\u0131-sonu -->\r\n<ins class=\"adsbygoogle\"\r\n     style=\"display:block\"\r\n     data-ad-client=\"ca-pub-6203283170189293\"\r\n     data-ad-slot=\"4222328180\"\r\n     data-ad-format=\"auto\"\r\n     data-full-width-responsive=\"true\"><\/ins>\r\n<script>\r\n     (adsbygoogle = window.adsbygoogle || []).push({});\r\n<\/script><\/div><br style=\"clear: both; display: block; float: none;\"\/>","protected":false},"excerpt":{"rendered":"<p>NATO: Balkanlarda Rus etkisinin g\u00fc\u00e7lenmesini yak\u0131ndan izliyoruz NATO Genel Sekreteri Yens Stoltenberg. \u00a0 Kuzey Atlantik Pakt\u0131 Genel Sekreteri Stoltenberg \u201cPartnerimiz olan G\u00fcney Do\u011fu Avrupa devletlerinin<\/p>\n","protected":false},"author":13,"featured_media":22111,"comment_status":"closed","ping_status":"closed","sticky":false,"template":"","format":"standard","meta":{"advanced_seo_description":"","jetpack_seo_html_title":"","jetpack_seo_noindex":false,"_jetpack_memberships_contains_paid_content":false,"footnotes":""},"categories":[5],"tags":[],"class_list":["post-22110","post","type-post","status-publish","format-standard","has-post-thumbnail","hentry","category-yasam"],"jetpack_featured_media_url":"https:\/\/i0.wp.com\/www.bghaber.org\/bghaber\/wp-content\/uploads\/2017\/02\/bulgar-anma-5.jpg?fit=708%2C394&ssl=1","jetpack_sharing_enabled":true,"jetpack_likes_enabled":true,"jetpack-related-posts":[],"jetpack_shortlink":"https:\/\/wp.me\/pc2PfJ-5KC","_links":{"self":[{"href":"https:\/\/www.bghaber.org\/bghaber\/wp-json\/wp\/v2\/posts\/22110","targetHints":{"allow":["GET"]}}],"collection":[{"href":"https:\/\/www.bghaber.org\/bghaber\/wp-json\/wp\/v2\/posts"}],"about":[{"href":"https:\/\/www.bghaber.org\/bghaber\/wp-json\/wp\/v2\/types\/post"}],"author":[{"embeddable":true,"href":"https:\/\/www.bghaber.org\/bghaber\/wp-json\/wp\/v2\/users\/13"}],"replies":[{"embeddable":true,"href":"https:\/\/www.bghaber.org\/bghaber\/wp-json\/wp\/v2\/comments?post=22110"}],"version-history":[{"count":0,"href":"https:\/\/www.bghaber.org\/bghaber\/wp-json\/wp\/v2\/posts\/22110\/revisions"}],"wp:featuredmedia":[{"embeddable":true,"href":"https:\/\/www.bghaber.org\/bghaber\/wp-json\/wp\/v2\/media\/22111"}],"wp:attachment":[{"href":"https:\/\/www.bghaber.org\/bghaber\/wp-json\/wp\/v2\/media?parent=22110"}],"wp:term":[{"taxonomy":"category","embeddable":true,"href":"https:\/\/www.bghaber.org\/bghaber\/wp-json\/wp\/v2\/categories?post=22110"},{"taxonomy":"post_tag","embeddable":true,"href":"https:\/\/www.bghaber.org\/bghaber\/wp-json\/wp\/v2\/tags?post=22110"}],"curies":[{"name":"wp","href":"https:\/\/api.w.org\/{rel}","templated":true}]}}