{"id":22107,"date":"2017-02-02T18:25:59","date_gmt":"2017-02-02T16:25:59","guid":{"rendered":"http:\/\/www.bghaber.org\/bghaber\/?p=22107"},"modified":"2017-02-02T18:25:59","modified_gmt":"2017-02-02T16:25:59","slug":"solda-ilk-gruplasiyorlar","status":"publish","type":"post","link":"https:\/\/www.bghaber.org\/bghaber\/solda-ilk-gruplasiyorlar\/","title":{"rendered":"Solda ilk grupla\u015f\u0131yorlar"},"content":{"rendered":"<p><strong>ABV ile 21. Y\u00fczy\u0131l partisi se\u00e7ime birlikte kat\u0131lacak.<\/strong><\/p>\n<p><img data-recalc-dims=\"1\" decoding=\"async\" src=\"https:\/\/i0.wp.com\/www.bghaber.org\/bghaber\/wp-content\/uploads\/2017\/02\/bulgar-anma-4.jpg?w=640\" \/><\/p>\n<p><em>ABV Partisi Yeni ba\u015fkan\u0131 Konstantin Prodanov ile \u201c21. Y\u00fczy\u0131l\u201d Partisi\u00a0 Ba\u015fkan\u0131\u201d Tatyana Don\u00e7eva.<\/em><\/p>\n<p>\u0130kisi de son y\u0131llarda Bulgaristan Sosyalist Partisi\u2019nden (BSP) kopan Bulgaristan\u2019\u0131n Yeniden Do\u011fu\u015fu i\u00e7in Alternativ Partisi (ABV) ile \u201c21. Y\u00fczy\u0131l\u201d Partisi26 Mart 2016\u2019da yap\u0131lacak se\u00e7imlere birlikte girecek. Koalisyon anla\u015fmas\u0131 imzalad\u0131lar.<\/p>\n<p>\u201cABV\u201d ad\u0131na anla\u015fma imzalayan, Genel Ba\u015fkan Georgi Parvanov ve\u00a0 Ba\u015fkan Yard\u0131mc\u0131lar\u0131 Kalfin ve Petrov\u2019un toplu istifas\u0131ndan sonra ba\u015fa ge\u00e7en Konstantin Prodanov oldu. Bu anla\u015fmaya g\u00f6t\u00fcren yol, Tatyana Don\u00e7eva\u2019n\u0131n en b\u00fcy\u00fck has\u0131mlar\u0131ndan biri olan, eski \u0130\u00e7 \u0130\u015fleri Bakan\u0131 Rumen Petrov\u2019un ABV\u2019den \u00e7ekilmesiyle m\u00fcmk\u00fcn oldu.<\/p>\n<p>\u0130ki parti orta solda se\u00e7im program\u0131 ve ortak eylemde bulu\u015ftu ve erken se\u00e7im kayd\u0131n\u0131 birlikte yapacak.<\/p><div id=\"bghab-869807302\" class=\"bghab-icerik-icine bghab-entity-placement\"><script async src=\"\/\/pagead2.googlesyndication.com\/pagead\/js\/adsbygoogle.js?client=ca-pub-6203283170189293\" crossorigin=\"anonymous\"><\/script><ins class=\"adsbygoogle\" style=\"display:block; text-align:center;\" data-ad-client=\"ca-pub-6203283170189293\" \ndata-ad-slot=\"7303146466\" \ndata-ad-layout=\"in-article\"\ndata-ad-format=\"fluid\" data-full-width-responsive=\"true\"><\/ins>\n<script> \n(adsbygoogle = window.adsbygoogle || []).push({}); \n<\/script>\n<\/div>\n<p>\u00d6te yandan, 2 \u015eubat 2017\u2019de Sofya\u2019da erken se\u00e7im kay\u0131tlar\u0131 ba\u015flad\u0131. Bulgaristan\u2019\u0131n Avrupal\u0131 Geli\u015fimi i\u00e7in Vatanda\u015flar\u0131 Partisi (GERB) Y\u00fcksek Se\u00e7im Kurulunda Kayd\u0131n\u0131 yapt\u0131ran ilk siyasi parti oldu.<\/p>\n<div id=\"bghab-3160470006\" class=\"bghab-yazi-altinda bghab-entity-placement\"><div class=\"bghab-adlabel\">Reklamlar<\/div><script async src=\"https:\/\/pagead2.googlesyndication.com\/pagead\/js\/adsbygoogle.js\"><\/script>\r\n<!-- bghaber-yaz\u0131-sonu -->\r\n<ins class=\"adsbygoogle\"\r\n     style=\"display:block\"\r\n     data-ad-client=\"ca-pub-6203283170189293\"\r\n     data-ad-slot=\"4222328180\"\r\n     data-ad-format=\"auto\"\r\n     data-full-width-responsive=\"true\"><\/ins>\r\n<script>\r\n     (adsbygoogle = window.adsbygoogle || []).push({});\r\n<\/script><\/div><br style=\"clear: both; display: block; float: none;\"\/>","protected":false},"excerpt":{"rendered":"<p>ABV ile 21. Y\u00fczy\u0131l partisi se\u00e7ime birlikte kat\u0131lacak. ABV Partisi Yeni ba\u015fkan\u0131 Konstantin Prodanov ile \u201c21. Y\u00fczy\u0131l\u201d Partisi\u00a0 Ba\u015fkan\u0131\u201d Tatyana Don\u00e7eva. \u0130kisi de son y\u0131llarda<\/p>\n","protected":false},"author":13,"featured_media":22108,"comment_status":"closed","ping_status":"closed","sticky":false,"template":"","format":"standard","meta":{"advanced_seo_description":"","jetpack_seo_html_title":"","jetpack_seo_noindex":false,"_jetpack_memberships_contains_paid_content":false,"footnotes":""},"categories":[4],"tags":[],"class_list":["post-22107","post","type-post","status-publish","format-standard","has-post-thumbnail","hentry","category-siyaset"],"jetpack_featured_media_url":"https:\/\/i0.wp.com\/www.bghaber.org\/bghaber\/wp-content\/uploads\/2017\/02\/bulgar-anma-4.jpg?fit=656%2C410&ssl=1","jetpack_sharing_enabled":true,"jetpack_likes_enabled":true,"jetpack-related-posts":[],"jetpack_shortlink":"https:\/\/wp.me\/pc2PfJ-5Kz","_links":{"self":[{"href":"https:\/\/www.bghaber.org\/bghaber\/wp-json\/wp\/v2\/posts\/22107","targetHints":{"allow":["GET"]}}],"collection":[{"href":"https:\/\/www.bghaber.org\/bghaber\/wp-json\/wp\/v2\/posts"}],"about":[{"href":"https:\/\/www.bghaber.org\/bghaber\/wp-json\/wp\/v2\/types\/post"}],"author":[{"embeddable":true,"href":"https:\/\/www.bghaber.org\/bghaber\/wp-json\/wp\/v2\/users\/13"}],"replies":[{"embeddable":true,"href":"https:\/\/www.bghaber.org\/bghaber\/wp-json\/wp\/v2\/comments?post=22107"}],"version-history":[{"count":0,"href":"https:\/\/www.bghaber.org\/bghaber\/wp-json\/wp\/v2\/posts\/22107\/revisions"}],"wp:featuredmedia":[{"embeddable":true,"href":"https:\/\/www.bghaber.org\/bghaber\/wp-json\/wp\/v2\/media\/22108"}],"wp:attachment":[{"href":"https:\/\/www.bghaber.org\/bghaber\/wp-json\/wp\/v2\/media?parent=22107"}],"wp:term":[{"taxonomy":"category","embeddable":true,"href":"https:\/\/www.bghaber.org\/bghaber\/wp-json\/wp\/v2\/categories?post=22107"},{"taxonomy":"post_tag","embeddable":true,"href":"https:\/\/www.bghaber.org\/bghaber\/wp-json\/wp\/v2\/tags?post=22107"}],"curies":[{"name":"wp","href":"https:\/\/api.w.org\/{rel}","templated":true}]}}