{"id":22101,"date":"2017-02-02T18:23:52","date_gmt":"2017-02-02T16:23:52","guid":{"rendered":"http:\/\/www.bghaber.org\/bghaber\/?p=22101"},"modified":"2017-02-02T18:23:52","modified_gmt":"2017-02-02T16:23:52","slug":"bulgaristan-komunizm-kurbanlarini-andi","status":"publish","type":"post","link":"https:\/\/www.bghaber.org\/bghaber\/bulgaristan-komunizm-kurbanlarini-andi\/","title":{"rendered":"Bulgaristan Kom\u00fcnizm Kurbanlar\u0131n\u0131 And\u0131"},"content":{"rendered":"<p><strong>Sofya\u2019da Milli K\u00fclt\u00fcr Evi park\u0131ndaki an\u0131t levha \u00f6n\u00fcnde t\u00f6ren d\u00fczenlendi.<\/strong><\/p>\n<p><img data-recalc-dims=\"1\" decoding=\"async\" src=\"https:\/\/i0.wp.com\/www.bghaber.org\/bghaber\/wp-content\/uploads\/2017\/02\/bulgar-anma.jpg?w=640\" \/><\/p>\n<p>1 \u015eubat 2017 bir gen\u00e7 an\u0131t kabristanl\u0131\u011f\u0131na \u00e7elenk koyuyor.<\/p>\n<p>11 y\u0131ldan beri 1945\u2019te \u201cHalk Mahkemesi\u201dnin siyasi karar\u0131yla kur\u015funa dizilen<\/p>\n<p>Kom\u00fcnizm kurbanlar\u0131 resmen an\u0131l\u0131yor.<\/p>\n<p><img data-recalc-dims=\"1\" decoding=\"async\" src=\"https:\/\/i0.wp.com\/www.bghaber.org\/bghaber\/wp-content\/uploads\/2017\/02\/bulgar-anma-1.jpg?w=640\" \/><\/p>\n<p>Ya\u015fl\u0131 bir kad\u0131n kom\u00fcnizm kurbanlar\u0131n\u0131n isimlerinin yaz\u0131l\u0131 oldu\u011fu mermer levhada<\/p><div id=\"bghab-4227075909\" class=\"bghab-icerik-icine bghab-entity-placement\"><script async src=\"\/\/pagead2.googlesyndication.com\/pagead\/js\/adsbygoogle.js?client=ca-pub-6203283170189293\" crossorigin=\"anonymous\"><\/script><ins class=\"adsbygoogle\" style=\"display:block; text-align:center;\" data-ad-client=\"ca-pub-6203283170189293\" \ndata-ad-slot=\"7303146466\" \ndata-ad-layout=\"in-article\"\ndata-ad-format=\"fluid\" data-full-width-responsive=\"true\"><\/ins>\n<script> \n(adsbygoogle = window.adsbygoogle || []).push({}); \n<\/script>\n<\/div>\n<p>yak\u0131nlar\u0131n\u0131n adlar\u0131n\u0131 okuyor.<\/p>\n<p><img data-recalc-dims=\"1\" decoding=\"async\" src=\"https:\/\/i0.wp.com\/www.bghaber.org\/bghaber\/wp-content\/uploads\/2017\/02\/bulgar-anma-2.jpg?w=640\" \/><\/p>\n<p>Bir erkek kom\u00fcnizm ter\u00f6rine kurban olmu\u015f yak\u0131nlar\u0131n\u0131n ismini an\u0131t levhada arkada\u015f\u0131na g\u00f6steriyor.<\/p>\n<p>BKP ter\u00f6r\u00fcne kurban olan yak\u0131nlar\u0131n\u0131n isimlerini an\u0131t duvarda arayan bir gen\u00e7.<\/p>\n<p>Totaliter rejim kurbanlar\u0131n\u0131 anmak i\u00e7in toplananlar dini t\u00f6rene ba\u015flamazdan \u00f6nce.<\/p>\n<p><img data-recalc-dims=\"1\" decoding=\"async\" src=\"https:\/\/i0.wp.com\/www.bghaber.org\/bghaber\/wp-content\/uploads\/2017\/02\/bulgar-anma-3.jpg?w=640\" \/><\/p>\n<p>An\u0131t \u00f6n\u00fcnde mum yakanlardan bir sahne.<\/p><div id=\"bghab-2851974259\" class=\"bghab-icerik-icine-10-paragraf bghab-entity-placement\"><script async src=\"\/\/pagead2.googlesyndication.com\/pagead\/js\/adsbygoogle.js?client=ca-pub-6203283170189293\" crossorigin=\"anonymous\"><\/script><ins class=\"adsbygoogle\" style=\"display:block; text-align:center;\" data-ad-client=\"ca-pub-6203283170189293\" \ndata-ad-slot=\"7303146466\" \ndata-ad-layout=\"in-article\"\ndata-ad-format=\"fluid\" data-full-width-responsive=\"true\"><\/ins>\n<script> \n(adsbygoogle = window.adsbygoogle || []).push({}); \n<\/script>\n<\/div>\n<p>Eski Sofya Belediye Ba\u015fkan\u0131 ve\u00a0 ba\u015fbakan Stefan Sofiyanski bu sene politik anma t\u00f6reninde kalabal\u0131k aras\u0131nda.<\/p>\n<p>Kom\u00fcnist rejim taraf\u0131ndan 1953\u2019te\u00a0 kur\u015funa dizilenler yak\u0131nlar\u0131 bir arada.<\/p>\n<p>Kom\u00fcnizm kurbanlar\u0131n\u0131n yak\u0131nlar\u0131 dini ain esnas\u0131nda.<\/p>\n<p>Bu y\u0131lki anma t\u00f6renine Cumhurba\u015fkan\u0131 aday\u0131 Tray\u00e7o Traykov, 43.Halk Meclisi\u2019nde demokratikle\u015fme<\/p>\n<p>y\u00f6n\u00fcnde en fazla m\u00fccadele veren Reformcu Blok milletvekilleri ile birlikte.<\/p><div id=\"bghab-850657291\" class=\"bghab-icerik-icine-15-paragraf bghab-entity-placement\"><script async src=\"\/\/pagead2.googlesyndication.com\/pagead\/js\/adsbygoogle.js?client=ca-pub-6203283170189293\" crossorigin=\"anonymous\"><\/script><ins class=\"adsbygoogle\" style=\"display:block; text-align:center;\" data-ad-client=\"ca-pub-6203283170189293\" \ndata-ad-slot=\"7303146466\" \ndata-ad-layout=\"in-article\"\ndata-ad-format=\"fluid\" data-full-width-responsive=\"true\"><\/ins>\n<script> \n(adsbygoogle = window.adsbygoogle || []).push({}); \n<\/script>\n<\/div>\n<p>Anma t\u00f6renine kat\u0131lanlar aras\u0131nda resmin arka plan\u0131nda bulunan, 1968\u2019de \u201cH\u00fcr Avrupa\u201d radyosu bildirilerini<\/p>\n<p>Bulgaristan\u2019da da\u011f\u0131tan siyasi mahk\u00fbm Alfred Foskolo ile yan\u0131ndaki g\u00f6zl\u00fckl\u00fc Bulgaristan\u2019\u0131n eski Moskova B\u00fcy\u00fck El\u00e7isi\u00a0ve siyasi yorumcu \u0130lyan Vasilev kom\u00fcnizm kurbanlar\u0131n\u0131 anma t\u00f6renine ilk kez kat\u0131l\u0131yorlar.<\/p>\n<p>GERB partisinden 43. Halk Meclisi milletvekili Metodi Andreev ile<\/p>\n<p>Reformcu Blok partisinden Pet\u0131r Slavov partileri ad\u0131na \u00e7elenk koyuyor.<\/p>\n<ol start=\"43\">\n<li>Halk Meclisi Ba\u015fkan\u0131 Tsetska Tsa\u00e7eva ve meclis ba\u015fkan yard\u0131mc\u0131s\u0131 Dimit\u0131r Glav\u00e7ev bir grup<\/li>\n<\/ol>\n<p>Milletvekili ile brlikte meclis ad\u0131na \u00e7elenk koyarken.<\/p><div id=\"bghab-3793661028\" class=\"bghab-icerik-icine-20-paragraf bghab-entity-placement\"><script async src=\"\/\/pagead2.googlesyndication.com\/pagead\/js\/adsbygoogle.js?client=ca-pub-6203283170189293\" crossorigin=\"anonymous\"><\/script><ins class=\"adsbygoogle\" style=\"display:block; text-align:center;\" data-ad-client=\"ca-pub-6203283170189293\" \ndata-ad-slot=\"7303146466\" \ndata-ad-layout=\"in-article\"\ndata-ad-format=\"fluid\" data-full-width-responsive=\"true\"><\/ins>\n<script> \n(adsbygoogle = window.adsbygoogle || []).push({}); \n<\/script>\n<\/div>\n<p>G\u00fc\u00e7l\u00fc Bulgaristan Partisi ve yeni kurulan Yeni Cumhuriyet partisi ad\u0131na \u00e7elenk koyan<\/p>\n<p>Profes\u00f6r Lili Lilkov.<\/p>\n<p>Avrupa Birli\u011fi milletvekilleri ad\u0131na \u00e7elengi GERB partisinden ve Avrupa Birle\u015fik Halk Partileri ad\u0131na<\/p>\n<p>Milletvekillerinden Eva Meidel, Emil Radev, Andrey Kova\u00e7ev, Andrey Novakov ve Gabriel Vladimirov getirdiler.<\/p>\n<p>&nbsp;<\/p><div id=\"bghab-3989315565\" class=\"bghab-icerik-icine-25-paragraf bghab-entity-placement\"><script async src=\"\/\/pagead2.googlesyndication.com\/pagead\/js\/adsbygoogle.js?client=ca-pub-6203283170189293\" crossorigin=\"anonymous\"><\/script><ins class=\"adsbygoogle\" style=\"display:block; text-align:center;\" data-ad-client=\"ca-pub-6203283170189293\" \ndata-ad-slot=\"7303146466\" \ndata-ad-layout=\"in-article\"\ndata-ad-format=\"fluid\" data-full-width-responsive=\"true\"><\/ins>\n<script> \n(adsbygoogle = window.adsbygoogle || []).push({}); \n<\/script>\n<\/div>\n<div id=\"bghab-2874421605\" class=\"bghab-yazi-altinda bghab-entity-placement\"><div class=\"bghab-adlabel\">Reklamlar<\/div><script async src=\"https:\/\/pagead2.googlesyndication.com\/pagead\/js\/adsbygoogle.js\"><\/script>\r\n<!-- bghaber-yaz\u0131-sonu -->\r\n<ins class=\"adsbygoogle\"\r\n     style=\"display:block\"\r\n     data-ad-client=\"ca-pub-6203283170189293\"\r\n     data-ad-slot=\"4222328180\"\r\n     data-ad-format=\"auto\"\r\n     data-full-width-responsive=\"true\"><\/ins>\r\n<script>\r\n     (adsbygoogle = window.adsbygoogle || []).push({});\r\n<\/script><\/div><br style=\"clear: both; display: block; float: none;\"\/>","protected":false},"excerpt":{"rendered":"<p>Sofya\u2019da Milli K\u00fclt\u00fcr Evi park\u0131ndaki an\u0131t levha \u00f6n\u00fcnde t\u00f6ren d\u00fczenlendi. 1 \u015eubat 2017 bir gen\u00e7 an\u0131t kabristanl\u0131\u011f\u0131na \u00e7elenk koyuyor. 11 y\u0131ldan beri 1945\u2019te \u201cHalk Mahkemesi\u201dnin<\/p>\n","protected":false},"author":13,"featured_media":22105,"comment_status":"closed","ping_status":"closed","sticky":false,"template":"","format":"standard","meta":{"advanced_seo_description":"","jetpack_seo_html_title":"","jetpack_seo_noindex":false,"_jetpack_memberships_contains_paid_content":false,"footnotes":""},"categories":[4],"tags":[],"class_list":["post-22101","post","type-post","status-publish","format-standard","has-post-thumbnail","hentry","category-siyaset"],"jetpack_featured_media_url":"https:\/\/i0.wp.com\/www.bghaber.org\/bghaber\/wp-content\/uploads\/2017\/02\/bulgar-anma-3.jpg?fit=584%2C396&ssl=1","jetpack_sharing_enabled":true,"jetpack_likes_enabled":true,"jetpack-related-posts":[],"jetpack_shortlink":"https:\/\/wp.me\/pc2PfJ-5Kt","_links":{"self":[{"href":"https:\/\/www.bghaber.org\/bghaber\/wp-json\/wp\/v2\/posts\/22101","targetHints":{"allow":["GET"]}}],"collection":[{"href":"https:\/\/www.bghaber.org\/bghaber\/wp-json\/wp\/v2\/posts"}],"about":[{"href":"https:\/\/www.bghaber.org\/bghaber\/wp-json\/wp\/v2\/types\/post"}],"author":[{"embeddable":true,"href":"https:\/\/www.bghaber.org\/bghaber\/wp-json\/wp\/v2\/users\/13"}],"replies":[{"embeddable":true,"href":"https:\/\/www.bghaber.org\/bghaber\/wp-json\/wp\/v2\/comments?post=22101"}],"version-history":[{"count":0,"href":"https:\/\/www.bghaber.org\/bghaber\/wp-json\/wp\/v2\/posts\/22101\/revisions"}],"wp:featuredmedia":[{"embeddable":true,"href":"https:\/\/www.bghaber.org\/bghaber\/wp-json\/wp\/v2\/media\/22105"}],"wp:attachment":[{"href":"https:\/\/www.bghaber.org\/bghaber\/wp-json\/wp\/v2\/media?parent=22101"}],"wp:term":[{"taxonomy":"category","embeddable":true,"href":"https:\/\/www.bghaber.org\/bghaber\/wp-json\/wp\/v2\/categories?post=22101"},{"taxonomy":"post_tag","embeddable":true,"href":"https:\/\/www.bghaber.org\/bghaber\/wp-json\/wp\/v2\/tags?post=22101"}],"curies":[{"name":"wp","href":"https:\/\/api.w.org\/{rel}","templated":true}]}}