{"id":22098,"date":"2017-02-02T18:11:30","date_gmt":"2017-02-02T16:11:30","guid":{"rendered":"http:\/\/www.bghaber.org\/bghaber\/?p=22098"},"modified":"2017-02-02T18:11:30","modified_gmt":"2017-02-02T16:11:30","slug":"72-yil-once-miydi","status":"publish","type":"post","link":"https:\/\/www.bghaber.org\/bghaber\/72-yil-once-miydi\/","title":{"rendered":"72 Y\u0131l \u00d6nce Miydi?"},"content":{"rendered":"<p>BGSAM<\/p>\n<p>Tarih 01 02 2017<\/p>\n<p><strong>Yar\u0131m yaz\u0131lan tarihle adalet ya\u015fat\u0131lamaz.<\/strong><\/p>\n<p><strong>Tarih bilgilerimizi beslemeden bug\u00fcn\u00fc s\u00f6kemeyiz.<\/strong><\/p>\n<p>&nbsp;<\/p><div id=\"bghab-2579193830\" class=\"bghab-icerik-icine bghab-entity-placement\"><script async src=\"\/\/pagead2.googlesyndication.com\/pagead\/js\/adsbygoogle.js?client=ca-pub-6203283170189293\" crossorigin=\"anonymous\"><\/script><ins class=\"adsbygoogle\" style=\"display:block; text-align:center;\" data-ad-client=\"ca-pub-6203283170189293\" \ndata-ad-slot=\"7303146466\" \ndata-ad-layout=\"in-article\"\ndata-ad-format=\"fluid\" data-full-width-responsive=\"true\"><\/ins>\n<script> \n(adsbygoogle = window.adsbygoogle || []).push({}); \n<\/script>\n<\/div>\n<p>Bundan 72 y\u0131l \u00f6nce Sofya\u2019da \u201cHalk Mahkemesi\u201d kararlar\u0131 a\u00e7\u0131klanm\u0131\u015ft\u0131.<\/p>\n<p>En k\u0131sa bir ifadeyle de\u011ferlendirilirse Osmanl\u0131da mayalanan Bulgar uyan\u0131\u015f \u00e7a\u011f\u0131ndan 1945\u2019e kadar biriken Bulgar zekas\u0131 yok edilmi\u015f ve yerine kom\u00fcnist-totaliter zeka a\u015f\u0131lanmas\u0131 i\u00e7in alan a\u00e7\u0131lm\u0131\u015ft\u0131. Bu olaya yazar Hristo Markov\u2019un a\u00e7\u0131s\u0131ndan ve \u201cFaktor.bg\u201d g\u00f6z\u00fcyle bakal\u0131m.<\/p>\n<p><img data-recalc-dims=\"1\" decoding=\"async\" src=\"https:\/\/i0.wp.com\/www.bghaber.org\/bghaber\/wp-content\/uploads\/2017\/02\/xristo_markov.jpg?w=640\" \/><\/p>\n<p><strong>\u201cHalk Mahkemesi\u201d duru\u015fmalar\u0131n ar\u015fivinden.<\/strong><\/p>\n<p>Bir Bulgar partisinin Bulgar halk\u0131na kar\u015f\u0131 bundan 72 y\u0131l \u00f6nce 1\u2019i 2 \u015eubat\u2019a ba\u011flayan gece i\u015fledi\u011fi en b\u00fcy\u00fck vah\u015fetin y\u0131ld\u00f6n\u00fcm\u00fcndeyiz. \u00a0Bu, Bulgaristan Kom\u00fcnist Partisi (BKP) taraf\u0131ndan Bulgar halk\u0131na kar\u015f\u0131 i\u015flenen en b\u00fcy\u00fck gaddarl\u0131kt\u0131r.<\/p>\n<p>Birka\u00e7 y\u0131l \u00f6nce o korkun\u00e7 gecede \u00f6ld\u00fcr\u00fclenler an\u0131s\u0131na bir heykel dikilirken, so\u011fuktan \u00fcrpermi\u015f, eli titreyen ve bir demet \u00e7i\u00e7e\u011fi an\u0131t levhas\u0131 \u00f6n\u00fcne koyarken iyice b\u00fck\u00fclen ve sonra bastonuna dayanarak do\u011frulan ya\u015fl\u0131 bir ki\u015fi dikkatimi \u00e7ekmi\u015fti. O y\u0131llarda Sofya Merkez Mezarl\u0131\u011f\u0131nda Park ve Bah\u00e7eler M\u00fcd\u00fcr\u00fc olan Tseko Aleksiev\u2019\u0131n o gece olup biteni g\u00f6zleriyle g\u00f6renlerden biri oldu\u011funu kendisiyle temas kurdu\u011fumda anlad\u0131m.<\/p><div id=\"bghab-4199569088\" class=\"bghab-icerik-icine-10-paragraf bghab-entity-placement\"><script async src=\"\/\/pagead2.googlesyndication.com\/pagead\/js\/adsbygoogle.js?client=ca-pub-6203283170189293\" crossorigin=\"anonymous\"><\/script><ins class=\"adsbygoogle\" style=\"display:block; text-align:center;\" data-ad-client=\"ca-pub-6203283170189293\" \ndata-ad-slot=\"7303146466\" \ndata-ad-layout=\"in-article\"\ndata-ad-format=\"fluid\" data-full-width-responsive=\"true\"><\/ins>\n<script> \n(adsbygoogle = window.adsbygoogle || []).push({}); \n<\/script>\n<\/div>\n<p>Onun anlatt\u0131klar\u0131n\u0131 kaydettim ve hen\u00fcz yay\u0131nlamad\u0131\u011f\u0131m \u201c<strong>Sa\u011f Kalmak \u0130\u00f6in Verilen A\u011f\u0131r M\u00fccadele \u2013 Staliyski Soyu<\/strong>\u201d ba\u015fl\u0131kl\u0131 kitab\u0131ma ald\u0131m. Olanlar\u0131n unutulmamas\u0131 i\u00e7in bir tan\u0131k anlatt\u0131klar\u0131ndan al\u0131nt\u0131lar sunuyorum.<\/p>\n<p>Bulgaristan\u2019\u0131n yeni tarihinde en vah\u015fi katliama ili\u015fkin baz\u0131 ayr\u0131nt\u0131lar\u0131 da devlet ar\u015fivinden ald\u0131m. Daha 1944 y\u0131l\u0131n\u0131n sonunda, \u201cHalk Mahkemesi \u00e7izgisinin de\u011fi\u015ftirilmesini ama\u00e7layan her denemeye ve belirli sosyal gruplar\u0131n olas\u0131 protestolar\u0131na kar\u015f\u0131 haz\u0131r bulunmalar\u0131\u201d i\u00e7in devletin bask\u0131 organlar\u0131 uyar\u0131lm\u0131\u015ft\u0131. 3. t\u00fcmen komutan yard\u0131mc\u0131s\u0131 40 y\u0131l sonra \u015funlat\u0131 payla\u015fm\u0131\u015ft\u0131: \u201cBiz dava ba\u015flamazdan \u00f6nce verilecek cezalar\u0131 bildi\u011fimizden, davan\u0131n sonu\u00e7lanmas\u0131ndan endi\u015feli de\u011fildik.\u201d 1945 ba\u015f\u0131ndaki kur\u015funa dizerek \u00f6ld\u00fcrme olay\u0131yla ilgili olarak ordudaki komutan yard\u0131mc\u0131lar\u0131n\u0131n hepsi Sofya\u2019ya \u00e7a\u011fr\u0131lm\u0131\u015ft\u0131. \u0130nfaz taburu komutan\u0131, daha sonra Halk Meclisi Ba\u015fkan\u0131 olan Ferdinant Kozovski; bir katil sorgu yarg\u0131c\u0131 olarak bilinen, Rus Bol\u015feviklerinin \u0130\u00e7 \u0130\u015fleri Halk Komiserli\u011fi\u2019nden Lavrentiy Beriya\u2019n\u0131n \u00f6zel g\u00f6revli ajan\u0131, daha sonra Devlet G\u00fcvenli\u011fi (DS) Birinci \u015eube \u00f6zel \u015fubelerinden birinde amir, daha fazla Ba\u00e7i Zeev ad\u0131yla bilinen\u00a0 \u0130zidor Levi ve \u00f6zel polis amirli\u011finde m\u00fcd\u00fcr olan ve daha 1944 y\u0131l\u0131ndan \u00f6nce kom\u00fcnistler taraf\u0131ndan d\u00fczenlenen bir \u00e7ok kanl\u0131 hesapla\u015fmaya kat\u0131lan\u00a0 Albay Lev Glavin\u00e7ev bu katliam\u0131 y\u00f6netenlerdi.\u00a0 Onlar ayn\u0131 zamanda bu i\u015flerin gizli, amans\u0131z ve \u00e7abuk el yap\u0131lmas\u0131ndan da sorumluydular. Sofya polis m\u00fcd\u00fcr\u00fc Veselin Georgiev ise infaz taburunu se\u00e7mi\u015fti. Bu tabura yaln\u0131z miliste g\u00f6revli kom\u00fcnist ve gen\u00e7lik \u00f6rg\u00fct\u00fc RENMS \u00fcyeleri\u00a0 ve Gen Pet\u0131r Vran\u00e7ev\u2019in askeri istihbarat b\u00f6l\u00fcm\u00fcnden infazc\u0131lar al\u0131nm\u0131\u015ft\u0131.<\/p>\n<p><strong>\u0130nfaz:<\/strong><\/p>\n<p>Bu katillerin hedefinde \u015fu ki\u015fileri en k\u0131sa s\u00fcrede \u00f6ld\u00fcrmek vard\u0131:<\/p>\n<p>\u00c7ar naiplerinden 3 ki\u015fi; 3 bakanlar kurulu bile\u015fiminden bakanlar, \u00c7ar dan\u0131\u015fmanlar\u0131n\u0131, meclis \u00fcyelerini ve 20. y\u00fczy\u0131lda Bulgaristan\u2019\u0131n kaybetti\u011fi generallerden \u00e7ok Generali \u00f6ld\u00fcrmek. 25 Halk Meclisi milletvekilleri, d\u00fcnyan\u0131n her \u00fclkesinde ge\u00e7erli olan ve Roma Hukukundan al\u0131nm\u0131\u015f, milletvekili dokunulmazl\u0131\u011f\u0131na ra\u011fmen \u00f6ld\u00fcr\u00fclm\u00fc\u015flerdir.<\/p><div id=\"bghab-2588779179\" class=\"bghab-icerik-icine-15-paragraf bghab-entity-placement\"><script async src=\"\/\/pagead2.googlesyndication.com\/pagead\/js\/adsbygoogle.js?client=ca-pub-6203283170189293\" crossorigin=\"anonymous\"><\/script><ins class=\"adsbygoogle\" style=\"display:block; text-align:center;\" data-ad-client=\"ca-pub-6203283170189293\" \ndata-ad-slot=\"7303146466\" \ndata-ad-layout=\"in-article\"\ndata-ad-format=\"fluid\" data-full-width-responsive=\"true\"><\/ins>\n<script> \n(adsbygoogle = window.adsbygoogle || []).push({}); \n<\/script>\n<\/div>\n<p>\u0130nfaz ger\u00e7ekle\u015ftirilmezden \u00f6nce BKP Merkez Komitesinde, infaz\u0131n \u015fekli \u00fczerine sert bir tart\u0131\u015fma olmu\u015ftur. 1925\u2019te Sofya \u201cTsveta Nedelya\u201d kilisesinin kubbesini havaya u\u00e7uran yolda\u015flar\u0131n\u0131n intikam\u0131n\u0131 almak i\u00e7in Georgi Dimitrov ile V\u0131lko \u00c7ervenkov dar a\u011fac\u0131nda salland\u0131rarak \u00f6ld\u00fcr\u00fclmelerinde direnseler de, Bol\u015feviklerin denenmi\u015f ve sevdikleri bir y\u00f6ntem olan, tabancadan ate\u015f a\u00e7arak s\u0131rt\u0131ndan vurularak \u00f6ld\u00fcr\u00fclmelerini isteyen Tray\u00e7o Kostov ve arkada\u015flar\u0131n\u0131n teklifi kabul edilmi\u015ftir. Tarihsel a\u015faman\u0131n gerginli\u011fi dikkate al\u0131nd\u0131\u011f\u0131nda, \u201ckatliam\u0131 acele ve iz b\u0131rakmadan yapmak a\u00e7\u0131s\u0131ndan\u201d bu y\u00f6ntem uygun bulunmu\u015ftur.<\/p>\n<p>1945 \u015eubat\u0131n\u0131n birinci g\u00fcn\u00fcn\u00fc ikincisine ba\u011flayan gece so\u011fuk, sesiz ve hafif r\u00fczg\u00e2rl\u0131d\u0131r. Mahk\u00fbmlar Adalet Saray\u0131 mahzeninden elleri ba\u011fl\u0131 \u00e7\u0131kar\u0131l\u0131p \u201cAlabin\u201d soka\u011f\u0131nda bekleyen 6 kamyona bindirilmi\u015ftir. Protesto etmeleri, ba\u011f\u0131r\u0131p \u00e7a\u011f\u0131rmalar\u0131 ve herhangi bir \u015fekilde g\u00fcr\u00fclt\u00fc yapmalar\u0131 yasakt\u0131r. Y\u00fcce Tanr\u0131dan m\u0131 eve beyinlerinden miyard\u0131m istemek i\u00e7in hayk\u0131ran gen\u00e7 milletvekillerinden \u0130van Batenberski\u2019nin kafas\u0131na silah dip\u00e7i\u011fi ile vurulmu\u015f ve beyni akarak yerinde kalm\u0131\u015ft\u0131r. \u201c<strong>Bizim i\u00e7in de\u011fil, Bulgaristan i\u00e7in a\u011flay\u0131n<\/strong>!\u201d diye hayk\u0131ran, sava\u015f \u00f6z\u00fcrl\u00fcs\u00fc, sakat yazar, eski bakan Todor Kojuharov kamyona binmeye \u00e7al\u0131\u015f\u0131rken, ba\u015f\u0131na tabancayla vurulurken,\u00a0 \u00f6ld\u00fcr\u00fclen ikinci ki\u015fidir.<\/p>\n<p><strong>O kabus geceyi \u00c7ari\u00e7e Yoanna \u015f\u00f6yle hat\u0131rl\u0131yor:<\/strong><\/p>\n<p>\u201cYarg\u0131lananlar\u0131n yak\u0131nlar\u0131 s\u00fcr\u00fcld\u00fc\u011f\u00fc i\u00e7in, idam cezas\u0131na \u00e7arpt\u0131r\u0131lanlar\u0131 akrabalar\u0131n\u0131 bir daha g\u00f6revimle imk\u00e2n\u0131 yoktu, bu nedenle her biriyle ayr\u0131 ayr\u0131 g\u00f6r\u00fc\u015fme talebinde bulundum.<\/p>\n<p>Muhaf\u0131z k\u0131tas\u0131 Adalet Saray\u0131 avlusunda \u201cAlabinska\u201d soka\u011f\u0131 taraf\u0131na dizilmi\u015fti. 6 kamyonda bu sokakta ard arda bekliyordu ve mahk\u00fbmlara oraya y\u00f6neltildiler. Ses y\u00fckselten ve protesto edenlerden her birinin vurularak \u00f6ld\u00fcr\u00fclmesi emri verilmi\u015fti. Gen\u00e7 milletvekillerinden olan \u0130van Batenbergski \u201c\u0130mdat!\u201d diye hayk\u0131r\u0131nda dip\u00e7ikle ba\u015f\u0131na vuruldu, kafatas\u0131 k\u0131r\u0131ld\u0131 ve \u00f6ld\u00fc. \u00c7ok yetenekli bir yazar olan, eski bakan ve sava\u015f \u00f6z\u00fcrl\u00fcs\u00fc \u0130van Kocuharov, bastonuna dayanarak ans\u0131z\u0131n \u201cKendimiz i\u00e7in de\u011fil, Bulgaristan i\u00e7in a\u011flamal\u0131y\u0131z!\u201d di\u011fer hayk\u0131rd\u0131. Tabanca ile vurularak \u00f6ld\u00fcr\u00fcld\u00fc. Hepsi birden milli mar\u015f\u0131 s\u00f6ylemeye ba\u015flad\u0131lar. \u00c7ok a\u011f\u0131r hasta olan iki idam cezas\u0131na \u00e7arpt\u0131r\u0131lm\u0131\u015f mahk\u00fbmla birlikte mahzenden son \u00e7\u0131kar\u0131lan \u00fc\u00e7 naip Kiril, Filov ve Mihov oldular. Onlar\u0131 yar\u0131 yar\u0131ya bo\u015f bir kamyona bindirdiler. Buz gibi r\u00fczg\u00e2r esiyordu. Sofya Merkez Mezarl\u0131\u011f\u0131na d\u00fc\u015fen birka\u00e7 bomba derin \u00e7ukurlar a\u00e7m\u0131\u015ft\u0131. Kamyonlardakiler bu \u00e7ukurlar\u0131n yak\u0131n\u0131na k\u00fc\u00e7\u00fck gruplar halinde indirildiler. Yak\u0131nlar\u0131na dizilmi\u015f infaz taburunu karanl\u0131kta g\u00f6remediklerinden bu kuzeyden esen so\u011fukta burada m\u0131 bekleyece\u011fiz sorusunu sormaya ba\u015flad\u0131lar. Hemen gelen cevaptan, birer birer \u00f6ld\u00fcr\u00fclecekleri \u00f6\u011frendiler. Arkalar\u0131nda iki cellat ellerindeki otomatik silahlarla emir bekliyorlard\u0131. Daha sonra anla\u015f\u0131ld\u0131\u011f\u0131na g\u00f6re, Prof Al. Stani\u015fev \u00f6ld\u00fcr\u00fclenlerin her birinin nabz\u0131 yoklan\u0131yor ve kalbini dinlemek i\u00e7in g\u00f6\u011fs\u00fcne kula\u011f\u0131n\u0131 koyuyordu. O bunu kur\u015funlananlar\u0131n her birine uygulad\u0131ktan sonra bir kur\u015funla da kendisi \u00f6ld\u00fcr\u00fclm\u00fc\u015ft\u00fcr.<\/p><div id=\"bghab-2900872452\" class=\"bghab-icerik-icine-20-paragraf bghab-entity-placement\"><script async src=\"\/\/pagead2.googlesyndication.com\/pagead\/js\/adsbygoogle.js?client=ca-pub-6203283170189293\" crossorigin=\"anonymous\"><\/script><ins class=\"adsbygoogle\" style=\"display:block; text-align:center;\" data-ad-client=\"ca-pub-6203283170189293\" \ndata-ad-slot=\"7303146466\" \ndata-ad-layout=\"in-article\"\ndata-ad-format=\"fluid\" data-full-width-responsive=\"true\"><\/ins>\n<script> \n(adsbygoogle = window.adsbygoogle || []).push({}); \n<\/script>\n<\/div>\n<p>Naa\u015flar\u0131n \u00fczerine kamyonlarla ta\u015f k\u00f6m\u00fcr\u00fc k\u00fcl\u00fc d\u00f6k\u00fcld\u00fc. Halk k\u00f6m\u00fcr k\u00fclleri alt\u0131nda kimlerin cesetlerinin oldu\u011funu k\u0131sa s\u00fcrede anlam\u0131\u015ft\u0131.<\/p>\n<p>\u0130damlar Prens Kiril\u2019\u0131n \u00f6ld\u00fcr\u00fclmesiyle ba\u015flad\u0131, ard\u0131ndan Ba\u015fbakan Filov, Gen Mihov, ard\u0131ndan da bakanlarla devam etti. Bakanlardan \u00f6nce Aleksand\u0131r Staliysi, Bagryanov, Bojilov, Daskalov. Tabanca kur\u015funuyla s\u0131rtlar\u0131ndan vuruldular ve \u00e7ukura d\u00fc\u015ft\u00fcler. \u00c7ukurda ceset bekleyen Prof D-r Stan\u0131\u015fev nab\u0131z ar\u0131yor ve durmu\u015f kalplerinden hayat ar\u0131yordu. \u015eafak s\u00f6kmeye ba\u015flam\u0131\u015ft\u0131, \u00fc\u00e7er be\u015fer s\u0131raya dizip \u015fmayzer t\u00fcfe\u011fi ile ate\u015f etmeye ba\u015flad\u0131lar. \u00a0Tseko Aleksiev\u2019in anlatt\u0131\u011f\u0131na g\u00f6re, \u00e7ukurdaki doktoru Glavin\u00e7ev \u00f6ld\u00fcrm\u00fc\u015ft\u00fcr.<\/p>\n<p>\u00c7apulculuk etmeden edemediler. Mahk\u00fbmlar\u0131n alyanslar\u0131n\u0131, y\u00fcz\u00fcklerini, saatlerini toplad\u0131lar, Prins Kiril\u2019in \u00e7izmelerini de \u00e7\u0131kard\u0131lar.<\/p>\n<p>Avrupa tarihinin en karanl\u0131k gecelerinden biri olan bu \u015eubat gecesinde 3 \u00c7ar naibi, 22 bakan, 67 milletvekili, 47 general ve y\u00fcksek r\u00fctbeli subay ile 8 \u00c7ar dan\u0131\u015fman\u0131 ve 1 Prens idam edildi. \u015eu da iyi bilinmelidir ki, II. D\u00fcnya Sava\u015f\u0131 Su\u00e7lular\u0131n\u0131 yarg\u0131layan N\u00fcrenberg Mahkemesi\u00a0 en b\u00fcy\u00fck Nazi subaylar\u0131ndan yaln\u0131z 14\u2019\u00fcne idam cezas\u0131 vermi\u015fti. Bulgar Halk Mahkemesi ise ald\u0131\u011f\u0131 kararlarla 2\u00a0730 y\u00fcksek devlet g\u00f6revlisini idam etmi\u015ftir.<\/p>\n<p>Bulgar devlet elidinin cesetleri bomba \u00e7ukurlar\u0131na at\u0131lm\u0131\u015f ve \u00fczerlerine ta\u015f k\u00f6m\u00fcr\u00fc tozu d\u00f6k\u00fclm\u00fc\u015ft\u00fcr.<\/p><div id=\"bghab-3540618911\" class=\"bghab-icerik-icine-25-paragraf bghab-entity-placement\"><script async src=\"\/\/pagead2.googlesyndication.com\/pagead\/js\/adsbygoogle.js?client=ca-pub-6203283170189293\" crossorigin=\"anonymous\"><\/script><ins class=\"adsbygoogle\" style=\"display:block; text-align:center;\" data-ad-client=\"ca-pub-6203283170189293\" \ndata-ad-slot=\"7303146466\" \ndata-ad-layout=\"in-article\"\ndata-ad-format=\"fluid\" data-full-width-responsive=\"true\"><\/ins>\n<script> \n(adsbygoogle = window.adsbygoogle || []).push({}); \n<\/script>\n<\/div>\n<p>Mahkemenin karar\u0131n\u0131 sabah radyodan i\u015fittik.\u00a0 \u0130dam alanlar\u0131n aileleri Ba\u015f Piskopos Stefan\u2019a ko\u015fmak ve af dilemesi i\u00e7in ba\u015fvuruda bulunmak istediler. Ge\u00e7 kalm\u0131\u015flard\u0131. Ayn\u0131 gece hepsi kur\u015funa dizilmi\u015fti. Mahkemede \u00e7al\u0131\u015fan Radka toplu mezar\u0131n nerede oldu\u011funu \u00f6\u011frenip yak\u0131nlar\u0131na bildirmeyi ba\u015fard\u0131. \u0130nsanlar Merkez Mezarl\u0131\u011fa ko\u015fu\u015ftular. Kar\u0131n \u00fcst\u00fc her \u015feyi ele veriyor, etraf kanlar i\u00e7indeydi. Milisler yollar kesmi\u015f insanlar\u0131 da\u011f\u0131tmaya \u00e7al\u0131\u015f\u0131yordu.<\/p>\n<p>Halk Mahkemesi duru\u015fmalar\u0131n\u0131 izleyen \u0130ngiliz siyasi g\u00f6zlemcisi \u015fu g\u00f6r\u00fc\u015fteydi.<\/p>\n<p>\u201c<strong>Cezalar intikam almak i\u00e7in verilmi\u015ftir<\/strong>.\u201d O, bu hesapla\u015fman\u0131n yaln\u0131z yerel bir hesapla\u015fma olmad\u0131\u011f\u0131, idam kararlar\u0131n\u0131n Sovyetlerden gelen emirler \u00fczerine al\u0131nd\u0131\u011f\u0131 g\u00f6r\u00fc\u015f\u00fcndeydi.<\/p>\n<p>5 \u015eubatta kendisine\u00a0 \u201cmahkeme kararlar\u0131 ve katliamla ilgili ne d\u00fc\u015f\u00fcnd\u00fc\u011f\u00fc\u201d soruldu\u011funda BKP MK \u00fcyesi Tsola Dragoy\u00e7eva, \u201c<strong>\u0130nfaz edildikleri gece kadar derin uyudu\u011fumu hat\u0131rlam\u0131yorum<\/strong>\u201d cevab\u0131 vermi\u015ftir.<\/p>\n<p>2 \u015eubat gecesi toplu infaz\u0131n ger\u00e7ekle\u015ftirilmesinden sonra cezai \u00f6nlemler durmam\u0131\u015ft\u0131r. 19 Nisan 1945\u2019te Moskova\u2019dan Tray\u00e7o Kostov\u2019a gelen bir emirde Georgi Dimitrov \u015f\u00f6yle diyordu. \u201d<strong>Yak\u0131nlar\u0131n\u0131 s\u00fcrg\u00fcn ediniz. Bir k\u0131sm\u0131 toplama kamplar\u0131nda ta\u015f k\u0131rmal\u0131d\u0131r. \u0130nsanc\u0131l gerek\u00e7e ve mazeret kabul edilemez<\/strong>.\u201d<\/p><div id=\"bghab-3698320716\" class=\"bghab-icerik-icine-30-paragraf bghab-entity-placement\"><script async src=\"\/\/pagead2.googlesyndication.com\/pagead\/js\/adsbygoogle.js?client=ca-pub-6203283170189293\" crossorigin=\"anonymous\"><\/script><ins class=\"adsbygoogle\" style=\"display:block; text-align:center;\" data-ad-client=\"ca-pub-6203283170189293\" \ndata-ad-slot=\"7303146466\" \ndata-ad-layout=\"in-article\"\ndata-ad-format=\"fluid\" data-full-width-responsive=\"true\"><\/ins>\n<script> \n(adsbygoogle = window.adsbygoogle || []).push({}); \n<\/script>\n<\/div>\n<p>Halk Mahkemesinde \u00f6l\u00fcm cezas\u0131 alanlar\u0131n yak\u0131nlar\u0131ndan 11 bin 875 ki\u015fi ile birlikte Bakan Saliyski\u2019nin yak\u0131nlar\u0131 Dolni D\u0131bnik kasabas\u0131na s\u00fcrg\u00fcn edilmi\u015flerdi.O so\u011fuk ve deh\u015fetli \u015eubat gecesinin hat\u0131ras\u0131n\u0131 ya\u015fatmak i\u00e7in yar\u0131m as\u0131ra yak\u0131n kafalar\u0131n\u0131 suyun \u00fczerinde tutmaya \u00e7al\u0131\u015fanlar\u0131n hayat m\u00fccadelesi devam etti.<\/p>\n<p>26 A\u011fustos 1996\u2019de Bulgaristan Halk Cumhuriyeti Halk Mahkemesi h\u00fck\u00fcmleri bozuyor ve naibleri, bakanlar\u0131, milletvekillerini, \u00c7ar dan\u0131\u015fmanlar\u0131n\u0131 ve y\u00fcksek r\u00fctbeli ordu mensuplar\u0131n\u0131 akl\u0131yor. 1998\u2019de Adalet Bakan\u0131 salonuna 1945\u2019te idam edilen bakanlardan Vasil Nikola Mitakov, Konstatin Yotsov Partov Aleksand\u0131r Tsanov Staliyski\u2019nin resimlerini as\u0131yor. Biz bug\u00fcnBulgaristan adaletinin hep yar\u0131m as\u0131rdan sonra m\u0131 gelece\u011fini soruyoruz. Bulgar kaderi.<\/p>\n<p>1 \u015eubat 2017\u2019de Sofya\u2019daki Kom\u00fcnizme Kar\u015f\u0131 Sava\u015fta d\u00fc\u015fenlerin an\u0131t levhas\u0131na \u00e7i\u00e7ek ve \u00e7elenk g\u00f6t\u00fcrenlerden olu\u015fan kuyruk \u00e7ok uzundu. Ne ki bu levhada nen\u00fcz 1945 -1989 yu\u0131llar\u0131 aras\u0131 kom\u00fcnist zulme kar\u015f\u0131 m\u00fccadele eden T\u00fcrk, Pomak ve Romen kahramanlardan hi\u00e7 birinin ad\u0131 yaz\u0131l\u0131 de\u011fildir. Haklar\u0131 da iade edilmemi\u015ftir.<\/p>\n<p>Faktor.bg.<\/p>\n<div id=\"bghab-3169214509\" class=\"bghab-yazi-altinda bghab-entity-placement\"><div class=\"bghab-adlabel\">Reklamlar<\/div><script async src=\"https:\/\/pagead2.googlesyndication.com\/pagead\/js\/adsbygoogle.js\"><\/script>\r\n<!-- bghaber-yaz\u0131-sonu -->\r\n<ins class=\"adsbygoogle\"\r\n     style=\"display:block\"\r\n     data-ad-client=\"ca-pub-6203283170189293\"\r\n     data-ad-slot=\"4222328180\"\r\n     data-ad-format=\"auto\"\r\n     data-full-width-responsive=\"true\"><\/ins>\r\n<script>\r\n     (adsbygoogle = window.adsbygoogle || []).push({});\r\n<\/script><\/div><br style=\"clear: both; display: block; float: none;\"\/>","protected":false},"excerpt":{"rendered":"<p>BGSAM Tarih 01 02 2017 Yar\u0131m yaz\u0131lan tarihle adalet ya\u015fat\u0131lamaz. Tarih bilgilerimizi beslemeden bug\u00fcn\u00fc s\u00f6kemeyiz. &nbsp; Bundan 72 y\u0131l \u00f6nce Sofya\u2019da \u201cHalk Mahkemesi\u201d kararlar\u0131 a\u00e7\u0131klanm\u0131\u015ft\u0131.<\/p>\n","protected":false},"author":13,"featured_media":22099,"comment_status":"closed","ping_status":"closed","sticky":false,"template":"","format":"standard","meta":{"advanced_seo_description":"","jetpack_seo_html_title":"","jetpack_seo_noindex":false,"_jetpack_memberships_contains_paid_content":false,"footnotes":""},"categories":[5],"tags":[],"class_list":["post-22098","post","type-post","status-publish","format-standard","has-post-thumbnail","hentry","category-yasam"],"jetpack_featured_media_url":"https:\/\/i0.wp.com\/www.bghaber.org\/bghaber\/wp-content\/uploads\/2017\/02\/xristo_markov.jpg?fit=450%2C397&ssl=1","jetpack_sharing_enabled":true,"jetpack_likes_enabled":true,"jetpack-related-posts":[],"jetpack_shortlink":"https:\/\/wp.me\/pc2PfJ-5Kq","_links":{"self":[{"href":"https:\/\/www.bghaber.org\/bghaber\/wp-json\/wp\/v2\/posts\/22098","targetHints":{"allow":["GET"]}}],"collection":[{"href":"https:\/\/www.bghaber.org\/bghaber\/wp-json\/wp\/v2\/posts"}],"about":[{"href":"https:\/\/www.bghaber.org\/bghaber\/wp-json\/wp\/v2\/types\/post"}],"author":[{"embeddable":true,"href":"https:\/\/www.bghaber.org\/bghaber\/wp-json\/wp\/v2\/users\/13"}],"replies":[{"embeddable":true,"href":"https:\/\/www.bghaber.org\/bghaber\/wp-json\/wp\/v2\/comments?post=22098"}],"version-history":[{"count":0,"href":"https:\/\/www.bghaber.org\/bghaber\/wp-json\/wp\/v2\/posts\/22098\/revisions"}],"wp:featuredmedia":[{"embeddable":true,"href":"https:\/\/www.bghaber.org\/bghaber\/wp-json\/wp\/v2\/media\/22099"}],"wp:attachment":[{"href":"https:\/\/www.bghaber.org\/bghaber\/wp-json\/wp\/v2\/media?parent=22098"}],"wp:term":[{"taxonomy":"category","embeddable":true,"href":"https:\/\/www.bghaber.org\/bghaber\/wp-json\/wp\/v2\/categories?post=22098"},{"taxonomy":"post_tag","embeddable":true,"href":"https:\/\/www.bghaber.org\/bghaber\/wp-json\/wp\/v2\/tags?post=22098"}],"curies":[{"name":"wp","href":"https:\/\/api.w.org\/{rel}","templated":true}]}}