{"id":22038,"date":"2017-01-21T18:52:50","date_gmt":"2017-01-21T16:52:50","guid":{"rendered":"http:\/\/www.bghaber.org\/bghaber\/?p=22038"},"modified":"2017-01-21T18:54:56","modified_gmt":"2017-01-21T16:54:56","slug":"22038-2","status":"publish","type":"post","link":"https:\/\/www.bghaber.org\/bghaber\/22038-2\/","title":{"rendered":"\u0130bre Y\u00f6n De\u011fi\u015ftiriyor"},"content":{"rendered":"<p>Osman B\u00dcLB\u00dcL<\/p>\n<p>Tarih: 22 Ocak 2017<\/p>\n<p><strong>\u00c7ukurday\u0131z<\/strong>.\u00a0\u00a0 <strong>Hem baharda hem de g\u00fcze iki se\u00e7ime haz\u0131rlan\u0131n.<\/strong><\/p>\n<p>&nbsp;<\/p>\n<p>Siyasette \u201c<strong>rady<\/strong>o\u201d \u00e7a\u011f\u0131 ge\u00e7ti, \u015fimdi <strong>TV<\/strong> \u00e7a\u011f\u0131nday\u0131z, en g\u00fc\u00e7l\u00fc ara\u00e7sa cep <strong>telefonlar\u0131 ve internet<\/strong>. B\u00fcy\u00fck siyaset \u00e7ok derinlere gizlenmi\u015f, \u201c<strong>\u00fcst akl\u0131n<\/strong>\u201d yerini bilen olmasa da, siyasetin iyi ve k\u00f6t\u00fc g\u00fcnlerinde g\u00fcne\u015fte terleyen ya da ya\u011fmurda \u0131slanan hep s\u0131radan insanlard\u0131r.<\/p><div id=\"bghab-1531501875\" class=\"bghab-icerik-icine bghab-entity-placement\"><script async src=\"\/\/pagead2.googlesyndication.com\/pagead\/js\/adsbygoogle.js?client=ca-pub-6203283170189293\" crossorigin=\"anonymous\"><\/script><ins class=\"adsbygoogle\" style=\"display:block; text-align:center;\" data-ad-client=\"ca-pub-6203283170189293\" \ndata-ad-slot=\"7303146466\" \ndata-ad-layout=\"in-article\"\ndata-ad-format=\"fluid\" data-full-width-responsive=\"true\"><\/ins>\n<script> \n(adsbygoogle = window.adsbygoogle || []).push({}); \n<\/script>\n<\/div>\n<p>Siyaset ise f\u0131r\u0131na verilmi\u015f b\u00f6rek de\u011fildir. T\u00fcrkuaz kutu i\u00e7inde \u00e7ikolatal\u0131 pasta gibi sunulsa bile, herkes taraf\u0131ndan be\u011fenilmeye bilir, kimileri \u00e7ikolata sevmez, ba\u015fka bir b\u00f6l\u00fcmse tatl\u0131 g\u00f6rmek bile istemez.<\/p>\n<p><strong>Biz bug\u00fcn\u00fcm\u00fcz i\u00e7in siyasetin ibre de\u011fi\u015ftirdi\u011fi g\u00fcn derken, neyi mi kastediyoruz?<\/strong><\/p>\n<p>\u00d6nce s\u00f6yleyeyim, Bulgaristan\u2019da hen\u00fcz de\u011fi\u015ftirmiyor. Bug\u00fcnk\u00fc Bulgaristan siyaseti, 2014\u2019te NATO ve 2007\u2019de Avrupa Birli\u011fi (AB) \u00fcyeli\u011fi ve ayn\u0131 zamanda Rusya ile tatl\u0131 fl\u00f6rt hevesi 3. Cumhurba\u015fkan\u0131 Georgi P\u0131rvanov zaman\u0131nda mayalanm\u0131\u015ft\u0131. 4. Cumhurba\u015fkan\u0131 Plevneliev bu politikan\u0131n Bat\u0131l\u0131, Atlantik\u00e7i &#8211; Avrupa aya\u011f\u0131na birka\u00e7 kofa beton d\u00f6kt\u00fc. \u015eimdi se\u00e7ilen Radev\u2019in \u00f6n\u00fcnde \u015f\u00f6yle bir soru var, acaba ben \u015fu NATO-culu\u011fa ve AB aya\u011f\u0131na birka\u00e7 kofa daha beton mu d\u00f6keyim yoksa Putin\u2019e biraz daha s\u0131cak m\u0131 g\u00fcl\u00fcmseyeyim. Tabi biz Bulgaristan T\u00fcrkleri bu b\u00fcy\u00fck politikada ayakalt\u0131 oldu\u011fumuzdan s\u00f6yleyecek pek fazla s\u00f6z\u00fcm\u00fcz yok.<\/p>\n<p>Ben d\u00fcn ak\u015fam Viyana\u2019da Trump\u2019un balosunu izledim ve yerlilerin sevindiklerini mi yoksa endi\u015feli mi olduklar\u0131n\u0131 pek anlayamad\u0131m. Adam d\u00fcnyan\u0131n en zenginlerinden biri! \u00dc\u00e7 be\u015f kad\u0131n de\u011fi\u015ftirmi\u015f. Ondan memnun olmayanlar ba\u011f\u0131rsa da hayk\u0131rsa da i\u015fitmek bile istemiyor. Ne d\u00fc\u015f\u00fcnd\u00fc\u011f\u00fc muamma!<\/p>\n<p><strong>B\u00fcy\u00fck siyaset yani ad\u0131na k\u00fcresel ya da uluslar aras\u0131 siyaset dedi\u011fimiz olay, ya k\u00fc\u00e7\u00fck bir siyasetin b\u00fcy\u00fct\u00fclm\u00fc\u015f\u00fc, ya da tarihte olmu\u015f bir siyasi olay\u0131n ba\u015fka ko\u015fullarda tekrar\u0131d\u0131r.<\/strong><\/p><div id=\"bghab-443763418\" class=\"bghab-icerik-icine-10-paragraf bghab-entity-placement\"><script async src=\"\/\/pagead2.googlesyndication.com\/pagead\/js\/adsbygoogle.js?client=ca-pub-6203283170189293\" crossorigin=\"anonymous\"><\/script><ins class=\"adsbygoogle\" style=\"display:block; text-align:center;\" data-ad-client=\"ca-pub-6203283170189293\" \ndata-ad-slot=\"7303146466\" \ndata-ad-layout=\"in-article\"\ndata-ad-format=\"fluid\" data-full-width-responsive=\"true\"><\/ins>\n<script> \n(adsbygoogle = window.adsbygoogle || []).push({}); \n<\/script>\n<\/div>\n<p>D\u00fcnya 20. y\u00fczy\u0131la \u00e7ok ba\u015fl\u0131 ama cephe siyasetiyle girmi\u015fti. Zaman hammadde kaynaklar\u0131n\u0131n payla\u015f\u0131lmas\u0131, Asya ve Afrika \u00fclkelerinin s\u00f6m\u00fcr\u00fclmesi ve ana kentlerde asalak\u00e7a ya\u015fama d\u00f6nemiydi. Herkes 1919 Versay Anla\u015fmas\u0131yla yeni kurulacak d\u00fcnya d\u00fczeninin ebedili\u011fini d\u00fc\u015f\u00fcnmeye yatk\u0131nd\u0131. D\u00fcnya\u2019ya tek ba\u015f\u0131na hak\u0131m olmaya uyanan ABD kendi topraklar\u0131nda sava\u015fmam\u0131\u015ft\u0131. O, kendi topraklar\u0131 d\u0131\u015f\u0131nda sava\u015fma stratejisini Osmanl\u0131dan kopyalam\u0131\u015ft\u0131. 1529\u2019da Birinci Viyana Ku\u015fatmas\u0131n\u0131 ger\u00e7ekle\u015ftiren Kanuni Sultan S\u00fcleyman tek ba\u015f\u0131na b\u00fct\u00fcn Avrupa\u2019ya g\u00f6zda\u011f\u0131 vermi\u015fti. \u015eimdi \u00f6yle olaylar olmuyor.<\/p>\n<p><strong>Silah patlatmadan d\u00fcnyaya hakim olma planlar\u0131n\u0131n birincisi. Parasal h\u00e2kimiyet.<\/strong><\/p>\n<p>Bu bir stratejik y\u00f6nelim olup \u00fclke paralar\u0131n\u0131n dolarla dengelenmesini ve d\u00fcnyada dolar hakimiyeti kurulmas\u0131n\u0131 hedeflemi\u015f olup 5 y\u0131lda bir herhangi bir yerde sava\u015f ba\u015flatmay\u0131 ve birbirine kar\u015f\u0131 k\u0131\u015fk\u0131rt\u0131lan taraflardan her ikisini de silahland\u0131rmay\u0131 \u00f6ng\u00f6rm\u00fc\u015ft\u00fcr.<\/p>\n<p>1970\u2019li y\u0131llardan ba\u015flayarak d\u00fcnya siyaseti bir ki\u015fi taraf\u0131ndan oynanan bir satran\u00e7 oyunu gibi g\u00f6r\u00fclm\u00fc\u015ft\u00fcr.Afganistan\u2019\u0131n i\u00e7 i\u015flerine kar\u0131\u015f\u0131lm\u0131\u015f; T\u00fcrkiye\u2019de askeri darbeler yap\u0131lm\u0131\u015f; \u00a0Ayatollah Humeyni\u2019nin Fransa\u2019dan \u0130ran\u2019a g\u00f6t\u00fcr\u00fcl\u00fcp TUDEY gibi sol partileri ve sivil toplum \u00f6rg\u00fctlerini yok ettirilmi\u015f; Irak lideri Saddam H\u00fcseyin k\u0131\u015fk\u0131rt\u0131l\u0131p Kuveyt\u2019i istila ettirilmi\u015f; Irak\u2019a sald\u0131r\u0131lm\u0131\u015f, istila edilmi\u015f ve ter\u00f6rizm yuvas\u0131 haline getirilmi\u015f, K\u00fcrk sorunu k\u0131\u015fk\u0131rt\u0131lm\u0131\u015f, \u201c<strong>Arap Bahar\u0131<\/strong>\u201d ate\u015fi yak\u0131lm\u0131\u015f ve bug\u00fcnk\u00fc Suriye trajedisi ya\u015fan\u0131yor, taban\u0131ndan g\u00f6\u00e7 seli f\u0131\u015fk\u0131rm\u0131\u015ft\u0131r.\u2026<\/p>\n<p>Bu arada 1989\u2019da \u00c7inli \u00fcniversiteli, ayd\u0131n ve i\u015f\u00e7ilerinin Tiananmen Meydan\u0131nda kur\u015funlanmas\u0131 gibi olaylar d\u00fcnyay\u0131 \u00e7ok \u00f6nemli bir d\u00f6n\u00fc\u015f\u00fcme g\u00f6t\u00fcrm\u00fc\u015ft\u00fc.<\/p><div id=\"bghab-2614203058\" class=\"bghab-icerik-icine-15-paragraf bghab-entity-placement\"><script async src=\"\/\/pagead2.googlesyndication.com\/pagead\/js\/adsbygoogle.js?client=ca-pub-6203283170189293\" crossorigin=\"anonymous\"><\/script><ins class=\"adsbygoogle\" style=\"display:block; text-align:center;\" data-ad-client=\"ca-pub-6203283170189293\" \ndata-ad-slot=\"7303146466\" \ndata-ad-layout=\"in-article\"\ndata-ad-format=\"fluid\" data-full-width-responsive=\"true\"><\/ins>\n<script> \n(adsbygoogle = window.adsbygoogle || []).push({}); \n<\/script>\n<\/div>\n<p><strong>\u0130deoloji g\u00f6m\u00fcld\u00fc.<\/strong><\/p>\n<p>\u00c7in lideri Mao Ze Dung d\u00fcnyay\u0131 av\u0131n\u0131n ge\u00e7mesini bekleyen kaplan olarak anlat\u0131rken, \u00f6nce form\u00fcl de\u011fi\u015fti. D\u0131n Tsya o Pin d\u00fcnyay\u0131 bir kedi olarak g\u00f6rd\u00fc. \u00d6nemli olan kedinin s\u0131\u00e7an tutmas\u0131yd\u0131. <strong>S\u0131\u00e7an\u0131n rengi \u00f6nemli de\u011fildi<\/strong>. K\u0131rm\u0131z\u0131, beyaz, kahverengi olmas\u0131 \u00f6nemli de\u011fildi. K\u0131rm\u0131z\u0131 kom\u00fcnizm, kahverengi fa\u015fizm vb olmas\u0131 \u00f6nemli de\u011fildi ve \u00c7in Birle\u015fik Amerika ile i\u015fbirli\u011fine sar\u0131ld\u0131. \u00d6nemlidir: 1970\u2019li y\u0131llarda yani bu siyaset ba\u015flad\u0131\u011f\u0131nda ABD d\u00fcnya Gayr\u0131 Safi Milli H\u00e2s\u0131las\u0131\u2019n\u0131n (GSMH) % 50\u2019sini \u00fcretirken, i\u00e7i kemirildi ve 2020\u2019de yani 3 y\u0131l sonra bu oran\u0131n % 15\u2019le <strong>dibe vurmas\u0131<\/strong> bekleniyor. \u00d6zet: Emperyalizm sava\u015flarda yenilerek de\u011fil i\u00e7inden kemirilerek bitirildi.<\/p>\n<p><strong>\u0130deoloji g\u00f6m\u00fcld\u00fc\u011f\u00fcnde yeni do\u011fan ne mi oldu?<\/strong><\/p>\n<p>Amerikan Dolar\u0131 alt\u0131na endekslemekten vazge\u00e7ti. Finans dalgalanmalar\u0131 ve \u00e7\u00f6k\u00fc\u015f kap\u0131s\u0131 a\u00e7\u0131ld\u0131.\u00a0 Ve bug\u00fcn art\u0131k AVM\u2019lerde \u00fczerinde US Dolar ve Euro resmi olan tuvalet k\u00e2\u011f\u0131d\u0131 sat\u0131l\u0131yor. Moskova\u2019da otel masraflar\u0131n\u0131 TL ile \u00f6deyebiliyoruz. \u00c7in de\u011ferli ta\u015flar\u0131 ve alt\u0131n\u0131 d\u00fcnya paras\u0131 yapmakta \u0131srar ediyor. \u0130talya Euro sisteminden \u00e7\u0131k\u0131p Liraya d\u00f6nmeye \u00e7al\u0131\u015f\u0131rken. \u0130ngiltere Pundu\u2019nu Euro ya yendirmedi. Hollanda brexit haz\u0131rl\u0131klar\u0131na ba\u015flam\u0131\u015f. Bulgaristan da Euro\u2019ya ge\u00e7medi vs.<\/p>\n<p><strong>Amerikan\u0131n i\u00e7ten kemirilmesi siyasete nas\u0131l yans\u0131d\u0131?<\/strong><\/p><div id=\"bghab-4204512107\" class=\"bghab-icerik-icine-20-paragraf bghab-entity-placement\"><script async src=\"\/\/pagead2.googlesyndication.com\/pagead\/js\/adsbygoogle.js?client=ca-pub-6203283170189293\" crossorigin=\"anonymous\"><\/script><ins class=\"adsbygoogle\" style=\"display:block; text-align:center;\" data-ad-client=\"ca-pub-6203283170189293\" \ndata-ad-slot=\"7303146466\" \ndata-ad-layout=\"in-article\"\ndata-ad-format=\"fluid\" data-full-width-responsive=\"true\"><\/ins>\n<script> \n(adsbygoogle = window.adsbygoogle || []).push({}); \n<\/script>\n<\/div>\n<p>\u0130kinci D\u00fcnya sava\u015f\u0131ndan sonra siyasi ibre lider devlet olarak Birle\u015fik Amerika\u2019ya i\u015faret etti.<\/p>\n<p>Sovyetler Birli\u011fi zafer u\u011fruna en fazla biz sava\u015ft\u0131k deyince amerikan konserveleri ve teknolojisi olmasayd\u0131 Naziler Sibirya\u2019ya kadar uzard\u0131 diye d\u00fc\u015f\u00fcnenler \u00e7o\u011falmas\u0131n diye Berlin Duvar\u0131 \u00e7ekildi. So\u011fuk Sava\u015f y\u0131llar\u0131nda ikiye b\u00f6l\u00fcnen d\u00fcnyada en basit bir ifadeyle \u201cemek verimlili\u011fi yar\u0131\u015f\u0131n\u0131\u201d kaybeden sosyalist sistemi oldu. \u0130deolojisi ve para birimi \u00e7\u00f6k\u00fcnce ufuk karard\u0131. 1990\u2019dan bug\u00fcne d\u00fcnyan\u0131n bu \u00e7\u00f6ken sistemin k\u0131r\u0131nt\u0131lar\u0131yla ge\u00e7indi\u011fini yazsam yanl\u0131\u015f olmaz. Ne ki, bu k\u0131r\u0131nt\u0131lar art\u0131k bitti. \u00a0\u00c7\u00f6k\u00fc\u015f ve savmaz bunal\u0131mlar dedi\u011fimiz ve 2008\u2019den sonra iyice gemi aza alan siyaset ibresi hep Do\u011fu Bat\u0131 \u00e7izgisinde oynad\u0131.<\/p>\n<p>S\u00f6z\u00fcn\u00fc etti\u011fim ibreyi art\u0131k G\u00fcney ve Kuzey kutbu aras\u0131ndaki m\u0131knat\u0131s sahas\u0131nda oynarken g\u00f6z \u00f6n\u00fcne getirebilirsiniz. Fakat d\u00fcnyay\u0131 bir de politik etki alanlar\u0131 olarak d\u00fc\u015f\u00fcnelim. \u00c7\u00fcnk\u00fc yeni titre\u015fim yeni alanlar\u0131ndaki etkin \u00e7eli\u015fkilerin etkisiyle olu\u015fuyor. Dikkatleri \u00fczerine toplayan,\u00a0\u00a0 ibrenin birden bire eski dengeden \u00e7\u0131k\u0131p yeni bir alanda oynamaya ba\u015flamas\u0131d\u0131r. Biz bug\u00fcn art\u0131k ABD Ba\u015fkan\u0131 Trump\u2019\u0131n oval salona girmesiyle Do\u011fu-Bat\u0131 ekseninde titre\u015fen ibreyi izliyoruz. G\u00fc\u00e7 kayna\u011f\u0131n\u0131 da Kuzey<strong> G\u00fcney ekseninde ger\u00e7ekle\u015fen olaylarla a\u00e7\u0131kl\u0131yoruz. <\/strong>Bu g\u00fc\u00e7 kaynaklar\u0131 ise \u015funlard\u0131r: \u00c7in bankalar\u0131na 1970\u2019lerden beri US Dolar topluyordu ve art\u0131k elinde ABD kadar dolar\u0131 var. \u0130ki, \u00c7in, Rusya, Hindistan, \u0130ran, Brezilya ve art\u0131k T\u00fcrkiye\u2019de davet edildi, gibi \u00fclkelerin \u015eanghay Birli\u011fi\u2019ni olu\u015ftu ve ABD g\u00fcc\u00fcnden daha b\u00fcy\u00fck bir g\u00fcce sahiptir. Yeni grupla\u015fman\u0131n etki alan\u0131 ve g\u00fcc\u00fc ABD ve m\u00fcttefiklerinden bask\u0131n \u00e7\u0131kt\u0131 ve ibre y\u00f6n de\u011fi\u015ftirdi. Trump\u2019\u0131n g\u00f6rev ba\u015f\u0131 yapmas\u0131n\u0131 d\u00fcnya bas\u0131n\u0131 \u201c<strong>Amerika da\u011f\u0131lacak ve NATO bitecek<\/strong>\u201d ba\u015fl\u0131\u011f\u0131yla kar\u015f\u0131lad\u0131.<\/p>\n<p><strong>Son y\u0131llarda Amerikan emperyalizmi bo\u015f mu durdu?<\/strong><\/p>\n<p>Hay\u0131r, bo\u015f durmad\u0131<strong>. <\/strong>1945\u2019ten 1980\u2019lere kadar uygulad\u0131\u011f\u0131<strong> u<\/strong>zun de\u011fnekli Sam Amca siyasetini y\u00fcr\u00fctecek ma\u015falar yeti\u015ftirdi. Bu e\u011fitim, \u00f6nce Afganistan\u2019da Bin Ladin\u2019in y\u00f6netti\u011fi <strong>\u201cTaliban\u201d, \u201cEl Kaide\u201d, \u201cDEA\u015e\u201d<\/strong> vb kamplar\u0131nda yap\u0131ld\u0131. Fakat ABD\u2019nin i\u015fi hep aklan gitmedi. Di\u015f \u00fclkelerde y\u00fcr\u00fctt\u00fc\u011f\u00fc hi\u00e7bir sava\u015f\u0131 kazanamad\u0131. Vietnam, Lagos, Kam boca\u2019da yenildi. Afganistan ve Irak\u2019tan \u00e7ekilmek zorunda kald\u0131. Orta Asya ve Yak\u0131n Do\u011fuya \u00e7\u00f6reklenmek istedi yapamad\u0131. \u00c7in ve di\u011fer d\u00fcnya kar\u015f\u0131s\u0131nda ekonomik ve ticari olarak k\u00fc\u00e7\u00fclmeye ba\u015flay\u0131nca yeni talan alanlar\u0131 ararken\u00a0 11 Eyl\u00fcl 2001\u2019de Washington y\u00f6netimi\u00a0 \u201cter\u00f6r kurban\u0131y\u0131z\u201d sayfas\u0131n\u0131 a\u00e7t\u0131 ve art\u0131k 16 seneden beri kendi e\u011fitti\u011fi, silahland\u0131rd\u0131\u011f\u0131 ve para \u00f6dedi\u011fi ter\u00f6r \u00f6rg\u00fctleriyle s\u00f6zde sava\u015f\u0131yor. Bu ikiy\u00fczl\u00fcl\u00fck Afganistan ve \u0130rak sava\u015flar\u0131nda, MAGREB \u00fclkelerine sald\u0131r\u0131da \u2013 \u201c<strong>Arap Bahar\u0131<\/strong>\u201dnda ya\u015fand\u0131 ve bug\u00fcn Suriye facias\u0131nda DEA\u015e, PYG ve PKK ter\u00f6r\u00fcyle devam ediyor. ABD uluslar aras\u0131 ter\u00f6r\u00fcn imha ucunu T\u00fcrkiye halk\u0131na kar\u015f\u0131 y\u00f6neltmekle g\u00fcvenli bir dost kaybetti. T\u00fcrkiye Cumhuriyetinin Avrupa, Balkanlar, Karadeniz ve Yak\u0131n Do\u011fu \u00fczerinde artan etkisi dikkate al\u0131nd\u0131\u011f\u0131nda ABD\u2019nin ciddi bir hezimete u\u011frad\u0131\u011f\u0131 g\u00fcn gibi ortadad\u0131r. Bu arada, \u201c<strong>Arap Bahari<\/strong>\u201dnda oldu\u011fu gibi ter\u00f6r ma\u015falar\u0131 arac\u0131l\u0131yla h\u00fck\u00fcmetler ve rejimleri devirme siyasetinin 15 Temmuz 2016\u2019da T\u00fcrkiye\u2019de toslamas\u0131 da \u00e7ok anlaml\u0131d\u0131r, \u00e7\u00fcnk\u00fc 1919\u2019da oldu\u011fu gibi y\u00fcz y\u0131l sonra da emperyalizmin 2. defa T\u00fcrkiye\u2019de yenilmesi mazlum halklara \u00f6rnek ve esin kayna\u011f\u0131 olmu\u015ftur.<\/p><div id=\"bghab-503249748\" class=\"bghab-icerik-icine-25-paragraf bghab-entity-placement\"><script async src=\"\/\/pagead2.googlesyndication.com\/pagead\/js\/adsbygoogle.js?client=ca-pub-6203283170189293\" crossorigin=\"anonymous\"><\/script><ins class=\"adsbygoogle\" style=\"display:block; text-align:center;\" data-ad-client=\"ca-pub-6203283170189293\" \ndata-ad-slot=\"7303146466\" \ndata-ad-layout=\"in-article\"\ndata-ad-format=\"fluid\" data-full-width-responsive=\"true\"><\/ins>\n<script> \n(adsbygoogle = window.adsbygoogle || []).push({}); \n<\/script>\n<\/div>\n<p><strong>\u0130breyi Kuzey-G\u00fcney\u2019e de\u011fi\u015ftiren mazlum halklar\u0131n hareketlenmesidir. <\/strong><\/p>\n<p>Emperyalizm ile M\u00fcsl\u00fcman mazlum halklar aras\u0131nda alabildi\u011fine k\u0131z\u0131\u015fan ve hatta ad\u0131na \u201c<strong>K\u00fc\u00e7\u00fck \u00dc\u00e7\u00fcnc\u00fc D\u00fcnya Sava\u015f\u0131<\/strong>\u201d denen bug\u00fcnk\u00fc kap\u0131\u015fmada G\u00fcney Do\u011fu Asya, Orta Asya, Yak\u0131n Do\u011fu ve Afrika\u2019dan 64 milyon insan\u0131n kuzeye yani Eski K\u0131ta \u2013 Avrupa\u2019ya do\u011fru yola \u00e7\u0131kt\u0131\u011f\u0131n\u0131, kitlesel bir hareketlenme ya\u015fand\u0131\u011f\u0131n\u0131 g\u00f6r\u00fcyoruz. \u0130bre de\u011fi\u015fimini Kuzey \u2013 G\u00fcney alan\u0131na \u00e7eken de i\u015fte bu sald\u0131r\u0131 sava\u015flar\u0131 insanlar\u0131 yenid\u00fcnya aray\u0131\u015f\u0131d\u0131r. Bu insan selinde dikkati \u00e7eken, hi\u00e7bir s\u0131\u011f\u0131nmac\u0131n\u0131n, sava\u015f ka\u00e7a\u011f\u0131n\u0131n, devaml\u0131 ilerleyen insan selinden ayr\u0131l\u0131p ara duraklarda kal\u0131p oralarda bir yerlerde bar\u0131nmak istemeyi\u015fidir. Bir istisna 4 milyon ki\u015finin bug\u00fcn T\u00fcrkiye\u2019de duraklay\u0131p \u0130slam d\u00fcnyas\u0131n\u0131n en geli\u015fmi\u015f \u00fclkesi olan T\u00fcrkiye\u2019de huzur buldu\u011fu vurguluyorum. Tarihin ac\u0131 birikimlerine havza olan Avrupa\u2019n\u0131n \u00e7\u0131plak elli, s\u0131rt\u0131 kundakl\u0131, a\u00e7 susuz insan sellerinin dikenli tel \u00f6rg\u00fclerle, \u00e7oban k\u00f6pekleriyle silah g\u00fcc\u00fcyle durdurulamayaca\u011f\u0131n\u0131 hala anlayamam\u0131\u015f olmas\u0131d\u0131r. Ge\u00e7en hafta Balkanlar\u0131n karl\u0131 tipili yollar\u0131nca yal\u0131nayak y\u00fcr\u00fcrken Belgrat\u2019ta duraklayan ve tren gar\u0131 halelerini i\u015fgal edenler bug\u00fcn art\u0131k Viyana\u2019da belirdi. Bu mazlum insanlar\u0131n Avrupa\u2019n\u0131n hangi noktas\u0131na var\u0131nca zafer bayra\u011f\u0131 dikecekleri belli de\u011fil. Binlerce hamile s\u0131\u011f\u0131nmac\u0131 Bayan Eski K\u0131ta\u2019n\u0131n gelece\u011fini ta\u015f\u0131yor ba\u011f\u0131rlar\u0131nda\u2026<\/p>\n<p><strong>ABD\u2019nin Asya ve Yak\u0131n Do\u011fu politikas\u0131 G\u00fcneyden Kuzeye ak\u0131\u015f\u0131 ve Trump\u2019u do\u011furdu<\/strong>.<\/p>\n<p>Ceo-politik ibreleri de\u011fi\u015ftiren sava\u015flar, do\u011fal afetler, k\u0131tl\u0131k ve zul\u00fcmd\u00fcr. Hareketlenen kitle taban\u0131 s\u00fcrekli bombalanan d\u00fcnyan\u0131n \u00e7\u00f6k\u00fc\u015fe itildi\u011fine en inand\u0131r\u0131c\u0131 kan\u0131tt\u0131r. Art\u0131k kimse feci bir yola girildi\u011fini ink\u00e2r edemiyor. S\u0131\u011f\u0131nma hakk\u0131 isteyenler i\u00e7in yeni \u201c<strong>Au\u015fvits<\/strong>\u201d, \u201c<strong>Lindenau<\/strong>\u201d ve toplu say\u0131lar\u0131 49 olan gaz kamaral\u0131 \u00f6l\u00fcm kamplar\u0131 kurulamaz. Evet, d\u00fcnyan\u0131n en uygar ve en insanc\u0131l din ve medeniyetinin ta\u015f\u0131y\u0131c\u0131lar\u0131 olan M\u00fcsl\u00fcmanlar\u0131n insan olmad\u0131\u011f\u0131 gibi sa\u00e7mal\u0131klar\u0131 yeniden i\u015fitmeye ba\u015flad\u0131k. Bu sesler Bulgaristan sol ve sa\u011f a\u015f\u0131r\u0131lar\u0131n\u0131n fa\u015fistlerin a\u011fz\u0131ndan da \u00e7\u0131k\u0131yor ve bu gidi\u015f durdurulmal\u0131d\u0131r.<\/p>\n<p>Viyana \u201cSchiller Kitap\u00e7\u0131s\u0131ndan\u201d \u00a0Frank Schirmacher\u2019in \u201c<strong>Das Ego<\/strong>\u201d (Ben) kitab\u0131n\u0131 ald\u0131m. Yazar, \u201c<strong>ahlaks\u0131z bencilli\u011fi<\/strong>\u201d konu etmi\u015f ve yeni bir So\u011fuk Sava\u015f ile \u00e7ok \u00f6zel eksiklikleri olan bir ekonomiyi konu etmi\u015ftir. D\u00fcnya 2008\u2019den beri d\u00fczensiz ve ahlaks\u0131zl\u0131\u011f\u0131 ya\u015f\u0131yor. ABD ve AB\u2019nin Rusya\u2019ya yapt\u0131r\u0131m uygulamas\u0131yla \u0130kinci So\u011fuk Sava\u015f\u2019\u0131n perdesi kalkt\u0131. Suriye Sava\u015f\u0131nda yak\u0131n ve uzak \u00fclkeler yeni m\u00fcttefikler ve \u00f6tekiler olarak bir daha cephele\u015fti. \u00c7ok ba\u015fl\u0131 yeni bir d\u00fcnya do\u011fdu. 1919\u2019da t\u00fcm emperyalist d\u00fcnyaya kafa tutan T\u00fcrkiye 21. y\u00fczy\u0131la dirilmi\u015f, d\u00fczenli, inanm\u0131\u015f liderli ve d\u00f6n\u00fc\u015ferek, azimli girdi. Herkesin ya\u015fad\u0131\u011f\u0131 bunal\u0131mlar\u0131 ya\u015famak zorunda olsa bile, 15 Temmuz 2016\u2019da \u015fahlanarak mazlum d\u00fcnyaya Deniz Feneri olmaya devam etme azmini ortaya koydu.<\/p><div id=\"bghab-1170474635\" class=\"bghab-icerik-icine-30-paragraf bghab-entity-placement\"><script async src=\"\/\/pagead2.googlesyndication.com\/pagead\/js\/adsbygoogle.js?client=ca-pub-6203283170189293\" crossorigin=\"anonymous\"><\/script><ins class=\"adsbygoogle\" style=\"display:block; text-align:center;\" data-ad-client=\"ca-pub-6203283170189293\" \ndata-ad-slot=\"7303146466\" \ndata-ad-layout=\"in-article\"\ndata-ad-format=\"fluid\" data-full-width-responsive=\"true\"><\/ins>\n<script> \n(adsbygoogle = window.adsbygoogle || []).push({}); \n<\/script>\n<\/div>\n<p><strong>Amerika b\u00fcz\u00fclmeyi se\u00e7ti<\/strong>.<\/p>\n<p>Bu hafta b\u00fcy\u00fck t\u00f6renle yemin eden ABD yeni Ba\u015fkan\u0131 Trump, itiraf etmese de, Amerikan gemisini limanda demirli teslim ald\u0131. Amerikan halk\u0131 onun bir gemi aslan\u0131 olmas\u0131n\u0131 istemiyor. Halatlar\u0131 s\u00f6kmeye acele eden de yok gibi. Gidecek liman da yok asl\u0131nda. G\u00f6\u00e7ler Avrupa\u2019n\u0131n sosyal yap\u0131s\u0131n\u0131 y\u0131kt\u0131. G\u00fcney Amerika\u2019da g\u00fc\u00e7 toplayan dalga Amerikan\u0131n sosyal yap\u0131s\u0131n\u0131 da \u00e7\u00f6kertebilir. Cennet \u00e7\u00f6kerse bir daha kurulamaz. Toplumun orta dire\u011fi olan orta kesim eski durumun ya\u015famas\u0131ndan yana oldu\u011funu gizlemiyorlar. <strong>Trump gemiyi nereye s\u00fcrecek<\/strong>?<\/p>\n<p><strong>Bulgaristan ibresi. <\/strong><\/p>\n<p>Bulgaristan\u2019da Cumhurba\u015fkan\u0131 de\u011fi\u015fti. O da ne yapaca\u011f\u0131n\u0131 bilmiyor. \u00c7\u00fcnk\u00fc makam \u201cMercedes\u201d ine binse, halk ona birinci vitesi takma imk\u00e2n\u0131 vermiyor. Etraf\u0131 ku\u015fat\u0131lm\u0131\u015f. 2.5 milyon se\u00e7men siyasi sistem de\u011fi\u015fikli\u011fi istiyor. \u00a0Halk iradesi her zaman birey iradesinden g\u00fc\u00e7l\u00fcd\u00fcr. Tarihi yaratan, ya\u015fayan ve yazan halkt\u0131r. Halka ra\u011fmen hi\u00e7 bir \u015fey yap\u0131lamaz. Bir de \u015fu var, Bulgaristan NATO ve AB \u00fcyesi olsa da bu iki \u00fcyelik halk\u0131m\u0131z\u0131 beslemiyor. \u00a0\u015eu an hem Do\u011fu hem Bat\u0131 hem de T\u00fcrkiye etki alanlar\u0131n\u0131n kesi\u015fti\u011fi yerde oldu\u011fumuzdan bizim ibre titremiyor gibi, \u00fc\u00e7 y\u00f6r\u00fcngede d\u00f6nmemizse olanaks\u0131zd\u0131r. Sanki kuytuday\u0131z. Bat\u0131 y\u00f6r\u00fcngesinden \u00e7\u0131k\u0131p Moskova y\u00f6r\u00fcngesine girmeyi denemesek daha isabetli olacak. \u00c7\u00fcnk\u00fc elimiz kolumuz ba\u011fl\u0131, hareket de edemiyoruz. Zaman kazanmam\u0131z gerekiyor. G\u00fcne\u015f yaln\u0131z bizim i\u00e7in de\u011fil, her zaman b\u00fct\u00fcn d\u00fcnya i\u00e7in do\u011fuyor. 2017 i\u00e7in yaln\u0131z \u015funu yazabilirim: <strong>Hem baharda hem de g\u00fcz aylar\u0131nda iki erken se\u00e7im olacak. Se\u00e7imle durulmak. Biz siyasi olarak durulmak zorunday\u0131z. <\/strong><\/p>\n<p>Viyana\u2019da dostlara selamlar.<\/p><div id=\"bghab-714788900\" class=\"bghab-icerik-icine-35-paragraf bghab-entity-placement\"><script async src=\"\/\/pagead2.googlesyndication.com\/pagead\/js\/adsbygoogle.js?client=ca-pub-6203283170189293\" crossorigin=\"anonymous\"><\/script><ins class=\"adsbygoogle\" style=\"display:block; text-align:center;\" data-ad-client=\"ca-pub-6203283170189293\" \ndata-ad-slot=\"7303146466\" \ndata-ad-layout=\"in-article\"\ndata-ad-format=\"fluid\" data-full-width-responsive=\"true\"><\/ins>\n<script> \n(adsbygoogle = window.adsbygoogle || []).push({}); \n<\/script>\n<\/div>\n<div id=\"bghab-771213614\" class=\"bghab-yazi-altinda bghab-entity-placement\"><div class=\"bghab-adlabel\">Reklamlar<\/div><script async src=\"https:\/\/pagead2.googlesyndication.com\/pagead\/js\/adsbygoogle.js\"><\/script>\r\n<!-- bghaber-yaz\u0131-sonu -->\r\n<ins class=\"adsbygoogle\"\r\n     style=\"display:block\"\r\n     data-ad-client=\"ca-pub-6203283170189293\"\r\n     data-ad-slot=\"4222328180\"\r\n     data-ad-format=\"auto\"\r\n     data-full-width-responsive=\"true\"><\/ins>\r\n<script>\r\n     (adsbygoogle = window.adsbygoogle || []).push({});\r\n<\/script><\/div><br style=\"clear: both; display: block; float: none;\"\/>","protected":false},"excerpt":{"rendered":"<p>Osman B\u00dcLB\u00dcL Tarih: 22 Ocak 2017 \u00c7ukurday\u0131z.\u00a0\u00a0 Hem baharda hem de g\u00fcze iki se\u00e7ime haz\u0131rlan\u0131n. &nbsp; Siyasette \u201cradyo\u201d \u00e7a\u011f\u0131 ge\u00e7ti, \u015fimdi TV \u00e7a\u011f\u0131nday\u0131z, en g\u00fc\u00e7l\u00fc<\/p>\n","protected":false},"author":13,"featured_media":19647,"comment_status":"closed","ping_status":"closed","sticky":false,"template":"","format":"standard","meta":{"advanced_seo_description":"","jetpack_seo_html_title":"","jetpack_seo_noindex":false,"_jetpack_memberships_contains_paid_content":false,"footnotes":""},"categories":[6],"tags":[],"class_list":["post-22038","post","type-post","status-publish","format-standard","has-post-thumbnail","hentry","category-yorum"],"jetpack_featured_media_url":"https:\/\/i0.wp.com\/www.bghaber.org\/bghaber\/wp-content\/uploads\/2016\/07\/OSMAN-BULBUL.jpg?fit=97%2C108&ssl=1","jetpack_sharing_enabled":true,"jetpack_likes_enabled":true,"jetpack-related-posts":[],"jetpack_shortlink":"https:\/\/wp.me\/pc2PfJ-5Js","_links":{"self":[{"href":"https:\/\/www.bghaber.org\/bghaber\/wp-json\/wp\/v2\/posts\/22038","targetHints":{"allow":["GET"]}}],"collection":[{"href":"https:\/\/www.bghaber.org\/bghaber\/wp-json\/wp\/v2\/posts"}],"about":[{"href":"https:\/\/www.bghaber.org\/bghaber\/wp-json\/wp\/v2\/types\/post"}],"author":[{"embeddable":true,"href":"https:\/\/www.bghaber.org\/bghaber\/wp-json\/wp\/v2\/users\/13"}],"replies":[{"embeddable":true,"href":"https:\/\/www.bghaber.org\/bghaber\/wp-json\/wp\/v2\/comments?post=22038"}],"version-history":[{"count":0,"href":"https:\/\/www.bghaber.org\/bghaber\/wp-json\/wp\/v2\/posts\/22038\/revisions"}],"wp:featuredmedia":[{"embeddable":true,"href":"https:\/\/www.bghaber.org\/bghaber\/wp-json\/wp\/v2\/media\/19647"}],"wp:attachment":[{"href":"https:\/\/www.bghaber.org\/bghaber\/wp-json\/wp\/v2\/media?parent=22038"}],"wp:term":[{"taxonomy":"category","embeddable":true,"href":"https:\/\/www.bghaber.org\/bghaber\/wp-json\/wp\/v2\/categories?post=22038"},{"taxonomy":"post_tag","embeddable":true,"href":"https:\/\/www.bghaber.org\/bghaber\/wp-json\/wp\/v2\/tags?post=22038"}],"curies":[{"name":"wp","href":"https:\/\/api.w.org\/{rel}","templated":true}]}}