{"id":22035,"date":"2017-01-20T21:21:21","date_gmt":"2017-01-20T19:21:21","guid":{"rendered":"http:\/\/www.bghaber.org\/bghaber\/?p=22035"},"modified":"2017-01-20T21:21:30","modified_gmt":"2017-01-20T19:21:30","slug":"22035-2","status":"publish","type":"post","link":"https:\/\/www.bghaber.org\/bghaber\/22035-2\/","title":{"rendered":"Dengesizlikteki Denge"},"content":{"rendered":"<p>Rafet ULUT\u00dcRK<\/p>\n<p>Tarih: 20 Ocak 2017<\/p>\n<p><strong>Siyasette de \u015fans var. <\/strong><\/p>\n<p>Be\u015f senelik Cumhurba\u015fkanl\u0131\u011f\u0131 sona eren Say\u0131n Rosen Plevneliev\u2019e ORTA D\u0130REK deyemedik. \u00c7ok partili parlamenter d\u00fczende Cumhurba\u015fkan\u0131\u2019nda ORTA D\u0130RE\u011e\u0130 aranmas\u0131 siyaset ve vatanda\u015f arzusudur. \u00c7\u00fcnk\u00fc orta direksiz bir toplumda uyum olmad\u0131\u011f\u0131 gibi denge sa\u011flanmas\u0131 da zordur. Bir yere kadar bug\u00fcnk\u00fc Bulgaristan anormalli\u011fine temel olan da budur.<\/p>\n<p><strong>Bulgar tarihinde se\u00e7imle Cumhurba\u015fkan\u0131 olan General yoktur.<\/strong><\/p><div id=\"bghab-4007967824\" class=\"bghab-icerik-icine bghab-entity-placement\"><script async src=\"\/\/pagead2.googlesyndication.com\/pagead\/js\/adsbygoogle.js?client=ca-pub-6203283170189293\" crossorigin=\"anonymous\"><\/script><ins class=\"adsbygoogle\" style=\"display:block; text-align:center;\" data-ad-client=\"ca-pub-6203283170189293\" \ndata-ad-slot=\"7303146466\" \ndata-ad-layout=\"in-article\"\ndata-ad-format=\"fluid\" data-full-width-responsive=\"true\"><\/ins>\n<script> \n(adsbygoogle = window.adsbygoogle || []).push({}); \n<\/script>\n<\/div>\n<p>Bir Rus sava\u015f u\u00e7a\u011f\u0131ndan inip sivil havac\u0131l\u0131kta kaptan olma \u00f6zelli\u011fini g\u00f6rece\u011fiz.<\/p>\n<p>18 Ocak 2017\u2019de yem t\u00f6reni yap\u0131ld\u0131. T\u00f6reninde yap\u0131lan ilk konu\u015fmay\u0131 de\u011ferlendirenler \u201c<strong>can s\u0131k\u0131c\u0131<\/strong>\u201d ve \u201c<strong>yorucu<\/strong>\u201d buldu. General Cumhurba\u015fkan\u0131 Bulgaristan\u2019daki durumu sosyal bir parti ba\u015fkan\u0131 gibi, \u201c<strong>gurbet\u00e7ilik<\/strong>\u201d ve \u201c<strong>bakkallardaki veresi defterleri<\/strong>\u201d ile anlat\u0131nca inand\u0131r\u0131c\u0131 olmad\u0131. Bir\u00e7ok keskin temel \u00e7eli\u015fki aras\u0131nda gurbet\u00e7ilerle yak\u0131nlar\u0131n\u0131n bir ay veresiye ya\u015famas\u0131 birbirini tamamlad\u0131\u011f\u0131ndan dolay\u0131 bizde dengeli olan tek \u015feydi.<\/p>\n<p>\u0130kinci Borisov h\u00fck\u00fcmetini \u00e7\u00f6kerten, meclisi felce u\u011fratan <strong>r\u00fc\u015fvet\u00e7ilik ile<\/strong> <strong>devletin dalaverecilerin eline ge\u00e7mesiydi, fakat o Bulgar devletinin \u00f6z\u00fcn\u00fc kemiren kurtlara de\u011finmedi.<\/strong><\/p>\n<p><strong>Avrupa\u2019n\u0131n en yoksul \u00fclkesi oldu\u011fumuzu bilmeyen yok. <\/strong><\/p>\n<p>N\u00fcfusun neredeyse % 50\u2019sini olu\u015fturan etnik az\u0131nl\u0131klar\u0131n devletten ve toplumdan tamamen kopmu\u015f GETTOLARDA \u00f6l\u00fcmlerden \u00f6l\u00fcm se\u00e7meye terkedilmi\u015f olmas\u0131n\u0131 g\u00f6rmek isteyen de yok, yeni Cumhurba\u015fkan\u0131 da pas ge\u00e7ti. O, e\u015fe\u011fi ba\u011flanaca\u011f\u0131 yeni kaz\u0131\u011f\u0131 27 y\u0131ldan beri yap\u0131lamayan e\u011fitim, sa\u011fl\u0131k ve adalet reformu kaz\u0131\u011f\u0131nda g\u00f6rd\u00fc. Bu kadar k\u00f6r bir bak\u0131\u015f endi\u015fe uyand\u0131rd\u0131.<\/p><div id=\"bghab-2474251366\" class=\"bghab-icerik-icine-10-paragraf bghab-entity-placement\"><script async src=\"\/\/pagead2.googlesyndication.com\/pagead\/js\/adsbygoogle.js?client=ca-pub-6203283170189293\" crossorigin=\"anonymous\"><\/script><ins class=\"adsbygoogle\" style=\"display:block; text-align:center;\" data-ad-client=\"ca-pub-6203283170189293\" \ndata-ad-slot=\"7303146466\" \ndata-ad-layout=\"in-article\"\ndata-ad-format=\"fluid\" data-full-width-responsive=\"true\"><\/ins>\n<script> \n(adsbygoogle = window.adsbygoogle || []).push({}); \n<\/script>\n<\/div>\n<p>Her cumhurba\u015fkan\u0131 gibi Bulgaristan Cumhurba\u015fkan\u0131n\u0131n \u00f6devi de <strong>ba\u011f\u0131ms\u0131z ve tarafs\u0131z<\/strong> olmakt\u0131r. Ne var ki, \u00fclkemizin ba\u015ftanba\u015fa kar alt\u0131nda kald\u0131\u011f\u0131 Ocak ay\u0131nda tren ve trafikle birlikte hayat\u0131n tamamen durdu\u011funu, \u015eumen\u2019e ba\u011fl\u0131 \u201c\u015eeytanc\u0131k\u201d \u2013 Hitrino k\u00f6y\u00fcndeki tren kazas\u0131n\u0131, \u00f6l\u00fc ve yaral\u0131larla birlikte halk\u0131n k\u0131\u015f pani\u011fini, son g\u00fcnlerde 3 trenin daha raydan \u00e7\u0131kt\u0131\u011f\u0131n\u0131 g\u00f6rmezlikten gelmek de akl\u0131selim olmad\u0131. Eski cumhurba\u015fkan\u0131 d\u00f6neminde 128 tren seferi kalkt\u0131 ama sorun \u00e7\u00f6z\u00fclmedi. Do\u011fal felaketten, i\u015fsizlikten, a\u00e7l\u0131ktan ve \u00e7aresizlikten, ila\u00e7 alamad\u0131\u011f\u0131 i\u00e7in \u00f6len vatanda\u015flar\u0131n tarifi zor yoksullu\u011funu en inand\u0131r\u0131c\u0131 anlatan belki de s\u0131\u011f\u0131nmac\u0131lar\u0131n \u00fclkemizi terk etmesi, Avrupa kurumlar\u0131n\u0131n Bulgaristan i\u00e7in ay\u0131rd\u0131\u011f\u0131 g\u00f6\u00e7menlerin kesin gelmek istememesi ve annelerin ya\u015fayabilmek i\u00e7in yeni do\u011fanlar\u0131 \u00e7ocuklar\u0131n\u0131 satmas\u0131 olaylar\u0131d\u0131r. Bu ger\u00e7eklere ba\u011f\u0131ms\u0131zl\u0131k ve de tarafs\u0131z kal\u0131namaz!<\/p>\n<p><strong>Bu i\u015fin dengesi kaym\u0131\u015f, \u00e7ivisi \u00e7oktan \u00e7\u0131km\u0131\u015ft\u0131r. <\/strong><\/p>\n<p>D\u0131\u015f siyasette de tarafs\u0131z ve ba\u011f\u0131ms\u0131z olamay\u0131z. Deme\u00e7te \u201c<strong>ter\u00f6r<\/strong>\u201d, \u201c<strong>uluslararas\u0131 ter\u00f6rizm<\/strong>\u201d T\u00fcrkiye\u2019deki ter\u00f6r olaylar\u0131, \u015fu a\u011f\u0131r k\u0131\u015f g\u00fcnlerinde T\u00fcrkiye\u2019nin 4 milyon sava\u015f ka\u00e7a\u011f\u0131na ev sahipli\u011fi yapmas\u0131, \u201c<strong>F\u0131rat Kalkan\u0131<\/strong>\u201d operasyonuyla anti-ter\u00f6rist m\u00fccadelede \u00f6nc\u00fc g\u00fc\u00e7 oldu\u011funu g\u00f6rmezlikten gelmek ne iyi kom\u015fuluktur ne de ter\u00f6rle m\u00fccadelede konumudur. Kom\u015fu s\u0131n\u0131r\u0131na tel \u00f6rg\u00fc germek ter\u00f6rle m\u00fccadeleye katk\u0131 olamaz. General Radev demecinde, DEA\u015e ve PKK gibi ter\u00f6r \u00f6rg\u00fctlerinin elindeki \u201cKala\u015fnik\u201d silahlar bizde \u00fcretiliyor, \u00f6l\u00fcm ticaretine son verelim, demedi.<\/p>\n<p><strong>Bulgar tarihinde birka\u00e7 askeri darbe olmu\u015ftur. <\/strong><\/p>\n<p>1923 ve 1934\u2019te fa\u015fizme do\u011fru ad\u0131m atan askeri darbelerde meclis da\u011f\u0131lm\u0131\u015ft\u0131. General Radev\u2019in yemin t\u00f6reninde milletvekillerine \u201c<strong>hadi bir haftan\u0131z kald\u0131, salonu bo\u015falt\u0131n<\/strong>\u201d \u015feklinde sitem etmesi, tepkili yorumland\u0131. \u015eimdiki bunal\u0131mdan kendilerine ya\u011f \u00e7\u0131karan a\u015f\u0131r\u0131 sa\u011fc\u0131larla, 2 y\u0131l \u00f6nce reform yaparak bunal\u0131m\u0131n \u00fcst\u00fcden gelme azmiyle bakan olanlar yemin t\u00f6renini terk ettiler. \u201cBen t\u00fct\u00fcn vatanda\u015flar\u0131n Cumhurba\u015fkan\u0131 olaca\u011f\u0131m\u201d deyen Gen. Radev\u2019ten siyasi sa\u011f kanad\u0131n yar\u0131s\u0131 koptu.<\/p><div id=\"bghab-4209902653\" class=\"bghab-icerik-icine-15-paragraf bghab-entity-placement\"><script async src=\"\/\/pagead2.googlesyndication.com\/pagead\/js\/adsbygoogle.js?client=ca-pub-6203283170189293\" crossorigin=\"anonymous\"><\/script><ins class=\"adsbygoogle\" style=\"display:block; text-align:center;\" data-ad-client=\"ca-pub-6203283170189293\" \ndata-ad-slot=\"7303146466\" \ndata-ad-layout=\"in-article\"\ndata-ad-format=\"fluid\" data-full-width-responsive=\"true\"><\/ins>\n<script> \n(adsbygoogle = window.adsbygoogle || []).push({}); \n<\/script>\n<\/div>\n<p><strong>Anla\u015f\u0131lan general krizi yanl\u0131\u015f okumu\u015ftu. <\/strong><\/p>\n<p>Siyasiden parlamenter krize ve ard\u0131ndan ulusal krize s\u0131\u00e7rayan ve \u015fu an ya\u015fanan bunal\u0131mda vurgulanmas\u0131 gereken nokta ba\u015fkayd\u0131. Siyas\u0131 erk g\u00f6n\u00fcll\u00fc istifa etmi\u015f, y\u00fcr\u00fctme yasamay\u0131 da\u011flamad\u0131\u011f\u0131ndan dolay\u0131 meclis s\u0131ras\u0131n\u0131 bekliyordu.<\/p>\n<p>Fakat meclisin yerinde saymas\u0131, ki\u015fisel bir sorun de\u011fil, 6 Kas\u0131m 2016\u2019da beliren ve siyasi de\u011fi\u015fiklik isteyen halk iradesiydi. 2.5 milyon Bulgaristan se\u00e7meni parti listelerine g\u00f6re dayat\u0131lan milletvekillerine \u201c<strong>g\u00f6rev s\u00fcreniz bitti<\/strong>\u201d dedi. Bu ger\u00e7ek g\u00fcn gibi ortadayken, yemin t\u00f6reninde yeni ba\u015fkan\u0131n okudu\u011fu raporda \u00e7ok ciddi bir \u00e7eli\u015fki ba\u015f g\u00f6sterdi.<\/p>\n<p>&nbsp;<\/p>\n<p>6 Kas\u0131m 2016\u2019da bir hafta sonraki ikinci turda \u2013 13 Kas\u0131m 2016\u2019da se\u00e7im g\u00fcn\u00fc 2.060.000 (iki milyon 60 bin) oyla Cumhurba\u015fkan\u0131 se\u00e7ilen Gen. Rumen Radev ile birlikte Bulgaristan\u2019\u0131n siyasi gelece\u011fini kendisi belirlemek isteyen halk iradesi HALK OYLAMASINDA belirdi.\u00a0 Bir se\u00e7men devleti arpal\u0131k haline getiren Borisov h\u00fck\u00fcmetine \u201c<strong>yeter art\u0131k, biraz kenara \u00e7ekil<\/strong>\u201d derken, ayn\u0131 zamanda siyasi sistemde \u201c<strong>\u015funlar\u0131n \u015funlar\u0131n<\/strong> <strong>yap\u0131lmas\u0131n\u0131 istiyorum<\/strong>\u201d dedi.<\/p><div id=\"bghab-4175639828\" class=\"bghab-icerik-icine-20-paragraf bghab-entity-placement\"><script async src=\"\/\/pagead2.googlesyndication.com\/pagead\/js\/adsbygoogle.js?client=ca-pub-6203283170189293\" crossorigin=\"anonymous\"><\/script><ins class=\"adsbygoogle\" style=\"display:block; text-align:center;\" data-ad-client=\"ca-pub-6203283170189293\" \ndata-ad-slot=\"7303146466\" \ndata-ad-layout=\"in-article\"\ndata-ad-format=\"fluid\" data-full-width-responsive=\"true\"><\/ins>\n<script> \n(adsbygoogle = window.adsbygoogle || []).push({}); \n<\/script>\n<\/div>\n<p>\u0130stenen, e\u011fitim, sa\u011fl\u0131k ve adalet reformundan \u00f6nce \u201c<strong>siyasi sistemin, dolay\u0131s\u0131yla se\u00e7im kanununun de\u011fi\u015ftirilmesiydi.<\/strong>\u201d Bulgaristan se\u00e7meni \u201c<strong>bu se\u00e7im kanunuyla se\u00e7ilen yasama organ\u0131n\u0131n (meclisin) kendisini t\u00fcketti\u011fini ve reform yapabilecek durumda olmad\u0131\u011f\u0131n\u0131 anlam\u0131\u015f ve meclisin toptan bo\u015falt\u0131lmas\u0131n\u0131 ve halk\u0131n majoriter sistemle tan\u0131d\u0131\u011f\u0131 insanlar\u0131 kendisinin se\u00e7mesini uygun bulmu\u015ftu. <\/strong>Bunu 2.500.000 (iki bu\u00e7uk milyon) se\u00e7menin istemesine ra\u011fmen, Gen Radev daha Cumhurba\u015fkan\u0131 sandalyesine oturmadan halka itiraz etti, sosyalist parti tezlerine bast\u0131.<\/p>\n<p><strong>\u00a0<\/strong><\/p>\n<p><strong>Daha ilk g\u00fcn \u015f\u00f6yle bir durum ortaya \u00e7\u0131km\u0131\u015f bulunuyor. Soru \u015fudur: General Radev 2.060.000 (iki milyon altm\u0131\u015f bin) oyla Cumhurba\u015fkan\u0131 olunca 2.5 milyon se\u00e7menin iradesini de\u011fi\u015ftirme hakk\u0131 kazanm\u0131\u015f oldu mu? <\/strong><\/p>\n<p><strong>\u00a0<\/strong><\/p>\n<p><strong>Ne halk ne de Anayasa ona b\u00f6yle bir hak tan\u0131mam\u0131\u015ft\u0131r. Ve o daha ilk g\u00fcnde b\u00f6yle bir hakk\u0131 gasp ediyorsa, Anayasay\u0131 \u00e7i\u011fnemi\u015ftir ve g\u00f6rev s\u00fcresi ba\u015flamadan bitmi\u015ftir. \u00c7\u00fcnk\u00fc o Bulgaristan\u2019\u0131 ezmeye devam eden totaliter kal\u0131nt\u0131lar\u0131 ya\u015fatmaya gelmi\u015f demektir. <\/strong><\/p>\n<p>O, k\u00fcrs\u00fcden\u00a0 \u201c<strong>karma se\u00e7im sistemi<\/strong>\u201d dedi. Onun se\u00e7ildi\u011fi g\u00fcn halk majoriter se\u00e7im istemi istedi. Halk se\u00e7imde kazan\u0131lan bir oy i\u00e7in 11 leva de\u011fil, devlet b\u00fct\u00e7esinden yaln\u0131z 1 leva \u00f6denmesini istedi. O \u201caman partilere daha fazla verelim\u201d dedi. \u00d6denecek olan paran\u0131n halk\u0131n paras\u0131 oldu\u011funu unuttu.<\/p>\n<p>\u201c<strong>Ben herkesin Cumhurba\u015fkan\u0131 olaca\u011f\u0131m<\/strong>\u201d s\u00f6zleri ile s\u00f6yledi\u011fi di\u011fer c\u00fcmleler birbirini tutmad\u0131.<\/p><div id=\"bghab-2270566091\" class=\"bghab-icerik-icine-25-paragraf bghab-entity-placement\"><script async src=\"\/\/pagead2.googlesyndication.com\/pagead\/js\/adsbygoogle.js?client=ca-pub-6203283170189293\" crossorigin=\"anonymous\"><\/script><ins class=\"adsbygoogle\" style=\"display:block; text-align:center;\" data-ad-client=\"ca-pub-6203283170189293\" \ndata-ad-slot=\"7303146466\" \ndata-ad-layout=\"in-article\"\ndata-ad-format=\"fluid\" data-full-width-responsive=\"true\"><\/ins>\n<script> \n(adsbygoogle = window.adsbygoogle || []).push({}); \n<\/script>\n<\/div>\n<p>B\u00f6ylece Bulgaristan toplumunda yeni ve \u00e7ok b\u00fcy\u00fck bir bunal\u0131m meydana geldi. Yemin t\u00f6reninde Gen Radev\u2019in eski kom\u00fcnist, yeni sosyalist maskesi d\u00fc\u015ft\u00fc.<\/p>\n<p>Yeni durumda ortaya \u00e7\u0131kan yeni soru \u015fudur. Gen Radev somut olarak kimin ad\u0131na konu\u015ftu? Onu yaln\u0131z Bulgaristan Sosyalist Partisi (BSP) se\u00e7medi. Bulgaristan T\u00fcrklerinin oylar\u0131n\u0131n % 60\u2019\u0131 da ona gitti. Eski cumhurba\u015fkanlar\u0131ndan Georgi P\u0131rvanov gibi en ka\u015farl\u0131 kom\u00fcnistlerinde oyunu alan Gen Radev, bu partide i\u00e7 devrime neden oldu ve b\u00fct\u00fcn parti y\u00f6netimi siyasetten el \u00e7ekti.<\/p>\n<p><strong>\u00c7\u00fcnk\u00fc Moskova\u2019ya ba\u011fl\u0131 ve \u00f6teden beri savunulan t\u00fcm tezleri yanl\u0131\u015ft\u0131. <\/strong><\/p>\n<p>Gen Radev\u2019in kurs\u00fcden s\u00f6yledi\u011fi s\u00f6zler daha \u00f6nce ayn\u0131 k\u00fcrs\u00fcden Sosyalist Parti lideri Bayan Kurnelya Ninova taraf\u0131ndan birka\u00e7 defa s\u00f6ylenmi\u015fti.<\/p>\n<p><strong>\u015eu da var, askeri u\u00e7akta kaptan olan General, sivil havac\u0131l\u0131kta BSP hostesi mi olacak?<\/strong><\/p><div id=\"bghab-3231976745\" class=\"bghab-icerik-icine-30-paragraf bghab-entity-placement\"><script async src=\"\/\/pagead2.googlesyndication.com\/pagead\/js\/adsbygoogle.js?client=ca-pub-6203283170189293\" crossorigin=\"anonymous\"><\/script><ins class=\"adsbygoogle\" style=\"display:block; text-align:center;\" data-ad-client=\"ca-pub-6203283170189293\" \ndata-ad-slot=\"7303146466\" \ndata-ad-layout=\"in-article\"\ndata-ad-format=\"fluid\" data-full-width-responsive=\"true\"><\/ins>\n<script> \n(adsbygoogle = window.adsbygoogle || []).push({}); \n<\/script>\n<\/div>\n<p>Yemin t\u00f6reninde dikkati \u00e7eken bir protokol inceli\u011fi de d\u00fc\u015f\u00fcnd\u00fcr\u00fcc\u00fcd\u00fcr. Yeni Cumhurba\u015fkan\u0131 Bulgar Do\u011fu Ortodoks Kilisesinin Ba\u015f\u0131 olan Ba\u015f Piskopos Neofit\u2019in elini s\u0131k\u0131p yana\u011f\u0131n\u0131 \u00f6pmedi\u011fi gibi, Ba\u015f M\u00fcft\u00fc Mustafa Hac\u0131\u2019n\u0131n, Katolik ve Protestan dinleri yetkili temsilcilerinin de elini s\u0131kmad\u0131. Bulgaristan T\u00fcrkleri Manevi Konsey Ba\u015fkan\u0131 Vedat Uzun ve Ba\u015f M\u00fcft\u00fc Yard\u0131mc\u0131s\u0131 salondayd\u0131.<\/p>\n<p>General Radev\u2019in meclis bile\u015fiminde ve idari ve diplomatik erk\u00e2n \u00f6n\u00fcnde yapt\u0131\u011f\u0131 konu\u015fma, onun 1990\u2019da kat\u0131ld\u0131\u011f\u0131 Bulgaristan Kom\u00fcnist Partisi 14. Kongresini an\u0131msatt\u0131. O kurultayda Kom\u00fcnist Partisi BKP ad\u0131n\u0131 de\u011fi\u015ftirmi\u015f ve sosyalist parti BSP olmu\u015ftu. Ve i\u015fte \u015fimdi Bulgar halk\u0131n\u0131n 27 y\u0131ll\u0131k ikiy\u00fczl\u00fcl\u00fck i\u00e7inde sosyalist partinin yeti\u015ftirdi\u011fi en g\u00fcvenilir kadroyu Cumhurba\u015fkan\u0131 koltu\u011funda g\u00f6rebildik. Bu \u00fcr\u00fcn, ancak sosyalist parti i\u00e7indeki milyonerlerin ve hala \u00e7al\u0131\u015fan ve amerikan\u0131n eliyle d\u00fcnyaya \u201c<strong>Kala\u015fnikov<\/strong>\u201d satan Bulgar silah t\u00fcccarlar\u0131n\u0131n Cumhurba\u015fkan\u0131d\u0131r.<\/p>\n<p>Yeni cumhurba\u015fkan\u0131n\u0131n ORTA D\u0130REK i\u015flevine gelince, 404 partiye b\u00f6l\u00fcnm\u00fc\u015f Bulgar toplumunun b\u00f6yle bir ki\u015fiye ihtiyac\u0131 var. Ve \u00e7ok derin olan bunal\u0131m ko\u015fullar\u0131nda bunun yap\u0131lanmas\u0131 i\u00e7in \u00f6nce kertenkelenin biraz fazla uzayan kuyru\u011funun kopar\u0131lmas\u0131 gerekir. \u00c7\u00fcnk\u00fc a\u015f\u0131r\u0131 u\u00e7lar\u0131n irile\u015fti\u011fi ve sald\u0131rganla\u015ft\u0131\u011f\u0131 ortamda ORTA D\u0130REK rol\u00fc oynanamaz. 2014\u2019ten beri bizde a\u015f\u0131r\u0131 milliyet\u00e7i \u0131rk\u00e7\u0131lar\u0131n hortlamas\u0131, mecliste yasama giri\u015fimini ele ge\u00e7irmi\u015f olmas\u0131 ve \u00f6zellikle T\u00fcrk d\u00fc\u015fmanl\u0131\u011f\u0131n\u0131 kanuna uydurma \u00e7abalar\u0131 dikkati \u00e7ekti.<\/p>\n<p>Bu g\u00fc\u00e7ler 18 Ocakta Meclisi terk ettiler, siyasetten d\u0131\u015flanmalar\u0131 sa\u011flan\u0131rsa Gen Radev ORTA D\u0130REK olabilir.<\/p>\n<p>Sosyalist partiden oy \u00e7alan a\u015f\u0131r\u0131 u\u00e7larla zaman\u0131n\u0131 doldurmu\u015f ta\u015f kafa siyaset\u00e7ilerin sahneden indirilmesi yak\u0131n zamanda g\u00fcndem olabilir. Bunu gelecek hafta a\u00e7\u0131klanacak olan ge\u00e7ici se\u00e7im h\u00fck\u00fcmeti terkibinden okumak olas\u0131d\u0131r. AB parlamentosunun daha \u201c<strong>fa\u015fist u\u00e7<\/strong>\u201d olarak niteledi\u011fi sa\u011f milliyet\u00e7iler ve \u201c<strong>reform memesi<\/strong>\u201d art\u0131k a\u011f\u0131zlar\u0131ndan al\u0131nan Reformcu Blok\u2019u dalaverecilerinin iktidardan uzakla\u015ft\u0131r\u0131lmas\u0131 ilk ad\u0131m olmal\u0131d\u0131r.<\/p><div id=\"bghab-107207836\" class=\"bghab-icerik-icine-35-paragraf bghab-entity-placement\"><script async src=\"\/\/pagead2.googlesyndication.com\/pagead\/js\/adsbygoogle.js?client=ca-pub-6203283170189293\" crossorigin=\"anonymous\"><\/script><ins class=\"adsbygoogle\" style=\"display:block; text-align:center;\" data-ad-client=\"ca-pub-6203283170189293\" \ndata-ad-slot=\"7303146466\" \ndata-ad-layout=\"in-article\"\ndata-ad-format=\"fluid\" data-full-width-responsive=\"true\"><\/ins>\n<script> \n(adsbygoogle = window.adsbygoogle || []).push({}); \n<\/script>\n<\/div>\n<p>Yeni Bulgar siyasetinde ORTA D\u0130REK\u2019in yeri nerede olmal\u0131d\u0131r. Bu kadar yoksul bir \u00fclkede bu mihver ancak ORTANIN SOLUNA dikilebilir. Bu derinli\u011fin bir ba\u015fka anlam\u0131 da Bulgaristan\u2019\u0131 hem Cumhurba\u015fkan\u0131 ve hem de bakanlar kurulundan sorumlu yetkili bir Ba\u015fkan olarak \u00fclkeyi uzunca bir s\u00fcre y\u00f6netme f\u0131rsat\u0131nda gizlidir. Ge\u00e7ici h\u00fck\u00fcmete Bakan vermek istemeyen BSP\u2019nin de se\u00e7imlerde parma\u011f\u0131n\u0131 yalayaca\u011f\u0131 d\u00fc\u015f\u00fcn\u00fclemez. Parlamenter g\u00fc\u00e7lerin iyice ufalmas\u0131 yeni h\u00fck\u00fcmet kurulmas\u0131n\u0131 zorla\u015ft\u0131raca\u011f\u0131 gibi, hem ge\u00e7ici h\u00fck\u00fcmetin \u00f6mr\u00fcn\u00fc uzatacak, hem de daha 2017\u2019de yeni bir erken genel se\u00e7ime kap\u0131 a\u00e7acakt\u0131r.<\/p>\n<p><strong>Kaymakl\u0131 kahve General Radev\u2019e sanki alt\u0131n tepside sunuldu. <\/strong><\/p>\n<p>Tesad\u00fcfler bunal\u0131mlar\u0131n tan\u0131d\u0131\u011f\u0131 f\u0131rsatlard\u0131r. \u015eimdi art\u0131k her \u015fey onun se\u00e7ece\u011fi GE\u00c7\u0130C\u0130 SE\u00c7\u0130M H\u00dcK\u00dcMET\u0130 niteli\u011fine ba\u011fl\u0131 olacakt\u0131r. Siyaset \u00fcst\u00fc yetenekli kadrolardan olu\u015facak bir h\u00fck\u00fcmetin \u00f6mr\u00fc bunal\u0131m a\u015f\u0131lamad\u0131\u011f\u0131 s\u00fcrece devam edebilir. \u00c7\u00fcnk\u00fc ge\u00e7ici h\u00fck\u00fcmetin 26 Martta yap\u0131lacak se\u00e7imlerde 44. halk meclisinde 43. halk meclisinden farkl\u0131 bir bile\u015fimle y\u00fczle\u015fece\u011fine inanlar yok gibidir. Eski sisteme g\u00f6re yap\u0131lacak se\u00e7imlerde parti kadrolar\u0131 meclise dolacakt\u0131r.<\/p>\n<p>Yeni durumda h\u00fck\u00fcmeti kurma g\u00f6r\u00fc\u015fmeleri 2014\u2019te oldu\u011fu gibi yeniden kilitlenebilir. \u0130radesiz derme \u00e7atma bir h\u00fck\u00fcmetle reform yapmak imk\u00e2ns\u0131zd\u0131r. A\u015f\u0131lamayan bunal\u0131m\u0131n yeni s\u00fcrprizleri bizi bekliyor.<\/p>\n<p>Devam edecek.<\/p><div id=\"bghab-1706092651\" class=\"bghab-icerik-icine-40-paragraf bghab-entity-placement\"><script async src=\"\/\/pagead2.googlesyndication.com\/pagead\/js\/adsbygoogle.js?client=ca-pub-6203283170189293\" crossorigin=\"anonymous\"><\/script><ins class=\"adsbygoogle\" style=\"display:block; text-align:center;\" data-ad-client=\"ca-pub-6203283170189293\" \ndata-ad-slot=\"7303146466\" \ndata-ad-layout=\"in-article\"\ndata-ad-format=\"fluid\" data-full-width-responsive=\"true\"><\/ins>\n<script> \n(adsbygoogle = window.adsbygoogle || []).push({}); \n<\/script>\n<\/div>\n<div id=\"bghab-1453699905\" class=\"bghab-yazi-altinda bghab-entity-placement\"><div class=\"bghab-adlabel\">Reklamlar<\/div><script async src=\"https:\/\/pagead2.googlesyndication.com\/pagead\/js\/adsbygoogle.js\"><\/script>\r\n<!-- bghaber-yaz\u0131-sonu -->\r\n<ins class=\"adsbygoogle\"\r\n     style=\"display:block\"\r\n     data-ad-client=\"ca-pub-6203283170189293\"\r\n     data-ad-slot=\"4222328180\"\r\n     data-ad-format=\"auto\"\r\n     data-full-width-responsive=\"true\"><\/ins>\r\n<script>\r\n     (adsbygoogle = window.adsbygoogle || []).push({});\r\n<\/script><\/div><br style=\"clear: both; display: block; float: none;\"\/>","protected":false},"excerpt":{"rendered":"<p>Rafet ULUT\u00dcRK Tarih: 20 Ocak 2017 Siyasette de \u015fans var. Be\u015f senelik Cumhurba\u015fkanl\u0131\u011f\u0131 sona eren Say\u0131n Rosen Plevneliev\u2019e ORTA D\u0130REK deyemedik. \u00c7ok partili parlamenter d\u00fczende<\/p>\n","protected":false},"author":13,"featured_media":15193,"comment_status":"closed","ping_status":"closed","sticky":false,"template":"","format":"standard","meta":{"advanced_seo_description":"","jetpack_seo_html_title":"","jetpack_seo_noindex":false,"_jetpack_memberships_contains_paid_content":false,"footnotes":""},"categories":[6],"tags":[],"class_list":["post-22035","post","type-post","status-publish","format-standard","has-post-thumbnail","hentry","category-yorum"],"jetpack_featured_media_url":"https:\/\/i0.wp.com\/www.bghaber.org\/bghaber\/wp-content\/uploads\/2015\/06\/Rafet0010.jpg?fit=777%2C813&ssl=1","jetpack_sharing_enabled":true,"jetpack_likes_enabled":true,"jetpack-related-posts":[],"jetpack_shortlink":"https:\/\/wp.me\/pc2PfJ-5Jp","_links":{"self":[{"href":"https:\/\/www.bghaber.org\/bghaber\/wp-json\/wp\/v2\/posts\/22035","targetHints":{"allow":["GET"]}}],"collection":[{"href":"https:\/\/www.bghaber.org\/bghaber\/wp-json\/wp\/v2\/posts"}],"about":[{"href":"https:\/\/www.bghaber.org\/bghaber\/wp-json\/wp\/v2\/types\/post"}],"author":[{"embeddable":true,"href":"https:\/\/www.bghaber.org\/bghaber\/wp-json\/wp\/v2\/users\/13"}],"replies":[{"embeddable":true,"href":"https:\/\/www.bghaber.org\/bghaber\/wp-json\/wp\/v2\/comments?post=22035"}],"version-history":[{"count":0,"href":"https:\/\/www.bghaber.org\/bghaber\/wp-json\/wp\/v2\/posts\/22035\/revisions"}],"wp:featuredmedia":[{"embeddable":true,"href":"https:\/\/www.bghaber.org\/bghaber\/wp-json\/wp\/v2\/media\/15193"}],"wp:attachment":[{"href":"https:\/\/www.bghaber.org\/bghaber\/wp-json\/wp\/v2\/media?parent=22035"}],"wp:term":[{"taxonomy":"category","embeddable":true,"href":"https:\/\/www.bghaber.org\/bghaber\/wp-json\/wp\/v2\/categories?post=22035"},{"taxonomy":"post_tag","embeddable":true,"href":"https:\/\/www.bghaber.org\/bghaber\/wp-json\/wp\/v2\/tags?post=22035"}],"curies":[{"name":"wp","href":"https:\/\/api.w.org\/{rel}","templated":true}]}}