{"id":22029,"date":"2017-01-19T20:16:18","date_gmt":"2017-01-19T18:16:18","guid":{"rendered":"http:\/\/www.bghaber.org\/bghaber\/?p=22029"},"modified":"2017-01-19T22:22:46","modified_gmt":"2017-01-19T20:22:46","slug":"22029-2","status":"publish","type":"post","link":"https:\/\/www.bghaber.org\/bghaber\/22029-2\/","title":{"rendered":"\u00d6l\u00fc Demokrasi"},"content":{"rendered":"<p>Sakir ARSLANTA\u015e<\/p>\n<p>Tarih: 19 Ocak 2017<\/p>\n<p>Konu:\u00a0 <strong>Cumhurba\u015fkanl\u0131\u011f\u0131nda n\u00f6bet de\u011fi\u015fimi yap\u0131ld\u0131.<\/strong><\/p>\n<p>&nbsp;<\/p>\n<p>Avrupal\u0131 Atlantik, NATO-cu kimli\u011fiyle hat\u0131rlanacak olan Cumhurba\u015fkan\u0131 Rosen Plevneliev, \u201chel\u00e2l\u0131k ald\u0131\u201d ve resmen g\u00f6revinden ayr\u0131ld\u0131. Zaman\u0131nda 3 meclis ve 5 h\u00fck\u00fcmet de\u011fi\u015fen Plevneliev 22 Ocak 2012\u2019de g\u00f6revine ba\u015flam\u0131\u015ft\u0131. 1990\u2019da ba\u015flayan demokratikle\u015fme s\u00fcrecinin 4. Cumhurba\u015fkan\u0131 oldu.13 Kas\u0131m 2016\u2019da se\u00e7ilen yeni Cumhurba\u015fkan\u0131n\u0131n General Rumen Radev, 19 Ocakta mecliste yemin etti ve 22 Ocak 2017\u2019de i\u015f ba\u015f\u0131 yapacakt\u0131r. \u00a0Plevneliev bu y\u00fcksek g\u00f6reve Bulgarlar\u0131n Avrupa Vatanda\u015fl\u0131\u011f\u0131 Partisi GERB aday\u0131 olarak se\u00e7ilmi\u015fti.<\/p><div id=\"bghab-824811860\" class=\"bghab-icerik-icine bghab-entity-placement\"><script async src=\"\/\/pagead2.googlesyndication.com\/pagead\/js\/adsbygoogle.js?client=ca-pub-6203283170189293\" crossorigin=\"anonymous\"><\/script><ins class=\"adsbygoogle\" style=\"display:block; text-align:center;\" data-ad-client=\"ca-pub-6203283170189293\" \ndata-ad-slot=\"7303146466\" \ndata-ad-layout=\"in-article\"\ndata-ad-format=\"fluid\" data-full-width-responsive=\"true\"><\/ins>\n<script> \n(adsbygoogle = window.adsbygoogle || []).push({}); \n<\/script>\n<\/div>\n<p>&nbsp;<\/p>\n<p>Kamuoyunun yar\u0131s\u0131 taraf\u0131ndan \u201c<strong>zay\u0131f<\/strong>\u201d di\u011fer yar\u0131s\u0131nca ise \u201c<strong>ba\u015far\u0131l\u0131<\/strong>\u201d bir Cumhurba\u015fkan\u0131 olarak de\u011ferlendirilen Plevneliev g\u00f6rev s\u00fcresinde 52 yabanc\u0131 Cumhurba\u015fkan\u0131 ile resmi g\u00f6r\u00fc\u015fmede bulundu. NATO Genel Kurulunda ve Avrupa Birli\u011fi Parlamentosunda konu\u015ftu. Rusya\u2019n\u0131n siber sald\u0131r\u0131lar\u0131na kar\u015f\u0131 sert tepki g\u00f6sterirken, K\u0131r\u0131m\u0131n ba\u011f\u0131ms\u0131zl\u0131\u011f\u0131\u2019ndan ve Ukrayna\u2019n\u0131n da toprak b\u00fct\u00fcnl\u00fc\u011f\u00fcnden yana \u00e7\u0131kt\u0131. G\u00f6\u00e7menler konusunda Bulgaristan\u2019 korudu ve hatta 2015 A\u011fustosu\u2019nda T\u00fcrkiye Cumhuriyeti Ba\u015fbakan Yard\u0131mc\u0131s\u0131 Bekir Bozda\u011f\u0131n Bulgaristan ziyareti esnas\u0131nda Filibe\u2019de verdi\u011fi iftar yeme\u011fine kat\u0131ld\u0131 ve T\u00fcrkiye Cumhuriyeti\u2019nin sava\u015f ka\u00e7aklar\u0131n\u0131 ve s\u0131\u011f\u0131nmac\u0131lar\u0131 misafir etme siyasetini kutlad\u0131. Plevneliev, ge\u00e7en sene Bulgaristan Ba\u015f M\u00fcft\u00fcl\u00fc\u011f\u00fcn\u00fcn iftar yeme\u011fine kat\u0131ld\u0131 ve Bulgaristan M\u00fcsl\u00fcmanlar\u0131 i\u00e7in \u201cibadetlerine ba\u011fl\u0131 bar\u0131\u015f\u00e7\u0131, ho\u015fg\u00f6r\u00fcl\u00fc ve yard\u0131msever insanlar\u201d dedi. G\u00f6revi s\u0131ras\u0131nda Plevneliev Ba\u015f M\u00fcft\u00fc Mustafa Hac\u0131\u2019y\u0131 makam\u0131nda ziyaret etmi\u015f ve onurland\u0131rm\u0131\u015ft\u0131r.<\/p>\n<p>&nbsp;<\/p>\n<p>18 Ocak 2017\u2019de Rosen Plevneliev ile yard\u0131mc\u0131s\u0131 (se\u00e7imle g\u00f6reve gelen) Margarita Popova veda anlam\u0131nda bir ortak bas\u0131n toplant\u0131s\u0131 d\u00fczenlediler. Bir bak\u0131ma halka rapor verme niteli\u011fi ta\u015f\u0131yan bu forumda, \u00e7ok ilgin\u00e7 bir olay oldu.<\/p>\n<p>&nbsp;<\/p><div id=\"bghab-906886252\" class=\"bghab-icerik-icine-10-paragraf bghab-entity-placement\"><script async src=\"\/\/pagead2.googlesyndication.com\/pagead\/js\/adsbygoogle.js?client=ca-pub-6203283170189293\" crossorigin=\"anonymous\"><\/script><ins class=\"adsbygoogle\" style=\"display:block; text-align:center;\" data-ad-client=\"ca-pub-6203283170189293\" \ndata-ad-slot=\"7303146466\" \ndata-ad-layout=\"in-article\"\ndata-ad-format=\"fluid\" data-full-width-responsive=\"true\"><\/ins>\n<script> \n(adsbygoogle = window.adsbygoogle || []).push({}); \n<\/script>\n<\/div>\n<p>Bulgar gazetecilerden \u0130liana Benovska, soru sormazdan \u00f6nce izledi\u011finiz siyaset \u201c<strong>\u00e7\u00fcr\u00fckt\u00fc<\/strong>\u201d diyerek k\u00fcrs\u00fcye do\u011fru y\u00fcr\u00fcd\u00fc ve elindeki k\u0131rm\u0131z\u0131 bir elmay\u0131 Cumhurba\u015fkan\u0131 Plevneliev\u2019e \u201c<strong>al\u0131n ve \u00e7\u00fcr\u00fck alman\u0131z\u0131 beraberinizde g\u00f6t\u00fcr\u00fcn<\/strong>\u201d derken korumalar taraf\u0131ndan durduruldu ve salondan \u00e7\u0131kar\u0131ld\u0131. Tabi ertesi g\u00fcn \u201c<strong>\u00e7\u00fcr\u00fck elma<\/strong>\u201d bas\u0131nda \u201c<strong>\u00e7\u00fcr\u00fck demokrasi<\/strong>\u201d olarak ba\u015fl\u0131k oldu. Plevneliev\u2019in izledi\u011fi siyaset ve geli\u015ftirdi\u011fi ili\u015fkiler neden \u201c<strong>\u00e7\u00fcr\u00fck<\/strong>\u201d olarak de\u011ferlendirildi? G\u00fcn\u00fcn sorusu budur:<\/p>\n<p>&nbsp;<\/p>\n<p>Plevneliev\u2019in 5 y\u0131l boyunca izledi\u011fi d\u0131\u015f siyaset Avrupal\u0131, Atlantik ve NATO g\u00fcvenlik siyasetine hizmet et oldu. Fakat memlekette milliyet\u00e7i taban\u0131n kabarmas\u0131yla ve Rusya\u2019n\u0131n \u00fclkemiz \u00fczerindeki bask\u0131n siyaset \u00e7izgisinin kal\u0131nla\u015fmas\u0131yla muhalefetten sert tepkiler alm\u0131\u015ft\u0131r.<\/p>\n<p>&nbsp;<\/p>\n<p>G\u00f6revi s\u00fcresinde Cumhurba\u015fkan\u0131 Yard\u0131mc\u0131s\u0131 Margerita Popova ile 1 y\u0131l konu\u015fmayan Plevneliev\u2019in Bulgaristan g\u00fcvenlik sistemini Ba\u015fbakan Borisov\u2019un emrine devretmesi ele\u015ftirileri sertle\u015ftirmi\u015ftir. Benzer bir olay 1990 \u2013 1997 y\u0131llar\u0131 aras\u0131nda Cumhurba\u015fkan\u0131 olan Jel\u00fc Jelev\u2019in g\u00f6rev s\u00fcresinde Ba\u015fkan Yard\u0131mc\u0131s\u0131 Bayan Blaga Dimitrova\u2019n\u0131n g\u00f6revinden istifa etmesiyle de ya\u015fanm\u0131\u015ft\u0131.<\/p><div id=\"bghab-416986880\" class=\"bghab-icerik-icine-15-paragraf bghab-entity-placement\"><script async src=\"\/\/pagead2.googlesyndication.com\/pagead\/js\/adsbygoogle.js?client=ca-pub-6203283170189293\" crossorigin=\"anonymous\"><\/script><ins class=\"adsbygoogle\" style=\"display:block; text-align:center;\" data-ad-client=\"ca-pub-6203283170189293\" \ndata-ad-slot=\"7303146466\" \ndata-ad-layout=\"in-article\"\ndata-ad-format=\"fluid\" data-full-width-responsive=\"true\"><\/ins>\n<script> \n(adsbygoogle = window.adsbygoogle || []).push({}); \n<\/script>\n<\/div>\n<p>&nbsp;<\/p>\n<p>Ge\u00e7en y\u0131l\u0131n yaz\u0131ndan beri Bulgar siyasi hayat\u0131 dibe vurmu\u015f gibi g\u00f6r\u00fcnse de,\u00a0 Demokratik G\u00fc\u00e7ler Birli\u011fi Cumhurba\u015fkan\u0131 (CDC) Jel\u00fc Jelev 22 Ocak 1997\u2019de g\u00f6revini yeni se\u00e7ilen Cumhurba\u015fkan\u0131 Pet\u0131r Stoyanov\u2019a \u00a0devretmeye haz\u0131rlan\u0131rken 10 Ocak 1997\u2019de parlamento binas\u0131n\u0131 i\u015fgal eden protestocu kitlenin Sosyalist Parti Ba\u015fbakan\u0131 Jan Videov\u2019u istifaya zorlamas\u0131 yeni tarihimizde \u00e7ok daha derin kriz izleri b\u0131rakm\u0131\u015ft\u0131r.<\/p>\n<p>&nbsp;<\/p>\n<p>\u015eimdiki durumun \u00f6zelli\u011fi bir\u00e7ok bunal\u0131m\u0131n \u00fcst \u00fcste gelmesinde ve \u00fclkenin sanki bunal\u0131m batakl\u0131\u011f\u0131na itilmi\u015f olmas\u0131ndad\u0131r. Bunal\u0131mlar\u0131n birincisi, GERB partisi\u2019nin Cumhurba\u015fkan\u0131 se\u00e7imini kaybetti\u011finde, 15 Kas\u0131m 2016\u2019da istifa etmesiyle ve siyasi bunal\u0131m belirmesi, ard\u0131ndan bir hafta sonra da\u011f\u0131t\u0131lacak olan meclis bunal\u0131m\u0131 ve en k\u00f6t\u00fcs\u00fc de 6 Kas\u0131m 2016\u2019da yap\u0131lan halk oylamas\u0131 (referendum) ile siyasi hayat\u0131m\u0131z\u0131n patronu olan 2.5 milyon se\u00e7menin se\u00e7im sistemi de\u011fi\u015fikli\u011finin 43. mecliste g\u00f6r\u00fc\u015f\u00fclmemesi ve 26 Mart 2017\u2019de se\u00e7ilecek olan yeni halk meclisi taraf\u0131ndan yasalla\u015ft\u0131r\u0131lmas\u0131n\u0131n bir zaruret olarak kabul g\u00f6rmeyece\u00fcidir. Politik de\u011ferlendirmeler bu y\u00f6ndedir. \u00a0Yeni durumda, \u00fclkemizde totaliter kal\u0131nt\u0131 ve demokrasi k\u0131r\u0131nt\u0131s\u0131 d\u00fczenin devam etmesine yol a\u00e7\u0131lm\u0131\u015f oldu.<\/p>\n<p>&nbsp;<\/p><div id=\"bghab-40905341\" class=\"bghab-icerik-icine-20-paragraf bghab-entity-placement\"><script async src=\"\/\/pagead2.googlesyndication.com\/pagead\/js\/adsbygoogle.js?client=ca-pub-6203283170189293\" crossorigin=\"anonymous\"><\/script><ins class=\"adsbygoogle\" style=\"display:block; text-align:center;\" data-ad-client=\"ca-pub-6203283170189293\" \ndata-ad-slot=\"7303146466\" \ndata-ad-layout=\"in-article\"\ndata-ad-format=\"fluid\" data-full-width-responsive=\"true\"><\/ins>\n<script> \n(adsbygoogle = window.adsbygoogle || []).push({}); \n<\/script>\n<\/div>\n<p>Plevneliev ile General Rumen Radev\u2019in mecliste, milletvekilleri, istifa etmi\u015f h\u00fck\u00fcmet, Anayasa Mahkemesi, Y\u00fcksek Temyiz ve Y\u00fcksek \u0130dare Mahkemesi \u00fcyeleri, yabanc\u0131 diplomatlar ve din adamlar\u0131 \u00f6n\u00fcnde i\u00e7ti\u011fi an\u0131t ayn\u0131yd\u0131. Bu an\u0131t Bulgaristan ad\u0131na, Anayasa ve yasalara uyma ve t\u00fcm etkinliklerinde halk\u0131n menfaatlerine hizmet etme ad\u0131na i\u00e7ildi. \u00d6yle de olsa, Bulgar halk\u0131 bug\u00fcn bir\u00e7ok par\u00e7aya b\u00f6l\u00fcnm\u00fc\u015ft\u00fcr ve halk\u0131n ortak menfaatlerini tan\u0131mlamak zordur. Toplumun yar\u0131s\u0131 Bat\u0131ya, yar\u0131s\u0131 Do\u011fuya bakarken M\u00fcsl\u00fcmanlar T\u00fcrkiye\u2019ye umut dolu g\u00f6z dikmi\u015ftir.<\/p>\n<p>&nbsp;<\/p>\n<p>Rumen Radev Bulgaristan Cumhuriyetinin ilk General Cumhurba\u015fkan\u0131 oldu. Konu\u015fmas\u0131nda Bulgaristan\u2019da etnikler ve de\u011fi\u015fik dinlerden az\u0131nl\u0131klar ya\u015fad\u0131\u011f\u0131n\u0131 beyan etse ve onlar\u0131n e\u015fit hakl\u0131 vatanda\u015f oldu\u011funu bildirse de, yemin t\u00f6reninde o yaln\u0131z Bulgar Ba\u015fpiskoposu Nikifor\u2019un elini \u00f6pt\u00fc. Ba\u015f M\u00fcft\u00fc Mustafa Hac\u0131 Halk Meclisi t\u00f6reni balkonunda izledi.<\/p>\n<p>&nbsp;<\/p>\n<p>Radev konu\u015fmas\u0131nda Bulgarlar\u0131n mecliste ki\u015filikler g\u00f6rmek istedi\u011fine vurgu yaparken, partilere yap\u0131lan devlet yard\u0131mlar\u0131n\u0131n azalt\u0131lmas\u0131n\u0131 istedi ve \u201c<strong>Bulgaristan vatanda\u015flar\u0131n\u0131n hepsinin Cumhurba\u015fkan\u0131 olaca\u011f\u0131n\u0131<\/strong>\u201d belitti.<\/p><div id=\"bghab-1980355117\" class=\"bghab-icerik-icine-25-paragraf bghab-entity-placement\"><script async src=\"\/\/pagead2.googlesyndication.com\/pagead\/js\/adsbygoogle.js?client=ca-pub-6203283170189293\" crossorigin=\"anonymous\"><\/script><ins class=\"adsbygoogle\" style=\"display:block; text-align:center;\" data-ad-client=\"ca-pub-6203283170189293\" \ndata-ad-slot=\"7303146466\" \ndata-ad-layout=\"in-article\"\ndata-ad-format=\"fluid\" data-full-width-responsive=\"true\"><\/ins>\n<script> \n(adsbygoogle = window.adsbygoogle || []).push({}); \n<\/script>\n<\/div>\n<p>&nbsp;<\/p>\n<p>E\u011fitim, t\u0131p ve adalet alanlar\u0131nda reform yap\u0131laca\u011f\u0131n\u0131 duyuran Cumhurba\u015fkan\u0131 Radev, demecinde daha \u00f6nceki Cumhurba\u015fkan\u0131 Plevneliev\u2019in kulland\u0131\u011f\u0131 <strong>\u201cgurbet\u201d ve \u201cveresi\u201d<\/strong> gibi 2 T\u00fcrk\u00e7e s\u00f6z\u00fc tekrir etti. B\u00f6ylece 3 milyon Bulgaristan vatanda\u015f\u0131n\u0131n ekmek paras\u0131 i\u00e7in d\u0131\u015f \u00fclkelerde \u00e7al\u0131\u015fmak zorunda oldu\u011funu ve k\u00f6ylerde d\u00fckk\u00e2nlarda \u201c<strong>veresi<\/strong>\u201d defteri oldu\u011funu, halk\u0131n iki ucunu ba\u011flayamad\u0131\u011f\u0131na i\u015faret etti. B\u00f6ylece \u00fclkemizdeki a\u011f\u0131r ekonomik bunal\u0131ma i\u015faret etti.<\/p>\n<p>&nbsp;<\/p>\n<p>General Radev demecini Suriye, Rusya, Almanya, Birle\u015fik Amerika, K\u0131r\u0131m, Ukrayna ve T\u00fcrkiye demeden okudu. 1990\u2019dan beri g\u00f6revde bulunan Bulgaristan Cumhurba\u015fkanlar\u0131n\u0131n isimlerini s\u0131ralarken, Moskofcu Georgi Parvanov\u2019un ad\u0131n\u0131 anmad\u0131. Bulgaristan <strong>halk onuru de\u011fimini<\/strong> de kullanmad\u0131, \u201c<strong>Bulgaristan M\u00fcsl\u00fcman T\u00fcrk az\u0131nl\u0131\u011f\u0131<\/strong>\u201d demedi. Dikkati \u00e7eken bir ba\u015fka \u00f6zellik de, onun Cumhurba\u015fkanl\u0131\u011f\u0131 adayl\u0131\u011f\u0131n\u0131 y\u00fckselten Bulgaristan Sosyalist Partisi\u2019ne vurgu yap\u0131p te\u015fekk\u00fcr etmemesi de oldu.<\/p>\n<p>&nbsp;<\/p><div id=\"bghab-2434392436\" class=\"bghab-icerik-icine-30-paragraf bghab-entity-placement\"><script async src=\"\/\/pagead2.googlesyndication.com\/pagead\/js\/adsbygoogle.js?client=ca-pub-6203283170189293\" crossorigin=\"anonymous\"><\/script><ins class=\"adsbygoogle\" style=\"display:block; text-align:center;\" data-ad-client=\"ca-pub-6203283170189293\" \ndata-ad-slot=\"7303146466\" \ndata-ad-layout=\"in-article\"\ndata-ad-format=\"fluid\" data-full-width-responsive=\"true\"><\/ins>\n<script> \n(adsbygoogle = window.adsbygoogle || []).push({}); \n<\/script>\n<\/div>\n<p>Bir parlamenter cumhuriyet olan Bulgaristan\u2019da yeni Cumhurba\u015fkan\u0131 General Radev milletvekillerine \u201c<strong>bir hafta vaktiniz kald\u0131<\/strong>\u201d deyince, sa\u011f milliyet\u00e7i \u201cYurtsever Cephe\u201d ve Makedon komitac\u0131lar\u0131n VMRO milletvekilleri g\u00fcr\u00fclt\u00fcl\u00fc bir \u015fekilde halk meclisini terk ettiler. Demek istedikleri, Cumhurba\u015fkan\u0131 daha g\u00f6reve ba\u015flamadan haklar\u0131n\u0131n \u00fcst\u00fcne \u00e7\u0131kt\u0131\u011f\u0131na vurguydu.<\/p>\n<p>&nbsp;<\/p>\n<p>Bu geli\u015fmelerin hepsi bir araya getirilince, siyasetimizde <strong>apse oldu\u011fu<\/strong>, patlay\u0131p sa\u00e7\u0131lmas\u0131n\u0131 ve b\u00fct\u00fcn toplumu dize getirtmesinin \u00f6nlenmesi art\u0131k ka\u00e7\u0131n\u0131lmaz zorunluluk oluyor. Kafalar\u0131nda 400 fikir olmayan 404 siyasi partinin pasifli\u011fiyle hi\u00e7bir sorunun \u00e7\u00f6z\u00fclemeyece\u011fi g\u00fcn gibi ortadad\u0131r. <strong>\u201c\u00c7\u00fcr\u00fcm\u00fc\u015f siyaset\u201d ve \u201c\u00e7\u00fcr\u00fcm\u00fc\u015f ili\u015fkiler\u201d den ancak \u00f6l\u00fc demokrasi do\u011fabilir.<\/strong><\/p>\n<p><strong>\u00d6tesi laft\u0131r. <\/strong><\/p>\n<div id=\"bghab-2389522840\" class=\"bghab-yazi-altinda bghab-entity-placement\"><div class=\"bghab-adlabel\">Reklamlar<\/div><script async src=\"https:\/\/pagead2.googlesyndication.com\/pagead\/js\/adsbygoogle.js\"><\/script>\r\n<!-- bghaber-yaz\u0131-sonu -->\r\n<ins class=\"adsbygoogle\"\r\n     style=\"display:block\"\r\n     data-ad-client=\"ca-pub-6203283170189293\"\r\n     data-ad-slot=\"4222328180\"\r\n     data-ad-format=\"auto\"\r\n     data-full-width-responsive=\"true\"><\/ins>\r\n<script>\r\n     (adsbygoogle = window.adsbygoogle || []).push({});\r\n<\/script><\/div><br style=\"clear: both; display: block; float: none;\"\/>","protected":false},"excerpt":{"rendered":"<p>Sakir ARSLANTA\u015e Tarih: 19 Ocak 2017 Konu:\u00a0 Cumhurba\u015fkanl\u0131\u011f\u0131nda n\u00f6bet de\u011fi\u015fimi yap\u0131ld\u0131. &nbsp; Avrupal\u0131 Atlantik, NATO-cu kimli\u011fiyle hat\u0131rlanacak olan Cumhurba\u015fkan\u0131 Rosen Plevneliev, \u201chel\u00e2l\u0131k ald\u0131\u201d ve resmen<\/p>\n","protected":false},"author":13,"featured_media":0,"comment_status":"closed","ping_status":"closed","sticky":false,"template":"","format":"standard","meta":{"advanced_seo_description":"","jetpack_seo_html_title":"","jetpack_seo_noindex":false,"_jetpack_memberships_contains_paid_content":false,"footnotes":""},"categories":[6],"tags":[],"class_list":["post-22029","post","type-post","status-publish","format-standard","hentry","category-yorum"],"jetpack_featured_media_url":"","jetpack_sharing_enabled":true,"jetpack_likes_enabled":true,"jetpack-related-posts":[],"jetpack_shortlink":"https:\/\/wp.me\/pc2PfJ-5Jj","_links":{"self":[{"href":"https:\/\/www.bghaber.org\/bghaber\/wp-json\/wp\/v2\/posts\/22029","targetHints":{"allow":["GET"]}}],"collection":[{"href":"https:\/\/www.bghaber.org\/bghaber\/wp-json\/wp\/v2\/posts"}],"about":[{"href":"https:\/\/www.bghaber.org\/bghaber\/wp-json\/wp\/v2\/types\/post"}],"author":[{"embeddable":true,"href":"https:\/\/www.bghaber.org\/bghaber\/wp-json\/wp\/v2\/users\/13"}],"replies":[{"embeddable":true,"href":"https:\/\/www.bghaber.org\/bghaber\/wp-json\/wp\/v2\/comments?post=22029"}],"version-history":[{"count":0,"href":"https:\/\/www.bghaber.org\/bghaber\/wp-json\/wp\/v2\/posts\/22029\/revisions"}],"wp:attachment":[{"href":"https:\/\/www.bghaber.org\/bghaber\/wp-json\/wp\/v2\/media?parent=22029"}],"wp:term":[{"taxonomy":"category","embeddable":true,"href":"https:\/\/www.bghaber.org\/bghaber\/wp-json\/wp\/v2\/categories?post=22029"},{"taxonomy":"post_tag","embeddable":true,"href":"https:\/\/www.bghaber.org\/bghaber\/wp-json\/wp\/v2\/tags?post=22029"}],"curies":[{"name":"wp","href":"https:\/\/api.w.org\/{rel}","templated":true}]}}