{"id":22027,"date":"2017-01-18T23:54:21","date_gmt":"2017-01-18T21:54:21","guid":{"rendered":"http:\/\/www.bghaber.org\/bghaber\/?p=22027"},"modified":"2017-01-18T23:54:21","modified_gmt":"2017-01-18T21:54:21","slug":"turkiyeyi-yalnizlastirma-operasyonu","status":"publish","type":"post","link":"https:\/\/www.bghaber.org\/bghaber\/turkiyeyi-yalnizlastirma-operasyonu\/","title":{"rendered":"T\u00fcrkiye\u2019yi Yaln\u0131zla\u015ft\u0131rma Operasyonu"},"content":{"rendered":"<div id=\"yui_3_16_0_ym19_1_1484762196146_17106\" class=\"body undoreset\" tabindex=\"0\">\n<div id=\"yui_3_16_0_ym19_1_1484762196146_17105\" class=\"email-wrapped\">\n<div id=\"yiv6930950887\">\n<div id=\"yui_3_16_0_ym19_1_1484762196146_17104\">\n<div id=\"yui_3_16_0_ym19_1_1484762196146_17103\">\n<div id=\"yiv6930950887yui_3_16_0_ym19_1_1484610077405_3619\"><\/div>\n<div>Alptekin CEVHERL\u0130<\/div>\n<div id=\"yiv6930950887yui_3_16_0_ym19_1_1484610077405_3767\">+++++++++<\/div>\n<div id=\"yiv6930950887yui_3_16_0_ym19_1_1484610077405_3768\">Saddam H\u00fcseyin\u2019in gaza getirilip Kuveyt\u2019i i\u015fgal etmesi ard\u0131ndan ba\u015flayan K\u00f6rfez Sava\u015flar\u0131 ile birlikte asl\u0131nda ABD\u2019nin veya daha do\u011fru bir tabirle Bat\u0131\u2019n\u0131n 22 \u0130sl\u00e2m \u00fclkesini b\u00f6lerek yeni devlet\u00e7ikler olu\u015fturma projesi de fiilen ba\u015flam\u0131\u015f oldu. Bu s\u00fcre\u00e7 i\u00e7erisinde T\u00fcrkiye\u2019miz zaman zaman do\u011fru, zaman zaman da yanl\u0131\u015f ya da sonu iyi hesaplanmam\u0131\u015f hamleler yapt\u0131 ve nihayet bug\u00fcnlere kadar geldik.<\/div>\n<div id=\"yiv6930950887yui_3_16_0_ym19_1_1484610077405_3769\">Bug\u00fcn g\u00fcney s\u0131n\u0131rlar\u0131m\u0131zda kimin kimi vurdu\u011fu belli olmayan; sava\u015f ile vah\u015fet aras\u0131 bir d\u00fczlemde, a\u00e7\u0131k\u00e7a T\u00fcrk ve M\u00fcsl\u00fcman soyk\u0131r\u0131m\u0131 ya\u015fan\u0131yor.<\/div>\n<div id=\"yiv6930950887yui_3_16_0_ym19_1_1484610077405_3770\">T\u00fcrkiye\u2019mizin de \u00f6zellikle son d\u00f6nemde yapt\u0131\u011f\u0131 isabetli hamlelerle bu vah\u015fet sarmal\u0131ndan kendini kurtarmaya \u00e7al\u0131\u015ft\u0131\u011f\u0131n\u0131 ve bu konuda yeni m\u00fcttefikler aray\u0131\u015f\u0131na girdi\u011fini g\u00f6r\u00fcyoruz. Rusya ile yak\u0131nla\u015fma \u00e7al\u0131\u015fmalar\u0131, \u0130ran ile kafa kafaya getirilme hamlelerinden usta manevralarla ka\u00e7\u0131n\u0131lmas\u0131 da bunun en b\u00fcy\u00fck g\u00f6stergeleri.<\/div>\n<div id=\"yiv6930950887yui_3_16_0_ym19_1_1484610077405_3771\">\u00dclkemizin bu yeni politik ata\u011f\u0131nda en b\u00fcy\u00fck d\u0131\u015f destek ise ba\u015fta Azerbaycan ve Kazakistan olmak \u00fczere T\u00fcrk D\u00fcnyas\u0131\u2019na mensup \u00fclkelerden geliyor. T\u00fcrkiye\u2019nin do\u011fal m\u00fcttefiki Pakistan\u2019\u0131n yan\u0131 s\u0131ra bug\u00fcn d\u00fcnya kamuoyunda \u00fclkemizin bir sorunu tart\u0131\u015f\u0131l\u0131rken Asya\u2019n\u0131n kalbinden T\u00fcrkiye\u2019ye sonuna kadar destek ve gerekti\u011finde arabuluculuk mesajlar\u0131 geliyor.<\/div>\n<div id=\"yiv6930950887yui_3_16_0_ym19_1_1484610077405_3772\">En son Hatay\u2019da Rus sava\u015f u\u00e7a\u011f\u0131n\u0131n d\u00fc\u015f\u00fcr\u00fclmesi ard\u0131ndan Moskova \u2013 Ankara ili\u015fkilerinin yeniden yap\u0131land\u0131r\u0131lmas\u0131 konusunda Aliyev ve Nazarbayev\u2019in \u00fcstlendi\u011fi rol ve risk asla g\u00f6z ard\u0131 edilemez. Bug\u00fcn 2\u2019nci Kurtulu\u015f Sava\u015f\u0131 veriyoruz dedi\u011fimiz \u015fu g\u00fcnlerde bundan 94 y\u0131l \u00f6ncesinde oldu\u011fu gibi en b\u00fcy\u00fck yard\u0131m\u0131 yine Kafkasya\u2019daki ve T\u00fcrkistan\u2019daki karde\u015flerimizden g\u00f6r\u00fcyoruz. Say\u0131n Cumhurba\u015fkan\u0131m\u0131z eskiden oldu\u011fu gibi \u00d6zbekistan\u2019a yine gidiyor, oralardan geliyorlar\u2026<\/div>\n<div id=\"yiv6930950887yui_3_16_0_ym19_1_1484610077405_3773\">Bundan rahats\u0131z olan, T\u00fcrkiye\u2019nin yine 1980\u2019li y\u0131llardan \u00f6ncesinde oldu\u011fu gibi koskoca d\u00fcnyada yapayaln\u0131z ve tek ba\u015f\u0131na kalmas\u0131ndan medet uman maksatl\u0131 \u00e7evreler i\u00e7in elbette bu durum kolay hazmedilebilecek bir ger\u00e7ek de\u011fildir. Bu nedenle de T\u00fcrkiye\u2019miz \u00fczerinde kurnazca ve \u015ferefsizce bir alg\u0131 y\u00f6netimi operasyonunun d\u00fc\u011fmesine bas\u0131lm\u0131\u015ft\u0131r\u2026<\/div>\n<div id=\"yiv6930950887yui_3_16_0_ym19_1_1484610077405_3774\">Bu operasyon \u00f6yle bir tezg\u00e2hlanm\u0131\u015f olarak g\u00f6r\u00fcnmektedir ki; 1- T\u00fcrkiye\u2019de karde\u015f \u00fclkelere kar\u015f\u0131 bir endi\u015fe ve nefret uyand\u0131r\u0131l\u0131rken, 2- O \u00fclkelerde de T\u00fcrkiye\u2019ye kar\u015f\u0131 bir infial olu\u015fturulmas\u0131 hedeflenmi\u015ftir. \u015e\u00f6yle ki:<\/div>\n<div id=\"yiv6930950887yui_3_16_0_ym19_1_1484610077405_3775\"><span id=\"yiv6930950887yui_3_16_0_ym19_1_1484610077405_3776\"><span id=\"yiv6930950887yui_3_16_0_ym19_1_1484610077405_3777\">1.<span id=\"yiv6930950887yui_3_16_0_ym19_1_1484610077405_3778\">\u00a0\u00a0\u00a0\u00a0\u00a0\u00a0 <\/span><\/span><\/span>2017 y\u0131lba\u015f\u0131 gecesi Reina adl\u0131 gece kul\u00fcb\u00fcne g\u00f6rg\u00fc tan\u0131klar\u0131n\u0131n ifadelerine g\u00f6re kale\u015fnikof t\u00fcfekli 3 sald\u0131rgan girip 39 ki\u015fiyi katletti ve 60\u2019tan fazlas\u0131n\u0131 yaralad\u0131. Olay\u0131n \u00fcst\u00fcnden bir saat ge\u00e7meden sald\u0131rgan\u0131n Do\u011fu T\u00fcrkistanl\u0131, \u00d6zbek veya K\u0131rg\u0131z T\u00fcrk\u2019\u00fc oldu\u011fu bilgisi baz\u0131 haber sitelerinde yay\u0131nlanmaya ba\u015flad\u0131. Oysa daha sald\u0131r\u0131n\u0131n yaral\u0131lar\u0131 daha hastahanelere yeni g\u00f6t\u00fcr\u00fcl\u00fcyordu. Kamera kay\u0131tlar\u0131ndan \u00e7ekik g\u00f6zl\u00fc oldu\u011fu tespit edildi\u011fi ve bu sayede \u201cOrta Asyal\u0131\u201d oldu\u011fu bilgisine ula\u015f\u0131ld\u0131\u011f\u0131 s\u00f6yleniyordu. Fakat d\u00fcnyada soyda\u015flar\u0131m\u0131z\u0131n haricinde Japon, \u00c7inli, Mo\u011fol, Koreli, Tayvanl\u0131, Tibetli vd. pek \u00e7ok \u00e7ekik g\u00f6zl\u00fc ulus var. Ve \u00fcstelik bunlar\u0131n hi\u00e7 biri de H\u0131ristiyan de\u011fil.<\/div>\n<div id=\"yiv6930950887yui_3_16_0_ym19_1_1484610077405_3779\">Bu arada T\u00fcrk Cumhuriyetlerinden gelip de \u00fclkemizde ya\u015fayan insanlar soka\u011fa \u00e7\u0131kamaz oldu, s\u0131rf \u00e7ekik g\u00f6zl\u00fc diye onlarcas\u0131 Reina ter\u00f6risti yaftas\u0131yla ac\u0131mas\u0131zca lin\u00e7 edilircesine sokak ortas\u0131nda d\u00f6v\u00fcld\u00fc. 2 hafta sonunda ise yakalanan \u015fah\u0131s \u00d6zbekistan taraf\u0131ndan da aranan Tacik as\u0131ll\u0131 biri \u00e7\u0131kt\u0131. \u00dcstelik M\u0131s\u0131rl\u0131, Senegalli bilmem nereli zencilerle birlikte\u2026<\/div>\n<div id=\"yiv6930950887yui_3_16_0_ym19_1_1484610077405_3780\">\u015eimdi o sokak ortas\u0131nda d\u00f6v\u00fclen Kazak, K\u0131rg\u0131z, \u00d6zbek ve Uygurlardan kim \u00f6z\u00fcr dileyecek? T\u00fcrkiye\u2019nin o co\u011frafyalarda zedelenen itibar\u0131n\u0131 kim onaracak?<\/div>\n<div id=\"yiv6930950887yui_3_16_0_ym19_1_1484610077405_3781\">T\u00fcrkiye\u2019de karde\u015f \u00fclkelerden gelenlere kar\u015f\u0131 olu\u015fan acaba ter\u00f6rist mi, \u00f6n yarg\u0131s\u0131n\u0131 kim k\u0131racak?<\/div>\n<div id=\"yiv6930950887yui_3_16_0_ym19_1_1484610077405_3782\">Gelelim T\u00fcrkiye\u2019ye kar\u015f\u0131 nefret uyand\u0131rmaya\u2026<\/div>\n<div id=\"yiv6930950887yui_3_16_0_ym19_1_1484610077405_3783\"><span id=\"yiv6930950887yui_3_16_0_ym19_1_1484610077405_3784\"><span id=\"yiv6930950887yui_3_16_0_ym19_1_1484610077405_3785\">2.<span id=\"yiv6930950887yui_3_16_0_ym19_1_1484610077405_3786\">\u00a0\u00a0\u00a0\u00a0\u00a0\u00a0 <\/span><\/span><\/span>Adam\u0131n biri komedi ad\u0131 alt\u0131nda art\u0131k dizi haline gelen sinema filmleri \u00e7ekiyor. Be\u011fenirsiniz, be\u011fenmezsiniz, o ayr\u0131 konu. K\u00fcf\u00fcr ve argo ile sorununuz yoksa izleyebilirsiniz de\u2026<\/div>\n<div id=\"yiv6930950887yui_3_16_0_ym19_1_1484610077405_3787\">Ama bu \u015fahs\u0131n ayn\u0131 serinin 5\u2019nci filminin tan\u0131t\u0131m fragman\u0131nda a\u00e7\u0131k\u00e7a Azerbaycan\u2019\u0131 tahkir etmesi, nas\u0131l bir mant\u0131kt\u0131r? T\u00fcrkiye\u2019nin Say\u0131n Cumhurba\u015fkan\u0131m\u0131z\u0131n tabiriyle \u201c2\u2019nci Kurtulu\u015f Sava\u015f\u0131 verdi\u011fi\u201d bir d\u00f6nemde T\u00fcrkiye\u2019nin kay\u0131ts\u0131z \u015farts\u0131z yan\u0131nda olan 7 devletten en birincisine kar\u015f\u0131 b\u00f6yle bir a\u015fa\u011f\u0131lamada bulunmak nas\u0131l bir akl\u0131n \u00fcr\u00fcn\u00fcd\u00fcr? Bunu sadece insanlar\u0131 g\u00fcld\u00fcrmek maksad\u0131yla \u00fcretilmi\u015f abs\u00fcrt bir film olarak g\u00f6rmek m\u00fcmk\u00fcn m\u00fcd\u00fcr? Daha \u00f6nceki serilerinin gi\u015fe rekorlar\u0131 k\u0131rd\u0131\u011f\u0131 g\u00f6z \u00f6n\u00fcne al\u0131n\u0131rsa bunun da muhtemelen T\u00fcrkiye\u2019de en \u00e7ok ki\u015fiye ula\u015fan filmlerden biri olaca\u011f\u0131n\u0131 \u00f6ng\u00f6rmek i\u00e7in f\u00fcturalist olmaya gerek yok.<\/div>\n<div id=\"yiv6930950887yui_3_16_0_ym19_1_1484610077405_3788\">Peki, \u00f6yleyse bu nas\u0131l bir \u00fcst ak\u0131ld\u0131r ki, Azerbaycan T\u00fcrk\u00fc\u2019n\u00fc a\u015fa\u011f\u0131layan bir filme T\u00fcrkiye\u2019de gi\u015fe rekorlar\u0131 k\u0131rd\u0131rmay\u0131 tasarlar?<\/div>\n<div id=\"yiv6930950887yui_3_16_0_ym19_1_1484610077405_3789\">Bu konuda e\u011fer \u015eahan G\u00f6kbakar sadece komedi olsun, diye d\u00fc\u015f\u00fcnmeden b\u00f6yle bir sahne \u00e7ektiyse derhal bu yanl\u0131\u015ftan d\u00f6nerek ilgili b\u00f6l\u00fcm\u00fc film sinema salonlar\u0131nda g\u00f6sterime girmeden \u00e7\u0131karmal\u0131d\u0131r. Ve karde\u015flerimizden \u00f6z\u00fcr dilemelidir. Yok, e\u011fer hatas\u0131nda \u0131srar ederse K\u00fclt\u00fcr Bakanl\u0131\u011f\u0131\u2019m\u0131z taraf\u0131ndan iki dost \u00fclkenin aras\u0131n\u0131 a\u00e7aca\u011f\u0131 gerek\u00e7esiyle filmi ve fragman\u0131n\u0131 derhal yasaklanmal\u0131d\u0131r.<\/div>\n<div id=\"yiv6930950887yui_3_16_0_ym19_1_1484610077405_3790\">Hat\u0131rlarsan\u0131z Ermenistan ile dostluk k\u00f6pr\u00fcleri kurmaya \u00e7al\u0131\u015f\u0131lan y\u0131llarda, Bursa\u2019da oynan T\u00fcrkiye-Ermenistan futbol ma\u00e7\u0131nda Azerbaycan bayraklar\u0131 toplan\u0131p \u00e7\u00f6pe att\u0131r\u0131lm\u0131\u015ft\u0131. Bu kapsamda \u00fclkemiz, iyi niyet g\u00f6stergesi olarak soru\u015fturmay\u0131 yeniden a\u00e7arak; Bursa\u2019da ay y\u0131ld\u0131zl\u0131 Azerbaycan bayra\u011f\u0131n\u0131n \u00e7\u00f6pe at\u0131lmas\u0131 emrini veren polis m\u00fcd\u00fcr\u00fcn\u00fc de ge\u00e7 de olsa aynen Tacik ter\u00f6ristin bas\u0131n kar\u015f\u0131s\u0131nda if\u015fa edildi\u011fi gibi iki \u00fclkenin aras\u0131n\u0131 a\u00e7mak su\u00e7undan g\u00f6z alt\u0131na almas\u0131 gereklidir.<\/div>\n<div id=\"yiv6930950887yui_3_16_0_ym19_1_1484610077405_3791\">Bu konularla ve psikolojik harp ile ilgili konularda mill\u00ee direnci y\u00fcksek tutmak i\u00e7in eskiden MGK i\u00e7inde bir birim vard\u0131 diye hat\u0131rl\u0131yorum. Yeni yap\u0131lanma ile birlikte varl\u0131\u011f\u0131n\u0131 devam ettiriyor mu, bilmiyorum. Ama \u015fu anda \u00e7ok fazla ihtiyac\u0131m\u0131z oldu\u011funu g\u00f6r\u00fcyorum\u2026<\/div>\n<\/div>\n<\/div>\n<\/div>\n<\/div>\n<\/div>\n<div id=\"bghab-3536630889\" class=\"bghab-yazi-altinda bghab-entity-placement\"><div class=\"bghab-adlabel\">Reklamlar<\/div><script async src=\"https:\/\/pagead2.googlesyndication.com\/pagead\/js\/adsbygoogle.js\"><\/script>\r\n<!-- bghaber-yaz\u0131-sonu -->\r\n<ins class=\"adsbygoogle\"\r\n     style=\"display:block\"\r\n     data-ad-client=\"ca-pub-6203283170189293\"\r\n     data-ad-slot=\"4222328180\"\r\n     data-ad-format=\"auto\"\r\n     data-full-width-responsive=\"true\"><\/ins>\r\n<script>\r\n     (adsbygoogle = window.adsbygoogle || []).push({});\r\n<\/script><\/div><br style=\"clear: both; display: block; float: none;\"\/>","protected":false},"excerpt":{"rendered":"<p>Alptekin CEVHERL\u0130 +++++++++ Saddam H\u00fcseyin\u2019in gaza getirilip Kuveyt\u2019i i\u015fgal etmesi ard\u0131ndan ba\u015flayan K\u00f6rfez Sava\u015flar\u0131 ile birlikte asl\u0131nda ABD\u2019nin veya daha do\u011fru bir tabirle Bat\u0131\u2019n\u0131n 22<\/p>\n","protected":false},"author":13,"featured_media":17095,"comment_status":"closed","ping_status":"closed","sticky":false,"template":"","format":"standard","meta":{"advanced_seo_description":"","jetpack_seo_html_title":"","jetpack_seo_noindex":false,"_jetpack_memberships_contains_paid_content":false,"footnotes":""},"categories":[6],"tags":[],"class_list":["post-22027","post","type-post","status-publish","format-standard","has-post-thumbnail","hentry","category-yorum"],"jetpack_featured_media_url":"https:\/\/i0.wp.com\/www.bghaber.org\/bghaber\/wp-content\/uploads\/2015\/11\/Alptekin11.jpg?fit=298%2C401&ssl=1","jetpack_sharing_enabled":true,"jetpack_likes_enabled":true,"jetpack-related-posts":[],"jetpack_shortlink":"https:\/\/wp.me\/pc2PfJ-5Jh","_links":{"self":[{"href":"https:\/\/www.bghaber.org\/bghaber\/wp-json\/wp\/v2\/posts\/22027","targetHints":{"allow":["GET"]}}],"collection":[{"href":"https:\/\/www.bghaber.org\/bghaber\/wp-json\/wp\/v2\/posts"}],"about":[{"href":"https:\/\/www.bghaber.org\/bghaber\/wp-json\/wp\/v2\/types\/post"}],"author":[{"embeddable":true,"href":"https:\/\/www.bghaber.org\/bghaber\/wp-json\/wp\/v2\/users\/13"}],"replies":[{"embeddable":true,"href":"https:\/\/www.bghaber.org\/bghaber\/wp-json\/wp\/v2\/comments?post=22027"}],"version-history":[{"count":0,"href":"https:\/\/www.bghaber.org\/bghaber\/wp-json\/wp\/v2\/posts\/22027\/revisions"}],"wp:featuredmedia":[{"embeddable":true,"href":"https:\/\/www.bghaber.org\/bghaber\/wp-json\/wp\/v2\/media\/17095"}],"wp:attachment":[{"href":"https:\/\/www.bghaber.org\/bghaber\/wp-json\/wp\/v2\/media?parent=22027"}],"wp:term":[{"taxonomy":"category","embeddable":true,"href":"https:\/\/www.bghaber.org\/bghaber\/wp-json\/wp\/v2\/categories?post=22027"},{"taxonomy":"post_tag","embeddable":true,"href":"https:\/\/www.bghaber.org\/bghaber\/wp-json\/wp\/v2\/tags?post=22027"}],"curies":[{"name":"wp","href":"https:\/\/api.w.org\/{rel}","templated":true}]}}