{"id":22020,"date":"2017-01-14T19:38:16","date_gmt":"2017-01-14T17:38:16","guid":{"rendered":"http:\/\/www.bghaber.org\/bghaber\/?p=22020"},"modified":"2017-01-14T19:38:16","modified_gmt":"2017-01-14T17:38:16","slug":"avrupada-soguklar-70-can-aldi","status":"publish","type":"post","link":"https:\/\/www.bghaber.org\/bghaber\/avrupada-soguklar-70-can-aldi\/","title":{"rendered":"Avrupa&#8217;da So\u011fuklar 70 Can Ald\u0131"},"content":{"rendered":"<p>Avrupa mevsim ortalamalar\u0131n\u0131n olduk\u00e7a alt\u0131ndaki so\u011fuk ve yo\u011fun karla m\u00fccadele ediyor.<\/p>\n<p>\u00d6ncelikle Balkanlar\u0131 etkisi alt\u0131na alan so\u011fuklarda yer yer s\u0131cakl\u0131klar -20 dereceye kadar geriledi ve \u00e7ok say\u0131da can kayb\u0131na da sebep oldu. Son bir haftada buna ba\u011fl\u0131 \u00f6l\u00fcmlerin say\u0131s\u0131 70&#8217;i ge\u00e7ti.<\/p>\n<p>Yo\u011fun kar ya\u011f\u0131\u015f\u0131 sonucu yollar kapand\u0131, bir\u00e7ok b\u00f6lgede ula\u015f\u0131m \u00f6nemli \u00f6l\u00e7\u00fcde aksad\u0131. Ayr\u0131ca enerji sorunu da ba\u015f g\u00f6sterdi. Bulgaristan&#8217;da elektrik ve gaz t\u00fcketimi son 20 y\u0131l\u0131n en \u00fcst seviyesine y\u00fckseldi.<\/p>\n<p>So\u011fuklardan en \u00e7ok etkilenenlerin ba\u015f\u0131nda evsizlerin yan\u0131s\u0131ra zor \u015fartlarda hayatta kalmaya \u00e7al\u0131\u015fan g\u00f6\u00e7menler bulunuyor.<\/p>\n<p>So\u011fuk hava dalgas\u0131 Do\u011fu Avrupa&#8217;da da giderek etkisini artt\u0131r\u0131yor. Londra&#8217;da bir \u00e7ok u\u00e7ak seferi iptal edilirken Fransa&#8217;da da \u00e7\u0131kan f\u0131rt\u0131na sonucu yakla\u015f\u0131k 330 bin konuta bir s\u00fcre elektrik verilemedi. Bu \u00fclkede hafta sonu yer yer -10 derecelerin g\u00f6r\u00fclmesi bekleniyor.<\/p><div id=\"bghab-500382836\" class=\"bghab-icerik-icine bghab-entity-placement\"><script async src=\"\/\/pagead2.googlesyndication.com\/pagead\/js\/adsbygoogle.js?client=ca-pub-6203283170189293\" crossorigin=\"anonymous\"><\/script><ins class=\"adsbygoogle\" style=\"display:block; text-align:center;\" data-ad-client=\"ca-pub-6203283170189293\" \ndata-ad-slot=\"7303146466\" \ndata-ad-layout=\"in-article\"\ndata-ad-format=\"fluid\" data-full-width-responsive=\"true\"><\/ins>\n<script> \n(adsbygoogle = window.adsbygoogle || []).push({}); \n<\/script>\n<\/div>\n<p><img data-recalc-dims=\"1\" loading=\"lazy\" decoding=\"async\" class=\"\" src=\"https:\/\/i0.wp.com\/foto.haberler.com\/haber\/2017\/01\/13\/avrupa-da-soguklar-70-can-aldi-9160426_300.jpg?resize=640%2C361\" alt=\"Avrupa'da So\u011fuklar 70 Can Ald\u0131\" width=\"640\" height=\"361\" \/><\/p>\n<div id=\"bghab-1710059966\" class=\"bghab-yazi-altinda bghab-entity-placement\"><div class=\"bghab-adlabel\">Reklamlar<\/div><script async src=\"https:\/\/pagead2.googlesyndication.com\/pagead\/js\/adsbygoogle.js\"><\/script>\r\n<!-- bghaber-yaz\u0131-sonu -->\r\n<ins class=\"adsbygoogle\"\r\n     style=\"display:block\"\r\n     data-ad-client=\"ca-pub-6203283170189293\"\r\n     data-ad-slot=\"4222328180\"\r\n     data-ad-format=\"auto\"\r\n     data-full-width-responsive=\"true\"><\/ins>\r\n<script>\r\n     (adsbygoogle = window.adsbygoogle || []).push({});\r\n<\/script><\/div><br style=\"clear: both; display: block; float: none;\"\/>","protected":false},"excerpt":{"rendered":"<p>Avrupa mevsim ortalamalar\u0131n\u0131n olduk\u00e7a alt\u0131ndaki so\u011fuk ve yo\u011fun karla m\u00fccadele ediyor. \u00d6ncelikle Balkanlar\u0131 etkisi alt\u0131na alan so\u011fuklarda yer yer s\u0131cakl\u0131klar -20 dereceye kadar geriledi ve<\/p>\n","protected":false},"author":13,"featured_media":21794,"comment_status":"closed","ping_status":"closed","sticky":false,"template":"","format":"standard","meta":{"advanced_seo_description":"","jetpack_seo_html_title":"","jetpack_seo_noindex":false,"_jetpack_memberships_contains_paid_content":false,"footnotes":""},"categories":[4],"tags":[],"class_list":["post-22020","post","type-post","status-publish","format-standard","has-post-thumbnail","hentry","category-siyaset"],"jetpack_featured_media_url":"https:\/\/i0.wp.com\/www.bghaber.org\/bghaber\/wp-content\/uploads\/2016\/12\/edirne-nin-bulgaristan-sinirinda-kar-yagisi-9056135_6044_o.png?fit=640%2C360&ssl=1","jetpack_sharing_enabled":true,"jetpack_likes_enabled":true,"jetpack-related-posts":[],"jetpack_shortlink":"https:\/\/wp.me\/pc2PfJ-5Ja","_links":{"self":[{"href":"https:\/\/www.bghaber.org\/bghaber\/wp-json\/wp\/v2\/posts\/22020","targetHints":{"allow":["GET"]}}],"collection":[{"href":"https:\/\/www.bghaber.org\/bghaber\/wp-json\/wp\/v2\/posts"}],"about":[{"href":"https:\/\/www.bghaber.org\/bghaber\/wp-json\/wp\/v2\/types\/post"}],"author":[{"embeddable":true,"href":"https:\/\/www.bghaber.org\/bghaber\/wp-json\/wp\/v2\/users\/13"}],"replies":[{"embeddable":true,"href":"https:\/\/www.bghaber.org\/bghaber\/wp-json\/wp\/v2\/comments?post=22020"}],"version-history":[{"count":0,"href":"https:\/\/www.bghaber.org\/bghaber\/wp-json\/wp\/v2\/posts\/22020\/revisions"}],"wp:featuredmedia":[{"embeddable":true,"href":"https:\/\/www.bghaber.org\/bghaber\/wp-json\/wp\/v2\/media\/21794"}],"wp:attachment":[{"href":"https:\/\/www.bghaber.org\/bghaber\/wp-json\/wp\/v2\/media?parent=22020"}],"wp:term":[{"taxonomy":"category","embeddable":true,"href":"https:\/\/www.bghaber.org\/bghaber\/wp-json\/wp\/v2\/categories?post=22020"},{"taxonomy":"post_tag","embeddable":true,"href":"https:\/\/www.bghaber.org\/bghaber\/wp-json\/wp\/v2\/tags?post=22020"}],"curies":[{"name":"wp","href":"https:\/\/api.w.org\/{rel}","templated":true}]}}