{"id":22012,"date":"2017-01-11T01:27:47","date_gmt":"2017-01-10T23:27:47","guid":{"rendered":"http:\/\/www.bghaber.org\/bghaber\/?p=22012"},"modified":"2017-01-11T01:27:47","modified_gmt":"2017-01-10T23:27:47","slug":"bulgaristanda-yasli-cift-evlerinde-donarak-oldu","status":"publish","type":"post","link":"https:\/\/www.bghaber.org\/bghaber\/bulgaristanda-yasli-cift-evlerinde-donarak-oldu\/","title":{"rendered":"Bulgaristan&#8217;da ya\u015fl\u0131 \u00e7ift evlerinde donarak \u00f6ld\u00fc"},"content":{"rendered":"<h2>Bulgaristan\u2019da bir haftad\u0131r etkili olan so\u011fuk hava nedeniyle ya\u015fl\u0131 bir \u00e7ift donarak hayat\u0131n\u0131 kaybetti.<\/h2>\n<p>\u00dclkenin g\u00fcneyindeki Smolyan kentine ba\u011fl\u0131 Kiseli\u00e7evo k\u00f6y\u00fcnde 81 ve 86 \u00a0ya\u015flar\u0131ndaki \u00e7iftten haber al\u0131namamas\u0131 \u00fczerine eve gelen polis, \u00e7iftin donarak ya\u015fam\u0131n\u0131 yitirdi\u011fini tespit etti.<\/p>\n<p>Ya\u015fl\u0131 \u00e7iftin zihinsel engelli o\u011flunun doktor m\u00fcdahalesiyle kurtar\u0131ld\u0131\u011f\u0131 belirtildi.<\/p>\n<p>S\u0131f\u0131r\u0131n alt\u0131nda 10 dereceye varan so\u011fuk hava nedeniyle Bulgaristan\u2019da \u00a0B\u00f6lgesel Geli\u015ftirme Bakanl\u0131\u011f\u0131nda olu\u015fturulan kriz masas\u0131, sorunlarla ilgili \u00a0\u00e7al\u0131\u015fmalarda koordinasyon sa\u011fl\u0131yor.<\/p>\n<p>\u00dclkenin kuzey b\u00f6lgelerinde daha etkin olan so\u011fuk hava nedeniyle ar\u0131za \u00a0onar\u0131m ekipleri aral\u0131ks\u0131z \u00e7al\u0131\u015f\u0131yor.<\/p>\n<p>Tuna Nehri&#8217;ndeki buzlanma nedeniyle ula\u015f\u0131mda zorluklar ya\u015fan\u0131rken \u00a0Bulgaristan ve Romanya kar\u015f\u0131l\u0131kl\u0131 olarak feribot seferlerini durdurdu.<\/p><div id=\"bghab-1278464509\" class=\"bghab-icerik-icine bghab-entity-placement\"><script async src=\"\/\/pagead2.googlesyndication.com\/pagead\/js\/adsbygoogle.js?client=ca-pub-6203283170189293\" crossorigin=\"anonymous\"><\/script><ins class=\"adsbygoogle\" style=\"display:block; text-align:center;\" data-ad-client=\"ca-pub-6203283170189293\" \ndata-ad-slot=\"7303146466\" \ndata-ad-layout=\"in-article\"\ndata-ad-format=\"fluid\" data-full-width-responsive=\"true\"><\/ins>\n<script> \n(adsbygoogle = window.adsbygoogle || []).push({}); \n<\/script>\n<\/div>\n<p>Okullar\u0131n ge\u00e7en hafta sona ermesi beklenen y\u0131lba\u015f\u0131 tatili ise \u00a0uzat\u0131ld\u0131.<\/p>\n<p><img data-recalc-dims=\"1\" decoding=\"async\" src=\"https:\/\/i0.wp.com\/www.yorumhaberi.com\/files\/uploads\/news\/default\/yasli-adam-evinde-ol-b4ee76cbba5e332161f7.jpg?w=640\" alt=\"Bulgaristan'da ya\u015fl\u0131 \u00e7ift evlerinde donarak \u00f6ld\u00fc ile ilgili g\u00f6rsel sonucu\" \/><\/p>\n<div id=\"bghab-3263588116\" class=\"bghab-yazi-altinda bghab-entity-placement\"><div class=\"bghab-adlabel\">Reklamlar<\/div><script async src=\"https:\/\/pagead2.googlesyndication.com\/pagead\/js\/adsbygoogle.js\"><\/script>\r\n<!-- bghaber-yaz\u0131-sonu -->\r\n<ins class=\"adsbygoogle\"\r\n     style=\"display:block\"\r\n     data-ad-client=\"ca-pub-6203283170189293\"\r\n     data-ad-slot=\"4222328180\"\r\n     data-ad-format=\"auto\"\r\n     data-full-width-responsive=\"true\"><\/ins>\r\n<script>\r\n     (adsbygoogle = window.adsbygoogle || []).push({});\r\n<\/script><\/div><br style=\"clear: both; display: block; float: none;\"\/>","protected":false},"excerpt":{"rendered":"<p>Bulgaristan\u2019da bir haftad\u0131r etkili olan so\u011fuk hava nedeniyle ya\u015fl\u0131 bir \u00e7ift donarak hayat\u0131n\u0131 kaybetti. \u00dclkenin g\u00fcneyindeki Smolyan kentine ba\u011fl\u0131 Kiseli\u00e7evo k\u00f6y\u00fcnde 81 ve 86 \u00a0ya\u015flar\u0131ndaki<\/p>\n","protected":false},"author":13,"featured_media":22013,"comment_status":"closed","ping_status":"closed","sticky":false,"template":"","format":"standard","meta":{"advanced_seo_description":"","jetpack_seo_html_title":"","jetpack_seo_noindex":false,"_jetpack_memberships_contains_paid_content":false,"footnotes":""},"categories":[7],"tags":[],"class_list":["post-22012","post","type-post","status-publish","format-standard","has-post-thumbnail","hentry","category-saglik-spor"],"jetpack_featured_media_url":"https:\/\/i0.wp.com\/www.bghaber.org\/bghaber\/wp-content\/uploads\/2017\/01\/soba-bg.jpg?fit=280%2C116&ssl=1","jetpack_sharing_enabled":true,"jetpack_likes_enabled":true,"jetpack-related-posts":[],"jetpack_shortlink":"https:\/\/wp.me\/pc2PfJ-5J2","_links":{"self":[{"href":"https:\/\/www.bghaber.org\/bghaber\/wp-json\/wp\/v2\/posts\/22012","targetHints":{"allow":["GET"]}}],"collection":[{"href":"https:\/\/www.bghaber.org\/bghaber\/wp-json\/wp\/v2\/posts"}],"about":[{"href":"https:\/\/www.bghaber.org\/bghaber\/wp-json\/wp\/v2\/types\/post"}],"author":[{"embeddable":true,"href":"https:\/\/www.bghaber.org\/bghaber\/wp-json\/wp\/v2\/users\/13"}],"replies":[{"embeddable":true,"href":"https:\/\/www.bghaber.org\/bghaber\/wp-json\/wp\/v2\/comments?post=22012"}],"version-history":[{"count":0,"href":"https:\/\/www.bghaber.org\/bghaber\/wp-json\/wp\/v2\/posts\/22012\/revisions"}],"wp:featuredmedia":[{"embeddable":true,"href":"https:\/\/www.bghaber.org\/bghaber\/wp-json\/wp\/v2\/media\/22013"}],"wp:attachment":[{"href":"https:\/\/www.bghaber.org\/bghaber\/wp-json\/wp\/v2\/media?parent=22012"}],"wp:term":[{"taxonomy":"category","embeddable":true,"href":"https:\/\/www.bghaber.org\/bghaber\/wp-json\/wp\/v2\/categories?post=22012"},{"taxonomy":"post_tag","embeddable":true,"href":"https:\/\/www.bghaber.org\/bghaber\/wp-json\/wp\/v2\/tags?post=22012"}],"curies":[{"name":"wp","href":"https:\/\/api.w.org\/{rel}","templated":true}]}}