{"id":22008,"date":"2017-01-11T00:09:11","date_gmt":"2017-01-10T22:09:11","guid":{"rendered":"http:\/\/www.bghaber.org\/bghaber\/?p=22008"},"modified":"2017-01-14T18:08:51","modified_gmt":"2017-01-14T16:08:51","slug":"yol-daraliyor","status":"publish","type":"post","link":"https:\/\/www.bghaber.org\/bghaber\/yol-daraliyor\/","title":{"rendered":"Yol Daral\u0131yor"},"content":{"rendered":"<p><img data-recalc-dims=\"1\" loading=\"lazy\" decoding=\"async\" class=\"\" src=\"https:\/\/i0.wp.com\/www.bghaber.org\/bghaber\/wp-content\/uploads\/2013\/11\/nedim-birinci.jpg?resize=171%2C218\" width=\"171\" height=\"218\" \/>Nedim B\u0130R\u0130NC\u0130<\/p>\n<p>Tarih: 10 Ocak\u00a0 2017<\/p>\n<p>Konu:\u00a0 <strong>E\u011filimin de\u011fi\u015fmesi toplumsal istek midir?<\/strong><strong>\u00a0 \u00a0 \u00a0 \u00a0 \u00a0 \u00a0 \u00a0 \u00a0 \u00a0 \u00a0\u00a0<\/strong><\/p>\n<p>K\u0131\u015f bast\u0131. Kalkm\u0131yor. Yollar kapand\u0131. A\u00e7\u0131lam\u0131yor. G\u00fcne\u015f sakland\u0131. Y\u00fcz\u00fcn\u00fc g\u00f6stermiyor.<\/p>\n<p>Yanl\u0131\u015f oldu\u011funu d\u00fc\u015f\u00fcnenleriniz olabilir, fakat sanki do\u011fal s\u00fcre\u00e7lerle, sosyal s\u00fcre\u00e7lerin aras\u0131 a\u00e7\u0131lm\u0131\u015f ve Bulgaristan hava durumuna ra\u011fmen, genel erken se\u00e7ime gitmek zorundad\u0131r. Muhtemel tarihi 26 Mart 2017 olarak g\u00f6sterilen bu se\u00e7imlerin \u00e7ok \u00f6nemli oldu\u011fu veya olaca\u011f\u0131 da sanki odun at\u0131lmadan patlamayan ve kendili\u011finden s\u00f6nen k\u0131\u015f ate\u015fine benzer bir s\u00fcre\u00e7 ya\u015f\u0131yor. Gazeteler \u201c<strong>se\u00e7im<\/strong>\u201d \u201c<strong>se\u00e7im<\/strong>\u201d demez oldu. Siyaset\u00e7iler de TV st\u00fcdyolar\u0131na toplan\u0131p \u201c<strong>\u015f\u00f6yle olacak, b\u00f6yle olacak<\/strong>\u201d demez oldular.<\/p><div id=\"bghab-3170325249\" class=\"bghab-icerik-icine bghab-entity-placement\"><script async src=\"\/\/pagead2.googlesyndication.com\/pagead\/js\/adsbygoogle.js?client=ca-pub-6203283170189293\" crossorigin=\"anonymous\"><\/script><ins class=\"adsbygoogle\" style=\"display:block; text-align:center;\" data-ad-client=\"ca-pub-6203283170189293\" \ndata-ad-slot=\"7303146466\" \ndata-ad-layout=\"in-article\"\ndata-ad-format=\"fluid\" data-full-width-responsive=\"true\"><\/ins>\n<script> \n(adsbygoogle = window.adsbygoogle || []).push({}); \n<\/script>\n<\/div>\n<p>&nbsp;<\/p>\n<p>Tabi, siz say\u0131n okuyucum, \u201c<strong>\u00fcst ak\u0131l d\u00fc\u015f\u00fcn\u00fcrken, k\u00fc\u00e7\u00fckler susar<\/strong>\u201d, demekte hakl\u0131 olabilirsiniz. Ger\u00e7ekten etraf kar\u015f\u0131, havada ya\u011fmur bulutu yokken, rahmet d\u00fc\u015fmesini beklemek yanl\u0131\u015f olur.<\/p>\n<p>&nbsp;<\/p>\n<p>Bir tak\u0131m hesaplar yap\u0131ld\u0131\u011f\u0131, siyaset yoluna d\u00fc\u015fm\u00fc\u015f baz\u0131 ta\u015flar\u0131n kald\u0131r\u0131l\u0131p yol kenar\u0131na \u00e7ekilmek istendi\u011fi ortadad\u0131r. \u015eu d\u00f6nem bunlara ta\u015f demeyelim de, yollar\u0131 yani siyasi ileti\u015fimi kesilmesine neden olan, kar tipileri deyelim.<\/p>\n<p>&nbsp;<\/p><div id=\"bghab-448392552\" class=\"bghab-icerik-icine-10-paragraf bghab-entity-placement\"><script async src=\"\/\/pagead2.googlesyndication.com\/pagead\/js\/adsbygoogle.js?client=ca-pub-6203283170189293\" crossorigin=\"anonymous\"><\/script><ins class=\"adsbygoogle\" style=\"display:block; text-align:center;\" data-ad-client=\"ca-pub-6203283170189293\" \ndata-ad-slot=\"7303146466\" \ndata-ad-layout=\"in-article\"\ndata-ad-format=\"fluid\" data-full-width-responsive=\"true\"><\/ins>\n<script> \n(adsbygoogle = window.adsbygoogle || []).push({}); \n<\/script>\n<\/div>\n<p>B\u00f6yle bir olay olara, Bulgar gizli polisinde 1967\u2019de kurulan ve totalitarizm d\u00f6neminde siyasi polis rol\u00fc g\u00f6ren, VI. \u015eube \u015eefi \u2013 (gestapo unvan\u0131yla \u00fcnl\u00fc)\u00a0 Albay Dimit\u0131r \u0130vanov\u2019un\u00a0 \u201c<strong>Alt\u0131n Y\u00fczy\u0131l<\/strong>\u201d \u00f6d\u00fcl\u00fcyle \u00f6d\u00fcllendirilmesi yeni e\u011filime do\u011fru at\u0131lan bir \u00f6nemli ad\u0131md\u0131. Olay \u015f\u00f6yle ki, Albay \u0130vanov, emekli maa\u015f\u0131n\u0131 alm\u0131\u015f, totalitarizm zaman\u0131nda in\u015fa ettirdi\u011fi \u00f6zel kona\u011f\u0131na \u00e7ekilmi\u015f, Vito\u015f Da\u011f\u0131 g\u00fczelli\u011fini hayranl\u0131kla izlerken uyuklayan ve ard\u0131ndan \u015fekerlemeye ge\u00e7en biri de\u011fildir. O son 27 y\u0131l\u0131 kapsayan s\u00f6zde \u201c<strong>Ge\u00e7i\u015f D\u00f6neminde<\/strong>\u201d Bulgar siyasetinin Rus\u00e7u, sol totaliter kanad\u0131n kolon ve direklerinden biriydi. Ve olabilir ya, onun gibi birka\u00e7 totaliter kolon kaysayd\u0131, zul\u00fcm d\u00f6nemi tarih \u00e7ukuruna d\u00fc\u015fer ve g\u00f6m\u00fcl\u00fcrd\u00fc.<\/p>\n<p>&nbsp;<\/p>\n<p>O \u00f6nce, kom\u00fcnist totaliter d\u00fczenin yeniden cilalanmas\u0131 ve ya\u015fat\u0131lmas\u0131 i\u015fine ba\u015flad\u0131. O zaman Moskova\u2019n\u0131n \u201c<strong>\u00fcst akl\u0131<\/strong>\u201d ve finansal destekleriyle kurulan, \u201c<strong>Multigrup<\/strong>\u201d Genel Ba\u015fkan Yard\u0131mc\u0131s\u0131 g\u00f6revini \u00fcstlendi. 1989\u2019dan sonra ayakta kalan ve \u00e7al\u0131\u015fmalar\u0131na devam eden b\u00fct\u00fcn sanayi tesislerinin \u201c<strong>giri\u015f ve \u00e7\u0131k\u0131\u015f\u0131na<\/strong>\u201d yerle\u015ftiler ve hammaddeleri pahal\u0131 sat\u0131p haz\u0131r \u00fcr\u00fcnleri de bedavadan ucuza al\u0131p \u00e7ok pahal\u0131ya satarak hem \u201c<strong>Multigrbu<\/strong>\u201d devle\u015ftirdiler, hem i\u015fletmeleri \u00e7\u00f6kerttiler ve hurdaya \u00e7\u0131kar\u0131p satt\u0131lar. Bu paralarla Albay \u0130vanov sosyalist partinin bas\u0131n yay\u0131n i\u015flerini \u00fcstlendi, birka\u00e7 gazeteyi ayakta tuttu, \u00f6nce yaz\u0131lan post-kom\u00fcnist yaz\u0131 ve yorumlar\u0131 balland\u0131ra balland\u0131ra yenir yutulur bir ideoloji haline getirdi. Sonuna Bulgaristan NATO ve AB \u00fcyesi olsa da \u201c<strong>n\u00fcfusun be\u015fte d\u00f6rd\u00fc Rus\u00e7udur<\/strong>\u201d, talebiniz nedir? diyebildi. Halen Burgaz ve Varna sayfiyelerinde y\u00fczlerce Rusya Federasyonu bayra\u011f\u0131 dalgalan\u0131yor, g\u00f6rm\u00fcyormusunuz? Baksan\u0131za? Biz ger\u00e7ekleri reddedemeyiz demeye haz\u0131rlan\u0131yor. Ve bu arada Bulgar istihbarat\u0131na kadro yeti\u015ftiren \u201c<strong>K\u00fct\u00fcphaneci Enstit\u00fcs\u00fc<\/strong>\u201d (B\u0131bl\u0131otakarsk\u0131 \u0130nstitut) kurdu ve Rekt\u00f6r yard\u0131mc\u0131s\u0131, Doktor, Do\u00e7ent, Profes\u00f6r oldu. Nihayet 2016 Kas\u0131m\u0131nda ba\u015fka bir totaliter koruma ve demokrasi Orgenerali olan Boyko Borisov II. H\u00fck\u00fcmeti k\u0131za\u011fa \u00e7ekilirken, Albay Dimit\u0131r \u0130vanov, ba\u015fka bir \u201c<strong>Multigrup<\/strong>\u201d yavrusu olan K\u00fclt\u00fcr Bakan\u0131 Vejdi Ra\u015fidov taraf\u0131ndan \u201c<strong>Alt\u0131n Y\u00fczy\u0131l<\/strong>\u201d \u00f6d\u00fcl\u00fcyle \u00f6d\u00fcllendirildi. Bakan Ra\u015fidov kendini hep bir T\u00fcrk olarak, kom\u00fcnizm kurbanlar\u0131ndan biri olarak tan\u0131tmaktan ve g\u00f6stermekten vazge\u00e7medi. Bu konuda kitap da yazd\u0131. Ayn\u0131 zamanda e\u011fer totaliter \u2013 kom\u00fcnist rejim bir engerek y\u0131lanl\u0131ysa onun a\u011fz\u0131ndan ve onun en b\u00fcy\u00fck yavrular\u0131ndan biri olan \u201c<strong>Multigrup<\/strong>\u201d elinden alt\u0131n parac\u0131k almaktan vazge\u00e7medi. \u00d6nce 1987\u2019de ayd\u0131nlar\u0131m\u0131z \u201cBelene\u201d kamp\u0131nda kan kusarken, hapishaneler t\u0131kl\u0131m t\u0131kl\u0131mken, o Parist\u2019e Avrupa Alt\u0131n Sanat \u00d6d\u00fcl\u00fcyle \u00f6d\u00fcllendiriliyordu. Ama \u201cadam bir heykelt\u0131ra\u015f, ne olmu\u015f yani, bizden biri de bir alt\u0131n \u00f6d\u00fcl als\u0131n, hak etmi\u015f alm\u0131\u015f\u201d diyebilirsiniz. Hakl\u0131s\u0131n\u0131n, biz de \u00f6v\u00fcn\u00fcyoruz, seviniyoruz. Ama Bulgaristan M\u00fcsl\u00fcman T\u00fcrklerine toptan kan kusturulurken, aralar\u0131ndan birinin se\u00e7ilip, alt\u0131n tepside, g\u00fcm\u00fc\u015f ka\u015f\u0131kla beslenmesine ne dersiniz? Asl\u0131nda konumuz V. Ra\u015fidov de\u011fildir. O \u201c<strong>\u00fcst akl\u0131n<\/strong>\u201d emirlerini yerine getiren bir piyondur. Dimit\u0131r \u0130vanov\u2019a\u00a0 \u201c<strong>Alt\u0131n Y\u00fczy\u0131l<\/strong>\u201d \u00f6d\u00fcl\u00fcn\u00fc vermekle o, dosdo\u011fruyu \u00f6\u011frenmek isterseniz, \u201cMultigrup\u201d Ba\u015fkan Yard\u0131mc\u0131s\u0131 D. \u0130vanov\u2019un imzas\u0131yla ald\u0131\u011f\u0131 paralara, 20 y\u0131l sonra da olsa, te\u015fekk\u00fcr etti.<\/p>\n<p>&nbsp;<\/p>\n<p>20 y\u0131l \u00f6nce \u201c<strong>paralar g\u00fcvenilir adamlara da\u011f\u0131t\u0131l\u0131rken<\/strong>\u201d ve kom\u00fcnist zihniyet ge\u00e7i\u015f d\u00f6neminde i\u015fe yarayacak \u201c<strong>uyuyan ki\u015fi ve h\u00fccrelerini\u201d <\/strong>olu\u015fturup yemlerken,\u00a0 tam da bug\u00fcn 19 Ocak 1997\u2019de Sofya\u2019da <strong>Meclis Binas\u0131 ate\u015fe verilmi\u015fti<\/strong>. Demokratik gen\u00e7li\u011fin devrim k\u0131v\u0131lc\u0131mlar\u0131yla alevlenen meclis, \u00fclkeye ger\u00e7ek demokrasi getirmek, \u201c<strong>Multigrup<\/strong>\u201d gibi Moskof soygun tr\u00f6stlerini g\u00f6mmek, totalitarizmi ayn\u0131 ate\u015fte yakarak k\u00fcl\u00fcn\u00fc savurmak i\u00e7in \u00e7at\u0131r \u00e7at\u0131r yan\u0131yordu.<\/p><div id=\"bghab-3820217864\" class=\"bghab-icerik-icine-15-paragraf bghab-entity-placement\"><script async src=\"\/\/pagead2.googlesyndication.com\/pagead\/js\/adsbygoogle.js?client=ca-pub-6203283170189293\" crossorigin=\"anonymous\"><\/script><ins class=\"adsbygoogle\" style=\"display:block; text-align:center;\" data-ad-client=\"ca-pub-6203283170189293\" \ndata-ad-slot=\"7303146466\" \ndata-ad-layout=\"in-article\"\ndata-ad-format=\"fluid\" data-full-width-responsive=\"true\"><\/ins>\n<script> \n(adsbygoogle = window.adsbygoogle || []).push({}); \n<\/script>\n<\/div>\n<p>&nbsp;<\/p>\n<p><strong>Sonra ne mi oldu?<\/strong><\/p>\n<p>Sonra m\u0131 ne oldu bizim demokrasi at\u0131l\u0131m\u0131 suyunu \u00e7ekti.<\/p>\n<p>Nas\u0131l m\u0131 oldu?<\/p>\n<p>Yollar\u0131n y\u00fcr\u00fcmekle a\u015f\u0131nd\u0131r\u0131lamayaca\u011f\u0131n\u0131, meclisin ve BKP Merkez Komitesi binalar\u0131n\u0131n ate\u015fe verilmesiyle hi\u00e7bir \u015feyin de\u011fi\u015ftirilemeyece\u011fini sanki kavrad\u0131lar, ya da onlar\u0131n kitle psikolojisine, olabilir ya bilincine\u00a0 \u201c<strong>burada bir \u015fey olmaz, demokraside ya\u015famak istiyorsan\u0131z, Bat\u0131ya gidin, kap\u0131 a\u00e7\u0131k, doya doya demokrasi i\u00e7in<\/strong>!\u201d dediler. D\u00fc\u015f\u00fcnebiliyor musunuz. 1990\u20132000 y\u0131llar\u0131 aras\u0131nda Bulgaristan\u2019da y\u00fcksek \u00f6\u011frenim g\u00f6ren gen\u00e7lerden % 80\u2019ni Almanya\u2019y\u0131, Avustralya\u2019y\u0131, Amerika\u2019y\u0131, Kanada\u2019y\u0131, Yeni Zelanda\u2019y\u0131 boylad\u0131lar. Gidenlerin toptan say\u0131s\u0131 3 milyon ki\u015fidir ki, bunlar 1970\u2019li ve 1980\u2019li y\u0131llar\u0131n \u00e7ocuklar\u0131 ve 1990\u2019l\u0131 y\u0131llar\u0131n delikanl\u0131lar\u0131yd\u0131. Tam o d\u00f6nemde bize de \u201c<strong>T\u00fcrk gibi ya\u015famak isterseniz i\u015fte T\u00fcrkiye<\/strong>\u201d demediler mi? Bu bir kovmayd\u0131. <strong>\u00dclkeyi d\u00fc\u015f\u00fcnenlerden ar\u0131tma s\u00fcreciydi.<\/strong> T\u00fcrklerle birlikte Bulgarlar da kovuluyordu.<\/p><div id=\"bghab-2440396380\" class=\"bghab-icerik-icine-20-paragraf bghab-entity-placement\"><script async src=\"\/\/pagead2.googlesyndication.com\/pagead\/js\/adsbygoogle.js?client=ca-pub-6203283170189293\" crossorigin=\"anonymous\"><\/script><ins class=\"adsbygoogle\" style=\"display:block; text-align:center;\" data-ad-client=\"ca-pub-6203283170189293\" \ndata-ad-slot=\"7303146466\" \ndata-ad-layout=\"in-article\"\ndata-ad-format=\"fluid\" data-full-width-responsive=\"true\"><\/ins>\n<script> \n(adsbygoogle = window.adsbygoogle || []).push({}); \n<\/script>\n<\/div>\n<p>&nbsp;<\/p>\n<p>Bilmiyorum hat\u0131rlayabilecek misiniz, o zaman, Bulgar yazar Georgi Markov, Londra\u2019da BBS radyosunda \u201c<strong>Uzaktan r\u00f6portajlar<\/strong>\u201d okuyordu. Haftada bir okudu\u011fu yaz\u0131lar\u0131n ortak bir ad\u0131 vard\u0131: \u201c<strong>TAHAMM\u00dcLS\u00dcZL\u00dcK<\/strong>\u201d \u00a0ve bu yaz\u0131lar\u0131ndaki \u00fclkemizdeki tahamm\u00fcls\u00fczl\u00fc\u011f\u00fc anlat\u0131yordu. \u201c<strong>Kom\u00fcnizmle demokrasi birbirini bo\u011fazlam\u0131\u015flar, ikisinden birisi yenik d\u00fc\u015fecek, ama hangisi<\/strong>? Diye soruyordu.<\/p>\n<p>&nbsp;<\/p>\n<p>O g\u00fcn bu g\u00fcn \u00fczerinden 20 y\u0131l ge\u00e7ti. Onlardan hi\u00e7 biri art\u0131k \u201c<strong>gen\u00e7<\/strong>\u201d de\u011fil ve kalplerindeki k\u0131v\u0131lc\u0131mlar s\u00f6nd\u00fc d\u00f6necek, geri d\u00f6nseler bile ellerinde birer iki\u015fer tonun, \u201cdede, dede\u201d deyip onlar\u0131 rahat b\u0131rakm\u0131yor. Emellerinde \u201c<strong>Vito\u015f Da\u011f\u0131na bakan<\/strong>\u201d bir k\u00f6\u015fke yerle\u015fmek ve ikindi \u015fekerlemesi yapmak var.<\/p>\n<p>&nbsp;<\/p><div id=\"bghab-3339782101\" class=\"bghab-icerik-icine-25-paragraf bghab-entity-placement\"><script async src=\"\/\/pagead2.googlesyndication.com\/pagead\/js\/adsbygoogle.js?client=ca-pub-6203283170189293\" crossorigin=\"anonymous\"><\/script><ins class=\"adsbygoogle\" style=\"display:block; text-align:center;\" data-ad-client=\"ca-pub-6203283170189293\" \ndata-ad-slot=\"7303146466\" \ndata-ad-layout=\"in-article\"\ndata-ad-format=\"fluid\" data-full-width-responsive=\"true\"><\/ins>\n<script> \n(adsbygoogle = window.adsbygoogle || []).push({}); \n<\/script>\n<\/div>\n<p>Ama sorunun \u00f6z\u00fc \u015fudur: Albay Dimit\u0131r \u0130vanov\u2019un 1966 \u2013 1990 y\u0131llar\u0131 aras\u0131nda binlerce su\u00e7 i\u015fleyen, yaln\u0131zca 1984\u20131989 y\u0131llar\u0131 aras\u0131nda 39 karde\u015fimizi kur\u015funlayarak \u00f6ld\u00fcren, binlercemizi hapishanelerde \u00e7\u00fcr\u00fcten sistemin en sorumlu subaylar\u0131ndan biri olarak ne zaman halk mahkemesinde yarg\u0131lanacak? Sorun budur. Pa\u00e7ay\u0131 s\u0131vayan kom\u00fcnist rejimin katil \u201cDS\u201d subaylar\u0131, Merkez Komitesi \u00fcyeleri, gardiyan ve savc\u0131lar sanki \u201c<strong>Alt\u0131n Y\u00fczy\u0131l<\/strong>\u201d \u00f6d\u00fcl\u00fcyle \u00f6d\u00fcllendirilmekle, \u00f6d\u00fcl\u00fc K\u00fclt\u00fcr Bakan\u0131 T\u00fcrk Vejdi Ra\u015fidov\u2019un elinden almakla 1900 \u2013 2000 aras\u0131 t\u00fcm y\u0131llar i\u00e7in yani B\u00fcy\u00fck Bir ASRIN T\u00dcM SU\u00c7LARI i\u00e7in akland\u0131lar. <strong>Bu sembolik ve \u00e7ok anlaml\u0131 bir \u00f6d\u00fcllendirmeydi.<\/strong> Art\u0131k Bakan koltu\u011fundan \u00e7ekilebilir ve Bulgaristan T\u00fcrkleri ve demokratik Bulgar ayd\u0131nlar\u0131 aras\u0131nda y\u00fcz\u00fcne bakacak kimseler kalmad\u0131\u011f\u0131 i\u00e7in, \u0130svi\u00e7re\u2019ye \u2013 Alp Da\u011flar\u0131na o\u011flunun da\u011fa-evi otelinde \u201cikindi \u015fekerlemesine\u201d \u00e7ekilebilir.<\/p>\n<p>&nbsp;<\/p>\n<p>Fakat bazen insan bir \u015feye tam niyetlendi\u011fi zaman, bir k\u00f6steklenme oluyor. 9 Ocak 2017\u2019de Sofya\u2019da b\u00f6yle bir olay ya\u015fand\u0131. Art\u0131k ta\u015f-kafa-hain-polis e\u011fitiminde b\u00fcy\u00fck ba\u015far\u0131lara imza atan Albay D. \u0130vanov\u2019un ak\u0131l \u00fcr\u00fcn\u00fc olan \u201c<strong>K\u00fct\u00fcphaneciler Enstit\u00fcs\u00fc<\/strong>\u201d yine \u201c<strong>\u00fcst akl\u0131n<\/strong>\u201d i\u015faretiyle, 1966 \u2013 1990 y\u0131llar\u0131 aras\u0131nda \u00fcnlenmi\u015f bir \u015fair olan, fakat \u015fiirlerinin kom\u00fcnist kazanda kaynat\u0131lmas\u0131na ve T\u00fcrk d\u00fc\u015fmanl\u0131\u011f\u0131 dikenleriyle s\u00fcslemekten ka\u00e7\u0131nan \u00fcnl\u00fc yarat\u0131c\u0131 Tsvetan Tsanev\u2019e de bir \u201c<strong>Alt\u0131n Y\u00fczy\u0131l<\/strong>\u201d \u00f6d\u00fcl\u00fc verelim ve terazi dengelensin, haberi \u00e7\u0131kt\u0131.<\/p>\n<p>&nbsp;<\/p>\n<p>\u015eair Tsanev, bir \u201c<strong>DS<\/strong>\u201d katiline verilen bir \u00f6d\u00fcl\u00fc ben \u201c<strong>almam<\/strong>\u201d dedi. Ra\u015fidov\u2019a bu \u201c<strong>i\u015fi de bitir ve nereye gidersen git<\/strong>\u201d demi\u015flerdi. Bakan da, \u201c<strong>ucunda parac\u0131k olsayd\u0131, mutlaka al\u0131rd\u0131n, daha \u00f6nce nas\u0131l al\u0131yordun!\u201d<\/strong> deyince danan\u0131n kuyru\u011fu birden koptu. Tsanev, \u201cAlbay Dimit\u0131r \u0130vanov\u2019a verilen \u00f6d\u00fcl\u00fc benim de almam, katilleri hakl\u0131 \u00e7\u0131karmam ve kom\u00fcnist su\u00e7lular\u0131 bayrama davet etmem olur\u201d deyince, kamuoyu yeniden kaynad\u0131.<\/p><div id=\"bghab-1384937166\" class=\"bghab-icerik-icine-30-paragraf bghab-entity-placement\"><script async src=\"\/\/pagead2.googlesyndication.com\/pagead\/js\/adsbygoogle.js?client=ca-pub-6203283170189293\" crossorigin=\"anonymous\"><\/script><ins class=\"adsbygoogle\" style=\"display:block; text-align:center;\" data-ad-client=\"ca-pub-6203283170189293\" \ndata-ad-slot=\"7303146466\" \ndata-ad-layout=\"in-article\"\ndata-ad-format=\"fluid\" data-full-width-responsive=\"true\"><\/ins>\n<script> \n(adsbygoogle = window.adsbygoogle || []).push({}); \n<\/script>\n<\/div>\n<p>&nbsp;<\/p>\n<p><strong>Olay\u0131n siyasi yan\u0131:<\/strong><\/p>\n<p>1997\u2019de meclisin yak\u0131lmas\u0131ndan sonra Bulgar toplumu demokrasi taraftarlar\u0131ndan ar\u0131nd\u0131r\u0131ld\u0131. O zaman \u00fclke ba\u015ftanba\u015fa mavi bayraklarla s\u00fcsleniyordu. Bug\u00fcnk\u00fc Demokratik G\u00fc\u00e7ler Birli\u011fi (CDC) partisinin be\u015f bu\u00e7uk \u00fcyesi var<strong>.<\/strong><\/p>\n<p><strong>Son 20 y\u0131lda toplum sindirilip korkutuldu. <\/strong><\/p>\n<p><strong>En b\u00fcy\u00fck hainler z\u0131rhl\u0131 ara\u00e7larla devlet korumas\u0131 alt\u0131na al\u0131nd\u0131. Bunlar\u0131n ba\u015f\u0131nda \u201cMultigrup\u201d kodamanlar\u0131ndan Ahmet Do\u011fan gelir. \u201cMultigrup\u201d Ba\u015fkan\u0131 \u0130liya Pavlov \u00f6ld\u00fcr\u00fcld\u00fc. Sistem da\u011f\u0131t\u0131ld\u0131. Fakat en g\u00fcvenilir adamlar\u0131 o zihniyeti, toplumu \u00e7\u00f6kertip k\u00fcl\u00fcnden yeniden dirilme zihniyetini ya\u015fatt\u0131 ve bug\u00fcne ta\u015f\u0131d\u0131lar.<\/strong><\/p><div id=\"bghab-2946066524\" class=\"bghab-icerik-icine-35-paragraf bghab-entity-placement\"><script async src=\"\/\/pagead2.googlesyndication.com\/pagead\/js\/adsbygoogle.js?client=ca-pub-6203283170189293\" crossorigin=\"anonymous\"><\/script><ins class=\"adsbygoogle\" style=\"display:block; text-align:center;\" data-ad-client=\"ca-pub-6203283170189293\" \ndata-ad-slot=\"7303146466\" \ndata-ad-layout=\"in-article\"\ndata-ad-format=\"fluid\" data-full-width-responsive=\"true\"><\/ins>\n<script> \n(adsbygoogle = window.adsbygoogle || []).push({}); \n<\/script>\n<\/div>\n<p><strong>\u00a0<\/strong><\/p>\n<p>13 Kas\u0131m 2017\u2019de Rus\u00e7u General Rumen Radev\u2019in Cumhurba\u015fkan\u0131 se\u00e7ilmesiyle yeni kap\u0131 a\u00e7\u0131ld\u0131.<strong> Yeni yol olduk\u00e7a dar. Bu dar yolda Bulgaristan Sosyalist Partisi (BSP) ile Bulgarlar\u0131n Avrupa Vatanda\u015flar\u0131 Partisi (GERB) yan yana y\u00fcr\u00fcmek zorundad\u0131r.<\/strong><\/p>\n<p><strong>Zaten ikisi de ayn\u0131 y\u0131lan\u0131n iki yumurtas\u0131ndan \u00e7\u0131kan iki yavrusu de\u011fil mi?<\/strong><\/p>\n<p><strong>Bu i\u015fi yaparken ayd\u0131nlara d\u00fc\u015fen rol \u00e7ok b\u00fcy\u00fckt\u00fcr. Onlar, bug\u00fcn de,\u00a0 birbirinin y\u00fcz\u00fcne bakamayacak durumdaysalar, o zaman yeni par\u00e7alanmalar beklemeliyiz\u2026<\/strong><\/p>\n<p>Noktalad\u0131m.<\/p>\n<div id=\"bghab-2252728632\" class=\"bghab-yazi-altinda bghab-entity-placement\"><div class=\"bghab-adlabel\">Reklamlar<\/div><script async src=\"https:\/\/pagead2.googlesyndication.com\/pagead\/js\/adsbygoogle.js\"><\/script>\r\n<!-- bghaber-yaz\u0131-sonu -->\r\n<ins class=\"adsbygoogle\"\r\n     style=\"display:block\"\r\n     data-ad-client=\"ca-pub-6203283170189293\"\r\n     data-ad-slot=\"4222328180\"\r\n     data-ad-format=\"auto\"\r\n     data-full-width-responsive=\"true\"><\/ins>\r\n<script>\r\n     (adsbygoogle = window.adsbygoogle || []).push({});\r\n<\/script><\/div><br style=\"clear: both; display: block; float: none;\"\/>","protected":false},"excerpt":{"rendered":"<p>Nedim B\u0130R\u0130NC\u0130 Tarih: 10 Ocak\u00a0 2017 Konu:\u00a0 E\u011filimin de\u011fi\u015fmesi toplumsal istek midir?\u00a0 \u00a0 \u00a0 \u00a0 \u00a0 \u00a0 \u00a0 \u00a0 \u00a0 \u00a0\u00a0 K\u0131\u015f bast\u0131. Kalkm\u0131yor. Yollar<\/p>\n","protected":false},"author":13,"featured_media":8403,"comment_status":"closed","ping_status":"closed","sticky":false,"template":"","format":"standard","meta":{"advanced_seo_description":"","jetpack_seo_html_title":"","jetpack_seo_noindex":false,"_jetpack_memberships_contains_paid_content":false,"footnotes":""},"categories":[6],"tags":[],"class_list":["post-22008","post","type-post","status-publish","format-standard","has-post-thumbnail","hentry","category-yorum"],"jetpack_featured_media_url":"https:\/\/i0.wp.com\/www.bghaber.org\/bghaber\/wp-content\/uploads\/2013\/11\/nedim-birinci.jpg?fit=432%2C552&ssl=1","jetpack_sharing_enabled":true,"jetpack_likes_enabled":true,"jetpack-related-posts":[],"jetpack_shortlink":"https:\/\/wp.me\/pc2PfJ-5IY","_links":{"self":[{"href":"https:\/\/www.bghaber.org\/bghaber\/wp-json\/wp\/v2\/posts\/22008","targetHints":{"allow":["GET"]}}],"collection":[{"href":"https:\/\/www.bghaber.org\/bghaber\/wp-json\/wp\/v2\/posts"}],"about":[{"href":"https:\/\/www.bghaber.org\/bghaber\/wp-json\/wp\/v2\/types\/post"}],"author":[{"embeddable":true,"href":"https:\/\/www.bghaber.org\/bghaber\/wp-json\/wp\/v2\/users\/13"}],"replies":[{"embeddable":true,"href":"https:\/\/www.bghaber.org\/bghaber\/wp-json\/wp\/v2\/comments?post=22008"}],"version-history":[{"count":0,"href":"https:\/\/www.bghaber.org\/bghaber\/wp-json\/wp\/v2\/posts\/22008\/revisions"}],"wp:featuredmedia":[{"embeddable":true,"href":"https:\/\/www.bghaber.org\/bghaber\/wp-json\/wp\/v2\/media\/8403"}],"wp:attachment":[{"href":"https:\/\/www.bghaber.org\/bghaber\/wp-json\/wp\/v2\/media?parent=22008"}],"wp:term":[{"taxonomy":"category","embeddable":true,"href":"https:\/\/www.bghaber.org\/bghaber\/wp-json\/wp\/v2\/categories?post=22008"},{"taxonomy":"post_tag","embeddable":true,"href":"https:\/\/www.bghaber.org\/bghaber\/wp-json\/wp\/v2\/tags?post=22008"}],"curies":[{"name":"wp","href":"https:\/\/api.w.org\/{rel}","templated":true}]}}