{"id":22006,"date":"2017-01-09T23:55:06","date_gmt":"2017-01-09T21:55:06","guid":{"rendered":"http:\/\/www.bghaber.org\/bghaber\/?p=22006"},"modified":"2017-01-09T23:55:06","modified_gmt":"2017-01-09T21:55:06","slug":"kar-altinda-dusunmek","status":"publish","type":"post","link":"https:\/\/www.bghaber.org\/bghaber\/kar-altinda-dusunmek\/","title":{"rendered":"Kar Alt\u0131nda D\u00fc\u015f\u00fcnmek"},"content":{"rendered":"<p>Levent RAS\u0130M<\/p>\n<p>Konu: <strong>Bizlerin haklar\u0131n\u0131 savunmayacaksan\u0131z Bulgaristan parlamentosunda i\u015finiz ne?<\/strong><\/p>\n<p>Dobruca, Deliorman, Gerlovo, Koca Balkan ba\u015ftanba\u015fa derin bir beyaza b\u00fcr\u00fcnm\u00fc\u015f durumda.<\/p>\n<p>\u00d6yle bir k\u0131\u015f bast\u0131 ki, g\u00f6z g\u00f6z\u00fc g\u00f6rm\u00fcyor. \u0130nsanlar\u0131m\u0131z\u0131n ya\u015fad\u0131\u011f\u0131 Varna, Razgrat, Dobri\u00e7, \u015eumen, T\u0131rgov,ite, Aytos, Karnovat, k\u00f6yler, ge\u00e7itler ve yollar derin kar tabakas\u0131 alt\u0131nda kald\u0131. Kar tabakas\u0131n\u0131n birka\u00e7 metreyi buldu\u011fu yerler var. Per\u015fembeden beri yola saplanm\u0131\u015f, baz\u0131 yerlerde grupla\u015fm\u0131\u015f TIR ve otomobil \u015fof\u00f6rleri ma\u011fdur, ana yollara da trafik yasa\u011f\u0131 getirildi. Elektik ve suyu kesilmi\u015f k\u00f6yler var. Okullar tatil.<\/p>\n<p>Hepimiz hepimize \u00a0ge\u00e7mi\u015f olsun diyoruz. Bu k\u0131\u015f\u0131n hastas\u0131 vard\u0131r, cenazesi olur. Ne ambulans \u00e7al\u0131\u015f\u0131yor ne hastane yollar\u0131 a\u00e7\u0131labiliyor.<\/p><div id=\"bghab-1174527694\" class=\"bghab-icerik-icine bghab-entity-placement\"><script async src=\"\/\/pagead2.googlesyndication.com\/pagead\/js\/adsbygoogle.js?client=ca-pub-6203283170189293\" crossorigin=\"anonymous\"><\/script><ins class=\"adsbygoogle\" style=\"display:block; text-align:center;\" data-ad-client=\"ca-pub-6203283170189293\" \ndata-ad-slot=\"7303146466\" \ndata-ad-layout=\"in-article\"\ndata-ad-format=\"fluid\" data-full-width-responsive=\"true\"><\/ins>\n<script> \n(adsbygoogle = window.adsbygoogle || []).push({}); \n<\/script>\n<\/div>\n<p>\u00d6zellikle \u015eumen\u2019e ba\u011fl\u0131 \u015eeytanc\u0131k\u2019ta (Hitrino)\u00a0 o demir yolu facias\u0131ndan sonra evlerine d\u00f6nen yurtta\u015flar\u0131m\u0131z\u0131n durumu, kap\u0131s\u0131, penceresi u\u00e7mu\u015f evler, pencereden girip kap\u0131dan \u00e7\u0131kan r\u00fczgar, elektriksiz ortamda \u00e7ocuklu aileler ola\u011fan\u00fcst\u00fc a\u011f\u0131r ve zor bir k\u0131\u015f alt\u0131nda kald\u0131k.<\/p>\n<p>Ci\u011feri be\u015f para etmez y\u00f6neticiler bizi art\u0131k az\u0131c\u0131k g\u00fcne\u015fe ihtiya\u00e7 duruma getirdiler.<\/p>\n<p>Anlatt\u0131klar\u0131m hik\u00e2yenin g\u00f6r\u00fcnen k\u0131sm\u0131, bir de karanl\u0131k k\u0131sm\u0131 var.<\/p>\n<p>G\u00f6r\u00fcnen k\u0131sm\u0131nda \u00e7ocuklar kardan adam yap\u0131yorlar.<\/p>\n<p>Kimse kardan adamdan korkmuyor. Kimse beyaz kar \u00f6rg\u00fcden de korkmuyor. Zaten beyaz teslim oldum demektir ve kar d\u00fc\u015ft\u00fc\u011f\u00fc an kar topra\u011fa teslim. Toprak uygun bir zamanda yolunu bulur ve onu derelere, nehirlere, denizlere ak\u0131t\u0131r.<\/p><div id=\"bghab-2717377644\" class=\"bghab-icerik-icine-10-paragraf bghab-entity-placement\"><script async src=\"\/\/pagead2.googlesyndication.com\/pagead\/js\/adsbygoogle.js?client=ca-pub-6203283170189293\" crossorigin=\"anonymous\"><\/script><ins class=\"adsbygoogle\" style=\"display:block; text-align:center;\" data-ad-client=\"ca-pub-6203283170189293\" \ndata-ad-slot=\"7303146466\" \ndata-ad-layout=\"in-article\"\ndata-ad-format=\"fluid\" data-full-width-responsive=\"true\"><\/ins>\n<script> \n(adsbygoogle = window.adsbygoogle || []).push({}); \n<\/script>\n<\/div>\n<p>Kardan adam hareket edemez. Elindeki s\u00fcp\u00fcrgeyi savuramaz. Ben kar\u0131 temizlemeye geldim dese bile, g\u00fcne\u015f kendini g\u00f6stermeden burundaki havuc k\u0131zartmakla kal\u0131r. Ba\u015f\u0131ndaki \u015fapka hep siyaht\u0131r. \u0130nsanlara oca\u011f\u0131n\u0131z\u0131 yak\u0131n \u00e7ocuklar\u0131n\u0131z\u0131 so\u011fuklatmay\u0131n, bir ihtard\u0131r.<\/p>\n<p>Hakim olan inan\u00e7 \u201ckal\u0131n kar alt\u0131nda, b\u00fcy\u00fck bereket yarat!\u201d der.<\/p>\n<p>100 km \u00fcst\u00fcnde esen dondurucu r\u00fczgara ra\u011fmen hala \u00e7al\u0131\u015fan cep telefonumdan arkada\u015flar\u0131mla dertle\u015firken, Durmu\u015f Arda\u2019n\u0131n k\u0131\u015f uyar\u0131lar\u0131n\u0131 ve sevilen yazar\u0131m\u0131z Niyazi Mamak\u2019\u0131n 2016 sonu ve 2017 ba\u015f\u0131 olaylar\u0131 \u00fcst\u00fcne isabetli yorumunu okurken \u00fcnl\u00fc Amerika yazar\u0131 Mark Twain\u2019de \u015fu s\u00f6zler dikkatimi \u00e7ekti?<\/p>\n<p>\u015ea\u015far\u0131m yemeyip biriktirene,<\/p>\n<p>Onun bir fakirden fark\u0131 ne?<\/p><div id=\"bghab-2058689673\" class=\"bghab-icerik-icine-15-paragraf bghab-entity-placement\"><script async src=\"\/\/pagead2.googlesyndication.com\/pagead\/js\/adsbygoogle.js?client=ca-pub-6203283170189293\" crossorigin=\"anonymous\"><\/script><ins class=\"adsbygoogle\" style=\"display:block; text-align:center;\" data-ad-client=\"ca-pub-6203283170189293\" \ndata-ad-slot=\"7303146466\" \ndata-ad-layout=\"in-article\"\ndata-ad-format=\"fluid\" data-full-width-responsive=\"true\"><\/ins>\n<script> \n(adsbygoogle = window.adsbygoogle || []).push({}); \n<\/script>\n<\/div>\n<p>Alt\u0131n g\u00f6mm\u00fc\u015f 10 metre yerin dibine<\/p>\n<p>Alt\u0131n\u0131n orada dururken ta\u015ftan fark\u0131 ne?<\/p>\n<p>Ve \u015fu a\u011f\u0131r ortamda ozan\u0131m\u0131z, H\u00d6H milletvekillerine \u015fu soruyu soruyor:<\/p>\n<p>Bizlerin haklar\u0131n\u0131 savunmayacaksan\u0131z Bulgaristan parlamentosunda i\u015finiz ne?<\/p>\n<p>Ger\u00e7ekten \u015fimdi kar alt\u0131nda kalan Deliorman k\u00f6y-kent aras\u0131 yollar\u0131 ile ilgili \u00e7ok \u00f6nemli bir haber \u00e7\u0131kt\u0131. Bulgaristan\u2019da son y\u0131llarda yap\u0131lan asfalt yollar, Danimarka\u2019da yap\u0131lan kara yollar\u0131ndan 14 defa daha pahal\u0131ya mal oluyormu\u015f. Bu yollar\u0131n II. Borisov h\u00fck\u00fcmeti zaman\u0131nda devlet b\u00fct\u00e7esinden ayr\u0131lan paralarla yap\u0131ld\u0131\u011f\u0131 dikkate al\u0131nd\u0131\u011f\u0131nda, bu i\u015fte de soyuldu\u011fumuz g\u00fcn \u0131\u015f\u0131\u011f\u0131na \u00e7\u0131kt\u0131.<\/p><div id=\"bghab-2413922906\" class=\"bghab-icerik-icine-20-paragraf bghab-entity-placement\"><script async src=\"\/\/pagead2.googlesyndication.com\/pagead\/js\/adsbygoogle.js?client=ca-pub-6203283170189293\" crossorigin=\"anonymous\"><\/script><ins class=\"adsbygoogle\" style=\"display:block; text-align:center;\" data-ad-client=\"ca-pub-6203283170189293\" \ndata-ad-slot=\"7303146466\" \ndata-ad-layout=\"in-article\"\ndata-ad-format=\"fluid\" data-full-width-responsive=\"true\"><\/ins>\n<script> \n(adsbygoogle = window.adsbygoogle || []).push({}); \n<\/script>\n<\/div>\n<p>Benim kan\u0131mca Bulgaristan\u2019a bol kar kadar, bir de ak\u0131l s\u00fczgeci laz\u0131m.<\/p>\n<p>\u015eu mecliste oturanlar bir km yol yap\u0131m\u0131 i\u00e7in 14 kat fazla para \u00f6dendi\u011fine neden tepki g\u00f6stermiyorlar, ak\u0131l erdiremiyorum.<\/p>\n<p>Deliorman\u2019da dola\u015fan r\u00fczg\u00e2r\u0131n kulaktan kula\u011fa gezdirdi\u011fi dedikodulara bak\u0131l\u0131rsa mecliste \u201c<strong>hi\u00e7 kimse ses \u00e7\u0131karmas\u0131n<\/strong>\u201d kasas\u0131 varm\u0131\u015f ve milletvekillerine her ay el alt\u0131ndan, imza atmadan 5\u00a0000 levac\u0131k (be\u015f bin) da\u011f\u0131t\u0131l\u0131yormu\u015f. Sofya halk meclisinde R\u00fc\u015fvet ve Doland\u0131r\u0131c\u0131l\u0131kla M\u00fccadele eski Ba\u015fkan\u0131 Yane Yanev\u2019in yapt\u0131\u011f\u0131 bir a\u00e7\u0131klama da bunu teyitlerken, \u015fu k\u0131r\u0131c\u0131 so\u011fukta kendi i\u00e7ine s\u0131\u011f\u0131nm\u0131\u015f ve b\u00fcz\u00fclm\u00fc\u015f bekleyen kamuoyunu ba\u015fka bir olay da iyice \u0131rgalad\u0131. Bulgar okul kantinlerinde ve fazla \u00e7ocuk olan \u00c7ingene gettolar\u0131 ve az\u0131nl\u0131klar\u0131n ya\u015fad\u0131\u011f\u0131 mahallelerdeki marketlerde sat\u0131lan \u201cl\u00fctenitsa\u201d (k\u00f6zlenmi\u015f biber ve domatesten yap\u0131lan bir ekmek \u00fcst\u00fc) kavanozlar\u0131nda farkl\u0131 bir uyu\u015fturucu oldu\u011fu ve bunu yiyenlerin g\u00fcn boyu uyuklad\u0131\u011f\u0131 TV-ekran\u0131na d\u00fc\u015ft\u00fc. Buna itiraz edenler oldu, fakat \u00f6zel analiz i\u00e7in g\u00f6nderilen Hollanda laboratuarlar\u0131ndan gelen analiz sonu\u00e7lar\u0131 uyu\u015fturucu kullan\u0131ld\u0131\u011f\u0131n\u0131 do\u011frulad\u0131. Ne oluyor yani, \u00c7ingenelerin uyurgezer dola\u015fmalar\u0131, \u00e7ocuklar\u0131m\u0131z\u0131n okullarda ba\u015far\u0131s\u0131z olduklar\u0131n\u0131 kan\u0131tlamak i\u00e7in uyutan uyu\u015fturucu kullanmak m\u0131 gerekiyor? Zaten kimsenin bir \u015fey bildi\u011fi yok. Ortaokul diplomas\u0131 alanlar\u0131n okumay\u0131 s\u00f6kemedi\u011fi, yaz\u0131 i\u015flerinin de imza atmakla noktaland\u0131\u011f\u0131 ortada. Bu oran Romen n\u00fcfus aras\u0131nda % 44\u2019\u00fcn \u00fcst\u00fcndedir. E\u011fitim ve Teknoloji Bakanl\u0131\u011f\u0131 Denetim Komisyonlar\u0131 hi\u00e7 okula gitmemi\u015f \u00e7ingene \u00e7ocuklar\u0131na ortaokul diplomas\u0131 verildi\u011fini ve bunun Avrupa Birli\u011fi\u2019nden al\u0131nan \u201c<strong>az\u0131nl\u0131klar\u0131n e\u011fitimi i\u00e7in g\u00f6nderilen paralar\u0131n harcama kalamlerinin hakl\u0131 \u00e7\u0131kar\u0131lmas\u0131<\/strong>\u201d amac\u0131yla yap\u0131ld\u0131\u011f\u0131n\u0131 tespit etmi\u015ftir. Bu i\u015flerde \u00f6\u011fretmenler ve okul m\u00fcd\u00fcrleri el ele vermi\u015f okul sistemimizin \u00e7\u00fcr\u00fcme ve \u00e7\u00f6k\u00fc\u015f davas\u0131na hizmet veriyorlar.<\/p>\n<p>Ku\u015fkusuz bu i\u015fte de bir hay\u0131r vard\u0131r, diyelim, \u00e7\u00fcnk\u00fc dibe vurmadan hi\u00e7 bir \u015feyin d\u00fczelece\u011fi yok.<\/p>\n<p>Ben bug\u00fcn oturmu\u015f bu yaz\u0131y\u0131 yaz\u0131yorum da, asl\u0131nda Sofya\u2019da olmak gerekiyordu. II. Borisov h\u00fck\u00fcmetinde g\u00f6revinden at\u0131lmazdan \u00f6nce Adalet Bakan\u0131 olan Hristo \u0130vanov ba\u015fkanl\u0131\u011f\u0131nda <strong>R\u00fc\u015fvet ve Doland\u0131r\u0131c\u0131l\u0131kla M\u00fccadele Partisi<\/strong> kuruluyor. Kurucu delege olarak davet edilmi\u015ftim. Ne yapal\u0131m, r\u00fc\u015fvet\u00e7i ve doland\u0131r\u0131c\u0131lar\u0131n da Allah\u2019\u0131 olmal\u0131 ki, kar k\u0131\u015f bizi eve kapad\u0131, yollar da kapal\u0131 ve gidemedim. Bulgar kamuoyu bu i\u015flerin T\u00fcrk milleti aras\u0131ndan da g\u00f6z ka\u015f olacak kadrolar\u0131 g\u00f6rev ba\u015f\u0131na \u00e7a\u011f\u0131rmadan olmayaca\u011f\u0131n\u0131 anlamaya ba\u015flad\u0131lar. Besbelli Sofya Merkez Semtlerinde o uyutan \u201c<strong>l\u00fctenitsadan<\/strong>\u201d sat\u0131lm\u0131yor.<\/p><div id=\"bghab-1740150835\" class=\"bghab-icerik-icine-25-paragraf bghab-entity-placement\"><script async src=\"\/\/pagead2.googlesyndication.com\/pagead\/js\/adsbygoogle.js?client=ca-pub-6203283170189293\" crossorigin=\"anonymous\"><\/script><ins class=\"adsbygoogle\" style=\"display:block; text-align:center;\" data-ad-client=\"ca-pub-6203283170189293\" \ndata-ad-slot=\"7303146466\" \ndata-ad-layout=\"in-article\"\ndata-ad-format=\"fluid\" data-full-width-responsive=\"true\"><\/ins>\n<script> \n(adsbygoogle = window.adsbygoogle || []).push({}); \n<\/script>\n<\/div>\n<p>Kal\u0131n kar\u0131 g\u00f6r\u00fcnce umutlar\u0131m\u0131z biraz canlansa da, anla\u015f\u0131lan bize kar\u015f\u0131 Bulgar\u2019\u0131n niyeti niyet de\u011fil. Hak ve \u00d6zg\u00fcrl\u00fck Partisi (DPS) beslemesi ve Moskova uzant\u0131s\u0131 olan, oylar\u0131m\u0131zla se\u00e7ilen milletvekillerinden Dan\u00e7o Peevski\u2019nin imtiyaz sahibi oldu\u011fu \u201c<strong>Uykent<\/strong>\u201d haftal\u0131k gazetesinin son say\u0131s\u0131 elime ge\u00e7ti. Kar\u0131\u015ft\u0131rmaya ba\u015flay\u0131nca \u00f6n\u00fcme \u201c A l \u00e7 a k\u201d ba\u015fl\u0131\u011f\u0131 alt\u0131na toplanm\u0131\u015f 2 \u00e7ar\u015faf sayfa a\u00e7\u0131ld\u0131. H\u00d6H y\u00f6netimi 1991\u2019e kadar \u201cMurat\u201d ajan ad\u0131yla \u00e7al\u0131\u015fan, H\u00d6H Ba\u015fkan Yard\u0131mc\u0131s\u0131 ve 3 s\u00fcre milletvekili olan \u00dcnal L\u00fctfi\u2019yi yere vurup domuzlar\u0131n oyna\u015ft\u0131\u011f\u0131 \u00e7amura atm\u0131\u015f. Foto\u011frafl\u0131 dosyan\u0131n alt\u0131na \u201c<strong>Namussuz<\/strong>\u201d yazm\u0131\u015flar. Sayfay\u0131 okuyan bu olay L\u00fctfi\u2019yi bitirir, diyor ve \u201c<strong>ya bu bizim T\u00fcrkler aras\u0131nda Kasim Dal\u2019dan ba\u015fka s\u00f6z\u00fc ge\u00e7en adam yok mu<\/strong>?\u201d sorusunu \u00e7ok s\u0131k sorarken, \u201c<strong>O dosyas\u0131n\u0131 temizletti ve bu dertten kurtuldu<\/strong>!\u201d gibi yorumlar yap\u0131l\u0131yor. Burada \u00f6nemli olan Bulgar gizli servisine yaranma k\u0131stas\u0131 yok. Hadi \u00e7al\u0131\u015fm\u0131\u015f \u00e7al\u0131\u015fm\u0131\u015f, ama sen de adamdan istifade etmi\u015fsin, dosya kapanm\u0131\u015f, fakat adam\u0131n i\u00e7inde canl\u0131 bir korku var. Acaba beni yar\u0131n rezil etmezler mi korkusu. \u00c7\u00fcnk\u00fc Mark Twain\u2019in de dedi\u011fi gibi, mukayeseli ifade etti\u011fimizde, \u00a0\u201c<strong>dosya orada dururken tuvalet k\u00e2\u011f\u0131d\u0131ndan fark\u0131 ne<\/strong>?\u201d \u00d6yle de\u011fil i\u015fte. Kremlin paras\u0131yla Bulgar bas\u0131n\u0131n\u0131n yar\u0131s\u0131na sahip olan ve bu i\u015fleri Ahmet Do\u011fan\u2019\u0131n g\u00f6lgesinde yapan ama art\u0131k \u201cAhmet\u2019e,<strong> bak i\u015fine be saman \u00e7uval\u0131<\/strong>\u201d deyecek kadar ileri giden D. Peevski, \u015fimdi elindeki yaz\u0131l\u0131 bas\u0131nda, yeni bir \u201c<strong>Namussuzlar<\/strong>\u201d seri ba\u015flat\u0131rsa, bak sen olacak olana. H\u00d6H-DPS 26 Mart 2017\u2019de bir tek milletvekili \u00e7\u0131karamaz. Ne demi\u015fler, en fazla en yak\u0131n\u0131nda olandan korkacaks\u0131n. Ahmet Do\u011fan General torunu Peevski!yi besledi ve \u015fimdi olana ve olacak olana bak!\u2026 Bir bak\u0131ma, \u015fu Bulgarlar yak\u0131nda olaca\u011f\u0131 d\u00fc\u015f\u00fcnemiyor, ama da\u011f ard\u0131ndaki baz\u0131 \u015feyleri g\u00f6rebiliyor. Demek istedi\u011fim T\u00fcrkler aras\u0131ndan \u201c<strong>muhbir<\/strong>\u201d se\u00e7erken daha ilk g\u00f6r\u00fc\u015fmede, \u201c<strong>Bulgarlara kar\u015f\u0131 yazmayacaks\u0131n<\/strong>!\u201d talimat\u0131 veriliyor. Do\u011fan dosyas\u0131nda da var bu emir, \u201c<strong>sak\u0131n Bulgarlar\u0131n h\u0131rs\u0131zl\u0131\u011f\u0131n\u0131 ve yankesicili\u011fini g\u00f6rme<\/strong>\u201d demi\u015f. Bu emir \u00dcnal L\u00fctfi\u2019ye de verilmi\u015f olmal\u0131 ki, o da ba\u015fl\u0131ca ses sanat\u00e7\u0131lar\u0131ndan Mustafa \u00c7avu\u015fev ile Lili \u0130vanova hakk\u0131nda d\u00f6\u015femi\u015f. Ya L\u00fctfi aga, sen kusura bakma ama, Mustafa \u00c7avu\u015fev\u2019in\u00a0 k\u00fc\u00e7\u00fck parma\u011f\u0131ndan kesti\u011fi t\u0131rnak olamazs\u0131n, desem yanl\u0131\u015f anla\u015f\u0131l\u0131r diye korkuyorum. Lili\u2019ye gelince o da bizim bural\u0131, ama kad\u0131nca\u011f\u0131z Bulgar de\u011fil, Romanya g\u00f6\u00e7menlerinden, ismi ve soyad\u0131 Bulgar oldu\u011fundan millet y\u0131llarca olay\u0131n \u00f6z\u00fcn\u00fc anlayamad\u0131.<\/p>\n<p>Karalt\u0131nda kalm\u0131\u015f memleketimde d\u00fc\u015f\u00fcn\u00fcrken \u015fu sonuca vard\u0131m: E\u011fer bir insan s\u00fcrekli seni \u00fcz\u00fcyorsa anla ki mutlu etmek istedi\u011fi ki\u015fi sen de\u011filsin.<\/p>\n<p>Bizim toplum \u00e7ok hasta. Bu bir \u00e7\u00f6k\u00fc\u015f ve \u00e7\u00f6z\u00fclme hastal\u0131\u011f\u0131. Ak\u0131l erecek gibi de\u011fil. Dibe vurmazdan \u00f6nce ancak \u015funu s\u00f6yleyebilirim:<\/p>\n<p>Ben iyim doktor.<\/p>\n<p>Sen y\u00fcre\u011fi insan olmayanlar\u0131 tedavi et.<\/p><div id=\"bghab-1434211912\" class=\"bghab-icerik-icine-30-paragraf bghab-entity-placement\"><script async src=\"\/\/pagead2.googlesyndication.com\/pagead\/js\/adsbygoogle.js?client=ca-pub-6203283170189293\" crossorigin=\"anonymous\"><\/script><ins class=\"adsbygoogle\" style=\"display:block; text-align:center;\" data-ad-client=\"ca-pub-6203283170189293\" \ndata-ad-slot=\"7303146466\" \ndata-ad-layout=\"in-article\"\ndata-ad-format=\"fluid\" data-full-width-responsive=\"true\"><\/ins>\n<script> \n(adsbygoogle = window.adsbygoogle || []).push({}); \n<\/script>\n<\/div>\n<p>Bendeki hastal\u0131k sadece insan ve vatan sevgisi.<\/p>\n<p>Tedavi re\u00e7etesinde \u201c<strong>bu mikroplar so\u011fu\u011fa dayanamaz<\/strong>\u201d selam olsun.<\/p>\n<p>Sigara paketinin \u00fcst\u00fcnde, \u201ci\u00e7inde petrol, nikotin, amonyak, fare zehri, siyan\u00fcr var\u201d yaz\u0131yor da fayda ediyor mu? Bu i\u015fler b\u00f6yle, adam \u201c<strong>Bulgaristan \u00e7\u0131karlar\u0131<\/strong>\u201d deyip iki bi\u00e7iliyor ve bizim param\u0131zla bizim k\u00f6ylere Danimarka\u2019dan 14 kat pahal\u0131ya yol yap\u0131yor. R\u00fc\u015ffet ve doland\u0131r\u0131c\u0131l\u0131k illeti bu kara dayan\u0131r. So\u011fu\u011fa da dayan\u0131r, ayr\u0131k gibidir, bizimkilerin damar\u0131na i\u015flemi\u015f, memleket \u00e7\u00f6kertir.<\/p>\n<p>Kar kalkt\u0131\u011f\u0131nda devam ederiz. \u0130\u015f Allah R\u00fc\u015fvete ve Doland\u0131r\u0131c\u0131l\u0131\u011fa kar\u015f\u0131 M\u00fccadele Partisi bug\u00fcn kurulmu\u015ftur. Ancak bu parti, kar\u0131 kald\u0131r\u0131r ve yollar\u0131 a\u00e7ar\u2026.<\/p>\n<div id=\"bghab-3827878076\" class=\"bghab-yazi-altinda bghab-entity-placement\"><div class=\"bghab-adlabel\">Reklamlar<\/div><script async src=\"https:\/\/pagead2.googlesyndication.com\/pagead\/js\/adsbygoogle.js\"><\/script>\r\n<!-- bghaber-yaz\u0131-sonu -->\r\n<ins class=\"adsbygoogle\"\r\n     style=\"display:block\"\r\n     data-ad-client=\"ca-pub-6203283170189293\"\r\n     data-ad-slot=\"4222328180\"\r\n     data-ad-format=\"auto\"\r\n     data-full-width-responsive=\"true\"><\/ins>\r\n<script>\r\n     (adsbygoogle = window.adsbygoogle || []).push({});\r\n<\/script><\/div><br style=\"clear: both; display: block; float: none;\"\/>","protected":false},"excerpt":{"rendered":"<p>Levent RAS\u0130M Konu: Bizlerin haklar\u0131n\u0131 savunmayacaksan\u0131z Bulgaristan parlamentosunda i\u015finiz ne? Dobruca, Deliorman, Gerlovo, Koca Balkan ba\u015ftanba\u015fa derin bir beyaza b\u00fcr\u00fcnm\u00fc\u015f durumda. \u00d6yle bir k\u0131\u015f bast\u0131<\/p>\n","protected":false},"author":13,"featured_media":17954,"comment_status":"closed","ping_status":"closed","sticky":false,"template":"","format":"standard","meta":{"advanced_seo_description":"","jetpack_seo_html_title":"","jetpack_seo_noindex":false,"_jetpack_memberships_contains_paid_content":false,"footnotes":""},"categories":[6],"tags":[],"class_list":["post-22006","post","type-post","status-publish","format-standard","has-post-thumbnail","hentry","category-yorum"],"jetpack_featured_media_url":"https:\/\/i0.wp.com\/www.bghaber.org\/bghaber\/wp-content\/uploads\/2016\/02\/Levent-resm.jpg?fit=325%2C326&ssl=1","jetpack_sharing_enabled":true,"jetpack_likes_enabled":true,"jetpack-related-posts":[],"jetpack_shortlink":"https:\/\/wp.me\/pc2PfJ-5IW","_links":{"self":[{"href":"https:\/\/www.bghaber.org\/bghaber\/wp-json\/wp\/v2\/posts\/22006","targetHints":{"allow":["GET"]}}],"collection":[{"href":"https:\/\/www.bghaber.org\/bghaber\/wp-json\/wp\/v2\/posts"}],"about":[{"href":"https:\/\/www.bghaber.org\/bghaber\/wp-json\/wp\/v2\/types\/post"}],"author":[{"embeddable":true,"href":"https:\/\/www.bghaber.org\/bghaber\/wp-json\/wp\/v2\/users\/13"}],"replies":[{"embeddable":true,"href":"https:\/\/www.bghaber.org\/bghaber\/wp-json\/wp\/v2\/comments?post=22006"}],"version-history":[{"count":0,"href":"https:\/\/www.bghaber.org\/bghaber\/wp-json\/wp\/v2\/posts\/22006\/revisions"}],"wp:featuredmedia":[{"embeddable":true,"href":"https:\/\/www.bghaber.org\/bghaber\/wp-json\/wp\/v2\/media\/17954"}],"wp:attachment":[{"href":"https:\/\/www.bghaber.org\/bghaber\/wp-json\/wp\/v2\/media?parent=22006"}],"wp:term":[{"taxonomy":"category","embeddable":true,"href":"https:\/\/www.bghaber.org\/bghaber\/wp-json\/wp\/v2\/categories?post=22006"},{"taxonomy":"post_tag","embeddable":true,"href":"https:\/\/www.bghaber.org\/bghaber\/wp-json\/wp\/v2\/tags?post=22006"}],"curies":[{"name":"wp","href":"https:\/\/api.w.org\/{rel}","templated":true}]}}