{"id":2180,"date":"2013-05-28T01:19:27","date_gmt":"2013-05-27T22:19:27","guid":{"rendered":"http:\/\/bghaber.org\/bghaber\/?p=2180"},"modified":"2019-07-18T23:48:37","modified_gmt":"2019-07-18T21:48:37","slug":"avrupali-gencleri-sporun-dili-bulusturdu","status":"publish","type":"post","link":"https:\/\/www.bghaber.org\/bghaber\/avrupali-gencleri-sporun-dili-bulusturdu\/","title":{"rendered":"Avrupal\u0131 gen\u00e7leri sporun dili bulu\u015fturdu.."},"content":{"rendered":"<p itemprop=\"articleBody\">\u0130smail Hakk\u0131 Demir &#8211; \u0130spanyol, Frans\u0131z, \u00c7ek ve Bulgar gen\u00e7ler &#8220;sporun evrensel dili&#8221; sayesinde geldikleri Kahramanmara\u015f&#8217;ta T\u00fcrk k\u00fclt\u00fcr\u00fcn\u00fc inceledi.<!--more--><\/p>\n<p itemprop=\"articleBody\"><a href=\"https:\/\/i0.wp.com\/bghaber.org\/bghaber\/wp-content\/uploads\/2013\/05\/201305167f4a7ac1a0826a4f85cdd63ef906c4f3.jpg\"><img data-recalc-dims=\"1\" loading=\"lazy\" decoding=\"async\" class=\"alignright size-medium wp-image-2181\" alt=\"avrupal\u0131 \" src=\"https:\/\/i0.wp.com\/bghaber.org\/bghaber\/wp-content\/uploads\/2013\/05\/201305167f4a7ac1a0826a4f85cdd63ef906c4f3-300x171.jpg?resize=300%2C171\" width=\"300\" height=\"171\" srcset=\"https:\/\/i0.wp.com\/www.bghaber.org\/bghaber\/wp-content\/uploads\/2013\/05\/201305167f4a7ac1a0826a4f85cdd63ef906c4f3.jpg?resize=300%2C171&amp;ssl=1 300w, https:\/\/i0.wp.com\/www.bghaber.org\/bghaber\/wp-content\/uploads\/2013\/05\/201305167f4a7ac1a0826a4f85cdd63ef906c4f3.jpg?w=500&amp;ssl=1 500w\" sizes=\"auto, (max-width: 300px) 100vw, 300px\" \/><\/a>Anadolu \u0130mam Hatip Lisesinin haz\u0131rlad\u0131\u011f\u0131 &#8220;Avrupa Gen\u00e7li\u011finin Sporla Entegrasyonu&#8221; projesine \u0130spanya, Fransa, \u00c7ek Cumhuriyeti ve Bulgaristan&#8217;daki okullar ortak oldu. \u00c7al\u0131\u015fma kapsam\u0131nda bir araya gelen gen\u00e7ler her \u00fclkede farkl\u0131 spor bran\u015f\u0131nda etkinlik d\u00fczenledi.<\/p>\n<p itemprop=\"articleBody\">Son olarak Kahramanmara\u015f&#8217;ta bulu\u015fan Avrupal\u0131 gen\u00e7ler, voleybol kar\u015f\u0131la\u015fmalar\u0131 yaparak spor sayesinde kayna\u015fma imkan\u0131 buldu.<\/p>\n<p itemprop=\"articleBody\">Gittikleri \u00fclkelerin k\u00fclt\u00fcrlerini de inceleyen \u00f6\u011frenciler, kentte sporun d\u0131\u015f\u0131nda tarihi mekanlar\u0131 gezdi, T\u00fcrk ailelere misafir oldu.<\/p>\n<p itemprop=\"articleBody\">Proje dan\u0131\u015fman\u0131 Fatih T\u00fcrk, AA muhabirine yapt\u0131\u011f\u0131 a\u00e7\u0131klamada, proje kapsam\u0131nda 4 farkl\u0131 \u00fclkeden \u00f6\u011frencinin Kahramanmara\u015f&#8217;ta bir araya geldi\u011fini s\u00f6yledi. Spor sayesinde T\u00fcrk k\u00fclt\u00fcr\u00fcn\u00fc anlatma imkan\u0131 bulduklar\u0131n\u0131 dile getiren T\u00fcrk, &#8220;Bu gen\u00e7leri spor bir araya getirdi. Projeyle sporun evrensel ve birle\u015ftirici taraf\u0131n\u0131 kullanarak \u00fclkeler aras\u0131nda \u00f6\u011frencilerin k\u00fclt\u00fcrel entegrasyonunu sa\u011flamaya \u00e7al\u0131\u015ft\u0131k&#8221; dedi.<\/p><div id=\"bghab-279847814\" class=\"bghab-icerik-icine bghab-entity-placement\"><script async src=\"\/\/pagead2.googlesyndication.com\/pagead\/js\/adsbygoogle.js?client=ca-pub-6203283170189293\" crossorigin=\"anonymous\"><\/script><ins class=\"adsbygoogle\" style=\"display:block; text-align:center;\" data-ad-client=\"ca-pub-6203283170189293\" \ndata-ad-slot=\"7303146466\" \ndata-ad-layout=\"in-article\"\ndata-ad-format=\"fluid\" data-full-width-responsive=\"true\"><\/ins>\n<script> \n(adsbygoogle = window.adsbygoogle || []).push({}); \n<\/script>\n<\/div>\n<p itemprop=\"articleBody\">-&#8220;Misafirlerimizi evimizde a\u011f\u0131rlad\u0131k&#8221;-<\/p>\n<p itemprop=\"articleBody\">Okul M\u00fcd\u00fcr\u00fc Emrullah Balbala ise sporun evrensel dilini kullanarak T\u00fcrk k\u00fclt\u00fcr\u00fcn\u00fc Avrupal\u0131 gen\u00e7lere anlatt\u0131klar\u0131n\u0131 s\u00f6yledi. T\u00fcrk k\u00fclt\u00fcr\u00fcn\u00fcn Avrupa&#8217;da tan\u0131t\u0131lmas\u0131na katk\u0131 sa\u011flamay\u0131 hedeflediklerini aktaran Balbaba, \u015f\u00f6yle konu\u015ftu:<\/p>\n<p itemprop=\"articleBody\">&#8220;Geleneklerimizi, g\u00f6reneklerimizi tan\u0131tma ad\u0131na bir ama\u00e7 g\u00fctt\u00fck ve buna da ula\u015ft\u0131k. Biz onlara gittik onlar bize geldi. Misafirlerimizi kendi evlerimizde a\u011f\u0131rlad\u0131k. Onlara T\u00fcrk misafirperverli\u011fini g\u00f6sterdik. Onlardan bu uygulamadan \u00e7ok memnun kald\u0131lar. K\u00fclt\u00fcr\u00fcm\u00fcz\u00fc Avrupa insan\u0131na aktarman\u0131n mutlulu\u011fu i\u00e7erisindeyiz. Sporun d\u00fcnya gen\u00e7leri aras\u0131ndaki en \u00f6nemli ortak nokta oldu\u011funu d\u00fc\u015f\u00fcn\u00fcyoruz. B\u00f6ylece sporun diliyle k\u00fclt\u00fcrel kayna\u015fma sa\u011fland\u0131.&#8221;<\/p>\n<p itemprop=\"articleBody\">\u0130spanyol Roca Garcia da T\u00fcrk k\u00fclt\u00fcr\u00fcn yak\u0131ndan tan\u0131ma f\u0131rsat\u0131 yakalad\u0131\u011f\u0131 i\u00e7in mutlu oldu\u011funu s\u00f6yledi. Bulgar \u00f6\u011frenci Pavla Machulikova ise T\u00fcrkiye&#8217;de yeni arkada\u015fl\u0131klar edindiklerini, herkesin farkl\u0131 dilleri konu\u015fmas\u0131na ra\u011fmen, spor sayesinde bir arada olduklar\u0131n\u0131 ifade etti.<\/p>\n<div id=\"bghab-2676694211\" class=\"bghab-yazi-altinda bghab-entity-placement\"><script async src=\"https:\/\/pagead2.googlesyndication.com\/pagead\/js\/adsbygoogle.js\"><\/script>\r\n<!-- bghaber-yaz\u0131-sonu -->\r\n<ins class=\"adsbygoogle\"\r\n     style=\"display:block\"\r\n     data-ad-client=\"ca-pub-6203283170189293\"\r\n     data-ad-slot=\"4222328180\"\r\n     data-ad-format=\"auto\"\r\n     data-full-width-responsive=\"true\"><\/ins>\r\n<script>\r\n     (adsbygoogle = window.adsbygoogle || []).push({});\r\n<\/script><\/div><br style=\"clear: both; display: block; float: none;\"\/>","protected":false},"excerpt":{"rendered":"<p>\u0130smail Hakk\u0131 Demir &#8211; \u0130spanyol, Frans\u0131z, \u00c7ek ve Bulgar gen\u00e7ler &#8220;sporun evrensel dili&#8221; sayesinde geldikleri Kahramanmara\u015f&#8217;ta T\u00fcrk k\u00fclt\u00fcr\u00fcn\u00fc inceledi.<\/p>\n","protected":false},"author":29,"featured_media":2181,"comment_status":"closed","ping_status":"closed","sticky":false,"template":"","format":"standard","meta":{"advanced_seo_description":"","jetpack_seo_html_title":"","jetpack_seo_noindex":false,"jetpack_seo_schema_type":"","_jetpack_newsletter_access":"","_jetpack_dont_email_post_to_subs":false,"_jetpack_newsletter_tier_id":0,"_jetpack_memberships_contains_paywalled_content":false,"_jetpack_feature_clip_id":0,"_jetpack_memberships_contains_paid_content":false,"footnotes":"","jetpack_post_was_ever_published":false},"categories":[7],"tags":[30],"class_list":["post-2180","post","type-post","status-publish","format-standard","has-post-thumbnail","hentry","category-saglik-spor","tag-bulgaristan"],"jetpack_sharing_enabled":true,"jetpack_likes_enabled":true,"jetpack-related-posts":[],"jetpack_shortlink":"https:\/\/wp.me\/pc2PfJ-za","jetpack_featured_media_url":"https:\/\/i0.wp.com\/www.bghaber.org\/bghaber\/wp-content\/uploads\/2013\/05\/201305167f4a7ac1a0826a4f85cdd63ef906c4f3.jpg?fit=500%2C285&ssl=1","_links":{"self":[{"href":"https:\/\/www.bghaber.org\/bghaber\/wp-json\/wp\/v2\/posts\/2180","targetHints":{"allow":["GET"]}}],"collection":[{"href":"https:\/\/www.bghaber.org\/bghaber\/wp-json\/wp\/v2\/posts"}],"about":[{"href":"https:\/\/www.bghaber.org\/bghaber\/wp-json\/wp\/v2\/types\/post"}],"author":[{"embeddable":true,"href":"https:\/\/www.bghaber.org\/bghaber\/wp-json\/wp\/v2\/users\/29"}],"replies":[{"embeddable":true,"href":"https:\/\/www.bghaber.org\/bghaber\/wp-json\/wp\/v2\/comments?post=2180"}],"version-history":[{"count":0,"href":"https:\/\/www.bghaber.org\/bghaber\/wp-json\/wp\/v2\/posts\/2180\/revisions"}],"wp:featuredmedia":[{"embeddable":true,"href":"https:\/\/www.bghaber.org\/bghaber\/wp-json\/wp\/v2\/media\/2181"}],"wp:attachment":[{"href":"https:\/\/www.bghaber.org\/bghaber\/wp-json\/wp\/v2\/media?parent=2180"}],"wp:term":[{"taxonomy":"category","embeddable":true,"href":"https:\/\/www.bghaber.org\/bghaber\/wp-json\/wp\/v2\/categories?post=2180"},{"taxonomy":"post_tag","embeddable":true,"href":"https:\/\/www.bghaber.org\/bghaber\/wp-json\/wp\/v2\/tags?post=2180"}],"curies":[{"name":"wp","href":"https:\/\/api.w.org\/{rel}","templated":true}]}}