{"id":21555,"date":"2016-11-28T18:05:01","date_gmt":"2016-11-28T16:05:01","guid":{"rendered":"http:\/\/www.bghaber.org\/bghaber\/?p=21555"},"modified":"2016-11-28T23:25:00","modified_gmt":"2016-11-28T21:25:00","slug":"kibris-ve-biz-bulgaristanli-turkler","status":"publish","type":"post","link":"https:\/\/www.bghaber.org\/bghaber\/kibris-ve-biz-bulgaristanli-turkler\/","title":{"rendered":"K\u0131br\u0131s ve Biz Bulgaristanl\u0131 T\u00fcrkler"},"content":{"rendered":"<div id=\"yiv0146924333yui_3_16_0_1_1480107921527_18751\"><span id=\"yiv0146924333yui_3_16_0_1_1480107921527_18752\"><b id=\"yiv0146924333yui_3_16_0_1_1480107921527_18753\">K\u0131br\u0131s M\u00fczakerelerinde Son Durum konulu konferansta konu\u015fma metni<\/b><\/span><\/div>\n<div id=\"yiv0146924333yui_3_16_0_1_1480107921527_18759\"><b id=\"yiv0146924333yui_3_16_0_1_1480107921527_18760\"><span id=\"yiv0146924333yui_3_16_0_1_1480107921527_18761\"><img decoding=\"async\" src=\"blob:https:\/\/web.whatsapp.com\/ef845ea4-826e-48bc-8bdf-4329a6856398\" \/><img decoding=\"async\" src=\"blob:https:\/\/web.whatsapp.com\/d03d6584-6183-445e-a3e8-fef557473ea5\" \/><img decoding=\"async\" src=\"blob:https:\/\/web.whatsapp.com\/d03d6584-6183-445e-a3e8-fef557473ea5\" \/><img decoding=\"async\" src=\"blob:https:\/\/web.whatsapp.com\/d03d6584-6183-445e-a3e8-fef557473ea5\" \/><img decoding=\"async\" src=\"https:\/\/scontent-amt2-1.xx.fbcdn.net\/v\/t1.0-9\/15253504_1522325247783421_963799054937991632_n.jpg?oh=a45677301d96d08f8d27aa7c3c541186&amp;oe=58AFAB65\" \/><\/span><\/b><\/div>\n<div id=\"yiv0146924333yui_3_16_0_1_1480107921527_18763\"><span id=\"yiv0146924333yui_3_16_0_1_1480107921527_18764\">Prof.Dr.Erhan ARIKLI&#8217;ya Plaket taktim ederken<\/span><\/div>\n<div><\/div>\n<div id=\"yiv0146924333yui_3_16_0_1_1480107921527_18775\">\n<p><img decoding=\"async\" src=\"blob:https:\/\/web.whatsapp.com\/d03d6584-6183-445e-a3e8-fef557473ea5\" \/><img decoding=\"async\" src=\"https:\/\/scontent-amt2-1.xx.fbcdn.net\/v\/t1.0-9\/15232143_1522322934450319_5996791703717542928_n.jpg?oh=9fe7f84099257f919486309fd73f14f3&amp;oe=58BEE415\" \/><\/p>\n<div><span id=\"yiv0146924333yui_3_16_0_1_1480107921527_18764\">Say\u0131n Belediye Ba\u015fkan\u0131m,<\/span><\/div>\n<div id=\"yiv0146924333yui_3_16_0_1_1480107921527_18769\"><span id=\"yiv0146924333yui_3_16_0_1_1480107921527_18770\">De\u011ferli dostlar ve konuklar\u0131m\u0131z<\/span><\/div>\n<\/div>\n<div id=\"yiv0146924333yui_3_16_0_1_1480107921527_18782\"><span id=\"yiv0146924333yui_3_16_0_1_1480107921527_18783\"><b id=\"yiv0146924333yui_3_16_0_1_1480107921527_18753\">K\u0131br\u0131s M\u00fczakerelerinde Son Durum<\/b><\/span><\/div>\n<div><span id=\"yiv0146924333yui_3_16_0_1_1480107921527_18783\">Konulu Konferans\u0131m\u0131za HO\u015e GELD\u0130N\u0130Z.<\/span><\/div>\n<div id=\"yiv0146924333yui_3_16_0_1_1480107921527_18785\"><span id=\"yiv0146924333yui_3_16_0_1_1480107921527_18786\">\u00a0<\/span><\/div>\n<div id=\"yiv0146924333yui_3_16_0_1_1480107921527_18788\"><span id=\"yiv0146924333yui_3_16_0_1_1480107921527_18789\">Ge\u00e7en hafta yeni bir ara fasla giren K\u0131br\u0131s g\u00f6r\u00fc\u015fmeleri, bizim Kuzey K\u0131br\u0131s T\u00fcrk Cumhuriyeti kahraman\u0131m\u0131z, gelece\u011fin Ba\u015fbakan\u0131, KKTC-Yeniden Do\u011fu\u015f Partisi Genel Ba\u015fkan\u0131 Prof. Dr. ERHAN ARIKLI Beyle tan\u0131\u015fmam\u0131za, kucakla\u015fmam\u0131za vesile oluyor.<\/span><\/div>\n<div id=\"yiv0146924333yui_3_16_0_1_1480107921527_18791\"><span id=\"yiv0146924333yui_3_16_0_1_1480107921527_18792\">\u00a0<\/span><\/div>\n<div id=\"yiv0146924333yui_3_16_0_1_1480107921527_18794\"><span id=\"yiv0146924333yui_3_16_0_1_1480107921527_18795\">Bu y\u0131l, biz ulusal ve uluslararas\u0131 konulu bir\u00e7ok a\u00e7\u0131k oturum, forum ve \u015f\u00f6len d\u00fczenledik.<\/span><\/div>\n<div id=\"yiv0146924333yui_3_16_0_1_1480107921527_18797\"><span id=\"yiv0146924333yui_3_16_0_1_1480107921527_18798\">Bunlar\u0131n bir\u00e7o\u011funa siz de kat\u0131lma f\u0131rsat\u0131 buldunuz. Bu defa suyu ger\u00e7ek kayna\u011f\u0131ndan i\u00e7ece\u011fiz.<\/span><\/div>\n<div id=\"yiv0146924333yui_3_16_0_1_1480107921527_18800\"><span id=\"yiv0146924333yui_3_16_0_1_1480107921527_18801\">Son aylarda \u00e7ok dinamik bir evrim g\u00f6steren, Lefko\u015fa ve \u0130svi\u00e7re merkezli, Birle\u015fmi\u015f Millerler \u00d6rg\u00fct\u00fc Genel Sekreteri g\u00f6zetimindeki K\u0131br\u0131s g\u00f6r\u00fc\u015fmeleri hararetli, zik-zakl\u0131, gerilimli ve yeni bir ertelemeyle sona erdi.<\/span><\/div>\n<div id=\"yiv0146924333yui_3_16_0_1_1480107921527_18803\"><span id=\"yiv0146924333yui_3_16_0_1_1480107921527_18804\">Bu g\u00f6r\u00fc\u015fmelerden hakl\u0131 olan taraf her zaman karde\u015flerimiz yani biz olduk. Haks\u0131z isteklerin hi\u00e7 birini kabul etmedik. K\u0131br\u0131s \u00e7evresinde jeo-politik durumun de\u011fi\u015fmesi, adan\u0131n bir do\u011fal gaz kayna\u011f\u0131 perspektifi, Kuzey K\u0131br\u0131sl\u0131 karde\u015flerimizi her konuda ve her bak\u0131ma daha da hakl\u0131 bir duruma getirdi.<\/span><\/div>\n<div id=\"yiv0146924333yui_3_16_0_1_1480107921527_18806\"><span id=\"yiv0146924333yui_3_16_0_1_1480107921527_18807\">\u00a0<\/span><\/div>\n<div id=\"yiv0146924333yui_3_16_0_1_1480107921527_18809\"><span id=\"yiv0146924333yui_3_16_0_1_1480107921527_18810\">1960\u2019tan ve \u00f6zellikle de 1974\u2019ten beri bir tarafta T\u00fcrkiye Cumhuriyeti ve Kuzey K\u0131br\u0131s T\u00fcrk Cumhuriyeti ve dostlar\u0131m\u0131z ve di\u011fer tarafta da K\u0131br\u0131s Rum Kesimi, Yunanistan ve emperyalizm olmak \u00fczere, \u00a0satran\u00e7 tahtas\u0131nda bitmeyen, yenen ve yenileni olmayan bir oyun oynan\u0131yor. Bu diplomatik oyunda, b\u00fcy\u00fck g\u00fc\u00e7ler hep K\u0131br\u0131sl\u0131 Rumlar\u0131n yan\u0131nda olmu\u015f, \u00a0K\u0131br\u0131sl\u0131 Rumlara t\u00fcm haklar\u0131 tan\u0131m\u0131\u015f, Adan\u0131n G\u00fcney K\u0131sm\u0131n\u0131 Avrupa Birli\u011fi\u2019ne \u00fcye alm\u0131\u015f, Rum kesimindeki \u0130ngiliz askeri \u00fcss\u00fc yerinde duruyor, Larnaka\u2019dan Fas\u2019a sahil boyu yabanc\u0131lar i\u00e7in k\u00f6\u015fkler dizmi\u015f, Of \u015eor bankalar ve ba\u015fka imk\u00e2nlar hep ayn\u0131 satran\u00e7 oyunundan sahneler olmaya devam etmi\u015ftir.<\/span><\/div>\n<div><\/div>\n<div id=\"yiv0146924333yui_3_16_0_1_1480107921527_18812\"><span id=\"yiv0146924333yui_3_16_0_1_1480107921527_18813\">Biz Bulgaristan T\u00fcrkleri i\u00e7in ana-vatan\u0131m\u0131z kadar de\u011ferli, \u00f6nemli, hi\u00e7bir ko\u015fulda, hi\u00e7bir zaman hi\u00e7bir \u00f6d\u00fcn verilmeyecek bir verilmemesi gereken kutsal bir toprakt\u0131r KKTC.<\/span><\/div>\n<div id=\"yiv0146924333yui_3_16_0_1_1480107921527_18815\"><strong><span id=\"yiv0146924333yui_3_16_0_1_1480107921527_18816\">Ayn\u0131 zamanda T\u00fcrkiye Cumhuriyeti devlet g\u00fcc\u00fcn\u00fcn bir denge \u00f6l\u00e7\u00fcs\u00fcd\u00fcr.<\/span><\/strong><\/div>\n<div id=\"yiv0146924333yui_3_16_0_1_1480107921527_18818\"><span id=\"yiv0146924333yui_3_16_0_1_1480107921527_18819\">1989\u2019da Bulgaristan\u2019dan kovulan ve \u201c<b id=\"yiv0146924333yui_3_16_0_1_1480107921527_18820\">B\u00fcy\u00fck G\u00f6\u00e7<\/b>\u2019le\u201d Kap\u0131 Kule\u2019den ana-vatana giren karde\u015flerimizden 20 binden fazlas\u0131, ana-vatan\u0131m\u0131zdan kopmaz bir par\u00e7a olan Kuzey K\u0131br\u0131s T\u00fcrk Cumhuriyeti\u2019ne yerle\u015ftirildi ve bir \u00e7o\u011fu hala orada ya\u015f\u0131yorlar.<\/span><\/div>\n<div id=\"yiv0146924333yui_3_16_0_1_1480107921527_18822\"><span id=\"yiv0146924333yui_3_16_0_1_1480107921527_18823\">Art\u0131k \u00e7eyrek y\u00fczy\u0131l Girne ve Magosa k\u00f6ylerinde, Lefko\u015fa\u2019da ya\u015fayan soyda\u015flar\u0131m\u0131z son K\u0131br\u0131s g\u00f6r\u00fc\u015fmelerini b\u00fcy\u00fck bir ilgiyle izlediler.<\/span><\/div>\n<div id=\"yiv0146924333yui_3_16_0_1_1480107921527_18825\"><span id=\"yiv0146924333yui_3_16_0_1_1480107921527_18826\">\u00c7\u00fcnk\u00fc onlara, emperyalizmin n\u00fcfus dengesi gibi dayatmalar\u0131 y\u00fcz\u00fcnden bug\u00fcne kadar bir\u00e7o\u011funa KKTC vatanda\u015fl\u0131\u011f\u0131 tan\u0131nmam\u0131\u015ft\u0131r. Ayr\u0131ca T\u00fcrkiye Cumhuriyeti vatanda\u015fl\u0131\u011f\u0131 da tan\u0131nmam\u0131\u015f, Bulgaristan ve AB vatanda\u015fl\u0131klar\u0131yla orada kalm\u0131\u015flard\u0131r. \u00c7ocuklar\u0131 orada do\u011fdu, okudu ve istihdam buldu, evlendi yuva kurdu.<\/span><\/div>\n<div id=\"yiv0146924333yui_3_16_0_1_1480107921527_18828\"><span id=\"yiv0146924333yui_3_16_0_1_1480107921527_18829\">Bu arada KKTC\u2019nin diplomatik durumu dikkate al\u0131nd\u0131\u011f\u0131nda, bu soyda\u015flar\u0131m\u0131z en k\u00fc\u00e7\u00fck bir evrak onay\u0131 i\u00e7in Lefko\u015fa\u2019n\u0131n Rum kesimindeki Bulgar B\u00fcy\u00fckel\u00e7ili\u011fine ko\u015fmak zorundad\u0131r. \u00a0<\/span><\/div>\n<div><\/div>\n<div id=\"yiv0146924333yui_3_16_0_1_1480107921527_18831\"><span id=\"yiv0146924333yui_3_16_0_1_1480107921527_18832\">G\u00fcney K\u0131br\u0131s\u2019ta ya\u015fayan ve Rum b\u00f6lgesinin AB \u00fcyeli\u011finden sonra KKTC\u2019ne serbest giri\u015f \u00e7\u0131k\u0131\u015f hakk\u0131 kazanan Rumlar, \u00f6zellikle Bulgaristanl\u0131 g\u00f6\u00e7men karde\u015flerimizin ya\u015fad\u0131klar\u0131, \u00a0tamamen onar\u0131lm\u0131\u015f k\u00f6yle ve evlere ak\u0131n ettiklerinde, nostaljik ve trajik sahneler ya\u015fanm\u0131\u015ft\u0131. Bu bak\u0131ma, bu defa \u0130svi\u00e7re\u2019de y\u00fcr\u00fct\u00fclen K\u0131br\u0131s g\u00f6r\u00fc\u015fmeleri bizim i\u00e7in \u00e7ok anlaml\u0131yd\u0131. <\/span><\/div>\n<div><span id=\"yiv0146924333yui_3_16_0_1_1480107921527_18832\">KKTC\u2019nin bir kar\u0131\u015f toprak vermeyi kabul etmemesi, KKTC\u2019de ya\u015fayan karde\u015flerimiz taraf\u0131ndan tamamen desteklendi. Heyecanla kutland\u0131. Bu anlamda KKTC biz Bulgaristanl\u0131 T\u00fcrklerin de vatan\u0131d\u0131r, ana-vatan\u0131m\u0131zd\u0131r, ve olmaya da devam edecektir.<\/span><\/div>\n<div id=\"yiv0146924333yui_3_16_0_1_1480107921527_18834\"><span id=\"yiv0146924333yui_3_16_0_1_1480107921527_18835\">\u00a0<\/span><\/div>\n<div id=\"yiv0146924333yui_3_16_0_1_1480107921527_18837\"><span id=\"yiv0146924333yui_3_16_0_1_1480107921527_18838\">Son d\u00f6nem diplomatik m\u00fczakerelerin anlam ve hedefi \u00fcst\u00fcne ayr\u0131nt\u0131l\u0131 bilgileri say\u0131n konu\u015fmac\u0131 konu\u011fumuz <b id=\"yiv0146924333yui_3_16_0_1_1480107921527_18839\">Prof. Dr. Erhan Ar\u0131kl\u0131\u2019dan\u00a0<\/b>dinleyip bilgilenme imk\u00e2n\u0131m\u0131z olacak.<\/span><\/div>\n<div id=\"yiv0146924333yui_3_16_0_1_1480107921527_18841\"><span id=\"yiv0146924333yui_3_16_0_1_1480107921527_18842\">K\u00fcrs\u00fcy\u00fc kendisine b\u0131rakmazdan \u00f6nce, bir iki c\u00fcmleyle b\u00fct\u00fcn T\u00fcrk D\u00fcnyas\u0131 i\u00e7in ta\u015f\u0131d\u0131\u011f\u0131 son derece b\u00fcy\u00fck \u00f6nemin bug\u00fcnk\u00fc g\u00fcncelli\u011fini dikkate alarak, T\u00fcrkiye Silahl\u0131 Kuvvetleri\u2019nin 1974 K\u0131br\u0131s \u00c7\u0131karmas\u0131\u2019na k\u0131saca de\u011finmek istiyorum.<\/span><\/div>\n<div id=\"yiv0146924333yui_3_16_0_1_1480107921527_18844\"><strong><span id=\"yiv0146924333yui_3_16_0_1_1480107921527_18845\">Bu 1974 \u00e7\u0131kartmas\u0131 T\u00fcrkiye Cumhuriyetinin d\u0131\u015f\u0131nda ya\u015fayan \u00fclkelerdeki T\u00fcrklere olan yakla\u015f\u0131m\u0131na bir barometre olmu\u015ftu.<\/span><\/strong><\/div>\n<div id=\"yiv0146924333yui_3_16_0_1_1480107921527_18847\"><span id=\"yiv0146924333yui_3_16_0_1_1480107921527_18848\">\u00d6rne\u011fin Grivas\u2019\u0131n, enosis\u00e7ilerin, (K\u0131br\u0131s\u2019\u0131 Yunanistan\u2019a ba\u011flamak isteyenlerin), kendisi uzla\u015fma ve bar\u0131\u015f g\u00fcvercini yapmaya \u00e7al\u0131\u015fan Papaz Makaryos\u2019un T\u00fcrklere kar\u015f\u0131 katliam ve soyk\u0131r\u0131mlar\u0131na k\u00f6r ve sa\u011f\u0131r kalan Sofya\u2019daki Todor Jivkov rejimi, T\u00fcrklere T\u00fcrkl\u00fc\u011f\u00fcn\u00fc unutturma siyasetini birdenbire de\u011fi\u015ftirmi\u015fti.<\/span><\/div>\n<div id=\"yiv0146924333yui_3_16_0_1_1480107921527_18850\"><span id=\"yiv0146924333yui_3_16_0_1_1480107921527_18851\">T\u00fcrk askeri u\u00e7aklar\u0131n\u0131n K\u0131br\u0131s semalar\u0131nda belirdi\u011fi an, Sofya\u2019da Bulgaristan T\u00fcrklerine Mahsus Radyo Yay\u0131nlar\u0131n\u0131 3 saatten 5 saate \u00e7\u0131kar\u0131ld\u0131;\u00a0 kapatt\u0131\u011f\u0131 T\u00fcrk\u00e7e gazeteleri yine basmaya ba\u015flad\u0131, okullardaki T\u00fcrk\u00e7e ders saatlerini artt\u0131r\u0131ld\u0131. Bu ger\u00e7ekler, d\u00fcnya T\u00fcrkl\u00fc\u011f\u00fcn\u00fcn huzurunun, g\u00fcvenli ve rahat ya\u015famas\u0131n\u0131n, kendini mutlu hissetmesinin tamamen T\u00fcrk Silahl\u0131 Kuvvetlerinin g\u00fcc\u00fcne ve ba\u015far\u0131lar\u0131na, T\u00fcrk diplomasisine ba\u011fl\u0131 oldu\u011funu daha 1974\u2019te kan\u0131tlam\u0131\u015ft\u0131.<\/span><\/div>\n<div id=\"yiv0146924333yui_3_16_0_1_1480107921527_18853\"><span id=\"yiv0146924333yui_3_16_0_1_1480107921527_18854\">\u00a0<\/span><\/div>\n<div id=\"yiv0146924333yui_3_16_0_1_1480107921527_18856\"><span id=\"yiv0146924333yui_3_16_0_1_1480107921527_18857\">Ayn\u0131 y\u0131l Bulgaristan\u2019\u0131 ziyaret eden Ba\u015fbakan B\u00fclent Ecevit, Todor Jivkov\u2019a <b id=\"yiv0146924333yui_3_16_0_1_1480107921527_18858\">\u201cBulgaristan\u2019da ya\u015fayan T\u00fcrkleri dil, din, k\u00fclt\u00fcr mal m\u00fclk haklar\u0131n\u0131 tan\u0131d\u0131\u011f\u0131n ve huzurunu sa\u011flad\u0131\u011f\u0131nda,<\/b> <b id=\"yiv0146924333yui_3_16_0_1_1480107921527_18859\">T\u00fcrkiye\u2019den b\u00fcy\u00fck dostun olmaz\u201d<\/b> s\u00f6zleri, diktat\u00f6r\u00fcn bizimle ilgili hain planlar\u0131n\u0131 10 y\u0131l erteletmi\u015fti.<\/span><\/div>\n<div id=\"yiv0146924333yui_3_16_0_1_1480107921527_18861\"><span id=\"yiv0146924333yui_3_16_0_1_1480107921527_18862\">\u00a0Bu g\u00fcnde T\u00fcrkler D\u00fcnya\u2019da nerede ya\u015farsak ya\u015fayal\u0131m, Bulgaristan, Kerk\u00fck, Day\u0131r-Bucak, K\u0131r\u0131m vs rahat nefes alabilmemiz, T\u00fcrkiye Cumhuriyeti Cumhurba\u015fkan\u0131m\u0131z Say\u0131n Recep Tayip Erdo\u011fan\u2019\u0131n y\u00f6netiminde al\u0131nan kararlara, T\u00fcrkiye\u2019nin b\u00fcy\u00fcmesine, B\u00f6lgesel G\u00fc\u00e7 olmas\u0131na, ter\u00f6rler ve ter\u00f6ristlerle m\u00fccadelede zaferine, d\u00fcnya co\u011frafyas\u0131nda \u00f6nemi ve etkisi artan bir g\u00fc\u00e7 olmam\u0131za ba\u011fl\u0131d\u0131r.<\/span><\/div>\n<div id=\"yiv0146924333yui_3_16_0_1_1480107921527_18864\"><span id=\"yiv0146924333yui_3_16_0_1_1480107921527_18865\">Biz Bulgaristanl\u0131 T\u00fcrkler, KKTC\u2019li karde\u015flerimiz, T\u00fcrkiye T\u00fcrkl\u00fc\u011f\u00fc hepimiz bir elin parmaklar\u0131y\u0131z, bir ruhun b\u00fct\u00fcn\u00fcy\u00fcz, olmaya da devam edece\u011fiz. T\u00fcrk topra\u011f\u0131n\u0131n her kar\u0131\u015f\u0131 kutsald\u0131r. Kimseye verecek tek ta\u015f ve \u00e7\u00f6p\u00fcm\u00fcz yoktur.<\/span><\/div>\n<div id=\"yiv0146924333yui_3_16_0_1_1480107921527_18867\"><span id=\"yiv0146924333yui_3_16_0_1_1480107921527_18868\">T\u00fcrk bayra\u011f\u0131n\u0131n dalgaland\u0131\u011f\u0131 yerde dalgalanmaya devam edecektir.<\/span><\/div>\n<div id=\"yiv0146924333yui_3_16_0_1_1480107921527_18870\"><span id=\"yiv0146924333yui_3_16_0_1_1480107921527_18871\">Bu ger\u00e7ekleri hayat\u0131 pahas\u0131na defalarca kan\u0131tlayan, KKTC\u2019li karde\u015fimiz, \u00a0Say\u0131n konu\u015fmac\u0131m\u0131z Prof.Dr. ERHAN ARIKLI\u2019 ya s\u00f6z verirken, hepinizi \u00e7a\u011f\u0131m\u0131z g\u00fcncelli\u011fini orijinal bir kahraman, \u00e7ok vaat eden bir siyaset\u00e7inin k\u0131vrak mant\u0131kl\u0131\u011f\u0131yla, kendi a\u011fz\u0131ndan dinlemeye davet ediyorum.<\/span><\/div>\n<div id=\"yiv0146924333yui_3_16_0_1_1480107921527_18873\"><span id=\"yiv0146924333yui_3_16_0_1_1480107921527_18874\">\u00a0<\/span><\/div>\n<div id=\"yiv0146924333yui_3_16_0_1_1480107921527_18876\"><span id=\"yiv0146924333yui_3_16_0_1_1480107921527_18877\">Tekrar hepinize bu davetimize te\u015frif etti\u011finiz i\u00e7in Te\u015fekk\u00fcr ederim.<\/span><\/div>\n<div id=\"yiv0146924333yui_3_16_0_1_1480107921527_18479\"><\/div>\n<div id=\"yiv0146924333yui_3_16_0_1_1480107921527_18879\" dir=\"ltr\"><span id=\"yiv0146924333yui_3_16_0_1_1480107921527_18880\">Buyurun Prof.Dr. Erhan Ar\u0131kl\u0131, mikrofon sizin.<\/span><\/div>\n<div dir=\"ltr\"><img decoding=\"async\" src=\"https:\/\/scontent-amt2-1.xx.fbcdn.net\/v\/t1.0-9\/15179227_1522325534450059_2390306935823906057_n.jpg?oh=6db58ca1f7fe2e80bae963406b25d863&amp;oe=58B187A3\" \/><\/div>\n<div dir=\"ltr\"><\/div>\n<div id=\"bghab-1554684774\" class=\"bghab-yazi-altinda bghab-entity-placement\"><div class=\"bghab-adlabel\">Reklamlar<\/div><script async src=\"https:\/\/pagead2.googlesyndication.com\/pagead\/js\/adsbygoogle.js\"><\/script>\r\n<!-- bghaber-yaz\u0131-sonu -->\r\n<ins class=\"adsbygoogle\"\r\n     style=\"display:block\"\r\n     data-ad-client=\"ca-pub-6203283170189293\"\r\n     data-ad-slot=\"4222328180\"\r\n     data-ad-format=\"auto\"\r\n     data-full-width-responsive=\"true\"><\/ins>\r\n<script>\r\n     (adsbygoogle = window.adsbygoogle || []).push({});\r\n<\/script><\/div><br style=\"clear: both; display: block; float: none;\"\/>","protected":false},"excerpt":{"rendered":"<p>K\u0131br\u0131s M\u00fczakerelerinde Son Durum konulu konferansta konu\u015fma metni Prof.Dr.Erhan ARIKLI&#8217;ya Plaket taktim ederken Say\u0131n Belediye Ba\u015fkan\u0131m, De\u011ferli dostlar ve konuklar\u0131m\u0131z K\u0131br\u0131s M\u00fczakerelerinde Son Durum Konulu<\/p>\n","protected":false},"author":13,"featured_media":21560,"comment_status":"closed","ping_status":"closed","sticky":false,"template":"","format":"standard","meta":{"advanced_seo_description":"","jetpack_seo_html_title":"","jetpack_seo_noindex":false,"_jetpack_memberships_contains_paid_content":false,"footnotes":""},"categories":[6],"tags":[],"class_list":["post-21555","post","type-post","status-publish","format-standard","has-post-thumbnail","hentry","category-yorum"],"jetpack_featured_media_url":"https:\/\/i0.wp.com\/www.bghaber.org\/bghaber\/wp-content\/uploads\/2016\/11\/Image13.jpg?fit=954%2C1458&ssl=1","jetpack_sharing_enabled":true,"jetpack_likes_enabled":true,"jetpack-related-posts":[],"jetpack_shortlink":"https:\/\/wp.me\/pc2PfJ-5BF","_links":{"self":[{"href":"https:\/\/www.bghaber.org\/bghaber\/wp-json\/wp\/v2\/posts\/21555","targetHints":{"allow":["GET"]}}],"collection":[{"href":"https:\/\/www.bghaber.org\/bghaber\/wp-json\/wp\/v2\/posts"}],"about":[{"href":"https:\/\/www.bghaber.org\/bghaber\/wp-json\/wp\/v2\/types\/post"}],"author":[{"embeddable":true,"href":"https:\/\/www.bghaber.org\/bghaber\/wp-json\/wp\/v2\/users\/13"}],"replies":[{"embeddable":true,"href":"https:\/\/www.bghaber.org\/bghaber\/wp-json\/wp\/v2\/comments?post=21555"}],"version-history":[{"count":0,"href":"https:\/\/www.bghaber.org\/bghaber\/wp-json\/wp\/v2\/posts\/21555\/revisions"}],"wp:featuredmedia":[{"embeddable":true,"href":"https:\/\/www.bghaber.org\/bghaber\/wp-json\/wp\/v2\/media\/21560"}],"wp:attachment":[{"href":"https:\/\/www.bghaber.org\/bghaber\/wp-json\/wp\/v2\/media?parent=21555"}],"wp:term":[{"taxonomy":"category","embeddable":true,"href":"https:\/\/www.bghaber.org\/bghaber\/wp-json\/wp\/v2\/categories?post=21555"},{"taxonomy":"post_tag","embeddable":true,"href":"https:\/\/www.bghaber.org\/bghaber\/wp-json\/wp\/v2\/tags?post=21555"}],"curies":[{"name":"wp","href":"https:\/\/api.w.org\/{rel}","templated":true}]}}