{"id":21547,"date":"2016-11-28T16:16:36","date_gmt":"2016-11-28T14:16:36","guid":{"rendered":"http:\/\/www.bghaber.org\/bghaber\/?p=21547"},"modified":"2016-11-28T16:16:36","modified_gmt":"2016-11-28T14:16:36","slug":"nato-ve-abye-karsi-rus-senaryosu","status":"publish","type":"post","link":"https:\/\/www.bghaber.org\/bghaber\/nato-ve-abye-karsi-rus-senaryosu\/","title":{"rendered":"NATO ve AB\u2019ye kar\u015f\u0131 Rus Senaryosu"},"content":{"rendered":"<p><strong>NATO ve AB\u2019ye kar\u015f\u0131 Rus Senaryosu Oyuncular\u0131:<\/strong><\/p>\n<p><strong>H\u00d6H partisi AB Milletvekilleri.<\/strong><\/p>\n<p><em><img data-recalc-dims=\"1\" decoding=\"async\" src=\"https:\/\/i0.wp.com\/www.bghaber.org\/bghaber\/wp-content\/uploads\/2013\/05\/lutfi-mestan-hoh-dps.jpg?w=640\" alt=\"lutfi-mestan-hoh-dps\" \/><\/em><\/p>\n<p><em>DOST partisi ba\u015fkan\u0131 L\u00fctfi Mestan <\/em><\/p>\n<p><em>Do\u011fan AB parlamentosundaki vekilleri Avrupa gericili\u011fine kar\u0131\u015ft\u0131.<\/em><\/p>\n<p><strong>23 Kas\u0131m 2016 g\u00fcn\u00fc Avrupa Parlamentosu, \u00fc\u00e7\u00fcnc\u00fc \u00fclkelerden Avrupa Konseyine y\u00f6neltilen propagandaya kar\u015f\u0131 koymak amac\u0131yla bir karar ald\u0131.<\/strong><\/p><div id=\"bghab-175500944\" class=\"bghab-icerik-icine bghab-entity-placement\"><script async src=\"\/\/pagead2.googlesyndication.com\/pagead\/js\/adsbygoogle.js?client=ca-pub-6203283170189293\" crossorigin=\"anonymous\"><\/script><ins class=\"adsbygoogle\" style=\"display:block; text-align:center;\" data-ad-client=\"ca-pub-6203283170189293\" \ndata-ad-slot=\"7303146466\" \ndata-ad-layout=\"in-article\"\ndata-ad-format=\"fluid\" data-full-width-responsive=\"true\"><\/ins>\n<script> \n(adsbygoogle = window.adsbygoogle || []).push({}); \n<\/script>\n<\/div>\n<p>Rusya Federasyonu ve bir\u00e7ok ter\u00f6rist \u00f6rg\u00fct\u00fcn Avrupa Birli\u011fi \u00fclkeleri toplumlar\u0131na, yarg\u0131 de\u011ferlerine ve siyasi se\u00e7imine kar\u015f\u0131 y\u00fcr\u00fctt\u00fc\u011f\u00fc siber sava\u015f\u0131n stratejik hedeflerini, ara\u00e7lar\u0131n\u0131 ve somut sald\u0131r\u0131lar\u0131n\u0131 ku\u015fku g\u00f6t\u00fcrmez bir \u015fekilde ortaya koyan delil ve ciddi kan\u0131tlar\u0131n\u0131 basarak kabul edilen Avrupa Parlamentosunun belgesine destek vermi\u015ftir. Bu kararda, ayn\u0131 b\u00f6lgeden bir \u00fclke olan Bulgaristan da aralar\u0131nda \u201cDo\u011fu Kom\u015fulu\u011fu\u201d \u00fclkelerine \u00f6zel bir vurgu yap\u0131lm\u0131\u015ft\u0131r.<\/p>\n<p>Bulgaristan\u2019\u0131n Avrupa Birli\u011fi\u2019ne resmen \u00fcye al\u0131nmas\u0131ndan (2007) \u00f6nce ve sonra\u00a0 bir Bulgaristan siyaset adam\u0131 ve meclis \u00fcyesi olarak, \u00fclkemizde Rus siyasi, ekonomik ve bilgilendirme etkisinin yay\u0131lmas\u0131n\u0131n \u201csiber sava\u015f\u201d kavram\u0131 belirmezden \u00e7ok evvel devam\u0131 bir \u015fekilde, sistematik olarak ve\u00a0 bir g\u00f6r\u00fc\u015f olarak halka yay\u0131l\u0131rken somut \u015fekiller almaya ba\u015flad\u0131. Bu sald\u0131rganl\u0131\u011fa kar\u015f\u0131 koyan olmamas\u0131 sorunu, olay\u0131n te\u015fhis edilememi\u015f olmas\u0131yla siyasi vurdumduymazl\u0131kla veya b\u00fcrokratik kalpazanl\u0131kla izah edilemez.<\/p>\n<p>Rusya simas\u0131n\u0131n haf\u0131zam\u0131zdaki \u00e7atalla\u015fm\u0131\u015flar\u0131 ve bir sosyal olgu olarak \u00e7ok kart\u0131 karma kar\u0131\u015f\u0131kl\u0131\u011f\u0131 Avrupa Birli\u011fi ve \u00f6zelikle de Bulgaristan gibi \u00fclkelerin dram\u0131d\u0131r.<\/p>\n<p><strong>Tan\u0131m\u0131 da demokratik, stratejik muhatapt\u0131r. <\/strong><\/p>\n<p>Rusya kendisi de uzun y\u0131lar muhatab\u0131m\u0131z gibi davrand\u0131. Bu partnerli\u011fin doruk noktalar\u0131ndan bizi, ad\u0131na Budape\u015fte Memorandumu denen ve Ukrayna\u2019n\u0131n n\u00fckleer silahlar\u0131n\u0131 Moskova kontrol\u00fcne b\u0131rakmas\u0131na kar\u015f\u0131l\u0131k olarak \u00fclkenin toprak b\u00fct\u00fcnl\u00fc\u011f\u00fcn\u00fcn Rusya Federasyonu, Birle\u015fik Amerika ve B\u00fcy\u00fck Britanya taraf\u0131ndan garanti alt\u0131n alan bir devletleraras\u0131 s\u00f6zle\u015fme imzalanm\u0131\u015ft\u0131.<\/p><div id=\"bghab-746724169\" class=\"bghab-icerik-icine-10-paragraf bghab-entity-placement\"><script async src=\"\/\/pagead2.googlesyndication.com\/pagead\/js\/adsbygoogle.js?client=ca-pub-6203283170189293\" crossorigin=\"anonymous\"><\/script><ins class=\"adsbygoogle\" style=\"display:block; text-align:center;\" data-ad-client=\"ca-pub-6203283170189293\" \ndata-ad-slot=\"7303146466\" \ndata-ad-layout=\"in-article\"\ndata-ad-format=\"fluid\" data-full-width-responsive=\"true\"><\/ins>\n<script> \n(adsbygoogle = window.adsbygoogle || []).push({}); \n<\/script>\n<\/div>\n<p>Daha 2014\u2019te Budape\u015fte Memorandumu \u201cpatlat\u0131ld\u0131\u201d, K\u0131r\u0131m Rusya taraf\u0131ndan i\u015fgal edildi, Moskova\u2019n\u0131n simas\u0131 birden bire k\u00f6kten de\u011fi\u015fti, ortak sald\u0131rgan oldu.<\/p>\n<p>\u0130\u015fte b\u00f6yle bir g\u00f6r\u00fcn\u00fcmde, Rus siyasi, ekonomik ve bilgi ak\u0131m\u0131yla etkileme alt yap\u0131s\u0131n\u0131n geli\u015ftirilmesi sonucu Bat\u0131 medeniyetine kar\u015f\u0131 d\u00fc\u015fmanca siber sava\u015f geli\u015ftirdi.<\/p>\n<p>Siyasi deneyim birikimi iki noktaya i\u015faret ediyor: Avrupa Birli\u011fi ve demokratik devletler yaln\u0131z yapt\u0131r\u0131mlar uygulamakla siber Rus sald\u0131r\u0131lar\u0131ndan kendilerini savunamayacakt\u0131r.<\/p>\n<p>Bu a\u00e7\u0131dan vurgulanmas\u0131 gereken bir de, medeniyet anlam\u0131nda DEA\u015e ve di\u011fer ter\u00f6r \u00f6rg\u00fctlerinin aktifle\u015fmesiyle birlikte Rusya siber sava\u015flar\u0131n\u0131n etkisi \u00e7a\u011fda\u015f demokrasi i\u00e7in riskler i\u00e7eriyor. Bunun nedeni ise, Kremlin\u2019in Bat\u0131ya kar\u015f\u0131 siber operasyonlar\u0131na \u00e7ok zengin ve n\u00fcansl\u0131 zeka ve maddi kaynaklar katmas\u0131ndad\u0131r.<\/p>\n<p>Avrupa Birli\u011fi\u2019nin bir yandan DEA\u015e\u2019tan ve \u00f6te yandan Rusya\u2019dan gelen tehlikeyi ayn\u0131 nitelikli sald\u0131r\u0131lar olarak g\u00f6rmesi tesad\u00fcf de\u011fildir. Rusya ile ilgili geli\u015fmelere yap\u0131lan vurgulamalar ve ifade edilen endi\u015fenin dha kesin olmas\u0131 g\u00f6zden ka\u00e7m\u0131yor. Bunun b\u00f6yle olmas\u0131n\u0131n nedenini ise, \u0130slam devleti k\u00f6t\u00fcl\u00fck ve zalimli\u011finin g\u00f6zle g\u00f6r\u00fcl\u00fcr \u00e7izgileri var, Rusya\u2019n\u0131n Bat\u0131ya kar\u015f\u0131 siber sald\u0131r\u0131s\u0131 ise \u015fekil de\u011fi\u015ftiriyor, bir d\u00fczeyden ba\u015fka bir d\u00fczeye ge\u00e7iyor, fakat hedef her zaman ayn\u0131 kal\u0131yor. Bilgilendirme \u015feklinde yap\u0131lan sald\u0131r\u0131lar, bir sava\u015f \u015feklidir, sava\u015f\u0131n kendisi kadar eskidir. Bilgilendirme \u015feklindeki sava\u015f\u0131m\u0131n So\u011fuk Sava\u015f y\u0131llar\u0131nda Sovyetler Birli\u011fi taraf\u0131ndan da Bat\u0131ya kar\u015f\u0131 kullan\u0131lm\u0131\u015f olup \u00e7a\u011fda\u015f siber sava\u015ftan kopmaz bir par \u015feklinde geli\u015fmi\u015ftir. \u00a0Bu sava\u015f\u0131m bi\u00e7imi, ilgili devletin politik, ekonomik ve sosyal durumunu zay\u0131flatmak i\u00e7in kullan\u0131lan a\u00e7\u0131k ve yar\u0131 a\u00e7\u0131k askeri ve askersel olmayan \u00f6nlemler i\u00e7erir. Bunlar resmen ilan edilmemi\u015f sava\u015f ko\u015fullar\u0131nda, Avrupa Birli\u011fi ortaklar\u0131na ve AB\u2019nin kendisine kar\u015f\u0131, AB kurumlar\u0131na ve milli ve dini aidiyetlerine bak\u0131lmaks\u0131z\u0131n \u00fcye devletlerin vatanda\u015flar\u0131na kar\u015f\u0131 y\u00fcr\u00fct\u00fclen bir sald\u0131r\u0131 sava\u015f\u0131d\u0131r. Belgede, beyin tr\u00f6stleri ve (Ruskiy Mir \u2013 Rus D\u00fcnyas\u0131) gibi vak\u0131flar; (Rossotrudn\u0131\u00e7estvo \u2013 Rus \u0130\u015fbirli\u011fi) gibi \u00f6zel organlar, (RT) gibi \u00e7ok dilde yay\u0131n yapan TV kanallar\u0131; (Sputnik) gibi yalan haber yayan haber ajanslar\u0131; d\u0131\u015f \u00fclkelerde g\u00f6rev yapan sosyal ve dini gruplar\u0131n Rus h\u00fck\u00fcmetince \u00f6zendirilen etkinlikleri sald\u0131rgan nitelikli olarak tan\u0131mland\u0131. \u00c7\u00fcnk\u00fc Rusya rejimi kendini gelenekse H\u0131ristiyan de\u011ferlerinin, sosyal medyan\u0131n, internetin tek savunucusu olarak g\u00f6stermeye \u00e7al\u0131\u015f\u0131yor. T\u00fcm etkinliklerinde demokratik de\u011ferlerler ilgili ku\u015fku uyand\u0131r\u0131yor; Avrupa\u2019y\u0131 b\u00f6lmeye \u00e7al\u0131\u015f\u0131yor; kendi ama\u00e7lar\u0131na i\u00e7 destek seferber etmeye gayret ediyor; Do\u011fu Avrupa \u00fclkelerindeki devletlerin \u00e7al\u0131\u015fmad\u0131\u011f\u0131 fikrini yay\u0131yor. Bu gibi \u00f6zelliklere dikkat \u00e7ekilen Bildiride \u015f\u00f6yle deniyor: Rusya yalan bilgi yayan, sahte propaganda yapan alt yap\u0131s\u0131na b\u00fcy\u00fck yat\u0131r\u0131m yap\u0131yor. Kremin d\u0131\u015f \u00fclkelerdeki baz\u0131 siyasi partilere ve kamu \u00f6rg\u00fctlerine mali yard\u0131mda bulunuyor. Avrupa Birli\u011fi \u00fclkelerindeki belirli gazetecilere, yay\u0131nlara ve merkezlere kar\u015f\u0131 sald\u0131r\u0131larda bulunuyor.<\/p><div id=\"bghab-1276443545\" class=\"bghab-icerik-icine-15-paragraf bghab-entity-placement\"><script async src=\"\/\/pagead2.googlesyndication.com\/pagead\/js\/adsbygoogle.js?client=ca-pub-6203283170189293\" crossorigin=\"anonymous\"><\/script><ins class=\"adsbygoogle\" style=\"display:block; text-align:center;\" data-ad-client=\"ca-pub-6203283170189293\" \ndata-ad-slot=\"7303146466\" \ndata-ad-layout=\"in-article\"\ndata-ad-format=\"fluid\" data-full-width-responsive=\"true\"><\/ins>\n<script> \n(adsbygoogle = window.adsbygoogle || []).push({}); \n<\/script>\n<\/div>\n<p>Avrupa Parlamentosunda temsil edilen Avrupa demokratik kamuoyu bu Karar\u0131 destekledi. Destekleyenler aras\u0131nda, 4 H\u00d6H milletvekilinin \u00fcyesi oldu\u011fu bilinen ALDE Gi y\u00f6netimi de vard\u0131r. Karara \u201chay\u0131r\u201d ya da \u201c\u00e7ekimser\u201d oy kullananlar Avrupa gericili\u011finin aras\u0131nda yer alm\u0131\u015ft\u0131r. Bu grupta BSP \u2013 Bulgar sosyalistlerini ve g\u00fcya yurtseverleri ve Makedon Komitalar\u0131n\u0131n torunlar\u0131n\u0131 ve \u0130lhan K\u00fc\u00e7\u00fck, \u0130skra Mihaylova, Necmi Ali ve Filiz H\u00fcsmenoya\u2019y\u0131 (H\u00d6H AB Milletvekilleri) g\u00f6rmek bizim i\u00e7in y\u00fcz karas\u0131d\u0131r.\u00a0 Say\u0131n Gi H\u00d6H partisinden sahte liberalleri koltu\u011funuz alt\u0131na ald\u0131\u011f\u0131n\u0131z\u0131 art\u0131k g\u00f6r\u00fcn\u00fcz.<\/p>\n<p>Bu \u201c\u00e7ekimser\u201d oyam bir kez daha olmak \u00fczere H\u00d6H-DPS partisinin NATO ve AB d\u00fc\u015fman\u0131 d\u0131\u015f g\u00fc\u00e7lerin hizmetinde oldu\u011funu g\u00f6stermi\u015ftir. Ayn\u0131 zamanda bu oylama, H\u00d6H partisinin bir yandan kendini NATO ve AB yanl\u0131s\u0131 g\u00f6sterirken, \u00f6te yandan Avrupa tutucular\u0131n\u0131n kuyusun su ta\u015f\u0131d\u0131\u011f\u0131n\u0131, Moskova\u2019n\u0131n gizli ve a\u00e7\u0131k hedeflerine hizmet verdi\u011fini, dolay\u0131s\u0131yla ikiy\u00fczl\u00fcl\u00fc\u011f\u00fcn\u00fc bir daha b\u00fct\u00fcn Avrupa\u2019ya g\u00f6stermi\u015ftir.<\/p>\n<p>Bununla birlikte H\u00d6H AB milletvekillerinin tutumu, isim ve kimlik davas\u0131 kurban\u0131 olan ve trajik ge\u00e7mi\u015fin bir daha tekrar etmemesinin garantisini NATO ve AB\u2019de g\u00f6ren se\u00e7menlerle H\u00d6H partisinin \u00a0alay etti\u011fine \u00a0kan\u0131tt\u0131r.<\/p>\n<p>\u201c\u00c7ekimser\u201d oy kullanmakla H\u00d6H milletvekilleri Rusya\u2019n\u0131n NATO ve AB\u2019yi y\u0131pratma senaryosunda rol alm\u0131\u015f oldular.<\/p>\n<div id=\"bghab-924576311\" class=\"bghab-yazi-altinda bghab-entity-placement\"><div class=\"bghab-adlabel\">Reklamlar<\/div><script async src=\"https:\/\/pagead2.googlesyndication.com\/pagead\/js\/adsbygoogle.js\"><\/script>\r\n<!-- bghaber-yaz\u0131-sonu -->\r\n<ins class=\"adsbygoogle\"\r\n     style=\"display:block\"\r\n     data-ad-client=\"ca-pub-6203283170189293\"\r\n     data-ad-slot=\"4222328180\"\r\n     data-ad-format=\"auto\"\r\n     data-full-width-responsive=\"true\"><\/ins>\r\n<script>\r\n     (adsbygoogle = window.adsbygoogle || []).push({});\r\n<\/script><\/div><br style=\"clear: both; display: block; float: none;\"\/>","protected":false},"excerpt":{"rendered":"<p>NATO ve AB\u2019ye kar\u015f\u0131 Rus Senaryosu Oyuncular\u0131: H\u00d6H partisi AB Milletvekilleri. DOST partisi ba\u015fkan\u0131 L\u00fctfi Mestan Do\u011fan AB parlamentosundaki vekilleri Avrupa gericili\u011fine kar\u0131\u015ft\u0131. 23 Kas\u0131m<\/p>\n","protected":false},"author":13,"featured_media":1156,"comment_status":"closed","ping_status":"closed","sticky":false,"template":"","format":"standard","meta":{"advanced_seo_description":"","jetpack_seo_html_title":"","jetpack_seo_noindex":false,"_jetpack_memberships_contains_paid_content":false,"footnotes":""},"categories":[4],"tags":[],"class_list":["post-21547","post","type-post","status-publish","format-standard","has-post-thumbnail","hentry","category-siyaset"],"jetpack_featured_media_url":"https:\/\/i0.wp.com\/www.bghaber.org\/bghaber\/wp-content\/uploads\/2013\/05\/lutfi-mestan-hoh-dps.jpg?fit=300%2C230&ssl=1","jetpack_sharing_enabled":true,"jetpack_likes_enabled":true,"jetpack-related-posts":[],"jetpack_shortlink":"https:\/\/wp.me\/pc2PfJ-5Bx","_links":{"self":[{"href":"https:\/\/www.bghaber.org\/bghaber\/wp-json\/wp\/v2\/posts\/21547","targetHints":{"allow":["GET"]}}],"collection":[{"href":"https:\/\/www.bghaber.org\/bghaber\/wp-json\/wp\/v2\/posts"}],"about":[{"href":"https:\/\/www.bghaber.org\/bghaber\/wp-json\/wp\/v2\/types\/post"}],"author":[{"embeddable":true,"href":"https:\/\/www.bghaber.org\/bghaber\/wp-json\/wp\/v2\/users\/13"}],"replies":[{"embeddable":true,"href":"https:\/\/www.bghaber.org\/bghaber\/wp-json\/wp\/v2\/comments?post=21547"}],"version-history":[{"count":0,"href":"https:\/\/www.bghaber.org\/bghaber\/wp-json\/wp\/v2\/posts\/21547\/revisions"}],"wp:featuredmedia":[{"embeddable":true,"href":"https:\/\/www.bghaber.org\/bghaber\/wp-json\/wp\/v2\/media\/1156"}],"wp:attachment":[{"href":"https:\/\/www.bghaber.org\/bghaber\/wp-json\/wp\/v2\/media?parent=21547"}],"wp:term":[{"taxonomy":"category","embeddable":true,"href":"https:\/\/www.bghaber.org\/bghaber\/wp-json\/wp\/v2\/categories?post=21547"},{"taxonomy":"post_tag","embeddable":true,"href":"https:\/\/www.bghaber.org\/bghaber\/wp-json\/wp\/v2\/tags?post=21547"}],"curies":[{"name":"wp","href":"https:\/\/api.w.org\/{rel}","templated":true}]}}