{"id":21543,"date":"2016-11-28T15:54:01","date_gmt":"2016-11-28T13:54:01","guid":{"rendered":"http:\/\/www.bghaber.org\/bghaber\/?p=21543"},"modified":"2016-11-28T15:54:59","modified_gmt":"2016-11-28T13:54:59","slug":"21543-2","status":"publish","type":"post","link":"https:\/\/www.bghaber.org\/bghaber\/21543-2\/","title":{"rendered":"Bulgaristan\u2019da isimlerinin  geri verilmesine Ahmet Do\u011fan\u2019\u0131n hi\u00e7bir katk\u0131s\u0131 yoktur."},"content":{"rendered":"<p>&nbsp;<\/p>\n<p>BGSAM<\/p>\n<p>Tercume<\/p>\n<p>Ger\u00e7ekleri g\u00f6rmek ve kabullenmek zorunday\u0131z.<\/p>\n<p><strong>Bulgaristan\u2019da T\u00fcrklerin ve Pomaklar\u0131n isimlerinin <\/strong><\/p><div id=\"bghab-1994711508\" class=\"bghab-icerik-icine bghab-entity-placement\"><script async src=\"\/\/pagead2.googlesyndication.com\/pagead\/js\/adsbygoogle.js?client=ca-pub-6203283170189293\" crossorigin=\"anonymous\"><\/script><ins class=\"adsbygoogle\" style=\"display:block; text-align:center;\" data-ad-client=\"ca-pub-6203283170189293\" \ndata-ad-slot=\"7303146466\" \ndata-ad-layout=\"in-article\"\ndata-ad-format=\"fluid\" data-full-width-responsive=\"true\"><\/ins>\n<script> \n(adsbygoogle = window.adsbygoogle || []).push({}); \n<\/script>\n<\/div>\n<p><strong>geri verilmesine Ahmet Do\u011fan\u2019\u0131n hi\u00e7bir katk\u0131s\u0131 yoktur.<\/strong><\/p>\n<h5><strong>\u00a0<img data-recalc-dims=\"1\" decoding=\"async\" src=\"https:\/\/i0.wp.com\/www.bghaber.org\/bghaber\/wp-content\/uploads\/2016\/11\/mihail-ivanov.jpg?w=640\" alt=\"mihail-ivanov\" \/><\/strong><\/h5>\n<h5><strong>Mihail \u0130vanov<\/strong><\/h5>\n<p>\u201c1990\u2019\u0131n 4 Mart ak\u015fam\u0131 <strong>\u201cT\u00fcrklerin ve Pomaklar\u0131n \u0130simlerinin Geri Verilmesi Kanunu<\/strong>\u201d \u00a0\u00fczerinde \u00e7al\u0131\u015fmalar\u0131m\u0131z\u0131 tamamlamak i\u00e7in toplanm\u0131\u015ft\u0131k. Ahmet do\u011fan biraz yana \u00e7ekildi ve kanun \u00fczerindeki \u00e7al\u0131\u015fmalar\u0131m\u0131za kat\u0131lm\u0131yordu. Kanunun kabul edilmesine kadar beklemeyen gelen, \u2018<em>ikinci n\u00f6bete<\/em>\u2019 gelen Pomaklar ve b\u00fcy\u00fck say\u0131da T\u00fcrk Sofya Meclisi dolay\u0131na toplanm\u0131\u015ft\u0131. \u0130\u00e7 \u0130\u015fleri Bakanl\u0131\u011f\u0131 (VMR) y\u00f6netimi Pomaklar\u0131 parlamento b\u00f6lgesinden uzakla\u015ft\u0131rmaya \u00e7al\u0131\u015f\u0131yordu. Pomaklar yerine m\u0131hlanm\u0131\u015f ad\u0131m atm\u0131yordu. Tam o zaman bir milis arac\u0131ndan elindeki megafonla Ahmet Do\u011fan indi ve kalabal\u0131\u011f\u0131 meydan\u0131 bo\u015faltmaya \u00e7a\u011f\u0131rmaya ba\u015flad\u0131. Haz\u0131r bulunanlar\u0131n hayk\u0131r\u0131\u015flar\u0131 ve \u0131sl\u0131klar\u0131 onun \u00e7a\u011fr\u0131s\u0131n\u0131n i\u015fitilmesini engelliyordu. Kimse bir \u015fey i\u015fitmek istemiyordu. Birka\u00e7 saat sonra, kanun metni art\u0131k kabul edildikten sonra, Do\u011fan insanlar\u0131n kar\u015f\u0131s\u0131na t\u00f6rensel bir tav\u0131rla \u00e7\u0131kt\u0131, eline mikrofon verildi ve o \u015fu s\u00f6zleri hayk\u0131rd\u0131: \u2018Karde\u015flerim, k\u0131z karde\u015flerim evlerinize d\u00f6nebilirsiniz, biz kazand\u0131k, kanun kabul edildi.\u2019 Do\u011fan halk\u0131n \u00f6n\u00fcne \u00e7ok fazla \u0131\u015f\u0131k alt\u0131nda ilk kez b\u00f6yle \u00e7\u0131kar\u0131ld\u0131 ve daha sonra onun T\u00fcrk direni\u015f hareketi \u00f6nderi ve 1989 May\u0131s Ba\u015fkald\u0131r\u0131s\u0131n\u0131n giri\u015fimcisi olarak dayat\u0131lmas\u0131 b\u00f6yle oldu\u201d Bu b\u00f6l\u00fcm\u00fc, Bulgaristan Cumhuriyeti Cumhurba\u015fkan\u0131 Jel\u00fc Jelev\u2019in Az\u0131nl\u0131k Sorunlar\u0131 Dan\u0131\u015fman\u0131 Prof. Mihail \u0130vanov\u2019un \u201cGLASOVE\u201d yay\u0131n\u0131yla s\u00f6yle\u015fisinden ald\u0131k.<\/p>\n<p><strong>S\u00f6yle\u015finin \u00fc\u00e7\u00fcnc\u00fc b\u00f6l\u00fcm\u00fcn\u00fc aynen veriyoruz:<\/strong><\/p>\n<p><strong>1989\u2019un Aral\u0131k ay\u0131nda hapisten \u00e7\u0131kmas\u0131ndan sonra Ahmet Do\u011fan\u2019\u0131n politik sahneye \u00e7\u0131kmas\u0131n\u0131 hat\u0131rl\u0131yor musunuz..?\u00a0 Hak ve \u00d6zg\u00fcrl\u00fckler Hareketi (DPS) kurucular\u0131ndan biri olan H\u00fcseyin \u00d6mer GLASOVE\u2019ye verdi\u011fi demecinde hareketin m\u00fcstakbel lideri Do\u011fan\u2019\u0131 ilk kez 1990 Ocak ay\u0131 ba\u015f\u0131nda Sofya\u2019da \u201cAleksand\u0131r Nevski\u201d kilisesi \u00f6n\u00fcnde,\u00a0 Pomak mitinginde, \u201cbir milis arac\u0131ndan ans\u0131z\u0131n inen, eline bir mikrofon verilen ve haz\u0131r bulunan kalabal\u0131\u011fa \u201cBen size isimlerinizi geri alman\u0131z i\u00e7in yard\u0131m edece\u011fim\u201d derken g\u00f6rd\u00fc\u011f\u00fcn\u00fc anlatt\u0131. <\/strong><\/p>\n<p>Tam olarak \u00f6yle de\u011fildi. Asl\u0131nda Do\u011fan, ilk \u00f6nce 23 Aral\u0131k 1989\u2019da Sofya \u00dcniversitesi\u2019nde, y\u00f6netim se\u00e7mek i\u00e7in toplanan, Ulusal Uzla\u015fma Komitesi toplant\u0131s\u0131nda belirdi. Bu komiteye Bulgar Bilimler Akademisi (BAN), Sofya \u00dcniversitesinden ayd\u0131nlar, yazarlar, gazeteciler, ressamlar, film yap\u0131mc\u0131lar\u0131 ve m\u00fczisyenler, 1988 ve 1989\u2019da olu\u015fan sivil kurulu\u015flar\u0131n se\u00e7kin eylemcileri \u2013 Bulgar, T\u00fcrk, Yahudi ve \u00c7ingeneler, H\u0131ristiyan ve M\u00fcsl\u00fcmanlar kat\u0131l\u0131yorduk. Politik olarak birbirimizden \u00e7ok farkl\u0131yd\u0131k, baz\u0131lar\u0131m\u0131z Bulgaristan Kom\u00fcnist Partisi (BKP) \u00fcyesi, di\u011ferleri anti-kom\u00fcnist \u2013 daha sonra kimileri sola y\u00f6nelirken \u00f6tekiler sa\u011f\u0131 se\u00e7ti, \u00fc\u00e7\u00fcnc\u00fc bir grup da siyaset d\u0131\u015f\u0131nda kald\u0131. Tam bir tablo olu\u015fturabilmeniz i\u00e7in \u015fu isimleri s\u0131ralamak istiyorum: Radoy Raderv, Hristo Ganev, Binka Jelyaskova, Blaga Dimitrova, \u00c7avdar K\u00fcranov, \u0130skra Panova, Don\u00e7o Papazov, Halim Pasajov, Sabahattin Bayram, Y\u0131ld\u0131z \u0130brahimova, Vejdi Ra\u015fidov, Antonina Jelyaskova, S\u00fcleyman Gavazov, Ali Rafiev, Manu\u015f Romanov, Gredi Assa, Edi \u015evartz, Angel Vagen\u015ftayn, Pet\u0131r Staykov, L\u00fcbo Sobadjiev. Hepsinin isimlerini hat\u0131rlamakta zorlan\u0131yorum. Ad\u0131n\u0131 hat\u0131rlayamad\u0131\u011f\u0131m birileri varsa \u00f6z\u00fcr dilerim. Kom\u00fcnist Partisinin Bulgar toplumunu itti\u011fi etnik \u00e7at\u0131\u015fma ortam\u0131ndan \u00e7\u0131kma yollu bulmak i\u00e7in g\u00fc\u00e7 birli\u011fi yap\u0131yorduk. <strong>Etnik kimlik haklar\u0131n\u0131n ve bu ger\u00e7ekten do\u011fan etnik ve k\u00fclt\u00fcrel haklar\u0131n mutlaka yeniden tan\u0131nmas\u0131 ve g\u00fcvence alt\u0131na al\u0131nmas\u0131 gerekti\u011fi konusunda ayn\u0131 g\u00f6r\u00fc\u015fteydik<\/strong>. Biz \u201cmulti k\u00fclt\u00fcrel\u201d anlamda g\u00fcn\u00fcm\u00fcze kullan\u0131lan kavram\u0131 benimsemi\u015f bir \u00f6rg\u00fctt\u00fck. Biz Ahmet Do\u011fan\u2019a \u00f6rg\u00fct\u00fcm\u00fcz\u00fcn y\u00f6netimine kat\u0131lmas\u0131n\u0131 \u00f6nerdik. O kabul etmedi. Bize verdi\u011fi cevapta, hat\u0131rlad\u0131\u011f\u0131m \u00fczere, \u015f\u00f6yle demi\u015fti: \u201c<strong>Ben hapishaneden hen\u00fcz \u00e7\u0131kt\u0131m ve sizin niyetinizin asil oldu\u011funa inanmam i\u00e7in zamana ihtiyac\u0131m var<\/strong>.\u201d Ve kalk\u0131p gitti.<\/p><div id=\"bghab-3654605971\" class=\"bghab-icerik-icine-10-paragraf bghab-entity-placement\"><script async src=\"\/\/pagead2.googlesyndication.com\/pagead\/js\/adsbygoogle.js?client=ca-pub-6203283170189293\" crossorigin=\"anonymous\"><\/script><ins class=\"adsbygoogle\" style=\"display:block; text-align:center;\" data-ad-client=\"ca-pub-6203283170189293\" \ndata-ad-slot=\"7303146466\" \ndata-ad-layout=\"in-article\"\ndata-ad-format=\"fluid\" data-full-width-responsive=\"true\"><\/ins>\n<script> \n(adsbygoogle = window.adsbygoogle || []).push({}); \n<\/script>\n<\/div>\n<p>Ben size bunlar\u0131, y\u0131llardan sonra, kendimi \u00f6n plana \u00e7\u0131karmak ya da bir \u015feye g\u00fccenmi\u015f oldu\u011fum i\u00e7in anlatm\u0131yorum.\u00a0 Burada vurgulamak istedi\u011fim, Do\u011fan\u2019\u0131n o an aram\u0131za kat\u0131lmama karar\u0131, onun daha sonraki siyasi \u00e7al\u0131\u015fmalar\u0131 i\u00e7in anahtar \u00f6nem ta\u015f\u0131d\u0131. O, <strong>etnik diyaloga hay\u0131r<\/strong> ve daha sonra kendisine siyaset sahnesinde a\u011f\u0131rl\u0131k kazand\u0131racak olan o ayr\u0131lman\u0131n a\u011f\u0131rl\u0131\u011f\u0131n\u0131 daha sonra <strong>etnik ayr\u0131lmada<\/strong> kullanmak amac\u0131yla bunu kendisi se\u00e7ti (ya da b\u00f6yle bir rol oynamas\u0131 i\u00e7in \u00f6zel olarak g\u00f6revlendirilmi\u015fti.)<\/p>\n<p>O da hapishaneden yak\u0131nda \u00e7\u0131km\u0131\u015f olan ve Komitenin aktif \u00fcyesi se\u00e7ilen Halim Pasajov tamamen farkl\u0131 d\u00fc\u015f\u00fcn\u00fcyordu. O bana \u015funlar\u0131 s\u00f6yl\u00fcyordu: \u201c\u2026<strong>Olay \u015fudur. Siz bizi anlamak zorundas\u0131n\u0131z. Biz sisinleyiz ve sisinle beraber olmaya devam edece\u011fiz, fakat bir hapishanede kendi partimizi kuraca\u011f\u0131m\u0131za yemin ettik. Biz Bulgar partilerinin bizim haklar\u0131m\u0131z\u0131 savunaca\u011f\u0131na inanm\u0131yoruz.\u201d <\/strong>Biraz farkl\u0131 olsa da, Manu\u015f Romanov da ayn\u0131 ruhta konu\u015fuyordu. 1990\u2019da yuvarlak masa oturumlar\u0131nda o etnik esasl\u0131 siyasi parti kurulmas\u0131n\u0131 destekledi, fakat \u00c7ingene n\u00fcfusun siyasi temsil hakk\u0131n\u0131n nas\u0131l savunulaca\u011f\u0131n\u0131, di\u011fer siyasi partilerin \u00c7ingene adaylar\u0131 kendi se\u00e7im listelerine aymay\u0131 garanti edip etmeyeceklerini sordu. Ve siyasi partileri etnik topluluklar\u0131n sorunlar\u0131 \u00fczerinde \u00e7al\u0131\u015fmaya davet etti.<\/p>\n<p>1990 y\u0131l\u0131n\u0131n 4 Ocak g\u00fcn\u00fc Varna\u2019da Hak ve \u00d6zg\u00fcrl\u00fckler Partisi (DPS)\u00a0 kuruldu\u011funu, Ahmet Do\u011fan\u2019\u0131n Ba\u015fkan, Halim Pasajov\u2019un da Birinci Ba\u015fkan Yard\u0131mc\u0131s\u0131 se\u00e7ildi\u011fini daha sonra \u00f6\u011frendik. Do\u011fanla ikimizin de, \u00fcyesi oldu\u011fu ve karma n\u00fcfuslu b\u00f6lgelerde k\u0131\u015fk\u0131rt\u0131lan etnik gerginli\u011fi yat\u0131\u015ft\u0131rmak amac\u0131yla parlamentoda toplanan Etnik Sorun Kamu Konseyi\u2019nde Ocak ay\u0131nda Mecliste bir daha g\u00f6r\u00fc\u015ft\u00fck. O zaman o art\u0131k \u201c<strong>Bulgaristan\u2019da T\u00fcrklerin ve M\u00fcsl\u00fcmanlar\u0131n Hak ve \u00d6zg\u00fcrl\u00fckler Hareketi<\/strong>\u201d ba\u015fkan\u0131yd\u0131.<\/p>\n<p>H\u00fcseyin \u00d6mer\u2019in hat\u0131rlad\u0131\u011f\u0131 ve anlat\u0131lmas\u0131nda yarar olan, ba\u015fka bir olayd\u0131r. 4 Mart 1990\u2019d\u0131. \u0130simlerin serbest\u00e7e geri al\u0131nmas\u0131 hakk\u0131n\u0131 iade edecek olan, <strong>\u0130simler Kanun\u2019unda<\/strong> son d\u00fczeltmeleri yapmak i\u00e7in parlamento binas\u0131nda birka\u00e7 sivil toplum \u00f6rg\u00fct\u00fc temsilcileriyle birlikte \u00e7al\u0131\u015fma grubumuz toplanm\u0131\u015ft\u0131. Ertesi g\u00fcn bu kanun halk meclisinde g\u00f6r\u00fc\u015f\u00fclecekti. Ahmet Do\u011fan uzak durdu ve bize kat\u0131lmad\u0131. Parlamento d\u0131\u015f\u0131nda, \u201cAleksand\u0131r Nevski\u201d kilisesinin duvar\u0131 ard\u0131nda, g\u00f6revlilerin girip \u00e7\u0131kt\u0131\u011f\u0131 meclis kap\u0131s\u0131 kar\u015f\u0131s\u0131nda, kanun onaylanana kadar devam edecek olan \u201cikinci n\u00f6bet\u201d Pomaklar orada \u00e7\u0131k kalabal\u0131kt\u0131. T\u00fcrkler de toplanm\u0131\u015ft\u0131. Onlar\u0131n isteklerini desteklemek amac\u0131yla Ulusal Uzla\u015fma Komitesi \u00fcyelerinden bir\u00e7oklar\u0131 da orada bulunuyordu. Milli G\u00fcvenlik g\u00f6revlileri ve milliyet\u00e7i \u00f6rg\u00fctlerin yerel parti \u00f6rg\u00fctleri taraf\u0131ndan \u00f6rg\u00fctlenen, isimlerin iade edilmesine kar\u015f\u0131 olanlar\u0131n Blogoevgrat ve Rodoplardan otob\u00fcslerle Sofya\u2019ya do\u011fru ilerledi\u011fi s\u00f6ylentileri etrafta dola\u015f\u0131yordu. \u0130\u00e7 \u0130\u015fleri Bakanl\u0131\u011f\u0131 y\u00f6netimi Pomaklar\u0131n meclis b\u00f6lgesinden uzakla\u015ft\u0131r\u0131lmas\u0131 ve geceyi \u201cG\u00fcney Park\u201d ta ge\u00e7irmesi karar\u0131 alm\u0131\u015ft\u0131. \u0130ktidar\u0131n korkusu \u2013yapmac\u0131k ya da ger\u00e7ek \u2013 bilemiyorum, \u00e7at\u0131\u015fma \u00e7\u0131kmas\u0131n\u0131 \u00f6nlemekti. Pomaklar bu isteklere uymad\u0131lar. Da\u011f\u0131l\u0131n \u00e7a\u011fr\u0131lar\u0131na tepkili olan insanlar, hep birlikte hi\u00e7bir olaya yol vermeden kanunun \u00e7\u0131kmas\u0131n\u0131 bekleyeceklerini beyan ettiler. O zaman bir milis arac\u0131ndan elinde mikrofonla Ahmet Do\u011fan indi ve Pomaklar\u2019dan Meydan\u0131 bo\u015faltmalar\u0131n\u0131 istemeye ba\u015flad\u0131. \u0130\u00e7 \u0130\u015fleri Bakan Yard\u0131mc\u0131s\u0131 Samanciev onunla beraberdi.\u00a0 Do\u011fan\u2019\u0131n daveti yuhaland\u0131. \u0130nsanlar onu i\u015fitmek istemiyordu. Ben o zaman Samanciev\u2019e Do\u011fan duruma hakim olam\u0131yor, kalabal\u0131\u011f\u0131n i\u00e7inde Milli Uzla\u015fma Komitesinden bir\u00e7ok \u00fcye var, bir onlarla \u00e7ok yak\u0131n ve samimi ili\u015fki halindeyiz ve herhangi bir \u00e7at\u0131\u015fma \u00e7\u0131kmas\u0131na asla yol vermeyece\u011fiz, dedim. \u00d6yle de oldu. Ayn\u0131 gece ve kanunun onayland\u0131\u011f\u0131 erte g\u00fcn\u00fcn ak\u015fam saatlerine kadar n\u00f6bet bekleyen Pomaklar ve biz beraberdik. Otob\u00fcsler ise gelmedi.<\/p>\n<p>\u00d6yle ki, H\u00fcseyin \u00d6mer\u2019in anlatt\u0131\u011f\u0131 olay Ocak ay\u0131 ba\u015f\u0131nda olmad\u0131, Mart ay\u0131 ba\u015f\u0131nda cereyan etti. O zaman bizim dostumuz Ahmet Do\u011fan etrafta g\u00f6r\u00fcnm\u00fcyordu. O zaman 3 Mart g\u00fcn\u00fc bir miting d\u00fczenleyip, ard\u0131ndan Levski an\u0131t\u0131na \u00e7elen koymaya nas\u0131l haz\u0131rland\u0131\u011f\u0131m\u0131z\u0131 an\u0131ms\u0131yorum. Biz Do\u011fan\u2019\u0131n da olaya kat\u0131laca\u011f\u0131n\u0131 umut ediyorduk, o zaman o bug\u00fcn art\u0131k yasaklanm\u0131\u015f olsalar da o d\u00f6nem \u00e7ok etkin olan kom\u00fcnizm yanl\u0131s\u0131 ve a\u015f\u0131r\u0131 milliyet\u00e7i Ulusal \u00c7\u0131karlar\u0131 Savunma Genel Halk Komitesi ve \u201cVatanseverler\u201d adl\u0131 Rodoplular Birli\u011fi ile g\u00f6r\u00fc\u015fmeye gitmi\u015fti.\u00a0 Bu g\u00f6r\u00fc\u015fmelerinden sonra Do\u011fan yan\u0131m\u0131za geldi ve bize \u015f\u00f6yle dedi:<\/p><div id=\"bghab-661054269\" class=\"bghab-icerik-icine-15-paragraf bghab-entity-placement\"><script async src=\"\/\/pagead2.googlesyndication.com\/pagead\/js\/adsbygoogle.js?client=ca-pub-6203283170189293\" crossorigin=\"anonymous\"><\/script><ins class=\"adsbygoogle\" style=\"display:block; text-align:center;\" data-ad-client=\"ca-pub-6203283170189293\" \ndata-ad-slot=\"7303146466\" \ndata-ad-layout=\"in-article\"\ndata-ad-format=\"fluid\" data-full-width-responsive=\"true\"><\/ins>\n<script> \n(adsbygoogle = window.adsbygoogle || []).push({}); \n<\/script>\n<\/div>\n<p>\u201c<strong>\u015eunu iyi biliniz, siyaset pis bir \u015feydir. Siz benim dostlar\u0131ms\u0131n\u0131z, fakat benim ayaklar\u0131na gidip onlarla g\u00f6r\u00fc\u015fmem gerekti<\/strong>.\u201d Ne de olsa biz birlikte Levski an\u0131t\u0131na \u00e7elen koyduk. \u00d6n s\u0131ralarda T\u00fcrk, Pomak, Yahudi, \u00c7ingene ve Bulgar yan yanayd\u0131. Son 21 y\u0131lda b\u00f6yle bir \u015feyin tekrar etti\u011fini bilmiyorum.<\/p>\n<p>Yukarda da s\u00f6yledi\u011fim gibi, biz \u0130simler Kanunu\u2019nun her harfi \u00fczerinde titrerken, Do\u011fan bizden uzak durdu. Bu kanunla ilgili g\u00f6r\u00fc\u015fmeler \u00e7ok a\u011f\u0131rd\u0131. Andrey Lukanov\u2019un aktif kat\u0131l\u0131m\u0131 olmadan hi\u00e7bir \u015fey yap\u0131lam\u0131yordu. Biz, milliyet\u00e7iler taraf\u0131ndan \u0131srarla istenen isimlerin geri al\u0131nmas\u0131n\u0131n mahkeme karar\u0131yla olmas\u0131na yol vermemekti, \u00e7\u00fcnk\u00fc insanlar\u0131n haklar\u0131 olarak y\u00f6neltti\u011fi \u015f\u00f6yle bir soru vard\u0131: \u201c<strong>Bizim isimlerimiz mahkeme karar\u0131yla de\u011fi\u015ftirilmedi, \u015fimdi neden mahkemeye ba\u015fvural\u0131m<\/strong>?\u201d O zamanki DPS \u00f6rg\u00fct\u00fcn\u00fcn iradesi al\u0131nmadan, \u00f6rg\u00fct\u00fcn haberi bile olmadan, bizim hepimizin ard\u0131ndan kom\u00fcnist ve milliyet\u00e7ilerle gizli g\u00f6r\u00fc\u015fmelere ba\u015flayan Ahmet Do\u011fan b\u00fct\u00fcn \u00e7abalar\u0131m\u0131z\u0131 suya d\u00fc\u015f\u00fcrd\u00fc ve isim de\u011fi\u015ftirmenin mutlaka mahkemeden ge\u00e7mesi ko\u015funu getirildi. B\u00f6ylece bir sisasi pazarl\u0131\u011fa var\u0131ld\u0131 ve g\u00f6r\u00fc\u015fmelerin sonunda bir tarafta Pet\u0131r Mladenov, Andrey Lukanov ve Stanko Todorov, \u00f6te yanda da Ahmet Do\u011fan, Dimit\u0131r Arnaudov ve Branko Davidov yer ald\u0131. 1990 y\u0131l\u0131 ba\u015f\u0131ndan gazetelerde g\u00f6z gezdirdi\u011finizde bu g\u00f6r\u00fc\u015fmelere onlar\u0131n kat\u0131ld\u0131\u011f\u0131 haberlerini bulursunuz. Do\u011fan\u2019\u0131n perde ard\u0131nda y\u00fcr\u00fctt\u00fc\u011f\u00fc bu g\u00f6r\u00fc\u015fmeler Halim Pasajov taraf\u0131ndan sert tepki g\u00f6rd\u00fc. Daha sonra Pasajov partiden at\u0131ld\u0131.<\/p>\n<p>Ayr\u0131nt\u0131lar\u0131 pek \u00f6nemli olmayabilir. Protestocular 5 Mart 1990\u2019da meclis etraf\u0131nda gece saat 12\u2019ye kadar bekledikten sonra, son an kar\u015f\u0131lar\u0131na t\u00f6rensel bir tav\u0131rla Ahmet Do\u011fan kar\u015f\u0131lar\u0131na \u00e7\u0131kt\u0131. Ard\u0131nda Ginyo Ganev vard\u0131. Do\u011fan\u2019a mikrofon uzat\u0131ld\u0131 ve o \u015f\u00f6yle dedi:<\/p>\n<p>\u201c<strong>Karde\u015flerim, k\u0131z karde\u015flerim, kanun kabul edildi, evlerinize d\u00f6nebilirsiniz. Biz kazand\u0131k<\/strong> <strong>Do\u011fan halk\u0131n \u00f6n\u00fcne \u00e7ok fazla \u0131\u015f\u0131k alt\u0131nda ilk kez b\u00f6yle \u00e7\u0131kar\u0131ld\u0131 ve daha sonra onun T\u00fcrk direni\u015f hareketi \u00f6nderi ve 1989 May\u0131s Ba\u015fkald\u0131r\u0131s\u0131n\u0131n giri\u015fimcisi olarak dayat\u0131lmas\u0131 b\u00f6yle oldu<\/strong>.\u201d<\/p>\n<p><strong>Demek oluyor ki, Ahmet Do\u011fan Bulgaristan T\u00fcrkleri mukavemet hareketinin lideri olarak iktidar taraf\u0131ndan zorla kabul ettirildi.<\/strong><\/p><div id=\"bghab-2965737145\" class=\"bghab-icerik-icine-20-paragraf bghab-entity-placement\"><script async src=\"\/\/pagead2.googlesyndication.com\/pagead\/js\/adsbygoogle.js?client=ca-pub-6203283170189293\" crossorigin=\"anonymous\"><\/script><ins class=\"adsbygoogle\" style=\"display:block; text-align:center;\" data-ad-client=\"ca-pub-6203283170189293\" \ndata-ad-slot=\"7303146466\" \ndata-ad-layout=\"in-article\"\ndata-ad-format=\"fluid\" data-full-width-responsive=\"true\"><\/ins>\n<script> \n(adsbygoogle = window.adsbygoogle || []).push({}); \n<\/script>\n<\/div>\n<p>Evet, yap\u0131lan propagandan\u0131n amac\u0131 da buydu. Daha sonra bu propaganda etkinliklerine H\u00d6H partisi y\u00f6netiminden Osman Oktay ve Prof. \u0130brahim Tatarl\u0131 ve ba\u015fka ki\u015filer de kat\u0131ld\u0131.<\/p>\n<p>Sizin isimlerini and\u0131\u011f\u0131n\u0131z ki\u015filerin hepsi gizli polis (DS) ile ba\u011fl\u0131 ve ona \u00e7al\u0131\u015fm\u0131\u015f ki\u015filerdir.<\/p>\n<p>\u0130kinci b\u00f6l\u00fcmde, Ahmet Do\u011fan etraf\u0131ndaki ki\u015fileri ve T\u00fcrkleri yeniden semeleme ve uyutma s\u00fcre\u00e7lerini anlataca\u011f\u0131z.<\/p>\n<div id=\"bghab-168848223\" class=\"bghab-yazi-altinda bghab-entity-placement\"><div class=\"bghab-adlabel\">Reklamlar<\/div><script async src=\"https:\/\/pagead2.googlesyndication.com\/pagead\/js\/adsbygoogle.js\"><\/script>\r\n<!-- bghaber-yaz\u0131-sonu -->\r\n<ins class=\"adsbygoogle\"\r\n     style=\"display:block\"\r\n     data-ad-client=\"ca-pub-6203283170189293\"\r\n     data-ad-slot=\"4222328180\"\r\n     data-ad-format=\"auto\"\r\n     data-full-width-responsive=\"true\"><\/ins>\r\n<script>\r\n     (adsbygoogle = window.adsbygoogle || []).push({});\r\n<\/script><\/div><br style=\"clear: both; display: block; float: none;\"\/>","protected":false},"excerpt":{"rendered":"<p>&nbsp; BGSAM Tercume Ger\u00e7ekleri g\u00f6rmek ve kabullenmek zorunday\u0131z. Bulgaristan\u2019da T\u00fcrklerin ve Pomaklar\u0131n isimlerinin geri verilmesine Ahmet Do\u011fan\u2019\u0131n hi\u00e7bir katk\u0131s\u0131 yoktur. \u00a0 Mihail \u0130vanov \u201c1990\u2019\u0131n 4<\/p>\n","protected":false},"author":13,"featured_media":21544,"comment_status":"closed","ping_status":"closed","sticky":false,"template":"","format":"standard","meta":{"advanced_seo_description":"","jetpack_seo_html_title":"","jetpack_seo_noindex":false,"_jetpack_memberships_contains_paid_content":false,"footnotes":""},"categories":[5],"tags":[],"class_list":["post-21543","post","type-post","status-publish","format-standard","has-post-thumbnail","hentry","category-yasam"],"jetpack_featured_media_url":"https:\/\/i0.wp.com\/www.bghaber.org\/bghaber\/wp-content\/uploads\/2016\/11\/mihail-ivanov.jpg?fit=610%2C343&ssl=1","jetpack_sharing_enabled":true,"jetpack_likes_enabled":true,"jetpack-related-posts":[],"jetpack_shortlink":"https:\/\/wp.me\/pc2PfJ-5Bt","_links":{"self":[{"href":"https:\/\/www.bghaber.org\/bghaber\/wp-json\/wp\/v2\/posts\/21543","targetHints":{"allow":["GET"]}}],"collection":[{"href":"https:\/\/www.bghaber.org\/bghaber\/wp-json\/wp\/v2\/posts"}],"about":[{"href":"https:\/\/www.bghaber.org\/bghaber\/wp-json\/wp\/v2\/types\/post"}],"author":[{"embeddable":true,"href":"https:\/\/www.bghaber.org\/bghaber\/wp-json\/wp\/v2\/users\/13"}],"replies":[{"embeddable":true,"href":"https:\/\/www.bghaber.org\/bghaber\/wp-json\/wp\/v2\/comments?post=21543"}],"version-history":[{"count":0,"href":"https:\/\/www.bghaber.org\/bghaber\/wp-json\/wp\/v2\/posts\/21543\/revisions"}],"wp:featuredmedia":[{"embeddable":true,"href":"https:\/\/www.bghaber.org\/bghaber\/wp-json\/wp\/v2\/media\/21544"}],"wp:attachment":[{"href":"https:\/\/www.bghaber.org\/bghaber\/wp-json\/wp\/v2\/media?parent=21543"}],"wp:term":[{"taxonomy":"category","embeddable":true,"href":"https:\/\/www.bghaber.org\/bghaber\/wp-json\/wp\/v2\/categories?post=21543"},{"taxonomy":"post_tag","embeddable":true,"href":"https:\/\/www.bghaber.org\/bghaber\/wp-json\/wp\/v2\/tags?post=21543"}],"curies":[{"name":"wp","href":"https:\/\/api.w.org\/{rel}","templated":true}]}}