{"id":21539,"date":"2016-11-28T15:42:19","date_gmt":"2016-11-28T13:42:19","guid":{"rendered":"http:\/\/www.bghaber.org\/bghaber\/?p=21539"},"modified":"2016-11-28T15:42:19","modified_gmt":"2016-11-28T13:42:19","slug":"balkanlarda-turkce-ilelebet-yasayacaktir","status":"publish","type":"post","link":"https:\/\/www.bghaber.org\/bghaber\/balkanlarda-turkce-ilelebet-yasayacaktir\/","title":{"rendered":"\u201cBalkanlarda T\u00fcrk\u00e7e \u0130lelebet Ya\u015fayacakt\u0131r\u201d"},"content":{"rendered":"<div id=\"yiv1170752420yui_3_16_0_1_1480315589826_68442\">Alptekin CEVHERL\u0130<\/div>\n<div id=\"yiv1170752420yui_3_16_0_1_1480315589826_68443\"><img data-recalc-dims=\"1\" loading=\"lazy\" decoding=\"async\" class=\"\" src=\"https:\/\/i0.wp.com\/www.bghaber.org\/bghaber\/wp-content\/uploads\/2016\/11\/alptekin-plaket1.jpg?resize=640%2C756\" alt=\"alptekin-plaket1\" width=\"640\" height=\"756\" \/><\/div>\n<div>Genel Ba\u015fkan Alptekin Cevherli\u2019nin Merita Mustafa&#8217;ya te\u015fekk\u00fcr plaketi takdim ederken<\/div>\n<div><\/div>\n<div id=\"yiv1170752420yui_3_16_0_1_1480315589826_68444\">Kocaeli \u015eairler ve Yazarlar Derne\u011fi\u2019nin (KO\u015eYAB) d\u00fczenledi\u011fi \u2018Rumeli\u2019nde Ya\u015fayan T\u00fcrk\u00e7e\u2019 konulu sunumda konu\u015fan Merita Mustafa \u2018T\u00fcrk\u00e7e Balkanlar\u0131n eski dillerinden biridir ve ilelebet ya\u015fayacakt\u0131r\u2019 dedi<\/div>\n<div id=\"yiv1170752420yui_3_16_0_1_1480315589826_68445\">+++++<\/div>\n<div id=\"yiv1170752420yui_3_16_0_1_1480315589826_68446\">Kocaeli \u015eairler ve Yazarlar Derne\u011fi taraf\u0131ndan her y\u0131l T\u00fcrk\u00e7e konu\u015fulan \u00fclkelerle ilgili ger\u00e7ekle\u015ftirilen geleneksel toplant\u0131lar\u0131n sonuncusu SEKAPark Mevlev\u00ee Evi\u2019nde 26 Kas\u0131m 2016 Cuma ak\u015fam\u0131 ger\u00e7ekle\u015fti. Daha \u00f6nce Do\u011fu T\u00fcrkistan, Kerk\u00fck ve Irak T\u00fcrkmenleri, G\u00fcney Azerbaycan ve Bat\u0131 Trakya T\u00fcrkleri konulu sunumlar ger\u00e7ekle\u015ftiren derne\u011fin bu y\u0131lki konusu Makedonya T\u00fcrkleri ve Rumeli T\u00fcrk\u00e7esi oldu.<\/div>\n<div id=\"yiv1170752420yui_3_16_0_1_1480315589826_68447\">Konuyla ilgili sunumunu ger\u00e7ekle\u015ftiren Merita Mustafa, ge\u00e7mi\u015f y\u0131llarda Makedonya\u2019daki T\u00fcrk as\u0131ll\u0131 \u00e7ocuklara T\u00fcrk\u00e7e dersleri verdi\u011fi d\u00f6nemde kar\u015f\u0131la\u015ft\u0131\u011f\u0131 zorluklar\u0131 ve T\u00fcrk\u00e7e e\u011fitimin \u00f6n\u00fcne \u00e7\u0131kart\u0131lan engelleri anlatt\u0131. Makedonya\u2019da T\u00fcrk n\u00fcfusun resmi rakamlarda % 3,7 olarak g\u00f6sterilmesine kar\u015f\u0131n ger\u00e7ek rakam\u0131n % 10\u2019lar civar\u0131nda oldu\u011funun alt\u0131n\u0131 \u00e7izen Merita Mustafa, bu nedenle T\u00fcrklerin var oldu\u011fu pek \u00e7ok yerde n\u00fcfus say\u0131m\u0131 i\u015fleminin yar\u0131m b\u0131rak\u0131ld\u0131\u011f\u0131n\u0131 ve bu nedenle de T\u00fcrklere anayasa gere\u011fi belli bir oran\u0131 yakalad\u0131klar\u0131nda verilmesi gereken \u2018T\u00fcrk\u00e7e ana dil dersi\u2019 hakk\u0131n\u0131n bu yolla kulland\u0131r\u0131lmad\u0131\u011f\u0131n\u0131 dile getirdi.<\/div>\n<div id=\"yiv1170752420yui_3_16_0_1_1480315589826_68448\">T\u00fcrkiye\u2019nin de konuyla ilgili olarak tav\u0131r al\u0131rken baz\u0131 durumlarda yanl\u0131\u015f bilgilendirilmesi nedeniyle hatalar\u0131 olabildi\u011fine de de\u011finen Mustafa, T\u0130KA, Yunus Emre Enstit\u00fcs\u00fc gibi kurumlar\u0131n bir d\u00f6nem FET\u00d6\u2019n\u00fcn oyunlar\u0131na geldi\u011fini, in\u015fallah ileriki d\u00f6nemlerde bunlar\u0131n temizlenmesi ile T\u00fcrkler olarak daha rahatlayacaklar\u0131n\u0131 umut ettiklerini dile getirdi.<\/div>\n<div>\u00c7\u00fcnk\u00fc T\u0130KA b\u00f6lgemizde \u00e7ok b\u00fcy\u00fck i\u015fler ba\u015farm\u0131\u015f ve dev projelere imza atm\u0131\u015ft\u0131r.<\/div>\n<div>Bu nedenle Balkan T\u00fcrkl\u00fc\u011f\u00fc i\u00e7in T\u0130KA \u00e7ok \u00f6nemli bir kurulu\u015ftur.<\/div>\n<div id=\"yiv1170752420yui_3_16_0_1_1480315589826_68449\">Makedonya\u2019da Osmanl\u0131 T\u00fcrkerinden \u00f6nce Karadeniz\u2019in kuzeyinden gelmi\u015f \u00e7ok say\u0131da T\u00fcrk oldu\u011funu da hat\u0131rlatan ancak bunlar\u0131n ge\u00e7en zaman i\u00e7erisinde T\u00fcrkl\u00fck bilincini korumalar\u0131na ra\u011fmen T\u00fcrk\u00e7eyi unuttuklar\u0131n\u0131 dile getiren Mustafa, Pomaklar, Torbe\u015fler ve di\u011fer bu T\u00fcrk unsurlar\u0131n da aynen Osmanl\u0131 bakiyesi T\u00fcrkler gibi T\u00fcrkiye&#8217;nin ayr\u0131mc\u0131l\u0131k yap\u0131lmadan ilgi alan\u0131nda olmas\u0131 gerekti\u011finin alt\u0131n\u0131 \u00e7izdi. Soru \u2013 cevaplarla sohbet toplant\u0131s\u0131 \u015feklinde samimi bir ortamda ger\u00e7ekle\u015fen oturum, Kocaeli \u015eairler Yazarlar Derne\u011fi Genel Ba\u015fkan Alptekin Cevherli\u2019nin g\u00fcn\u00fcn anlam ve \u00f6nemine ili\u015fkin te\u015fekk\u00fcr plaketi takdim etmesiyle son buldu.<\/div>\n<div><img data-recalc-dims=\"1\" decoding=\"async\" src=\"https:\/\/i0.wp.com\/www.bghaber.org\/bghaber\/wp-content\/uploads\/2016\/11\/alptekin-plaket.jpg?w=640\" alt=\"alptekin-plaket\" \/><\/div>\n<div><\/div>\n<div id=\"bghab-368592864\" class=\"bghab-yazi-altinda bghab-entity-placement\"><div class=\"bghab-adlabel\">Reklamlar<\/div><script async src=\"https:\/\/pagead2.googlesyndication.com\/pagead\/js\/adsbygoogle.js\"><\/script>\r\n<!-- bghaber-yaz\u0131-sonu -->\r\n<ins class=\"adsbygoogle\"\r\n     style=\"display:block\"\r\n     data-ad-client=\"ca-pub-6203283170189293\"\r\n     data-ad-slot=\"4222328180\"\r\n     data-ad-format=\"auto\"\r\n     data-full-width-responsive=\"true\"><\/ins>\r\n<script>\r\n     (adsbygoogle = window.adsbygoogle || []).push({});\r\n<\/script><\/div><br style=\"clear: both; display: block; float: none;\"\/>","protected":false},"excerpt":{"rendered":"<p>Alptekin CEVHERL\u0130 Genel Ba\u015fkan Alptekin Cevherli\u2019nin Merita Mustafa&#8217;ya te\u015fekk\u00fcr plaketi takdim ederken Kocaeli \u015eairler ve Yazarlar Derne\u011fi\u2019nin (KO\u015eYAB) d\u00fczenledi\u011fi \u2018Rumeli\u2019nde Ya\u015fayan T\u00fcrk\u00e7e\u2019 konulu sunumda konu\u015fan<\/p>\n","protected":false},"author":13,"featured_media":0,"comment_status":"closed","ping_status":"closed","sticky":false,"template":"","format":"standard","meta":{"advanced_seo_description":"","jetpack_seo_html_title":"","jetpack_seo_noindex":false,"_jetpack_memberships_contains_paid_content":false,"footnotes":""},"categories":[10],"tags":[],"class_list":["post-21539","post","type-post","status-publish","format-standard","hentry","category-kultur-sanat"],"jetpack_featured_media_url":"","jetpack_sharing_enabled":true,"jetpack_likes_enabled":true,"jetpack-related-posts":[],"jetpack_shortlink":"https:\/\/wp.me\/pc2PfJ-5Bp","_links":{"self":[{"href":"https:\/\/www.bghaber.org\/bghaber\/wp-json\/wp\/v2\/posts\/21539","targetHints":{"allow":["GET"]}}],"collection":[{"href":"https:\/\/www.bghaber.org\/bghaber\/wp-json\/wp\/v2\/posts"}],"about":[{"href":"https:\/\/www.bghaber.org\/bghaber\/wp-json\/wp\/v2\/types\/post"}],"author":[{"embeddable":true,"href":"https:\/\/www.bghaber.org\/bghaber\/wp-json\/wp\/v2\/users\/13"}],"replies":[{"embeddable":true,"href":"https:\/\/www.bghaber.org\/bghaber\/wp-json\/wp\/v2\/comments?post=21539"}],"version-history":[{"count":0,"href":"https:\/\/www.bghaber.org\/bghaber\/wp-json\/wp\/v2\/posts\/21539\/revisions"}],"wp:attachment":[{"href":"https:\/\/www.bghaber.org\/bghaber\/wp-json\/wp\/v2\/media?parent=21539"}],"wp:term":[{"taxonomy":"category","embeddable":true,"href":"https:\/\/www.bghaber.org\/bghaber\/wp-json\/wp\/v2\/categories?post=21539"},{"taxonomy":"post_tag","embeddable":true,"href":"https:\/\/www.bghaber.org\/bghaber\/wp-json\/wp\/v2\/tags?post=21539"}],"curies":[{"name":"wp","href":"https:\/\/api.w.org\/{rel}","templated":true}]}}