{"id":21536,"date":"2016-11-27T16:11:45","date_gmt":"2016-11-27T14:11:45","guid":{"rendered":"http:\/\/www.bghaber.org\/bghaber\/?p=21536"},"modified":"2016-11-27T16:11:45","modified_gmt":"2016-11-27T14:11:45","slug":"visegrad-dortlusu-avrupa-gocmenlerine-geri-dedi","status":"publish","type":"post","link":"https:\/\/www.bghaber.org\/bghaber\/visegrad-dortlusu-avrupa-gocmenlerine-geri-dedi\/","title":{"rendered":"Vi\u015fegrad D\u00f6rtl\u00fcs\u00fc, Avrupa g\u00f6\u00e7menlerine geri dedi."},"content":{"rendered":"<p><img data-recalc-dims=\"1\" decoding=\"async\" src=\"https:\/\/i0.wp.com\/www.bghaber.org\/bghaber\/wp-content\/uploads\/2016\/11\/varsova-bg.jpg?w=640\" alt=\"varsova-bg\" \/><\/p>\n<p>Vi\u015fegrad D\u00f6rtl\u00fcs\u00fc, Avrupa\u2019ya gelen g\u00f6\u00e7menlerin geri \u00e7evrilmesini istedi.<\/p>\n<p><em>Vi\u015fegrad D\u00f6rtl\u00fcs\u00fc olarak bilinen Avrupa Birli\u011fi i\u00e7indeki Macaristan, Polonya, \u00c7ek ve Slovakya Ba\u015fbakanar\u0131 Var\u015fava\u2019da d\u00fczenledikleri toplant\u0131da Br\u00fcksel\u2019in s\u0131\u011f\u0131nmac\u0131 ve g\u00f6\u00e7menleri \u00fcye \u00fclkelere da\u011f\u0131tma siyasetinin Avrupa\u2019ya gelen g\u00f6\u00e7menlerin geri g\u00f6nderilmesi siyasetiyle de\u011fi\u015ftirilmesini istediler.<\/em><\/p>\n<p><em>Polonya D\u0131\u015f \u0130\u015fleri Bakan\u0131 Mriu\u015f Bal\u015f\u00e7ak, s\u0131\u011f\u0131nmac\u0131lar\u0131n AB \u00fclkelerine da\u011f\u0131t\u0131lmas\u0131 ve onlar\u0131n 27 \u00fclkeye yerle\u015ftirilmesi siyasetine kar\u015f\u0131 \u00e7\u0131karken, \u201cBr\u00fcksel\u2019in bu siyasetinin iyi sonu\u00e7 vermedi\u011fini, k\u0131taya s\u0131\u011f\u0131nmac\u0131 ve g\u00f6\u00e7men seli \u00e7ekti\u011fini, bunal\u0131m\u0131n \u00e7\u00f6z\u00fclemedi\u011fini, tam aksine derinle\u015fti\u011fini\u201d s\u00f6yledi.<\/em><\/p>\n<p><em>Vi\u015fegrt d\u00f6rtl\u00fcs\u00fc AB d\u0131\u015f s\u0131n\u0131rlar\u0131n\u0131n g\u00fc\u00e7lendirilmesinden yana \u00e7\u0131karken, bu i\u015fte Macaristan\u2019\u0131n \u00f6rnek \u00fclke oldu\u011funu fakat Br\u00fcksel taraf\u0131ndan ele\u015ftirildi\u011fini bildirdi.<\/em><\/p>\n<p><em>Slovakya D\u0131\u015f \u0130\u015fleri Bakan\u0131 Robert Klinyak, g\u00f6\u00e7 bunal\u0131m\u0131n\u0131n belenmeyen bir bunal\u0131m olmad\u0131\u011f\u0131n\u0131, onun da nedeni oldu\u011funu s\u00f6yledi. \u00dcye \u00fclkelerden baz\u0131lar\u0131n\u0131n \u015eengen antla\u015fmas\u0131n\u0131n kimi maddelerine uymad\u0131klar\u0131ndan da bir\u00e7ok sorun belirdi\u011fine i\u015faret etti.<\/em><\/p><div id=\"bghab-2058106716\" class=\"bghab-icerik-icine bghab-entity-placement\"><script async src=\"\/\/pagead2.googlesyndication.com\/pagead\/js\/adsbygoogle.js?client=ca-pub-6203283170189293\" crossorigin=\"anonymous\"><\/script><ins class=\"adsbygoogle\" style=\"display:block; text-align:center;\" data-ad-client=\"ca-pub-6203283170189293\" \ndata-ad-slot=\"7303146466\" \ndata-ad-layout=\"in-article\"\ndata-ad-format=\"fluid\" data-full-width-responsive=\"true\"><\/ins>\n<script> \n(adsbygoogle = window.adsbygoogle || []).push({}); \n<\/script>\n<\/div>\n<p><em>Macaristan D\u0131\u015f \u0130\u015fleri Bakan\u0131 ise toplant\u0131dan sonra verdi\u011fi deme\u00e7te, Mcaristan topraklar\u0131ndan 104 \u00fclkeden s\u0131\u011f\u0131nmac\u0131 ve k\u00e7k ge\u00e7ti\u011fini, bu \u00fclkelerde sava\u015f olmad\u0131\u011f\u0131n\u0131 a\u00e7\u0131klad\u0131. Bu nedenle br Macaristan olarak \u201cs\u0131\u011f\u0131nmac\u0131lar\u0131 \u00fcye \u00fclkelere da\u011f\u0131tma siyasetinden vazge\u00e7ip onlar\u0131 geri g\u00f6nderme siyaseti\u201d uygulanmas\u0131n\u0131 istedi.<\/em><\/p>\n<p><em>Vi\u015fegrad D\u00f6rtl\u00fcs\u00fcn\u00fcn, s\u0131\u011f\u0131nmac\u0131 ve g\u00f6\u00e7men siyasetini Polonya ba\u015fkentinde Bulgaristan, H\u0131rvatistan, Slovenya ve Bel\u00e7ika temsilcileriyle g\u00f6r\u00fc\u015fmesi bekleniyor.<\/em><\/p>\n<p><em>Bu geli\u015fmeler Avrupa Birli\u011fi\u2019nin s\u0131\u011f\u0131nmac\u0131 ve g\u00f6\u00e7men siyasetinde bir \u00e7atlama oldu\u011funu ve bunal\u0131m ba\u015f g\u00f6sterdi\u011fini g\u00f6sterirken, AB-T\u00fcrkiye Antla\u015fmas\u0131n\u0131 uygulamakta \u00e7\u0131kan p\u00fcr\u00fczleri de birer birer ortaya koyuyor.<\/em><\/p>\n<p><em>Bilindi\u011fi \u00fczere 24 Kas\u0131m 2016\u2019d Bulgaristan\u2019\u0131n Harmanli \u015fehrindeki Kapal\u0131 G\u00f6\u00e7men Kamp\u0131nda isyn oldu. 24 polis yaralan\u0131rken 400 s\u0131\u011f\u0131nmac\u0131 tutukland\u0131 ve bunlardan 18\u2019i Bulgar bayra\u011f\u0131n\u0131 yakma su\u00e7undan mahkemeye sevk edildi. Ayaklanmadan sonra Harmanli kamp\u0131nda yaln\u0131z s\u0131\u011f\u0131nmac\u0131 ileler kald\u0131. Di\u011fer s\u0131\u011f\u0131nmac\u0131lar ise, Bulgar-T\u00fcrk s\u0131n\u0131r b\u00f6lgesinde bulunan eski k\u0131\u015flalara da\u011f\u0131t\u0131ld\u0131lar.<\/em><\/p>\n<p>Var\u015fova \/ Sofya<\/p><div id=\"bghab-1208994159\" class=\"bghab-icerik-icine-10-paragraf bghab-entity-placement\"><script async src=\"\/\/pagead2.googlesyndication.com\/pagead\/js\/adsbygoogle.js?client=ca-pub-6203283170189293\" crossorigin=\"anonymous\"><\/script><ins class=\"adsbygoogle\" style=\"display:block; text-align:center;\" data-ad-client=\"ca-pub-6203283170189293\" \ndata-ad-slot=\"7303146466\" \ndata-ad-layout=\"in-article\"\ndata-ad-format=\"fluid\" data-full-width-responsive=\"true\"><\/ins>\n<script> \n(adsbygoogle = window.adsbygoogle || []).push({}); \n<\/script>\n<\/div>\n<div id=\"bghab-922148886\" class=\"bghab-yazi-altinda bghab-entity-placement\"><div class=\"bghab-adlabel\">Reklamlar<\/div><script async src=\"https:\/\/pagead2.googlesyndication.com\/pagead\/js\/adsbygoogle.js\"><\/script>\r\n<!-- bghaber-yaz\u0131-sonu -->\r\n<ins class=\"adsbygoogle\"\r\n     style=\"display:block\"\r\n     data-ad-client=\"ca-pub-6203283170189293\"\r\n     data-ad-slot=\"4222328180\"\r\n     data-ad-format=\"auto\"\r\n     data-full-width-responsive=\"true\"><\/ins>\r\n<script>\r\n     (adsbygoogle = window.adsbygoogle || []).push({});\r\n<\/script><\/div><br style=\"clear: both; display: block; float: none;\"\/>","protected":false},"excerpt":{"rendered":"<p>Vi\u015fegrad D\u00f6rtl\u00fcs\u00fc, Avrupa\u2019ya gelen g\u00f6\u00e7menlerin geri \u00e7evrilmesini istedi. Vi\u015fegrad D\u00f6rtl\u00fcs\u00fc olarak bilinen Avrupa Birli\u011fi i\u00e7indeki Macaristan, Polonya, \u00c7ek ve Slovakya Ba\u015fbakanar\u0131 Var\u015fava\u2019da d\u00fczenledikleri toplant\u0131da Br\u00fcksel\u2019in<\/p>\n","protected":false},"author":13,"featured_media":21537,"comment_status":"closed","ping_status":"closed","sticky":false,"template":"","format":"standard","meta":{"advanced_seo_description":"","jetpack_seo_html_title":"","jetpack_seo_noindex":false,"_jetpack_memberships_contains_paid_content":false,"footnotes":""},"categories":[9],"tags":[],"class_list":["post-21536","post","type-post","status-publish","format-standard","has-post-thumbnail","hentry","category-ekonomi"],"jetpack_featured_media_url":"https:\/\/i0.wp.com\/www.bghaber.org\/bghaber\/wp-content\/uploads\/2016\/11\/varsova-bg.jpg?fit=714%2C504&ssl=1","jetpack_sharing_enabled":true,"jetpack_likes_enabled":true,"jetpack-related-posts":[],"jetpack_shortlink":"https:\/\/wp.me\/pc2PfJ-5Bm","_links":{"self":[{"href":"https:\/\/www.bghaber.org\/bghaber\/wp-json\/wp\/v2\/posts\/21536","targetHints":{"allow":["GET"]}}],"collection":[{"href":"https:\/\/www.bghaber.org\/bghaber\/wp-json\/wp\/v2\/posts"}],"about":[{"href":"https:\/\/www.bghaber.org\/bghaber\/wp-json\/wp\/v2\/types\/post"}],"author":[{"embeddable":true,"href":"https:\/\/www.bghaber.org\/bghaber\/wp-json\/wp\/v2\/users\/13"}],"replies":[{"embeddable":true,"href":"https:\/\/www.bghaber.org\/bghaber\/wp-json\/wp\/v2\/comments?post=21536"}],"version-history":[{"count":0,"href":"https:\/\/www.bghaber.org\/bghaber\/wp-json\/wp\/v2\/posts\/21536\/revisions"}],"wp:featuredmedia":[{"embeddable":true,"href":"https:\/\/www.bghaber.org\/bghaber\/wp-json\/wp\/v2\/media\/21537"}],"wp:attachment":[{"href":"https:\/\/www.bghaber.org\/bghaber\/wp-json\/wp\/v2\/media?parent=21536"}],"wp:term":[{"taxonomy":"category","embeddable":true,"href":"https:\/\/www.bghaber.org\/bghaber\/wp-json\/wp\/v2\/categories?post=21536"},{"taxonomy":"post_tag","embeddable":true,"href":"https:\/\/www.bghaber.org\/bghaber\/wp-json\/wp\/v2\/tags?post=21536"}],"curies":[{"name":"wp","href":"https:\/\/api.w.org\/{rel}","templated":true}]}}