{"id":21533,"date":"2016-11-27T16:09:23","date_gmt":"2016-11-27T14:09:23","guid":{"rendered":"http:\/\/www.bghaber.org\/bghaber\/?p=21533"},"modified":"2016-11-27T16:09:23","modified_gmt":"2016-11-27T14:09:23","slug":"%d0%b5urochicago-bulgaristanda-majoriter-secimler-kurtulus-degil","status":"publish","type":"post","link":"https:\/\/www.bghaber.org\/bghaber\/%d0%b5urochicago-bulgaristanda-majoriter-secimler-kurtulus-degil\/","title":{"rendered":"\u0415uroChicago: Bulgaristan\u2019da majoriter se\u00e7imler kurtulu\u015f de\u011fil"},"content":{"rendered":"<p><strong>\u0415uroChicago: Bulgaristan\u2019da majoriter se\u00e7imler kurtulu\u015f de\u011fil, bunal\u0131mdan \u00e7\u0131kma denemesidir. <\/strong><\/p>\n<p><em><img data-recalc-dims=\"1\" decoding=\"async\" src=\"https:\/\/i0.wp.com\/www.bghaber.org\/bghaber\/wp-content\/uploads\/2016\/11\/stamatov-bg.jpg?w=640\" alt=\"stamatov-bg\" \/><\/em><\/p>\n<p><em>Pet\u0131r Stamatov.<\/em><\/p>\n<p><strong>Bulgar parlamentosu \u00e7al\u0131\u015fmalar\u0131nda d\u0131\u015f \u00fclkelerde bulunan soyda\u015flar\u0131m\u0131z ve onlarla ilgili politikalar zurnan\u0131n son deli\u011fidir<\/strong><\/p>\n<p>Yunanistan, T\u00fcrkiye, \u0130spanya ya da Birle\u015fik Amerika\u2019da veya ba\u015fka bir d\u0131\u015f \u00fclkedeki Bulgar se\u00e7menlerinin say\u0131s\u0131 tam olarak bilinmeden majoriter sisteme g\u00f6re belgelendirme yap\u0131l\u0131rken, onlar\u0131n kendi milletvekilini tam nerede se\u00e7eceklerini isabetli belirleme yap\u0131labilir mi? Mesela Birle\u015fik Amerika\u2019da Avrupa \u00fclkelerinden \u00e7ok daha az se\u00e7ime kat\u0131l\u0131yor. <strong>Euro Chicago kurucusu Stamatov bu yorumu BG devlet denet\u00e7isi (ombudsman) Maya Manolova Se\u00e7im Yasas\u0131\u2019nda yeni de\u011fi\u015fiklikler yap\u0131lmas\u0131 \u00f6nerisini meclise sunduktan sonra yapt\u0131.<\/strong><\/p>\n<p>Baz\u0131 g\u00f6r\u00fc\u015fler \u00f6ne \u00e7\u0131kt\u0131. \u00d6rne\u011fin baz\u0131 se\u00e7menler \u00e7ifte vatanda\u015fl\u0131\u011f\u0131n\u0131 gizleyebilir ve yaln\u0131z Bulgar vatanda\u015fl\u0131\u011f\u0131n\u0131 g\u00f6sterebilir. \u0130lgili beyannameyi do\u011fru doldurup doldurmad\u0131\u011f\u0131m\u0131 kim denetleyecek, \u00e7\u00fcnk\u00fc benim Panama veya T\u00fcrkiye\u2019de ikinci bir vatanda\u015fl\u0131\u011f\u0131m olabilir ve ben yine de ABD\u2019de ikamet edebilirim.\u00a0 Sonra Bulgaristan\u2019\u0131n milli doktrini olmad\u0131\u011f\u0131na g\u00f6re, \u00fclke aktif d\u0131\u015f politika y\u00fcr\u00fctmedi\u011finden dolay\u0131, 240 milletvekilinden 9\u2019unun d\u0131\u015f \u00fclkelerdeki Bulgarlar taraf\u0131ndan se\u00e7ilmi\u015f olmas\u0131n\u0131n ta\u015f\u0131d\u0131\u011f\u0131 \u00f6nem ne olabilir?<\/p><div id=\"bghab-1254234521\" class=\"bghab-icerik-icine bghab-entity-placement\"><script async src=\"\/\/pagead2.googlesyndication.com\/pagead\/js\/adsbygoogle.js?client=ca-pub-6203283170189293\" crossorigin=\"anonymous\"><\/script><ins class=\"adsbygoogle\" style=\"display:block; text-align:center;\" data-ad-client=\"ca-pub-6203283170189293\" \ndata-ad-slot=\"7303146466\" \ndata-ad-layout=\"in-article\"\ndata-ad-format=\"fluid\" data-full-width-responsive=\"true\"><\/ins>\n<script> \n(adsbygoogle = window.adsbygoogle || []).push({}); \n<\/script>\n<\/div>\n<p>Stamatov d\u0131\u015f \u00fclkelerdeki Bulgaristan vatanda\u015flar\u0131 i\u00e7in \u00f6nemli olan\u0131 \u015f\u00f6yle a\u00e7\u0131klad\u0131:<\/p>\n<p>\u201c\u015eahsen benim i\u00e7in Slavov, Andreev ve Lilov\u2019un meclise sundu\u011fu \u00f6neri daha \u00f6nemlidir. Onlar\u0131n sundu\u011fu yasa de\u011fi\u015fikli\u011finde, d\u0131\u015f \u00fclkelerdeki yerel Bulgaristanl\u0131 topluluklar\u0131n\u0131n inisiyatifiyle Bulgaristan\u2019\u0131n d\u00fcnyadaki diplomatik temsilciliklerinde DANI\u015eMA ORGANLARI olu\u015fturulmas\u0131n\u0131 isteniyor.<\/p>\n<p>2000 y\u0131l\u0131nda kabul edilen kanunda, B\u00fcy\u00fckel\u00e7ilik ve konsolosluklarda benzer Kamu Konseyleri kurulmas\u0131 \u00f6ng\u00f6r\u00fclm\u00fc\u015f olsa da, BG D\u0131\u015f i\u015fleri bakanl\u0131\u011f\u0131nda yap\u0131lan g\u00f6r\u00fc\u015fmelerde de, bu organ\u0131n olu\u015fturulmas\u0131 her defas\u0131nda g\u00f6n\u00fcll\u00fc olarak nitelendi. Bu da son 16 y\u0131lda D\u0131\u015f \u0130\u015fleri Bakanl\u0131\u011f\u0131m\u0131z\u0131n bu y\u00f6nde tek ad\u0131m atmamas\u0131na neden oldu.<\/p>\n<p>Bulgaristan Cumhuriyeti d\u0131\u015f\u0131nda ba\u015fka bir \u00fclkede ya\u015fayan Bulgaristan vatanda\u015flar\u0131 yasan\u0131n de\u011fi\u015ftirilmesini \u00f6ng\u00f6ren \u00fc\u00e7 ki\u015fi taraf\u0131ndan sunulan bu \u00f6neri, b\u00f6yle bir organ kurulmas\u0131n\u0131 kendileriyle yap\u0131lan temas ve g\u00f6r\u00fc\u015fmelerde defalarca isteyen Bulgaristan vatanda\u015flar\u0131n\u0131n \u0131srar\u0131 \u00fczerine haz\u0131rlanm\u0131\u015f ve sunulmu\u015ftur. EuroChicago yay\u0131n\u0131 B\u00fcy\u00fckel\u00e7ilik ve konsolosluklarda b\u00f6lge organlar olu\u015fturulmas\u0131 i\u00e7in y\u0131llardan beri \u00e7al\u0131\u015ft\u0131\u011f\u0131 gibi, mektuplar kaleme ald\u0131 ve yay\u0131nlar yapt\u0131, de\u011fi\u015fik kurumlarla temasa ge\u00e7ti, halen bu yasa de\u011fi\u015fikli\u011fini \u00f6neren milletvekilleri ile de ortak \u00e7al\u0131\u015fmalarda bulundu.<\/p>\n<p>Yasa de\u011fi\u015fikli\u011finin gerek\u00e7esinde \u015f\u00f6yle deniyor: Halen Bulgaristan n\u00fcfusunun \u00fc\u00e7te biri devaml\u0131 d\u0131\u015f \u00fclkelerde kal\u0131yor. Bulgaristan Cumhuriyeti d\u0131\u015f\u0131nda bulunan Bulgaristan vatanda\u015flar\u0131 yasas\u0131nda kurulmas\u0131 \u00f6ng\u00f6r\u00fclm\u00fc\u015f olan dan\u0131\u015fma ve temsili organlar ya \u00e7al\u0131\u015fm\u0131yor veya etkin olabilme yollar\u0131n\u0131 bulamam\u0131\u015ft\u0131r.<\/p><div id=\"bghab-3638981190\" class=\"bghab-icerik-icine-10-paragraf bghab-entity-placement\"><script async src=\"\/\/pagead2.googlesyndication.com\/pagead\/js\/adsbygoogle.js?client=ca-pub-6203283170189293\" crossorigin=\"anonymous\"><\/script><ins class=\"adsbygoogle\" style=\"display:block; text-align:center;\" data-ad-client=\"ca-pub-6203283170189293\" \ndata-ad-slot=\"7303146466\" \ndata-ad-layout=\"in-article\"\ndata-ad-format=\"fluid\" data-full-width-responsive=\"true\"><\/ins>\n<script> \n(adsbygoogle = window.adsbygoogle || []).push({}); \n<\/script>\n<\/div>\n<ol start=\"43\">\n<li>halk meclisi \u00e7al\u0131\u015fmalar\u0131 son aylar\u0131nda oldu\u011fundan dolay\u0131, yeni Cumhurba\u015fkan\u0131\u2019n\u0131n g\u00f6revine ba\u015flamas\u0131yla tatil edilece\u011fi dikkate al\u0131nd\u0131\u011f\u0131nda, D\u0131\u015f \u00dclkelerde Ya\u015fayan Bulgaristan Vatanda\u015flar\u0131 Yasas\u0131n\u0131n etrafl\u0131ca tart\u0131\u015f\u0131lmas\u0131na gerekli zaman ayr\u0131laca\u011f\u0131na inanm\u0131yoruz. Buna ra\u011fmen, yeni se\u00e7imler dikkate al\u0131narak B\u00fcy\u00fckel\u00e7ilikler ve Konsolosluklara ba\u011fl\u0131 Dan\u0131\u015fma Ortan\u0131 kurulmas\u0131 \u00e7ok \u00f6nemli oldu\u011fundan mutlaka g\u00f6r\u00fc\u015f\u00fclmesini ve onaylanmas\u0131n\u0131 rica ediyoruz.<\/li>\n<\/ol>\n<p>Bulgaristan D\u0131\u015f \u0130\u015fleri Bakanl\u0131\u011f\u0131 ba\u015fta olmak \u00fczere, d\u0131\u015f \u00fclkelerde ya\u015fayan Bulgaristan vatanda\u015flar\u0131yla ilgisi olan t\u00fcm devlet kurumlar\u0131, d\u0131\u015f \u00fclkelerdeki Bulgaristan vatanda\u015flar\u0131n\u0131n ya\u015fad\u0131klar\u0131 b\u00f6lgelerde yerel temsilci se\u00e7meleri ve yasal temsilcileri olmas\u0131n\u0131n \u00f6nemini anlay\u0131p destekte bulunacaklard\u0131r.<\/p>\n<p>Bulgar devleti, de\u011fi\u015fik kurumlar\u0131 arac\u0131l\u0131yla, d\u0131\u015f \u00fclkelerdeki soyda\u015flar\u0131m\u0131zla ilgili nas\u0131l bir siyaset y\u00fcr\u00fct\u00fclece\u011fini \u00e7ok uzun zaman d\u00fc\u015f\u00fcnme ve belirleme olana\u011f\u0131 buldu. Baz\u0131 i\u015flerin yap\u0131lmas\u0131 ve kimi yerdi ad\u0131m da at\u0131lm\u0131\u015f olmas\u0131na kar\u015f\u0131n, Bulgar meclisinde ve ilgili baz\u0131 kurumlarda,\u00a0 d\u0131\u015f \u00fclkelerdeki soyda\u015flarla ilgili siyaset kaval\u0131n son deli\u011fi olmaya devam ediyor. Biz d\u0131\u015f \u00fclkelerdeki soyda\u015flar\u0131m\u0131za kar\u015f\u0131 tutumun de\u011fi\u015fmesinden yanay\u0131z. Kurumlar \u00e7al\u0131\u015f\u0131r duruma gelmelidir.<\/p>\n<p>EuroCicago yay\u0131nlar\u0131 olarak, son se\u00e7imle birlikte yap\u0131lan halkoylamas\u0131 sonu\u00e7lar\u0131yla ilgili g\u00f6r\u00fclerimiz \u015funlard\u0131r:\u00a0 S\u0131radan insanlar\u0131m\u0131z mevcut durumun ikiy\u00fczl\u00fcl\u00fc\u011f\u00fcn\u00fc daha fazla ya\u015famak istemiyorlar. Halk oylamas\u0131 sonu\u00e7lar\u0131 ortadad\u0131r. \u015eimdi millet meclisi olay\u0131 g\u00f6r\u00fc\u015fmez ve atlarsa, baharda yap\u0131lacak erken genel se\u00e7imin sonu\u00e7lar\u0131 asla \u00f6ng\u00f6r\u00fclemez. Majoriter se\u00e7imler bug\u00fcnk\u00fc Bulgaristan i\u00e7in bir kurtulu\u015f say\u0131lamaz, fakat her g\u00fcn biraz daha batt\u0131\u011f\u0131m\u0131z siya batakl\u0131ktan \u00e7\u0131kmam\u0131za do\u011fru at\u0131lacak bir ad\u0131m olabilir.<\/p>\n<p>Faktor bg.<\/p>\n<div id=\"bghab-964415651\" class=\"bghab-yazi-altinda bghab-entity-placement\"><div class=\"bghab-adlabel\">Reklamlar<\/div><script async src=\"https:\/\/pagead2.googlesyndication.com\/pagead\/js\/adsbygoogle.js\"><\/script>\r\n<!-- bghaber-yaz\u0131-sonu -->\r\n<ins class=\"adsbygoogle\"\r\n     style=\"display:block\"\r\n     data-ad-client=\"ca-pub-6203283170189293\"\r\n     data-ad-slot=\"4222328180\"\r\n     data-ad-format=\"auto\"\r\n     data-full-width-responsive=\"true\"><\/ins>\r\n<script>\r\n     (adsbygoogle = window.adsbygoogle || []).push({});\r\n<\/script><\/div><br style=\"clear: both; display: block; float: none;\"\/>","protected":false},"excerpt":{"rendered":"<p>\u0415uroChicago: Bulgaristan\u2019da majoriter se\u00e7imler kurtulu\u015f de\u011fil, bunal\u0131mdan \u00e7\u0131kma denemesidir. Pet\u0131r Stamatov. Bulgar parlamentosu \u00e7al\u0131\u015fmalar\u0131nda d\u0131\u015f \u00fclkelerde bulunan soyda\u015flar\u0131m\u0131z ve onlarla ilgili politikalar zurnan\u0131n son deli\u011fidir<\/p>\n","protected":false},"author":13,"featured_media":21534,"comment_status":"closed","ping_status":"closed","sticky":false,"template":"","format":"standard","meta":{"advanced_seo_description":"","jetpack_seo_html_title":"","jetpack_seo_noindex":false,"_jetpack_memberships_contains_paid_content":false,"footnotes":""},"categories":[5],"tags":[],"class_list":["post-21533","post","type-post","status-publish","format-standard","has-post-thumbnail","hentry","category-yasam"],"jetpack_featured_media_url":"https:\/\/i0.wp.com\/www.bghaber.org\/bghaber\/wp-content\/uploads\/2016\/11\/stamatov-bg.jpg?fit=584%2C596&ssl=1","jetpack_sharing_enabled":true,"jetpack_likes_enabled":true,"jetpack-related-posts":[],"jetpack_shortlink":"https:\/\/wp.me\/pc2PfJ-5Bj","_links":{"self":[{"href":"https:\/\/www.bghaber.org\/bghaber\/wp-json\/wp\/v2\/posts\/21533","targetHints":{"allow":["GET"]}}],"collection":[{"href":"https:\/\/www.bghaber.org\/bghaber\/wp-json\/wp\/v2\/posts"}],"about":[{"href":"https:\/\/www.bghaber.org\/bghaber\/wp-json\/wp\/v2\/types\/post"}],"author":[{"embeddable":true,"href":"https:\/\/www.bghaber.org\/bghaber\/wp-json\/wp\/v2\/users\/13"}],"replies":[{"embeddable":true,"href":"https:\/\/www.bghaber.org\/bghaber\/wp-json\/wp\/v2\/comments?post=21533"}],"version-history":[{"count":0,"href":"https:\/\/www.bghaber.org\/bghaber\/wp-json\/wp\/v2\/posts\/21533\/revisions"}],"wp:featuredmedia":[{"embeddable":true,"href":"https:\/\/www.bghaber.org\/bghaber\/wp-json\/wp\/v2\/media\/21534"}],"wp:attachment":[{"href":"https:\/\/www.bghaber.org\/bghaber\/wp-json\/wp\/v2\/media?parent=21533"}],"wp:term":[{"taxonomy":"category","embeddable":true,"href":"https:\/\/www.bghaber.org\/bghaber\/wp-json\/wp\/v2\/categories?post=21533"},{"taxonomy":"post_tag","embeddable":true,"href":"https:\/\/www.bghaber.org\/bghaber\/wp-json\/wp\/v2\/tags?post=21533"}],"curies":[{"name":"wp","href":"https:\/\/api.w.org\/{rel}","templated":true}]}}