{"id":21531,"date":"2016-11-27T16:07:31","date_gmt":"2016-11-27T14:07:31","guid":{"rendered":"http:\/\/www.bghaber.org\/bghaber\/?p=21531"},"modified":"2016-11-27T16:07:31","modified_gmt":"2016-11-27T14:07:31","slug":"plevnliev-bulgaristan-populist-ve-asiri-milliyetci-rejimle-ilerleyemez","status":"publish","type":"post","link":"https:\/\/www.bghaber.org\/bghaber\/plevnliev-bulgaristan-populist-ve-asiri-milliyetci-rejimle-ilerleyemez\/","title":{"rendered":"Plevnliev: Bulgaristan pop\u00fclist ve a\u015f\u0131r\u0131 milliyet\u00e7i rejimle ilerleyemez."},"content":{"rendered":"<p><em><img data-recalc-dims=\"1\" decoding=\"async\" src=\"https:\/\/i0.wp.com\/www.bghaber.org\/bghaber\/wp-content\/uploads\/2013\/07\/rosen-plevneliev2.jpg?w=640\" alt=\"rosen-plevneliev2\" \/><\/em><\/p>\n<p><em>Bulgaristan Cumhurba\u015fkan\u0131. Rosen Plevneliev. <\/em><\/p>\n<p><strong>Bulgar tarihinde, halk\u0131 Vasil Levski gibi birle\u015ftirebilen ba\u015fka bir ulusal sima ortaya \u00e7\u0131kmad\u0131.<\/strong><\/p>\n<p>Bulgaristan Cumhuriyeti Cumhurba\u015fkan\u0131 Sofya Askeri Akademisi avlusunda Vasil Levski an\u0131t\u0131 t\u00f6reninde konu\u015ftu ve \u201cKendimizi basmakal\u0131p zaman\u0131n\u0131 ya\u015fam\u0131\u015f d\u00fc\u015f\u00fcncelerden, dogmalardan kurtar\u0131p \u00f6zg\u00fcr insanlar\u0131n g\u00fcc\u00fcne inanal\u0131m ve ulusal maneviyat\u0131m\u0131z kanat a\u00e7aca\u011f\u0131na inanal\u0131m<\/p>\n<p>Bulgaristan\u2019da ve d\u00fcnyada \u00f6teki d\u00fc\u015fmanl\u0131\u011f\u0131 ald\u0131 y\u00fcr\u00fcd\u00fc, d\u00fc\u015fmanl\u0131k dili kullan\u0131l\u0131yor, a\u015f\u0131r\u0131 pop\u00fclizm ve milliyet\u00e7ilik t\u0131rman\u0131yor. Biz bug\u00fcn, vatan sevgisine basan, farkl\u0131 olan herkese sayg\u0131 g\u00f6stermeyi zorunlu k\u0131lan bir modern yurtseverlik, ayd\u0131nl\u0131k ta\u015f\u0131yan milliyet\u00e7ilik laz\u0131m oldu\u011funa inan\u0131yoruz. \u201c dedi.<\/p>\n<p>Plevneliev \u015funlar\u0131 vurgulad\u0131: \u201cAvrupa tipi bir demokrasi kurabilmemiz e\u011fitimli ve ho\u015fg\u00f6r\u00fcl\u00fc halk\u0131m\u0131za ba\u011fl\u0131d\u0131r.<\/p><div id=\"bghab-1445751421\" class=\"bghab-icerik-icine bghab-entity-placement\"><script async src=\"\/\/pagead2.googlesyndication.com\/pagead\/js\/adsbygoogle.js?client=ca-pub-6203283170189293\" crossorigin=\"anonymous\"><\/script><ins class=\"adsbygoogle\" style=\"display:block; text-align:center;\" data-ad-client=\"ca-pub-6203283170189293\" \ndata-ad-slot=\"7303146466\" \ndata-ad-layout=\"in-article\"\ndata-ad-format=\"fluid\" data-full-width-responsive=\"true\"><\/ins>\n<script> \n(adsbygoogle = window.adsbygoogle || []).push({}); \n<\/script>\n<\/div>\n<p>Bug\u00fcn bir\u00e7oklar\u0131 Vasil Levski taraf\u0131ndan tan\u0131mlanan ve ilan edildi\u011fi gibi temiz ve kutsal \u00fclk\u00fcm\u00fcz, hedeflerimiz ve y\u00f6n\u00fcm\u00fcz, Bulgaristan\u2019\u0131n Avrupa\u2019da \u015ferefli bir yeri ve di\u011fer Avrupa halklar\u0131 aras\u0131nda sayg\u0131nl\u0131\u011f\u0131 olmad\u0131\u011f\u0131n\u0131,\u00a0 cumhuriyetimizin iflas etti\u011fini yay\u0131yor dedi ve \u201cTarihimizde halk\u0131m\u0131z\u0131 Levski gibi birle\u015ftirebilen ba\u015fka bir lider \u00e7\u0131kmad\u0131\u201d diye ekledi.<\/p>\n<p>22 Ocak 2017\u2019de g\u00f6revi sona eren Devlet Ba\u015fkan\u0131, \u201cBulgaristan pop\u00fclist ve a\u015f\u0131r\u0131 milliyet\u00e7i rejimle ileri ad\u0131m atamaz\u201d vurgulamas\u0131 yapt\u0131.<\/p>\n<div id=\"bghab-818761455\" class=\"bghab-yazi-altinda bghab-entity-placement\"><div class=\"bghab-adlabel\">Reklamlar<\/div><script async src=\"https:\/\/pagead2.googlesyndication.com\/pagead\/js\/adsbygoogle.js\"><\/script>\r\n<!-- bghaber-yaz\u0131-sonu -->\r\n<ins class=\"adsbygoogle\"\r\n     style=\"display:block\"\r\n     data-ad-client=\"ca-pub-6203283170189293\"\r\n     data-ad-slot=\"4222328180\"\r\n     data-ad-format=\"auto\"\r\n     data-full-width-responsive=\"true\"><\/ins>\r\n<script>\r\n     (adsbygoogle = window.adsbygoogle || []).push({});\r\n<\/script><\/div><br style=\"clear: both; display: block; float: none;\"\/>","protected":false},"excerpt":{"rendered":"<p>Bulgaristan Cumhurba\u015fkan\u0131. Rosen Plevneliev. Bulgar tarihinde, halk\u0131 Vasil Levski gibi birle\u015ftirebilen ba\u015fka bir ulusal sima ortaya \u00e7\u0131kmad\u0131. Bulgaristan Cumhuriyeti Cumhurba\u015fkan\u0131 Sofya Askeri Akademisi avlusunda Vasil<\/p>\n","protected":false},"author":13,"featured_media":4184,"comment_status":"closed","ping_status":"closed","sticky":false,"template":"","format":"standard","meta":{"advanced_seo_description":"","jetpack_seo_html_title":"","jetpack_seo_noindex":false,"_jetpack_memberships_contains_paid_content":false,"footnotes":""},"categories":[8],"tags":[],"class_list":["post-21531","post","type-post","status-publish","format-standard","has-post-thumbnail","hentry","category-egitim"],"jetpack_featured_media_url":"https:\/\/i0.wp.com\/www.bghaber.org\/bghaber\/wp-content\/uploads\/2013\/07\/rosen-plevneliev2.jpg?fit=400%2C240&ssl=1","jetpack_sharing_enabled":true,"jetpack_likes_enabled":true,"jetpack-related-posts":[],"jetpack_shortlink":"https:\/\/wp.me\/pc2PfJ-5Bh","_links":{"self":[{"href":"https:\/\/www.bghaber.org\/bghaber\/wp-json\/wp\/v2\/posts\/21531","targetHints":{"allow":["GET"]}}],"collection":[{"href":"https:\/\/www.bghaber.org\/bghaber\/wp-json\/wp\/v2\/posts"}],"about":[{"href":"https:\/\/www.bghaber.org\/bghaber\/wp-json\/wp\/v2\/types\/post"}],"author":[{"embeddable":true,"href":"https:\/\/www.bghaber.org\/bghaber\/wp-json\/wp\/v2\/users\/13"}],"replies":[{"embeddable":true,"href":"https:\/\/www.bghaber.org\/bghaber\/wp-json\/wp\/v2\/comments?post=21531"}],"version-history":[{"count":0,"href":"https:\/\/www.bghaber.org\/bghaber\/wp-json\/wp\/v2\/posts\/21531\/revisions"}],"wp:featuredmedia":[{"embeddable":true,"href":"https:\/\/www.bghaber.org\/bghaber\/wp-json\/wp\/v2\/media\/4184"}],"wp:attachment":[{"href":"https:\/\/www.bghaber.org\/bghaber\/wp-json\/wp\/v2\/media?parent=21531"}],"wp:term":[{"taxonomy":"category","embeddable":true,"href":"https:\/\/www.bghaber.org\/bghaber\/wp-json\/wp\/v2\/categories?post=21531"},{"taxonomy":"post_tag","embeddable":true,"href":"https:\/\/www.bghaber.org\/bghaber\/wp-json\/wp\/v2\/tags?post=21531"}],"curies":[{"name":"wp","href":"https:\/\/api.w.org\/{rel}","templated":true}]}}