{"id":21524,"date":"2016-11-27T16:02:47","date_gmt":"2016-11-27T14:02:47","guid":{"rendered":"http:\/\/www.bghaber.org\/bghaber\/?p=21524"},"modified":"2016-11-27T16:13:08","modified_gmt":"2016-11-27T14:13:08","slug":"baskent-ankarada-turk-sanat-muzigi-konseri","status":"publish","type":"post","link":"https:\/\/www.bghaber.org\/bghaber\/baskent-ankarada-turk-sanat-muzigi-konseri\/","title":{"rendered":"Ba\u015fkent Ankara&#8217;da T\u00fcrk Sanat M\u00fczi\u011fi Konseri"},"content":{"rendered":"<p>Ba\u015fkent Ankara ve Anadolu Konfederasyonu BA\u015eKON \u00dcyeleri T\u00fcrk Sanat M\u00fczi\u011fi Konserinde Bir Araya Geldi.<\/p>\n<p><img data-recalc-dims=\"1\" decoding=\"async\" src=\"https:\/\/i0.wp.com\/www.bghaber.org\/bghaber\/wp-content\/uploads\/2016\/11\/baskon.jpg?w=640\" alt=\"baskon\" \/><\/p>\n<p>BA\u015eKON\u00a0Y\u00f6neticileri<\/p>\n<p>Bulgaristan T\u00fcrkleri K\u00fclt\u00fcr ve Hizmet Derne\u011fi BULT\u00dcRK Ankara Temsilcimiz Sn. \u0130smail C\u0130NG\u00d6Z\u2019\u00fcn de \u00fcyesi oldu\u011fu Ba\u015fkent Ankara ve Anadolu Konfederasyonu BA\u015eKON, K\u00fclt\u00fcr Bakanl\u0131\u011f\u0131n\u0131n katk\u0131lar\u0131yla 26 Kas\u0131m 2016 g\u00fcn\u00fc saat:18.00\u2019de Ankara Yenimahalle Belediyesi \u0130lkad\u0131m Salonunda T\u00fcrk Sanat M\u00fczi\u011fi Konseri d\u00fczenleyerek \u00fcyeleri ile bir araya gelmi\u015ftir.<\/p>\n<p>BA\u015eKON Genel Ba\u015fkan\u0131 Sn. Mehmet AKYOL\u2019un kat\u0131l\u0131mc\u0131lara i\u015ftiraklerinden dolay\u0131 bir te\u015fekk\u00fcr ve yap\u0131lan faaliyetler hakk\u0131nda bilgi veren konu\u015fmas\u0131 ile ba\u015flayan etkinlikte; K\u00fclt\u00fcr Bakanl\u0131\u011f\u0131 solistleri \u00dclker KARAMAN ve Yal\u00e7\u0131n YAMAN taraf\u0131ndan icra edilen konserin ard\u0131ndan, 21. D\u00f6nem Afyon Milletvekili ve Akademisyen M\u00fcjdat KAYAYERL\u0130 \u201cBA\u015eKON\u2019un Okumak ve Okutmak Projesi\u201d \u00fczerine bir konu\u015fma yapm\u0131\u015ft\u0131r.<\/p>\n<p>BA\u015eKON \u00fcyesi kat\u0131l\u0131mc\u0131lar i\u00e7erisinden 24 Kas\u0131m \u00d6\u011fretmenler G\u00fcn\u00fc eksenli \u015fiir ve konu\u015fmalar ile devam eden etkinli\u011fe halk\u0131n da ilgi g\u00f6sterdi\u011fi g\u00f6r\u00fclm\u00fc\u015ft\u00fcr.<\/p><div id=\"bghab-507279858\" class=\"bghab-icerik-icine bghab-entity-placement\"><script async src=\"\/\/pagead2.googlesyndication.com\/pagead\/js\/adsbygoogle.js?client=ca-pub-6203283170189293\" crossorigin=\"anonymous\"><\/script><ins class=\"adsbygoogle\" style=\"display:block; text-align:center;\" data-ad-client=\"ca-pub-6203283170189293\" \ndata-ad-slot=\"7303146466\" \ndata-ad-layout=\"in-article\"\ndata-ad-format=\"fluid\" data-full-width-responsive=\"true\"><\/ins>\n<script> \n(adsbygoogle = window.adsbygoogle || []).push({}); \n<\/script>\n<\/div>\n<p><img data-recalc-dims=\"1\" decoding=\"async\" src=\"https:\/\/i0.wp.com\/www.bghaber.org\/bghaber\/wp-content\/uploads\/2016\/11\/baskon1.jpg?w=640\" alt=\"baskon1\" \/><\/p>\n<p>&nbsp;<\/p>\n<div id=\"bghab-2003360341\" class=\"bghab-yazi-altinda bghab-entity-placement\"><div class=\"bghab-adlabel\">Reklamlar<\/div><script async src=\"https:\/\/pagead2.googlesyndication.com\/pagead\/js\/adsbygoogle.js\"><\/script>\r\n<!-- bghaber-yaz\u0131-sonu -->\r\n<ins class=\"adsbygoogle\"\r\n     style=\"display:block\"\r\n     data-ad-client=\"ca-pub-6203283170189293\"\r\n     data-ad-slot=\"4222328180\"\r\n     data-ad-format=\"auto\"\r\n     data-full-width-responsive=\"true\"><\/ins>\r\n<script>\r\n     (adsbygoogle = window.adsbygoogle || []).push({});\r\n<\/script><\/div><br style=\"clear: both; display: block; float: none;\"\/>","protected":false},"excerpt":{"rendered":"<p>Ba\u015fkent Ankara ve Anadolu Konfederasyonu BA\u015eKON \u00dcyeleri T\u00fcrk Sanat M\u00fczi\u011fi Konserinde Bir Araya Geldi. BA\u015eKON\u00a0Y\u00f6neticileri Bulgaristan T\u00fcrkleri K\u00fclt\u00fcr ve Hizmet Derne\u011fi BULT\u00dcRK Ankara Temsilcimiz Sn.<\/p>\n","protected":false},"author":13,"featured_media":21526,"comment_status":"closed","ping_status":"closed","sticky":false,"template":"","format":"standard","meta":{"advanced_seo_description":"","jetpack_seo_html_title":"","jetpack_seo_noindex":false,"_jetpack_memberships_contains_paid_content":false,"footnotes":""},"categories":[10],"tags":[],"class_list":["post-21524","post","type-post","status-publish","format-standard","has-post-thumbnail","hentry","category-kultur-sanat"],"jetpack_featured_media_url":"https:\/\/i0.wp.com\/www.bghaber.org\/bghaber\/wp-content\/uploads\/2016\/11\/baskon.jpg?fit=564%2C358&ssl=1","jetpack_sharing_enabled":true,"jetpack_likes_enabled":true,"jetpack-related-posts":[],"jetpack_shortlink":"https:\/\/wp.me\/pc2PfJ-5Ba","_links":{"self":[{"href":"https:\/\/www.bghaber.org\/bghaber\/wp-json\/wp\/v2\/posts\/21524","targetHints":{"allow":["GET"]}}],"collection":[{"href":"https:\/\/www.bghaber.org\/bghaber\/wp-json\/wp\/v2\/posts"}],"about":[{"href":"https:\/\/www.bghaber.org\/bghaber\/wp-json\/wp\/v2\/types\/post"}],"author":[{"embeddable":true,"href":"https:\/\/www.bghaber.org\/bghaber\/wp-json\/wp\/v2\/users\/13"}],"replies":[{"embeddable":true,"href":"https:\/\/www.bghaber.org\/bghaber\/wp-json\/wp\/v2\/comments?post=21524"}],"version-history":[{"count":0,"href":"https:\/\/www.bghaber.org\/bghaber\/wp-json\/wp\/v2\/posts\/21524\/revisions"}],"wp:featuredmedia":[{"embeddable":true,"href":"https:\/\/www.bghaber.org\/bghaber\/wp-json\/wp\/v2\/media\/21526"}],"wp:attachment":[{"href":"https:\/\/www.bghaber.org\/bghaber\/wp-json\/wp\/v2\/media?parent=21524"}],"wp:term":[{"taxonomy":"category","embeddable":true,"href":"https:\/\/www.bghaber.org\/bghaber\/wp-json\/wp\/v2\/categories?post=21524"},{"taxonomy":"post_tag","embeddable":true,"href":"https:\/\/www.bghaber.org\/bghaber\/wp-json\/wp\/v2\/tags?post=21524"}],"curies":[{"name":"wp","href":"https:\/\/api.w.org\/{rel}","templated":true}]}}