{"id":21519,"date":"2016-11-27T15:57:07","date_gmt":"2016-11-27T13:57:07","guid":{"rendered":"http:\/\/www.bghaber.org\/bghaber\/?p=21519"},"modified":"2016-11-27T15:58:02","modified_gmt":"2016-11-27T13:58:02","slug":"uluslararasi-cenderede-iki-turk-vatani-kibris-ve-bati-trakya-paneli-duzenlendi","status":"publish","type":"post","link":"https:\/\/www.bghaber.org\/bghaber\/uluslararasi-cenderede-iki-turk-vatani-kibris-ve-bati-trakya-paneli-duzenlendi\/","title":{"rendered":"\u201cUluslararas\u0131 Cenderede \u0130ki T\u00fcrk Vatan\u0131: K\u0131br\u0131s ve Bat\u0131 Trakya\u201d Paneli D\u00fczenlendi"},"content":{"rendered":"<p>T\u00fcrk Ocaklar\u0131 Genel Merkezi ile Kamu-Sen Genel Merkezi organizesinde 26 Kas\u0131m 2016 g\u00fcn\u00fc Ankara\u2019da K\u0131br\u0131s ve Bat\u0131 Trakya T\u00fcrklerinin sorunlar\u0131n\u0131n ele al\u0131nd\u0131\u011f\u0131 \u201c<strong>Uluslararas\u0131 Cenderede \u0130ki T\u00fcrk Vatan\u0131: K\u0131br\u0131s ve Bat\u0131 Trakya<\/strong>\u201d konulu panel d\u00fczenlenmi\u015ftir.<\/p>\n<p><img data-recalc-dims=\"1\" decoding=\"async\" src=\"https:\/\/i0.wp.com\/www.bghaber.org\/bghaber\/wp-content\/uploads\/2016\/11\/panel.jpg?w=640\" alt=\"panel\" \/><\/p>\n<p>Panelde; Gazi \u00dcniversitesi \u00d6\u011fretim \u00dcyelerinden Do\u00e7. Dr. Soyalp TAM\u00c7EL\u0130K ve Ara\u015ft\u0131rmac\u0131-Yazar Nejat \u00c7O\u011eAL taraf\u0131ndan 1878\u2019den g\u00fcn\u00fcm\u00fcze K\u0131br\u0131s Sorunu ile 1968\u2019den g\u00fcn\u00fcm\u00fcze K\u0131br\u0131s\u2019ta \u00e7\u00f6z\u00fcm aray\u0131\u015flar\u0131 ve muhtemel sonu\u00e7lar\u0131 analiz edilerek, K\u0131br\u0131s\u2019\u0131n ve Kuzey K\u0131br\u0131s T\u00fcrk Cumhuriyeti\u2019nin T\u00fcrkiye i\u00e7in \u00f6nemi de\u011ferlendirilmi\u015ftir. Bat\u0131 Trakya T\u00fcrkleri Dayan\u0131\u015fma Derne\u011fi Genel Ba\u015fkan\u0131 Av. Necmettin H\u00dcSEY\u0130N ve Bat\u0131 Trakya T\u00fcrkleri Dayan\u0131\u015fma Derne\u011fi Eski Genel Ba\u015fkan\u0131 Av. Burhanettin HAKG\u00dcDER taraf\u0131ndan ise 1821 Yunan \u0130syan\u0131 ile ba\u015flayan ve g\u00fcn\u00fcm\u00fczde Bat\u0131 Trakya T\u00fcrklerinin sorunlar\u0131 olarak devam eden Yunanistan T\u00fcrklerinin sorunlar\u0131 de\u011ferlendirilerek \u00e7\u00f6z\u00fcm \u00f6nerileri ortaya konulmu\u015ftur.<\/p>\n<p>Bulgaristan T\u00fcrkleri K\u00fclt\u00fcr ve Hizmet Derne\u011fi (BULT\u00dcRK) Ankara Temsilcimiz Sn. \u0130smail C\u0130NG\u00d6Z\u2019\u00fcn de kat\u0131ld\u0131\u011f\u0131 Panele; T\u00fcrk Ocaklar\u0131 ve Kamu-Sen \u00fcyeleri ile \u00e7e\u015fitli sivil toplum kurulu\u015flar\u0131n\u0131n temsilcileri ve T\u00fcrk D\u00fcnyas\u0131 konular\u0131na ilgi duyan vatanda\u015flar\u0131m\u0131zdan da kat\u0131l\u0131m sa\u011fland\u0131\u011f\u0131 g\u00f6r\u00fclm\u00fc\u015ft\u00fcr.<\/p>\n<p><img data-recalc-dims=\"1\" loading=\"lazy\" decoding=\"async\" class=\"\" src=\"https:\/\/i0.wp.com\/www.bghaber.org\/bghaber\/wp-content\/uploads\/2016\/11\/bat%C4%B1-trakya.jpg?resize=632%2C831\" alt=\"bati-trakya\" width=\"632\" height=\"831\" \/><\/p>\n<div id=\"bghab-531299289\" class=\"bghab-yazi-altinda bghab-entity-placement\"><div class=\"bghab-adlabel\">Reklamlar<\/div><script async src=\"https:\/\/pagead2.googlesyndication.com\/pagead\/js\/adsbygoogle.js\"><\/script>\r\n<!-- bghaber-yaz\u0131-sonu -->\r\n<ins class=\"adsbygoogle\"\r\n     style=\"display:block\"\r\n     data-ad-client=\"ca-pub-6203283170189293\"\r\n     data-ad-slot=\"4222328180\"\r\n     data-ad-format=\"auto\"\r\n     data-full-width-responsive=\"true\"><\/ins>\r\n<script>\r\n     (adsbygoogle = window.adsbygoogle || []).push({});\r\n<\/script><\/div><br style=\"clear: both; display: block; float: none;\"\/>","protected":false},"excerpt":{"rendered":"<p>T\u00fcrk Ocaklar\u0131 Genel Merkezi ile Kamu-Sen Genel Merkezi organizesinde 26 Kas\u0131m 2016 g\u00fcn\u00fc Ankara\u2019da K\u0131br\u0131s ve Bat\u0131 Trakya T\u00fcrklerinin sorunlar\u0131n\u0131n ele al\u0131nd\u0131\u011f\u0131 \u201cUluslararas\u0131 Cenderede \u0130ki<\/p>\n","protected":false},"author":13,"featured_media":21521,"comment_status":"closed","ping_status":"closed","sticky":false,"template":"","format":"standard","meta":{"advanced_seo_description":"","jetpack_seo_html_title":"","jetpack_seo_noindex":false,"_jetpack_memberships_contains_paid_content":false,"footnotes":""},"categories":[10],"tags":[],"class_list":["post-21519","post","type-post","status-publish","format-standard","has-post-thumbnail","hentry","category-kultur-sanat"],"jetpack_featured_media_url":"https:\/\/i0.wp.com\/www.bghaber.org\/bghaber\/wp-content\/uploads\/2016\/11\/panel.jpg?fit=702%2C330&ssl=1","jetpack_sharing_enabled":true,"jetpack_likes_enabled":true,"jetpack-related-posts":[],"jetpack_shortlink":"https:\/\/wp.me\/pc2PfJ-5B5","_links":{"self":[{"href":"https:\/\/www.bghaber.org\/bghaber\/wp-json\/wp\/v2\/posts\/21519","targetHints":{"allow":["GET"]}}],"collection":[{"href":"https:\/\/www.bghaber.org\/bghaber\/wp-json\/wp\/v2\/posts"}],"about":[{"href":"https:\/\/www.bghaber.org\/bghaber\/wp-json\/wp\/v2\/types\/post"}],"author":[{"embeddable":true,"href":"https:\/\/www.bghaber.org\/bghaber\/wp-json\/wp\/v2\/users\/13"}],"replies":[{"embeddable":true,"href":"https:\/\/www.bghaber.org\/bghaber\/wp-json\/wp\/v2\/comments?post=21519"}],"version-history":[{"count":0,"href":"https:\/\/www.bghaber.org\/bghaber\/wp-json\/wp\/v2\/posts\/21519\/revisions"}],"wp:featuredmedia":[{"embeddable":true,"href":"https:\/\/www.bghaber.org\/bghaber\/wp-json\/wp\/v2\/media\/21521"}],"wp:attachment":[{"href":"https:\/\/www.bghaber.org\/bghaber\/wp-json\/wp\/v2\/media?parent=21519"}],"wp:term":[{"taxonomy":"category","embeddable":true,"href":"https:\/\/www.bghaber.org\/bghaber\/wp-json\/wp\/v2\/categories?post=21519"},{"taxonomy":"post_tag","embeddable":true,"href":"https:\/\/www.bghaber.org\/bghaber\/wp-json\/wp\/v2\/tags?post=21519"}],"curies":[{"name":"wp","href":"https:\/\/api.w.org\/{rel}","templated":true}]}}