{"id":21510,"date":"2016-11-25T18:45:14","date_gmt":"2016-11-25T16:45:14","guid":{"rendered":"http:\/\/www.bghaber.org\/bghaber\/?p=21510"},"modified":"2016-11-25T18:45:14","modified_gmt":"2016-11-25T16:45:14","slug":"gecici-basbakan-bayan-ilyana-tsanova","status":"publish","type":"post","link":"https:\/\/www.bghaber.org\/bghaber\/gecici-basbakan-bayan-ilyana-tsanova\/","title":{"rendered":"Ge\u00e7ici Ba\u015fbakan Bayan \u0130lyana Tsanova"},"content":{"rendered":"<p><em><img data-recalc-dims=\"1\" decoding=\"async\" src=\"https:\/\/i0.wp.com\/www.novinite.com\/media\/images\/2014-10\/photo_verybig_163912.jpg?w=640\" alt=\"\u0130lgili resim\" \/><\/em><\/p>\n<p><em>\u0130lyana Tsanova<\/em><\/p>\n<p><strong>Eski Cumhurba\u015fkan\u0131 Rosen Plevneliev Bayan \u0130lyana Tsanova\u2019y\u0131\u00a0 ge\u00e7ici Bulgar h\u00fck\u00fcmetine Ba\u015fkan\u0131 atad\u0131\u011f\u0131nda, yeni se\u00e7ilen ve g\u00f6revine 22 Ocak 2017\u2019de ba\u015flayacak olan Cumhurba\u015fkan\u0131 Rumen Radev\u2019in h\u00fck\u00fcmette de\u011fi\u015fiklik yapmayaca\u011f\u0131 a\u00e7\u0131kland\u0131.<\/strong><\/p>\n<p>Plevneliev\u2019in g\u00f6rev s\u00fcresinde kurulmu\u015f olan iki ge\u00e7ici h\u00fck\u00fcmette Avrupa Birli\u011fi Fonlar\u0131ndan sorumlu Ba\u015fbakan Yard\u0131mc\u0131s\u0131 g\u00f6revinde bulunan Bayan \u0130lyana Tsanova\u2019n\u0131n\u00a0 Cumhurba\u015fkan\u0131 taraf\u0131ndan a\u00e7\u0131klamas\u0131 beklenen \u00fc\u00e7\u00fcnc\u00fc ge\u00e7ici h\u00fck\u00fcmette Ba\u015fbakan olmas\u0131 art\u0131k kesinle\u015fti. Bu haberi veren \u201c24 asa\u201d gazetesi \u015f\u00f6yle yaz\u0131yor.<\/p>\n<p>\u201cCumhurba\u015fkan\u0131 Rosen Plevneliev, daha \u00f6nceki iki h\u00fck\u00fcmette belirledi\u011fi \u00f6devleri ba\u015far\u0131l\u0131 bir \u015fekilde yerine getiren bir teknokrat oldu\u011fu i\u00e7in Bayan Tsanova\u2019y\u0131 ge\u00e7ici h\u00fck\u00fcmete Ba\u015fbakan olarak atayacakt\u0131r. 22 Ocakta g\u00f6revine ba\u015flayacak olan yeni Cumhurba\u015fkan\u0131n\u0131n Halk Meclisi\u2019ni tatil ettikten ve erken genel se\u00e7im tarihini belirledikten sonra eski cumhurba\u015fkan\u0131 taraf\u0131ndan atanan ba\u015fbakan\u0131 de\u011fi\u015ftirmeye ve h\u00fck\u00fcmette de\u011fi\u015fiklikler yapmaya hakk\u0131 yoktur.\u201d<\/p>\n<p>Politik g\u00f6zlemciler Radev\u2019in Tsaneva\u2019y\u0131 ba\u015fbakan g\u00f6revinde b\u0131rakacakt\u0131r. Bu durumda yeni gerginlikler ya\u015fanmas\u0131na imk\u00e2n verilmeyece\u011fi gibi, ge\u00e7ici h\u00fck\u00fcmlere bakan vermeyece\u011fini a\u00e7\u0131klayan GERB ve BSP partileri ba\u015fkanlar\u0131 Boyko Borisov ile Kornelya Ninova\u2019n\u0131n a\u00e7\u0131klad\u0131\u011f\u0131 beyanlara da uyulacakt\u0131r. Bayan Tsankova\u00a0 halen AB \u201cY\u00fcnker\u201d plan\u0131 balkan yard\u0131mc\u0131s\u0131 g\u00f6revinde bulunuyor. Ve bu g\u00f6revde \u00e7ok ba\u015far\u0131l\u0131 olmas\u0131 da Bulgar ge\u00e7ici h\u00fck\u00fcmetine ba\u015fbakan olarak se\u00e7ilmesi gerek\u00e7elerinden biridir.<\/p><div id=\"bghab-2571500709\" class=\"bghab-icerik-icine bghab-entity-placement\"><script async src=\"\/\/pagead2.googlesyndication.com\/pagead\/js\/adsbygoogle.js?client=ca-pub-6203283170189293\" crossorigin=\"anonymous\"><\/script><ins class=\"adsbygoogle\" style=\"display:block; text-align:center;\" data-ad-client=\"ca-pub-6203283170189293\" \ndata-ad-slot=\"7303146466\" \ndata-ad-layout=\"in-article\"\ndata-ad-format=\"fluid\" data-full-width-responsive=\"true\"><\/ins>\n<script> \n(adsbygoogle = window.adsbygoogle || []).push({}); \n<\/script>\n<\/div>\n<p>Faktor bg<\/p>\n<div id=\"bghab-459470698\" class=\"bghab-yazi-altinda bghab-entity-placement\"><div class=\"bghab-adlabel\">Reklamlar<\/div><script async src=\"https:\/\/pagead2.googlesyndication.com\/pagead\/js\/adsbygoogle.js\"><\/script>\r\n<!-- bghaber-yaz\u0131-sonu -->\r\n<ins class=\"adsbygoogle\"\r\n     style=\"display:block\"\r\n     data-ad-client=\"ca-pub-6203283170189293\"\r\n     data-ad-slot=\"4222328180\"\r\n     data-ad-format=\"auto\"\r\n     data-full-width-responsive=\"true\"><\/ins>\r\n<script>\r\n     (adsbygoogle = window.adsbygoogle || []).push({});\r\n<\/script><\/div><br style=\"clear: both; display: block; float: none;\"\/>","protected":false},"excerpt":{"rendered":"<p>\u0130lyana Tsanova Eski Cumhurba\u015fkan\u0131 Rosen Plevneliev Bayan \u0130lyana Tsanova\u2019y\u0131\u00a0 ge\u00e7ici Bulgar h\u00fck\u00fcmetine Ba\u015fkan\u0131 atad\u0131\u011f\u0131nda, yeni se\u00e7ilen ve g\u00f6revine 22 Ocak 2017\u2019de ba\u015flayacak olan Cumhurba\u015fkan\u0131 Rumen<\/p>\n","protected":false},"author":13,"featured_media":21511,"comment_status":"closed","ping_status":"closed","sticky":false,"template":"","format":"standard","meta":{"advanced_seo_description":"","jetpack_seo_html_title":"","jetpack_seo_noindex":false,"_jetpack_memberships_contains_paid_content":false,"footnotes":""},"categories":[4],"tags":[],"class_list":["post-21510","post","type-post","status-publish","format-standard","has-post-thumbnail","hentry","category-siyaset"],"jetpack_featured_media_url":"https:\/\/i0.wp.com\/www.bghaber.org\/bghaber\/wp-content\/uploads\/2016\/11\/ilyana-tsoneva.jpg?fit=190%2C165&ssl=1","jetpack_sharing_enabled":true,"jetpack_likes_enabled":true,"jetpack-related-posts":[],"jetpack_shortlink":"https:\/\/wp.me\/pc2PfJ-5AW","_links":{"self":[{"href":"https:\/\/www.bghaber.org\/bghaber\/wp-json\/wp\/v2\/posts\/21510","targetHints":{"allow":["GET"]}}],"collection":[{"href":"https:\/\/www.bghaber.org\/bghaber\/wp-json\/wp\/v2\/posts"}],"about":[{"href":"https:\/\/www.bghaber.org\/bghaber\/wp-json\/wp\/v2\/types\/post"}],"author":[{"embeddable":true,"href":"https:\/\/www.bghaber.org\/bghaber\/wp-json\/wp\/v2\/users\/13"}],"replies":[{"embeddable":true,"href":"https:\/\/www.bghaber.org\/bghaber\/wp-json\/wp\/v2\/comments?post=21510"}],"version-history":[{"count":0,"href":"https:\/\/www.bghaber.org\/bghaber\/wp-json\/wp\/v2\/posts\/21510\/revisions"}],"wp:featuredmedia":[{"embeddable":true,"href":"https:\/\/www.bghaber.org\/bghaber\/wp-json\/wp\/v2\/media\/21511"}],"wp:attachment":[{"href":"https:\/\/www.bghaber.org\/bghaber\/wp-json\/wp\/v2\/media?parent=21510"}],"wp:term":[{"taxonomy":"category","embeddable":true,"href":"https:\/\/www.bghaber.org\/bghaber\/wp-json\/wp\/v2\/categories?post=21510"},{"taxonomy":"post_tag","embeddable":true,"href":"https:\/\/www.bghaber.org\/bghaber\/wp-json\/wp\/v2\/tags?post=21510"}],"curies":[{"name":"wp","href":"https:\/\/api.w.org\/{rel}","templated":true}]}}